{"id":25616,"date":"2023-09-03T18:19:32","date_gmt":"2023-09-03T18:19:32","guid":{"rendered":"https:\/\/permbledhja.com\/?p=25616"},"modified":"2023-09-03T18:19:32","modified_gmt":"2023-09-03T18:19:32","slug":"vjosa-osmani-neser-ismail-kadarese-ia-dorezon-dekretin-per-nenshtetesi-kosovare","status":"publish","type":"post","link":"https:\/\/permbledhja.com\/sq\/vjosa-osmani-neser-ismail-kadarese-ia-dorezon-dekretin-per-nenshtetesi-kosovare\/","title":{"rendered":"Vjosa Osmani nes\u00ebr Ismail Kadares\u00eb ia dor\u00ebzon dekretin p\u00ebr n\u00ebnshtet\u00ebsi kosovare"},"content":{"rendered":"<div class=\"d-flex position-relative\">\n<div class=\"m-embed-item__text text-dark font-newsreader--medium\">\n<p><b>N\u00eb vizit\u00ebn dy ditore t\u00eb Presidentes s\u00eb Kosov\u00ebs, Vjosa Osmani, n\u00eb Shqip\u00ebri gjat\u00eb k\u00ebsaj jave, n\u00eb agjend\u00ebn e saj ajo do ta ket\u00eb edhe nj\u00eb takim me shkrimtarin me nam bot\u00ebror, Ismail Kadare, t\u00eb cilit ceremonialisht do t\u2019ia dor\u00ebzoj\u00eb vet\u00eb dekretin e n\u00ebnshtet\u00ebsis\u00eb kosovare, ka njoftuar Zyra e Presidenc\u00ebs.<\/b><\/p>\n<\/div>\n<\/div>\n<div class=\"m-social-media d-flex align-items-center\"><img loading=\"lazy\" decoding=\"async\" class=\"alignnone wp-image-25617 size-full\" src=\"https:\/\/permbledhja.com\/wp-content\/uploads\/2023\/09\/aaaaaaa.png\" alt=\"\" width=\"598\" height=\"345\" srcset=\"https:\/\/permbledhja.com\/wp-content\/uploads\/2023\/09\/aaaaaaa.png 598w, https:\/\/permbledhja.com\/wp-content\/uploads\/2023\/09\/aaaaaaa-300x173.png 300w, https:\/\/permbledhja.com\/wp-content\/uploads\/2023\/09\/aaaaaaa-18x10.png 18w\" sizes=\"(max-width: 598px) 100vw, 598px\" \/><\/div>\n","protected":false},"excerpt":{"rendered":"<p>N\u00eb vizit\u00ebn dy ditore t\u00eb Presidentes s\u00eb Kosov\u00ebs, Vjosa Osmani, n\u00eb Shqip\u00ebri gjat\u00eb k\u00ebsaj jave, n\u00eb agjend\u00ebn e saj ajo do ta ket\u00eb edhe nj\u00eb takim me shkrimtarin me nam bot\u00ebror, Ismail Kadare, t\u00eb cilit ceremonialisht do t\u2019ia dor\u00ebzoj\u00eb vet\u00eb dekretin e n\u00ebnshtet\u00ebsis\u00eb kosovare, ka njoftuar Zyra e Presidenc\u00ebs.<\/p>\n","protected":false},"author":1,"featured_media":25618,"comment_status":"closed","ping_status":"closed","sticky":false,"template":"","format":"standard","meta":{"_monsterinsights_skip_tracking":false,"_monsterinsights_sitenote_active":false,"_monsterinsights_sitenote_note":"","_monsterinsights_sitenote_category":0,"_uf_show_specific_survey":0,"_uf_disable_surveys":false,"footnotes":""},"categories":[1],"tags":[2345],"yoast_head":"<!-- This site is optimized with the Yoast SEO plugin v21.5 - https:\/\/yoast.com\/wordpress\/plugins\/seo\/ -->\n<title>Vjosa Osmani nes\u00ebr Ismail Kadares\u00eb ia dor\u00ebzon dekretin p\u00ebr n\u00ebnshtet\u00ebsi kosovare<\/title>\n<meta name=\"robots\" content=\"index, follow, max-snippet:-1, max-image-preview:large, max-video-preview:-1\" \/>\n<link rel=\"canonical\" href=\"https:\/\/permbledhja.com\/sq\/vjosa-osmani-neser-ismail-kadarese-ia-dorezon-dekretin-per-nenshtetesi-kosovare\/\" \/>\n<meta property=\"og:locale\" content=\"sq_AL\" \/>\n<meta property=\"og:type\" content=\"article\" \/>\n<meta property=\"og:title\" content=\"Vjosa Osmani nes\u00ebr Ismail Kadares\u00eb ia dor\u00ebzon dekretin p\u00ebr n\u00ebnshtet\u00ebsi kosovare\" \/>\n<meta property=\"og:description\" content=\"N\u00eb vizit\u00ebn dy ditore t\u00eb Presidentes s\u00eb Kosov\u00ebs, Vjosa Osmani, n\u00eb Shqip\u00ebri gjat\u00eb k\u00ebsaj jave, n\u00eb agjend\u00ebn e saj ajo do ta ket\u00eb edhe nj\u00eb takim me shkrimtarin me nam bot\u00ebror, Ismail Kadare, t\u00eb cilit ceremonialisht do t\u2019ia dor\u00ebzoj\u00eb vet\u00eb dekretin e n\u00ebnshtet\u00ebsis\u00eb kosovare, ka njoftuar Zyra e Presidenc\u00ebs.\" \/>\n<meta property=\"og:url\" content=\"https:\/\/permbledhja.com\/sq\/vjosa-osmani-neser-ismail-kadarese-ia-dorezon-dekretin-per-nenshtetesi-kosovare\/\" \/>\n<meta property=\"og:site_name\" content=\"Ve\u00e7 artikuj p\u00ebrmbledh\u00ebs\" \/>\n<meta property=\"article:publisher\" content=\"https:\/\/www.facebook.com\/press07\/\" \/>\n<meta property=\"article:author\" content=\"https:\/\/www.facebook.com\/kafexhiu.muharrem\/\" \/>\n<meta property=\"article:published_time\" content=\"2023-09-03T18:19:32+00:00\" \/>\n<meta property=\"og:image\" content=\"https:\/\/permbledhja.com\/wp-content\/uploads\/2023\/09\/aaaaaaa-1.png\" \/>\n\t<meta property=\"og:image:width\" content=\"598\" \/>\n\t<meta property=\"og:image:height\" content=\"345\" \/>\n\t<meta property=\"og:image:type\" content=\"image\/png\" \/>\n<meta name=\"author\" content=\"P\u00ebrmbledhja\" \/>\n<meta name=\"twitter:card\" content=\"summary_large_image\" \/>\n<meta name=\"twitter:label1\" content=\"Written by\" \/>\n\t<meta name=\"twitter:data1\" content=\"P\u00ebrmbledhja\" \/>\n\t<meta name=\"twitter:label2\" content=\"Est. reading time\" \/>\n\t<meta name=\"twitter:data2\" content=\"1 minut\u00eb\" \/>\n<script type=\"application\/ld+json\" class=\"yoast-schema-graph\">{\"@context\":\"https:\/\/schema.org\",\"@graph\":[{\"@type\":\"Article\",\"@id\":\"https:\/\/permbledhja.com\/vjosa-osmani-neser-ismail-kadarese-ia-dorezon-dekretin-per-nenshtetesi-kosovare\/#article\",\"isPartOf\":{\"@id\":\"https:\/\/permbledhja.com\/vjosa-osmani-neser-ismail-kadarese-ia-dorezon-dekretin-per-nenshtetesi-kosovare\/\"},\"author\":{\"name\":\"P\u00ebrmbledhja\",\"@id\":\"https:\/\/permbledhja.com\/#\/schema\/person\/0d064377258d3221e50693947b9eb4fe\"},\"headline\":\"Vjosa Osmani nes\u00ebr Ismail Kadares\u00eb ia dor\u00ebzon dekretin p\u00ebr n\u00ebnshtet\u00ebsi kosovare\",\"datePublished\":\"2023-09-03T18:19:32+00:00\",\"dateModified\":\"2023-09-03T18:19:32+00:00\",\"mainEntityOfPage\":{\"@id\":\"https:\/\/permbledhja.com\/vjosa-osmani-neser-ismail-kadarese-ia-dorezon-dekretin-per-nenshtetesi-kosovare\/\"},\"wordCount\":76,\"publisher\":{\"@id\":\"https:\/\/permbledhja.com\/#organization\"},\"keywords\":[\"Ismail Kadare\"],\"articleSection\":[\"Breaking News\"],\"inLanguage\":\"sq\"},{\"@type\":\"WebPage\",\"@id\":\"https:\/\/permbledhja.com\/vjosa-osmani-neser-ismail-kadarese-ia-dorezon-dekretin-per-nenshtetesi-kosovare\/\",\"url\":\"https:\/\/permbledhja.com\/vjosa-osmani-neser-ismail-kadarese-ia-dorezon-dekretin-per-nenshtetesi-kosovare\/\",\"name\":\"Vjosa Osmani nes\u00ebr Ismail Kadares\u00eb ia dor\u00ebzon dekretin p\u00ebr n\u00ebnshtet\u00ebsi kosovare\",\"isPartOf\":{\"@id\":\"https:\/\/permbledhja.com\/#website\"},\"datePublished\":\"2023-09-03T18:19:32+00:00\",\"dateModified\":\"2023-09-03T18:19:32+00:00\",\"breadcrumb\":{\"@id\":\"https:\/\/permbledhja.com\/vjosa-osmani-neser-ismail-kadarese-ia-dorezon-dekretin-per-nenshtetesi-kosovare\/#breadcrumb\"},\"inLanguage\":\"sq\",\"potentialAction\":[{\"@type\":\"ReadAction\",\"target\":[\"https:\/\/permbledhja.com\/vjosa-osmani-neser-ismail-kadarese-ia-dorezon-dekretin-per-nenshtetesi-kosovare\/\"]}]},{\"@type\":\"BreadcrumbList\",\"@id\":\"https:\/\/permbledhja.com\/vjosa-osmani-neser-ismail-kadarese-ia-dorezon-dekretin-per-nenshtetesi-kosovare\/#breadcrumb\",\"itemListElement\":[{\"@type\":\"ListItem\",\"position\":1,\"name\":\"Ballina\",\"item\":\"https:\/\/permbledhja.com\/sq\/\"},{\"@type\":\"ListItem\",\"position\":2,\"name\":\"Vjosa Osmani nes\u00ebr Ismail Kadares\u00eb ia dor\u00ebzon dekretin p\u00ebr n\u00ebnshtet\u00ebsi kosovare\"}]},{\"@type\":\"WebSite\",\"@id\":\"https:\/\/permbledhja.com\/#website\",\"url\":\"https:\/\/permbledhja.com\/\",\"name\":\"Ve\u00e7 artikuj p\u00ebrmbledh\u00ebs\",\"description\":\"\",\"publisher\":{\"@id\":\"https:\/\/permbledhja.com\/#organization\"},\"potentialAction\":[{\"@type\":\"SearchAction\",\"target\":{\"@type\":\"EntryPoint\",\"urlTemplate\":\"https:\/\/permbledhja.com\/?s={search_term_string}\"},\"query-input\":\"required name=search_term_string\"}],\"inLanguage\":\"sq\"},{\"@type\":\"Organization\",\"@id\":\"https:\/\/permbledhja.com\/#organization\",\"name\":\"MK Media & Pr\",\"url\":\"https:\/\/permbledhja.com\/\",\"logo\":{\"@type\":\"ImageObject\",\"inLanguage\":\"sq\",\"@id\":\"https:\/\/permbledhja.com\/#\/schema\/logo\/image\/\",\"url\":\"https:\/\/permbledhja.com\/wp-content\/uploads\/2021\/12\/07-Press-Logo.jpg\",\"contentUrl\":\"https:\/\/permbledhja.com\/wp-content\/uploads\/2021\/12\/07-Press-Logo.jpg\",\"width\":512,\"height\":512,\"caption\":\"MK Media & Pr\"},\"image\":{\"@id\":\"https:\/\/permbledhja.com\/#\/schema\/logo\/image\/\"},\"sameAs\":[\"https:\/\/www.facebook.com\/press07\/\"]},{\"@type\":\"Person\",\"@id\":\"https:\/\/permbledhja.com\/#\/schema\/person\/0d064377258d3221e50693947b9eb4fe\",\"name\":\"P\u00ebrmbledhja\",\"image\":{\"@type\":\"ImageObject\",\"inLanguage\":\"sq\",\"@id\":\"https:\/\/permbledhja.com\/#\/schema\/person\/image\/\",\"url\":\"https:\/\/permbledhja.com\/wp-content\/uploads\/2026\/01\/452004717_1040944174702970_8932037511805513407_n-96x96.jpg\",\"contentUrl\":\"https:\/\/permbledhja.com\/wp-content\/uploads\/2026\/01\/452004717_1040944174702970_8932037511805513407_n-96x96.jpg\",\"caption\":\"P\u00ebrmbledhja\"},\"sameAs\":[\"https:\/\/www.facebook.com\/kafexhiu.muharrem\/\",\"https:\/\/www.instagram.com\/muharrem_kafexhiu\/\"],\"url\":\"https:\/\/permbledhja.com\/sq\/author\/admin\/\"}]}<\/script>\n<!-- \/ Yoast SEO plugin. -->","yoast_head_json":{"title":"Vjosa Osmani nes\u00ebr Ismail Kadares\u00eb ia dor\u00ebzon dekretin p\u00ebr n\u00ebnshtet\u00ebsi kosovare","robots":{"index":"index","follow":"follow","max-snippet":"max-snippet:-1","max-image-preview":"max-image-preview:large","max-video-preview":"max-video-preview:-1"},"canonical":"https:\/\/permbledhja.com\/sq\/vjosa-osmani-neser-ismail-kadarese-ia-dorezon-dekretin-per-nenshtetesi-kosovare\/","og_locale":"sq_AL","og_type":"article","og_title":"Vjosa Osmani nes\u00ebr Ismail Kadares\u00eb ia dor\u00ebzon dekretin p\u00ebr n\u00ebnshtet\u00ebsi kosovare","og_description":"N\u00eb vizit\u00ebn dy ditore t\u00eb Presidentes s\u00eb Kosov\u00ebs, Vjosa Osmani, n\u00eb Shqip\u00ebri gjat\u00eb k\u00ebsaj jave, n\u00eb agjend\u00ebn e saj ajo do ta ket\u00eb edhe nj\u00eb takim me shkrimtarin me nam bot\u00ebror, Ismail Kadare, t\u00eb cilit ceremonialisht do t\u2019ia dor\u00ebzoj\u00eb vet\u00eb dekretin e n\u00ebnshtet\u00ebsis\u00eb kosovare, ka njoftuar Zyra e Presidenc\u00ebs.","og_url":"https:\/\/permbledhja.com\/sq\/vjosa-osmani-neser-ismail-kadarese-ia-dorezon-dekretin-per-nenshtetesi-kosovare\/","og_site_name":"Ve\u00e7 artikuj p\u00ebrmbledh\u00ebs","article_publisher":"https:\/\/www.facebook.com\/press07\/","article_author":"https:\/\/www.facebook.com\/kafexhiu.muharrem\/","article_published_time":"2023-09-03T18:19:32+00:00","og_image":[{"width":598,"height":345,"url":"https:\/\/permbledhja.com\/wp-content\/uploads\/2023\/09\/aaaaaaa-1.png","type":"image\/png"}],"author":"P\u00ebrmbledhja","twitter_card":"summary_large_image","twitter_misc":{"Written by":"P\u00ebrmbledhja","Est. reading time":"1 minut\u00eb"},"schema":{"@context":"https:\/\/schema.org","@graph":[{"@type":"Article","@id":"https:\/\/permbledhja.com\/vjosa-osmani-neser-ismail-kadarese-ia-dorezon-dekretin-per-nenshtetesi-kosovare\/#article","isPartOf":{"@id":"https:\/\/permbledhja.com\/vjosa-osmani-neser-ismail-kadarese-ia-dorezon-dekretin-per-nenshtetesi-kosovare\/"},"author":{"name":"P\u00ebrmbledhja","@id":"https:\/\/permbledhja.com\/#\/schema\/person\/0d064377258d3221e50693947b9eb4fe"},"headline":"Vjosa Osmani nes\u00ebr Ismail Kadares\u00eb ia dor\u00ebzon dekretin p\u00ebr n\u00ebnshtet\u00ebsi kosovare","datePublished":"2023-09-03T18:19:32+00:00","dateModified":"2023-09-03T18:19:32+00:00","mainEntityOfPage":{"@id":"https:\/\/permbledhja.com\/vjosa-osmani-neser-ismail-kadarese-ia-dorezon-dekretin-per-nenshtetesi-kosovare\/"},"wordCount":76,"publisher":{"@id":"https:\/\/permbledhja.com\/#organization"},"keywords":["Ismail Kadare"],"articleSection":["Breaking News"],"inLanguage":"sq"},{"@type":"WebPage","@id":"https:\/\/permbledhja.com\/vjosa-osmani-neser-ismail-kadarese-ia-dorezon-dekretin-per-nenshtetesi-kosovare\/","url":"https:\/\/permbledhja.com\/vjosa-osmani-neser-ismail-kadarese-ia-dorezon-dekretin-per-nenshtetesi-kosovare\/","name":"Vjosa Osmani nes\u00ebr Ismail Kadares\u00eb ia dor\u00ebzon dekretin p\u00ebr n\u00ebnshtet\u00ebsi kosovare","isPartOf":{"@id":"https:\/\/permbledhja.com\/#website"},"datePublished":"2023-09-03T18:19:32+00:00","dateModified":"2023-09-03T18:19:32+00:00","breadcrumb":{"@id":"https:\/\/permbledhja.com\/vjosa-osmani-neser-ismail-kadarese-ia-dorezon-dekretin-per-nenshtetesi-kosovare\/#breadcrumb"},"inLanguage":"sq","potentialAction":[{"@type":"ReadAction","target":["https:\/\/permbledhja.com\/vjosa-osmani-neser-ismail-kadarese-ia-dorezon-dekretin-per-nenshtetesi-kosovare\/"]}]},{"@type":"BreadcrumbList","@id":"https:\/\/permbledhja.com\/vjosa-osmani-neser-ismail-kadarese-ia-dorezon-dekretin-per-nenshtetesi-kosovare\/#breadcrumb","itemListElement":[{"@type":"ListItem","position":1,"name":"Ballina","item":"https:\/\/permbledhja.com\/sq\/"},{"@type":"ListItem","position":2,"name":"Vjosa Osmani nes\u00ebr Ismail Kadares\u00eb ia dor\u00ebzon dekretin p\u00ebr n\u00ebnshtet\u00ebsi kosovare"}]},{"@type":"WebSite","@id":"https:\/\/permbledhja.com\/#website","url":"https:\/\/permbledhja.com\/","name":"Ve\u00e7 artikuj p\u00ebrmbledh\u00ebs","description":"","publisher":{"@id":"https:\/\/permbledhja.com\/#organization"},"potentialAction":[{"@type":"SearchAction","target":{"@type":"EntryPoint","urlTemplate":"https:\/\/permbledhja.com\/?s={search_term_string}"},"query-input":"required name=search_term_string"}],"inLanguage":"sq"},{"@type":"Organization","@id":"https:\/\/permbledhja.com\/#organization","name":"MK Media & Pr","url":"https:\/\/permbledhja.com\/","logo":{"@type":"ImageObject","inLanguage":"sq","@id":"https:\/\/permbledhja.com\/#\/schema\/logo\/image\/","url":"https:\/\/permbledhja.com\/wp-content\/uploads\/2021\/12\/07-Press-Logo.jpg","contentUrl":"https:\/\/permbledhja.com\/wp-content\/uploads\/2021\/12\/07-Press-Logo.jpg","width":512,"height":512,"caption":"MK Media & Pr"},"image":{"@id":"https:\/\/permbledhja.com\/#\/schema\/logo\/image\/"},"sameAs":["https:\/\/www.facebook.com\/press07\/"]},{"@type":"Person","@id":"https:\/\/permbledhja.com\/#\/schema\/person\/0d064377258d3221e50693947b9eb4fe","name":"P\u00ebrmbledhja","image":{"@type":"ImageObject","inLanguage":"sq","@id":"https:\/\/permbledhja.com\/#\/schema\/person\/image\/","url":"https:\/\/permbledhja.com\/wp-content\/uploads\/2026\/01\/452004717_1040944174702970_8932037511805513407_n-96x96.jpg","contentUrl":"https:\/\/permbledhja.com\/wp-content\/uploads\/2026\/01\/452004717_1040944174702970_8932037511805513407_n-96x96.jpg","caption":"P\u00ebrmbledhja"},"sameAs":["https:\/\/www.facebook.com\/kafexhiu.muharrem\/","https:\/\/www.instagram.com\/muharrem_kafexhiu\/"],"url":"https:\/\/permbledhja.com\/sq\/author\/admin\/"}]}},"_links":{"self":[{"href":"https:\/\/permbledhja.com\/sq\/wp-json\/wp\/v2\/posts\/25616"}],"collection":[{"href":"https:\/\/permbledhja.com\/sq\/wp-json\/wp\/v2\/posts"}],"about":[{"href":"https:\/\/permbledhja.com\/sq\/wp-json\/wp\/v2\/types\/post"}],"author":[{"embeddable":true,"href":"https:\/\/permbledhja.com\/sq\/wp-json\/wp\/v2\/users\/1"}],"replies":[{"embeddable":true,"href":"https:\/\/permbledhja.com\/sq\/wp-json\/wp\/v2\/comments?post=25616"}],"version-history":[{"count":1,"href":"https:\/\/permbledhja.com\/sq\/wp-json\/wp\/v2\/posts\/25616\/revisions"}],"predecessor-version":[{"id":25619,"href":"https:\/\/permbledhja.com\/sq\/wp-json\/wp\/v2\/posts\/25616\/revisions\/25619"}],"wp:featuredmedia":[{"embeddable":true,"href":"https:\/\/permbledhja.com\/sq\/wp-json\/wp\/v2\/media\/25618"}],"wp:attachment":[{"href":"https:\/\/permbledhja.com\/sq\/wp-json\/wp\/v2\/media?parent=25616"}],"wp:term":[{"taxonomy":"category","embeddable":true,"href":"https:\/\/permbledhja.com\/sq\/wp-json\/wp\/v2\/categories?post=25616"},{"taxonomy":"post_tag","embeddable":true,"href":"https:\/\/permbledhja.com\/sq\/wp-json\/wp\/v2\/tags?post=25616"}],"curies":[{"name":"wp","href":"https:\/\/api.w.org\/{rel}","templated":true}]}}