{"id":25604,"date":"2023-09-03T13:44:51","date_gmt":"2023-09-03T13:44:51","guid":{"rendered":"https:\/\/permbledhja.com\/?p=25604"},"modified":"2023-09-03T13:45:06","modified_gmt":"2023-09-03T13:45:06","slug":"dardan-molliqaj-tregon-si-eshte-korruptuar-albin-kurti","status":"publish","type":"post","link":"https:\/\/permbledhja.com\/sq\/dardan-molliqaj-tregon-si-eshte-korruptuar-albin-kurti\/","title":{"rendered":"Dardan Molliqaj tregon si \u00ebsht\u00eb korruptuar Albin Kurti"},"content":{"rendered":"<h3>N\u00eb emisionin n\u2019Mejdan me Shkumbin Kajtazin k\u00ebt\u00eb jav\u00eb ishte i ftuar kryetari i Partis\u00eb Socialdemokrate Dardan Molliqaj.<\/h3>\n<p>Ai p\u00ebr lajminet ka folur p\u00ebr shum\u00eb tema politike, p\u00ebrfshi edhe qeverisjen aktuale, shkruan lajmi.net.<\/p>\n<p>Se a \u00ebsht\u00eb kryeministri i tanish\u00ebm i korruptuar, ai e b\u00ebn\u00eb nj\u00eb sqarim me argumente interesante.<\/p>\n<p>P\u00ebr m\u00eb shum\u00eb ndiqeni videon e m\u00ebposhtme.<\/p>\n<p><iframe loading=\"lazy\" style=\"border: none; overflow: hidden;\" src=\"https:\/\/www.facebook.com\/plugins\/video.php?href=https%3A%2F%2Fwww.facebook.com%2Flajminetvideosss%2Fvideos%2F816182469960767%2F%3Fref%3Dembed_video&amp;show_text=0&amp;width=476\" width=\"476\" height=\"476\" frameborder=\"0\" scrolling=\"no\" allowfullscreen=\"allowfullscreen\"><\/iframe><\/p>\n","protected":false},"excerpt":{"rendered":"<p>N\u00eb emisionin n\u2019Mejdan me Shkumbin Kajtazin k\u00ebt\u00eb jav\u00eb ishte i ftuar kryetari i Partis\u00eb Socialdemokrate Dardan Molliqaj. Ai p\u00ebr lajminet ka folur p\u00ebr shum\u00eb tema politike, p\u00ebrfshi edhe qeverisjen aktuale, shkruan lajmi.net. Se a \u00ebsht\u00eb kryeministri i tanish\u00ebm i korruptuar, ai e b\u00ebn\u00eb nj\u00eb sqarim me argumente interesante. P\u00ebr m\u00eb shum\u00eb ndiqeni videon e m\u00ebposhtme.<\/p>\n","protected":false},"author":2,"featured_media":25605,"comment_status":"closed","ping_status":"closed","sticky":false,"template":"","format":"standard","meta":{"_monsterinsights_skip_tracking":false,"_monsterinsights_sitenote_active":false,"_monsterinsights_sitenote_note":"","_monsterinsights_sitenote_category":0,"_uf_show_specific_survey":0,"_uf_disable_surveys":false,"footnotes":""},"categories":[23,15],"tags":[1907],"yoast_head":"<!-- This site is optimized with the Yoast SEO plugin v21.5 - https:\/\/yoast.com\/wordpress\/plugins\/seo\/ -->\n<title>Dardan Molliqaj tregon si \u00ebsht\u00eb korruptuar Albin Kurti<\/title>\n<meta name=\"robots\" content=\"index, follow, max-snippet:-1, max-image-preview:large, max-video-preview:-1\" \/>\n<link rel=\"canonical\" href=\"https:\/\/permbledhja.com\/sq\/dardan-molliqaj-tregon-si-eshte-korruptuar-albin-kurti\/\" \/>\n<meta property=\"og:locale\" content=\"sq_AL\" \/>\n<meta property=\"og:type\" content=\"article\" \/>\n<meta property=\"og:title\" content=\"Dardan Molliqaj tregon si \u00ebsht\u00eb korruptuar Albin Kurti\" \/>\n<meta property=\"og:description\" content=\"N\u00eb emisionin n\u2019Mejdan me Shkumbin Kajtazin k\u00ebt\u00eb jav\u00eb ishte i ftuar kryetari i Partis\u00eb Socialdemokrate Dardan Molliqaj. Ai p\u00ebr lajminet ka folur p\u00ebr shum\u00eb tema politike, p\u00ebrfshi edhe qeverisjen aktuale, shkruan lajmi.net. Se a \u00ebsht\u00eb kryeministri i tanish\u00ebm i korruptuar, ai e b\u00ebn\u00eb nj\u00eb sqarim me argumente interesante. P\u00ebr m\u00eb shum\u00eb ndiqeni videon e m\u00ebposhtme.\" \/>\n<meta property=\"og:url\" content=\"https:\/\/permbledhja.com\/sq\/dardan-molliqaj-tregon-si-eshte-korruptuar-albin-kurti\/\" \/>\n<meta property=\"og:site_name\" content=\"Ve\u00e7 artikuj p\u00ebrmbledh\u00ebs\" \/>\n<meta property=\"article:publisher\" content=\"https:\/\/www.facebook.com\/press07\/\" \/>\n<meta property=\"article:published_time\" content=\"2023-09-03T13:44:51+00:00\" \/>\n<meta property=\"article:modified_time\" content=\"2023-09-03T13:45:06+00:00\" \/>\n<meta property=\"og:image\" content=\"https:\/\/permbledhja.com\/wp-content\/uploads\/2023\/09\/auto_Untitled1678319988.jpg\" \/>\n\t<meta property=\"og:image:width\" content=\"850\" \/>\n\t<meta property=\"og:image:height\" content=\"499\" \/>\n\t<meta property=\"og:image:type\" content=\"image\/jpeg\" \/>\n<meta name=\"author\" content=\"M M\" \/>\n<meta name=\"twitter:card\" content=\"summary_large_image\" \/>\n<meta name=\"twitter:label1\" content=\"Written by\" \/>\n\t<meta name=\"twitter:data1\" content=\"M M\" \/>\n\t<meta name=\"twitter:label2\" content=\"Est. reading time\" \/>\n\t<meta name=\"twitter:data2\" content=\"1 minut\u00eb\" \/>\n<script type=\"application\/ld+json\" class=\"yoast-schema-graph\">{\"@context\":\"https:\/\/schema.org\",\"@graph\":[{\"@type\":\"Article\",\"@id\":\"https:\/\/permbledhja.com\/sq\/dardan-molliqaj-tregon-si-eshte-korruptuar-albin-kurti\/#article\",\"isPartOf\":{\"@id\":\"https:\/\/permbledhja.com\/sq\/dardan-molliqaj-tregon-si-eshte-korruptuar-albin-kurti\/\"},\"author\":{\"name\":\"M M\",\"@id\":\"https:\/\/permbledhja.com\/#\/schema\/person\/d23f13f59b5722643933d6780783acf3\"},\"headline\":\"Dardan Molliqaj tregon si \u00ebsht\u00eb korruptuar Albin Kurti\",\"datePublished\":\"2023-09-03T13:44:51+00:00\",\"dateModified\":\"2023-09-03T13:45:06+00:00\",\"mainEntityOfPage\":{\"@id\":\"https:\/\/permbledhja.com\/sq\/dardan-molliqaj-tregon-si-eshte-korruptuar-albin-kurti\/\"},\"wordCount\":73,\"publisher\":{\"@id\":\"https:\/\/permbledhja.com\/#organization\"},\"keywords\":[\"Dardan Molliqaj\"],\"articleSection\":[\"Komb\u00ebtare\",\"Lajme\"],\"inLanguage\":\"sq\"},{\"@type\":\"WebPage\",\"@id\":\"https:\/\/permbledhja.com\/sq\/dardan-molliqaj-tregon-si-eshte-korruptuar-albin-kurti\/\",\"url\":\"https:\/\/permbledhja.com\/sq\/dardan-molliqaj-tregon-si-eshte-korruptuar-albin-kurti\/\",\"name\":\"Dardan Molliqaj tregon si \u00ebsht\u00eb korruptuar Albin Kurti\",\"isPartOf\":{\"@id\":\"https:\/\/permbledhja.com\/#website\"},\"datePublished\":\"2023-09-03T13:44:51+00:00\",\"dateModified\":\"2023-09-03T13:45:06+00:00\",\"breadcrumb\":{\"@id\":\"https:\/\/permbledhja.com\/sq\/dardan-molliqaj-tregon-si-eshte-korruptuar-albin-kurti\/#breadcrumb\"},\"inLanguage\":\"sq\",\"potentialAction\":[{\"@type\":\"ReadAction\",\"target\":[\"https:\/\/permbledhja.com\/sq\/dardan-molliqaj-tregon-si-eshte-korruptuar-albin-kurti\/\"]}]},{\"@type\":\"BreadcrumbList\",\"@id\":\"https:\/\/permbledhja.com\/sq\/dardan-molliqaj-tregon-si-eshte-korruptuar-albin-kurti\/#breadcrumb\",\"itemListElement\":[{\"@type\":\"ListItem\",\"position\":1,\"name\":\"Ballina\",\"item\":\"https:\/\/permbledhja.com\/sq\/\"},{\"@type\":\"ListItem\",\"position\":2,\"name\":\"Dardan Molliqaj tregon si \u00ebsht\u00eb korruptuar Albin Kurti\"}]},{\"@type\":\"WebSite\",\"@id\":\"https:\/\/permbledhja.com\/#website\",\"url\":\"https:\/\/permbledhja.com\/\",\"name\":\"Ve\u00e7 artikuj p\u00ebrmbledh\u00ebs\",\"description\":\"\",\"publisher\":{\"@id\":\"https:\/\/permbledhja.com\/#organization\"},\"potentialAction\":[{\"@type\":\"SearchAction\",\"target\":{\"@type\":\"EntryPoint\",\"urlTemplate\":\"https:\/\/permbledhja.com\/?s={search_term_string}\"},\"query-input\":\"required name=search_term_string\"}],\"inLanguage\":\"sq\"},{\"@type\":\"Organization\",\"@id\":\"https:\/\/permbledhja.com\/#organization\",\"name\":\"MK Media & Pr\",\"url\":\"https:\/\/permbledhja.com\/\",\"logo\":{\"@type\":\"ImageObject\",\"inLanguage\":\"sq\",\"@id\":\"https:\/\/permbledhja.com\/#\/schema\/logo\/image\/\",\"url\":\"https:\/\/permbledhja.com\/wp-content\/uploads\/2021\/12\/07-Press-Logo.jpg\",\"contentUrl\":\"https:\/\/permbledhja.com\/wp-content\/uploads\/2021\/12\/07-Press-Logo.jpg\",\"width\":512,\"height\":512,\"caption\":\"MK Media & Pr\"},\"image\":{\"@id\":\"https:\/\/permbledhja.com\/#\/schema\/logo\/image\/\"},\"sameAs\":[\"https:\/\/www.facebook.com\/press07\/\"]},{\"@type\":\"Person\",\"@id\":\"https:\/\/permbledhja.com\/#\/schema\/person\/d23f13f59b5722643933d6780783acf3\",\"name\":\"M M\",\"image\":{\"@type\":\"ImageObject\",\"inLanguage\":\"sq\",\"@id\":\"https:\/\/permbledhja.com\/#\/schema\/person\/image\/\",\"url\":\"https:\/\/secure.gravatar.com\/avatar\/e2835a76ca7c31a2416b2d51c4ec9a8f?s=96&d=mm&r=g\",\"contentUrl\":\"https:\/\/secure.gravatar.com\/avatar\/e2835a76ca7c31a2416b2d51c4ec9a8f?s=96&d=mm&r=g\",\"caption\":\"M M\"},\"sameAs\":[\"http:\/\/MM\"],\"url\":\"https:\/\/permbledhja.com\/sq\/author\/muhamet\/\"}]}<\/script>\n<!-- \/ Yoast SEO plugin. -->","yoast_head_json":{"title":"Dardan Molliqaj tregon si \u00ebsht\u00eb korruptuar Albin Kurti","robots":{"index":"index","follow":"follow","max-snippet":"max-snippet:-1","max-image-preview":"max-image-preview:large","max-video-preview":"max-video-preview:-1"},"canonical":"https:\/\/permbledhja.com\/sq\/dardan-molliqaj-tregon-si-eshte-korruptuar-albin-kurti\/","og_locale":"sq_AL","og_type":"article","og_title":"Dardan Molliqaj tregon si \u00ebsht\u00eb korruptuar Albin Kurti","og_description":"N\u00eb emisionin n\u2019Mejdan me Shkumbin Kajtazin k\u00ebt\u00eb jav\u00eb ishte i ftuar kryetari i Partis\u00eb Socialdemokrate Dardan Molliqaj. Ai p\u00ebr lajminet ka folur p\u00ebr shum\u00eb tema politike, p\u00ebrfshi edhe qeverisjen aktuale, shkruan lajmi.net. Se a \u00ebsht\u00eb kryeministri i tanish\u00ebm i korruptuar, ai e b\u00ebn\u00eb nj\u00eb sqarim me argumente interesante. P\u00ebr m\u00eb shum\u00eb ndiqeni videon e m\u00ebposhtme.","og_url":"https:\/\/permbledhja.com\/sq\/dardan-molliqaj-tregon-si-eshte-korruptuar-albin-kurti\/","og_site_name":"Ve\u00e7 artikuj p\u00ebrmbledh\u00ebs","article_publisher":"https:\/\/www.facebook.com\/press07\/","article_published_time":"2023-09-03T13:44:51+00:00","article_modified_time":"2023-09-03T13:45:06+00:00","og_image":[{"width":850,"height":499,"url":"https:\/\/permbledhja.com\/wp-content\/uploads\/2023\/09\/auto_Untitled1678319988.jpg","type":"image\/jpeg"}],"author":"M M","twitter_card":"summary_large_image","twitter_misc":{"Written by":"M M","Est. reading time":"1 minut\u00eb"},"schema":{"@context":"https:\/\/schema.org","@graph":[{"@type":"Article","@id":"https:\/\/permbledhja.com\/sq\/dardan-molliqaj-tregon-si-eshte-korruptuar-albin-kurti\/#article","isPartOf":{"@id":"https:\/\/permbledhja.com\/sq\/dardan-molliqaj-tregon-si-eshte-korruptuar-albin-kurti\/"},"author":{"name":"M M","@id":"https:\/\/permbledhja.com\/#\/schema\/person\/d23f13f59b5722643933d6780783acf3"},"headline":"Dardan Molliqaj tregon si \u00ebsht\u00eb korruptuar Albin Kurti","datePublished":"2023-09-03T13:44:51+00:00","dateModified":"2023-09-03T13:45:06+00:00","mainEntityOfPage":{"@id":"https:\/\/permbledhja.com\/sq\/dardan-molliqaj-tregon-si-eshte-korruptuar-albin-kurti\/"},"wordCount":73,"publisher":{"@id":"https:\/\/permbledhja.com\/#organization"},"keywords":["Dardan Molliqaj"],"articleSection":["Komb\u00ebtare","Lajme"],"inLanguage":"sq"},{"@type":"WebPage","@id":"https:\/\/permbledhja.com\/sq\/dardan-molliqaj-tregon-si-eshte-korruptuar-albin-kurti\/","url":"https:\/\/permbledhja.com\/sq\/dardan-molliqaj-tregon-si-eshte-korruptuar-albin-kurti\/","name":"Dardan Molliqaj tregon si \u00ebsht\u00eb korruptuar Albin Kurti","isPartOf":{"@id":"https:\/\/permbledhja.com\/#website"},"datePublished":"2023-09-03T13:44:51+00:00","dateModified":"2023-09-03T13:45:06+00:00","breadcrumb":{"@id":"https:\/\/permbledhja.com\/sq\/dardan-molliqaj-tregon-si-eshte-korruptuar-albin-kurti\/#breadcrumb"},"inLanguage":"sq","potentialAction":[{"@type":"ReadAction","target":["https:\/\/permbledhja.com\/sq\/dardan-molliqaj-tregon-si-eshte-korruptuar-albin-kurti\/"]}]},{"@type":"BreadcrumbList","@id":"https:\/\/permbledhja.com\/sq\/dardan-molliqaj-tregon-si-eshte-korruptuar-albin-kurti\/#breadcrumb","itemListElement":[{"@type":"ListItem","position":1,"name":"Ballina","item":"https:\/\/permbledhja.com\/sq\/"},{"@type":"ListItem","position":2,"name":"Dardan Molliqaj tregon si \u00ebsht\u00eb korruptuar Albin Kurti"}]},{"@type":"WebSite","@id":"https:\/\/permbledhja.com\/#website","url":"https:\/\/permbledhja.com\/","name":"Ve\u00e7 artikuj p\u00ebrmbledh\u00ebs","description":"","publisher":{"@id":"https:\/\/permbledhja.com\/#organization"},"potentialAction":[{"@type":"SearchAction","target":{"@type":"EntryPoint","urlTemplate":"https:\/\/permbledhja.com\/?s={search_term_string}"},"query-input":"required name=search_term_string"}],"inLanguage":"sq"},{"@type":"Organization","@id":"https:\/\/permbledhja.com\/#organization","name":"MK Media & Pr","url":"https:\/\/permbledhja.com\/","logo":{"@type":"ImageObject","inLanguage":"sq","@id":"https:\/\/permbledhja.com\/#\/schema\/logo\/image\/","url":"https:\/\/permbledhja.com\/wp-content\/uploads\/2021\/12\/07-Press-Logo.jpg","contentUrl":"https:\/\/permbledhja.com\/wp-content\/uploads\/2021\/12\/07-Press-Logo.jpg","width":512,"height":512,"caption":"MK Media & Pr"},"image":{"@id":"https:\/\/permbledhja.com\/#\/schema\/logo\/image\/"},"sameAs":["https:\/\/www.facebook.com\/press07\/"]},{"@type":"Person","@id":"https:\/\/permbledhja.com\/#\/schema\/person\/d23f13f59b5722643933d6780783acf3","name":"M M","image":{"@type":"ImageObject","inLanguage":"sq","@id":"https:\/\/permbledhja.com\/#\/schema\/person\/image\/","url":"https:\/\/secure.gravatar.com\/avatar\/e2835a76ca7c31a2416b2d51c4ec9a8f?s=96&d=mm&r=g","contentUrl":"https:\/\/secure.gravatar.com\/avatar\/e2835a76ca7c31a2416b2d51c4ec9a8f?s=96&d=mm&r=g","caption":"M M"},"sameAs":["http:\/\/MM"],"url":"https:\/\/permbledhja.com\/sq\/author\/muhamet\/"}]}},"_links":{"self":[{"href":"https:\/\/permbledhja.com\/sq\/wp-json\/wp\/v2\/posts\/25604"}],"collection":[{"href":"https:\/\/permbledhja.com\/sq\/wp-json\/wp\/v2\/posts"}],"about":[{"href":"https:\/\/permbledhja.com\/sq\/wp-json\/wp\/v2\/types\/post"}],"author":[{"embeddable":true,"href":"https:\/\/permbledhja.com\/sq\/wp-json\/wp\/v2\/users\/2"}],"replies":[{"embeddable":true,"href":"https:\/\/permbledhja.com\/sq\/wp-json\/wp\/v2\/comments?post=25604"}],"version-history":[{"count":2,"href":"https:\/\/permbledhja.com\/sq\/wp-json\/wp\/v2\/posts\/25604\/revisions"}],"predecessor-version":[{"id":25607,"href":"https:\/\/permbledhja.com\/sq\/wp-json\/wp\/v2\/posts\/25604\/revisions\/25607"}],"wp:featuredmedia":[{"embeddable":true,"href":"https:\/\/permbledhja.com\/sq\/wp-json\/wp\/v2\/media\/25605"}],"wp:attachment":[{"href":"https:\/\/permbledhja.com\/sq\/wp-json\/wp\/v2\/media?parent=25604"}],"wp:term":[{"taxonomy":"category","embeddable":true,"href":"https:\/\/permbledhja.com\/sq\/wp-json\/wp\/v2\/categories?post=25604"},{"taxonomy":"post_tag","embeddable":true,"href":"https:\/\/permbledhja.com\/sq\/wp-json\/wp\/v2\/tags?post=25604"}],"curies":[{"name":"wp","href":"https:\/\/api.w.org\/{rel}","templated":true}]}}