{"id":25564,"date":"2023-09-03T10:11:24","date_gmt":"2023-09-03T10:11:24","guid":{"rendered":"https:\/\/permbledhja.com\/?p=25564"},"modified":"2023-09-03T10:11:24","modified_gmt":"2023-09-03T10:11:24","slug":"policia-e-kosoves-eshte-ne-gjendjen-me-te-rende-qe-nga-themelimi-i-saj","status":"publish","type":"post","link":"https:\/\/permbledhja.com\/sq\/policia-e-kosoves-eshte-ne-gjendjen-me-te-rende-qe-nga-themelimi-i-saj\/","title":{"rendered":"&#8220;Policia e Kosov\u00ebs \u00ebsht\u00eb n\u00eb gjendjen m\u00eb t\u00eb r\u00ebnd\u00eb q\u00eb nga themelimi i saj&#8221;"},"content":{"rendered":"<h3>Eksperti i siguris\u00eb, Bedri Elezi ka th\u00ebn\u00eb se Policia e Kosov\u00ebs \u00ebsht\u00eb n\u00eb gjendjen m\u00eb t\u00eb r\u00ebnd\u00eb q\u00eb nga themelimi i saj.<\/h3>\n<p>Elezi p\u00ebrmes nj\u00eb postimi n\u00eb Facebook, ka th\u00ebn\u00eb se kjo gjendje vjen si shkak i p\u00ebrfundimit t\u00eb kontratave dhe mos n\u00ebnshkrimi i kontratave t\u00eb reja me institucione afariste.<\/p>\n<p>Ai tutje ka shtuar se Policia e Kosov\u00ebs \u00ebsht\u00eb duke u p\u00ebrballur nj\u00eb situat\u00eb tejet t\u00eb r\u00ebnd\u00eb p\u00ebr\u00a0kryerjen e detyrave dhe p\u00ebrgjegj\u00ebsive ligjore.<\/p>\n<p>Elezi gjithashtu ka th\u00ebn\u00eb se nj\u00eb num\u00ebr i madh i automjeteve\u00a0policore jan\u00eb jasht\u00eb p\u00ebrdorimit, pasi sipas tij ju ka skaduar regjistrimi, duke shtuar se flota e policis\u00eb \u00ebsht\u00eb n\u00eb grev\u00eb dhe nuk punon p\u00ebr t\u00eb riaft\u00ebsuar mjetet motorike t\u00eb cilat kan\u00eb regjistrim valid, por jan\u00eb jasht\u00eb p\u00ebrdorimit p\u00ebr arsye teknike.<\/p>\n<div class=\"44qHGE9M\"><ins id=\"revive-0-3\" data-revive-zoneid=\"19\" data-revive-id=\"8ef7f8ba6db9b49c22b7894e66d04a04\" data-revive-seq=\"3\" data-revive-loaded=\"1\"><\/p>\n<div id=\"beacon_355423e60d\"><strong><img loading=\"lazy\" decoding=\"async\" src=\"https:\/\/ads.gazeta10.com\/www\/delivery\/lg.php?bannerid=0&amp;campaignid=0&amp;zoneid=19&amp;loc=https%3A%2F%2Fgazeta10.com%2Feksperti-i-sigurise-policia-e-kosoves-eshte-ne-gjendje-me-te-renden-qe-nga-themelimi-i-saj%2F&amp;referer=https%3A%2F%2Fgazeta10.com%2Flajme%2F&amp;cb=355423e60d\" alt=\"\" width=\"0\" height=\"0\" \/>Postimi i plot\u00eb:<\/strong><\/div>\n<p><\/ins><\/div>\n<p>Policia e republik\u00ebs s\u00eb Kosov\u00ebs n\u00eb gjendjen m\u00eb t\u00eb r\u00ebnd\u00eb q\u00eb nga themelimi i saj\u00eb.<\/p>\n<p>P\u00ebr shkak t\u00eb p\u00ebrfundimit t\u00eb kontratave dhe mos n\u00ebnshkrimi i kontratave t\u00eb reja me institucione afariste, Policia e Kosov\u00ebs \u00ebsht\u00eb duke u p\u00ebrballur nj\u00eb situat\u00eb tej\u00ebt t\u00eb r\u00ebnd\u00eb p\u00ebr kryerjen e detyrave dhe p\u00ebrgjegj\u00ebsive ligjore.<\/p>\n<p>Nj\u00eb numer i madh\u00eb i automjete policore jan\u00eb jasht p\u00ebrdorimit, sepse ju ka skafuar regjistrimi, pastaj flota e policis\u00eb \u00ebsht\u00eb n\u00eb grev\u00eb dhe nuk punon p\u00ebr t\u00eb riaft\u00ebsuar mjetet motorike t\u00eb cilat kan\u00eb regjistrim valid, por jan\u00eb jasht p\u00ebrdorimit p\u00ebr arsye teknike.<\/p>\n<p>Policia ka d\u00ebshtuar arritj\u00ebn e n\u00ebnshkrimit t\u00eb kontratave p\u00ebr furnizime me paisje policore si: Uniforma, K\u00ebpuca, \u00c7izme, municione e shum\u00eb sh\u00ebrbime t\u00eb tjera.<\/p>\n<p>Fakti se policia e republik\u00ebs s\u00eb Kosov\u00ebs, nuk ka arritur t\u00eb siguroj kontratat me institucionet relevante p\u00ebr ofrimin e sh\u00ebrbimeve apo furnizim\u00ebve, ka probleme serioze n\u00eb zbatimit e p\u00ebrgjegj\u00ebsive ligjore.<\/p>\n<p>Qeveria e Kosov\u00ebs, p\u00ebrkat\u00ebsisht ministria e pun\u00ebve t\u00eb mbrend\u00ebshme duhet urgjentisht t\u00eb krijoj nj\u00eb ekip t\u00eb p\u00ebrbashk\u00ebt dhe me proceduara t\u00eb p\u00ebrshpjetuara t\u00eb realizoj kontratat me sh\u00ebrbyes dhe furnitor\u00eb p\u00ebr plotsimin e nevojave policore p\u00ebrkryerjene detyrave t\u00eb tyre, n\u00eb kund\u00ebrt\u00ebn me mos veprime mund t\u00eb cenojm\u00eb sigurin\u00eb.<\/p>\n<p>Policia e republik\u00ebs s\u00eb Kosov\u00ebs \u00ebsht\u00eb reaguesi i par\u00eb i siguris\u00eb, andaj ky institucion duhet t\u00eb jet\u00eb i p\u00ebrmbushur me mjete operative dhe jo operative p\u00ebr kryerjen e detyrave dhe detyrim\u00ebve ligjore.<\/p>\n","protected":false},"excerpt":{"rendered":"<p>Eksperti i siguris\u00eb, Bedri Elezi ka th\u00ebn\u00eb se Policia e Kosov\u00ebs \u00ebsht\u00eb n\u00eb gjendjen m\u00eb t\u00eb r\u00ebnd\u00eb q\u00eb nga themelimi i saj. Elezi p\u00ebrmes nj\u00eb postimi n\u00eb Facebook, ka th\u00ebn\u00eb se kjo gjendje vjen si shkak i p\u00ebrfundimit t\u00eb kontratave dhe mos n\u00ebnshkrimi i kontratave t\u00eb reja me institucione afariste. Ai tutje ka shtuar se [&hellip;]<\/p>\n","protected":false},"author":2,"featured_media":25565,"comment_status":"closed","ping_status":"closed","sticky":false,"template":"","format":"standard","meta":{"_monsterinsights_skip_tracking":false,"_monsterinsights_sitenote_active":false,"_monsterinsights_sitenote_note":"","_monsterinsights_sitenote_category":0,"_uf_show_specific_survey":0,"_uf_disable_surveys":false,"footnotes":""},"categories":[23,15],"tags":[102],"yoast_head":"<!-- This site is optimized with the Yoast SEO plugin v21.5 - https:\/\/yoast.com\/wordpress\/plugins\/seo\/ -->\n<title>&quot;Policia e Kosov\u00ebs \u00ebsht\u00eb n\u00eb gjendjen m\u00eb t\u00eb r\u00ebnd\u00eb q\u00eb nga themelimi i saj&quot;<\/title>\n<meta name=\"robots\" content=\"index, follow, max-snippet:-1, max-image-preview:large, max-video-preview:-1\" \/>\n<link rel=\"canonical\" href=\"https:\/\/permbledhja.com\/sq\/policia-e-kosoves-eshte-ne-gjendjen-me-te-rende-qe-nga-themelimi-i-saj\/\" \/>\n<meta property=\"og:locale\" content=\"sq_AL\" \/>\n<meta property=\"og:type\" content=\"article\" \/>\n<meta property=\"og:title\" content=\"&quot;Policia e Kosov\u00ebs \u00ebsht\u00eb n\u00eb gjendjen m\u00eb t\u00eb r\u00ebnd\u00eb q\u00eb nga themelimi i saj&quot;\" \/>\n<meta property=\"og:description\" content=\"Eksperti i siguris\u00eb, Bedri Elezi ka th\u00ebn\u00eb se Policia e Kosov\u00ebs \u00ebsht\u00eb n\u00eb gjendjen m\u00eb t\u00eb r\u00ebnd\u00eb q\u00eb nga themelimi i saj. Elezi p\u00ebrmes nj\u00eb postimi n\u00eb Facebook, ka th\u00ebn\u00eb se kjo gjendje vjen si shkak i p\u00ebrfundimit t\u00eb kontratave dhe mos n\u00ebnshkrimi i kontratave t\u00eb reja me institucione afariste. Ai tutje ka shtuar se [&hellip;]\" \/>\n<meta property=\"og:url\" content=\"https:\/\/permbledhja.com\/sq\/policia-e-kosoves-eshte-ne-gjendjen-me-te-rende-qe-nga-themelimi-i-saj\/\" \/>\n<meta property=\"og:site_name\" content=\"Ve\u00e7 artikuj p\u00ebrmbledh\u00ebs\" \/>\n<meta property=\"article:publisher\" content=\"https:\/\/www.facebook.com\/press07\/\" \/>\n<meta property=\"article:published_time\" content=\"2023-09-03T10:11:24+00:00\" \/>\n<meta property=\"og:image\" content=\"https:\/\/permbledhja.com\/wp-content\/uploads\/2023\/09\/policiaa_4785.jpg\" \/>\n\t<meta property=\"og:image:width\" content=\"850\" \/>\n\t<meta property=\"og:image:height\" content=\"564\" \/>\n\t<meta property=\"og:image:type\" content=\"image\/jpeg\" \/>\n<meta name=\"author\" content=\"M M\" \/>\n<meta name=\"twitter:card\" content=\"summary_large_image\" \/>\n<meta name=\"twitter:label1\" content=\"Written by\" \/>\n\t<meta name=\"twitter:data1\" content=\"M M\" \/>\n\t<meta name=\"twitter:label2\" content=\"Est. reading time\" \/>\n\t<meta name=\"twitter:data2\" content=\"2 minuta\" \/>\n<script type=\"application\/ld+json\" class=\"yoast-schema-graph\">{\"@context\":\"https:\/\/schema.org\",\"@graph\":[{\"@type\":\"Article\",\"@id\":\"https:\/\/permbledhja.com\/policia-e-kosoves-eshte-ne-gjendjen-me-te-rende-qe-nga-themelimi-i-saj\/#article\",\"isPartOf\":{\"@id\":\"https:\/\/permbledhja.com\/policia-e-kosoves-eshte-ne-gjendjen-me-te-rende-qe-nga-themelimi-i-saj\/\"},\"author\":{\"name\":\"M M\",\"@id\":\"https:\/\/permbledhja.com\/#\/schema\/person\/d23f13f59b5722643933d6780783acf3\"},\"headline\":\"&#8220;Policia e Kosov\u00ebs \u00ebsht\u00eb n\u00eb gjendjen m\u00eb t\u00eb r\u00ebnd\u00eb q\u00eb nga themelimi i saj&#8221;\",\"datePublished\":\"2023-09-03T10:11:24+00:00\",\"dateModified\":\"2023-09-03T10:11:24+00:00\",\"mainEntityOfPage\":{\"@id\":\"https:\/\/permbledhja.com\/policia-e-kosoves-eshte-ne-gjendjen-me-te-rende-qe-nga-themelimi-i-saj\/\"},\"wordCount\":437,\"publisher\":{\"@id\":\"https:\/\/permbledhja.com\/#organization\"},\"keywords\":[\"Policia e Kosov\u00ebs\"],\"articleSection\":[\"Komb\u00ebtare\",\"Lajme\"],\"inLanguage\":\"sq\"},{\"@type\":\"WebPage\",\"@id\":\"https:\/\/permbledhja.com\/policia-e-kosoves-eshte-ne-gjendjen-me-te-rende-qe-nga-themelimi-i-saj\/\",\"url\":\"https:\/\/permbledhja.com\/policia-e-kosoves-eshte-ne-gjendjen-me-te-rende-qe-nga-themelimi-i-saj\/\",\"name\":\"\\\"Policia e Kosov\u00ebs \u00ebsht\u00eb n\u00eb gjendjen m\u00eb t\u00eb r\u00ebnd\u00eb q\u00eb nga themelimi i saj\\\"\",\"isPartOf\":{\"@id\":\"https:\/\/permbledhja.com\/#website\"},\"datePublished\":\"2023-09-03T10:11:24+00:00\",\"dateModified\":\"2023-09-03T10:11:24+00:00\",\"breadcrumb\":{\"@id\":\"https:\/\/permbledhja.com\/policia-e-kosoves-eshte-ne-gjendjen-me-te-rende-qe-nga-themelimi-i-saj\/#breadcrumb\"},\"inLanguage\":\"sq\",\"potentialAction\":[{\"@type\":\"ReadAction\",\"target\":[\"https:\/\/permbledhja.com\/policia-e-kosoves-eshte-ne-gjendjen-me-te-rende-qe-nga-themelimi-i-saj\/\"]}]},{\"@type\":\"BreadcrumbList\",\"@id\":\"https:\/\/permbledhja.com\/policia-e-kosoves-eshte-ne-gjendjen-me-te-rende-qe-nga-themelimi-i-saj\/#breadcrumb\",\"itemListElement\":[{\"@type\":\"ListItem\",\"position\":1,\"name\":\"Ballina\",\"item\":\"https:\/\/permbledhja.com\/sq\/\"},{\"@type\":\"ListItem\",\"position\":2,\"name\":\"&#8220;Policia e Kosov\u00ebs \u00ebsht\u00eb n\u00eb gjendjen m\u00eb t\u00eb r\u00ebnd\u00eb q\u00eb nga themelimi i saj&#8221;\"}]},{\"@type\":\"WebSite\",\"@id\":\"https:\/\/permbledhja.com\/#website\",\"url\":\"https:\/\/permbledhja.com\/\",\"name\":\"Ve\u00e7 artikuj p\u00ebrmbledh\u00ebs\",\"description\":\"\",\"publisher\":{\"@id\":\"https:\/\/permbledhja.com\/#organization\"},\"potentialAction\":[{\"@type\":\"SearchAction\",\"target\":{\"@type\":\"EntryPoint\",\"urlTemplate\":\"https:\/\/permbledhja.com\/?s={search_term_string}\"},\"query-input\":\"required name=search_term_string\"}],\"inLanguage\":\"sq\"},{\"@type\":\"Organization\",\"@id\":\"https:\/\/permbledhja.com\/#organization\",\"name\":\"MK Media & Pr\",\"url\":\"https:\/\/permbledhja.com\/\",\"logo\":{\"@type\":\"ImageObject\",\"inLanguage\":\"sq\",\"@id\":\"https:\/\/permbledhja.com\/#\/schema\/logo\/image\/\",\"url\":\"https:\/\/permbledhja.com\/wp-content\/uploads\/2021\/12\/07-Press-Logo.jpg\",\"contentUrl\":\"https:\/\/permbledhja.com\/wp-content\/uploads\/2021\/12\/07-Press-Logo.jpg\",\"width\":512,\"height\":512,\"caption\":\"MK Media & Pr\"},\"image\":{\"@id\":\"https:\/\/permbledhja.com\/#\/schema\/logo\/image\/\"},\"sameAs\":[\"https:\/\/www.facebook.com\/press07\/\"]},{\"@type\":\"Person\",\"@id\":\"https:\/\/permbledhja.com\/#\/schema\/person\/d23f13f59b5722643933d6780783acf3\",\"name\":\"M M\",\"image\":{\"@type\":\"ImageObject\",\"inLanguage\":\"sq\",\"@id\":\"https:\/\/permbledhja.com\/#\/schema\/person\/image\/\",\"url\":\"https:\/\/secure.gravatar.com\/avatar\/e2835a76ca7c31a2416b2d51c4ec9a8f?s=96&d=mm&r=g\",\"contentUrl\":\"https:\/\/secure.gravatar.com\/avatar\/e2835a76ca7c31a2416b2d51c4ec9a8f?s=96&d=mm&r=g\",\"caption\":\"M M\"},\"sameAs\":[\"http:\/\/MM\"],\"url\":\"https:\/\/permbledhja.com\/sq\/author\/muhamet\/\"}]}<\/script>\n<!-- \/ Yoast SEO plugin. -->","yoast_head_json":{"title":"\"Policia e Kosov\u00ebs \u00ebsht\u00eb n\u00eb gjendjen m\u00eb t\u00eb r\u00ebnd\u00eb q\u00eb nga themelimi i saj\"","robots":{"index":"index","follow":"follow","max-snippet":"max-snippet:-1","max-image-preview":"max-image-preview:large","max-video-preview":"max-video-preview:-1"},"canonical":"https:\/\/permbledhja.com\/sq\/policia-e-kosoves-eshte-ne-gjendjen-me-te-rende-qe-nga-themelimi-i-saj\/","og_locale":"sq_AL","og_type":"article","og_title":"\"Policia e Kosov\u00ebs \u00ebsht\u00eb n\u00eb gjendjen m\u00eb t\u00eb r\u00ebnd\u00eb q\u00eb nga themelimi i saj\"","og_description":"Eksperti i siguris\u00eb, Bedri Elezi ka th\u00ebn\u00eb se Policia e Kosov\u00ebs \u00ebsht\u00eb n\u00eb gjendjen m\u00eb t\u00eb r\u00ebnd\u00eb q\u00eb nga themelimi i saj. Elezi p\u00ebrmes nj\u00eb postimi n\u00eb Facebook, ka th\u00ebn\u00eb se kjo gjendje vjen si shkak i p\u00ebrfundimit t\u00eb kontratave dhe mos n\u00ebnshkrimi i kontratave t\u00eb reja me institucione afariste. Ai tutje ka shtuar se [&hellip;]","og_url":"https:\/\/permbledhja.com\/sq\/policia-e-kosoves-eshte-ne-gjendjen-me-te-rende-qe-nga-themelimi-i-saj\/","og_site_name":"Ve\u00e7 artikuj p\u00ebrmbledh\u00ebs","article_publisher":"https:\/\/www.facebook.com\/press07\/","article_published_time":"2023-09-03T10:11:24+00:00","og_image":[{"width":850,"height":564,"url":"https:\/\/permbledhja.com\/wp-content\/uploads\/2023\/09\/policiaa_4785.jpg","type":"image\/jpeg"}],"author":"M M","twitter_card":"summary_large_image","twitter_misc":{"Written by":"M M","Est. reading time":"2 minuta"},"schema":{"@context":"https:\/\/schema.org","@graph":[{"@type":"Article","@id":"https:\/\/permbledhja.com\/policia-e-kosoves-eshte-ne-gjendjen-me-te-rende-qe-nga-themelimi-i-saj\/#article","isPartOf":{"@id":"https:\/\/permbledhja.com\/policia-e-kosoves-eshte-ne-gjendjen-me-te-rende-qe-nga-themelimi-i-saj\/"},"author":{"name":"M M","@id":"https:\/\/permbledhja.com\/#\/schema\/person\/d23f13f59b5722643933d6780783acf3"},"headline":"&#8220;Policia e Kosov\u00ebs \u00ebsht\u00eb n\u00eb gjendjen m\u00eb t\u00eb r\u00ebnd\u00eb q\u00eb nga themelimi i saj&#8221;","datePublished":"2023-09-03T10:11:24+00:00","dateModified":"2023-09-03T10:11:24+00:00","mainEntityOfPage":{"@id":"https:\/\/permbledhja.com\/policia-e-kosoves-eshte-ne-gjendjen-me-te-rende-qe-nga-themelimi-i-saj\/"},"wordCount":437,"publisher":{"@id":"https:\/\/permbledhja.com\/#organization"},"keywords":["Policia e Kosov\u00ebs"],"articleSection":["Komb\u00ebtare","Lajme"],"inLanguage":"sq"},{"@type":"WebPage","@id":"https:\/\/permbledhja.com\/policia-e-kosoves-eshte-ne-gjendjen-me-te-rende-qe-nga-themelimi-i-saj\/","url":"https:\/\/permbledhja.com\/policia-e-kosoves-eshte-ne-gjendjen-me-te-rende-qe-nga-themelimi-i-saj\/","name":"\"Policia e Kosov\u00ebs \u00ebsht\u00eb n\u00eb gjendjen m\u00eb t\u00eb r\u00ebnd\u00eb q\u00eb nga themelimi i saj\"","isPartOf":{"@id":"https:\/\/permbledhja.com\/#website"},"datePublished":"2023-09-03T10:11:24+00:00","dateModified":"2023-09-03T10:11:24+00:00","breadcrumb":{"@id":"https:\/\/permbledhja.com\/policia-e-kosoves-eshte-ne-gjendjen-me-te-rende-qe-nga-themelimi-i-saj\/#breadcrumb"},"inLanguage":"sq","potentialAction":[{"@type":"ReadAction","target":["https:\/\/permbledhja.com\/policia-e-kosoves-eshte-ne-gjendjen-me-te-rende-qe-nga-themelimi-i-saj\/"]}]},{"@type":"BreadcrumbList","@id":"https:\/\/permbledhja.com\/policia-e-kosoves-eshte-ne-gjendjen-me-te-rende-qe-nga-themelimi-i-saj\/#breadcrumb","itemListElement":[{"@type":"ListItem","position":1,"name":"Ballina","item":"https:\/\/permbledhja.com\/sq\/"},{"@type":"ListItem","position":2,"name":"&#8220;Policia e Kosov\u00ebs \u00ebsht\u00eb n\u00eb gjendjen m\u00eb t\u00eb r\u00ebnd\u00eb q\u00eb nga themelimi i saj&#8221;"}]},{"@type":"WebSite","@id":"https:\/\/permbledhja.com\/#website","url":"https:\/\/permbledhja.com\/","name":"Ve\u00e7 artikuj p\u00ebrmbledh\u00ebs","description":"","publisher":{"@id":"https:\/\/permbledhja.com\/#organization"},"potentialAction":[{"@type":"SearchAction","target":{"@type":"EntryPoint","urlTemplate":"https:\/\/permbledhja.com\/?s={search_term_string}"},"query-input":"required name=search_term_string"}],"inLanguage":"sq"},{"@type":"Organization","@id":"https:\/\/permbledhja.com\/#organization","name":"MK Media & Pr","url":"https:\/\/permbledhja.com\/","logo":{"@type":"ImageObject","inLanguage":"sq","@id":"https:\/\/permbledhja.com\/#\/schema\/logo\/image\/","url":"https:\/\/permbledhja.com\/wp-content\/uploads\/2021\/12\/07-Press-Logo.jpg","contentUrl":"https:\/\/permbledhja.com\/wp-content\/uploads\/2021\/12\/07-Press-Logo.jpg","width":512,"height":512,"caption":"MK Media & Pr"},"image":{"@id":"https:\/\/permbledhja.com\/#\/schema\/logo\/image\/"},"sameAs":["https:\/\/www.facebook.com\/press07\/"]},{"@type":"Person","@id":"https:\/\/permbledhja.com\/#\/schema\/person\/d23f13f59b5722643933d6780783acf3","name":"M M","image":{"@type":"ImageObject","inLanguage":"sq","@id":"https:\/\/permbledhja.com\/#\/schema\/person\/image\/","url":"https:\/\/secure.gravatar.com\/avatar\/e2835a76ca7c31a2416b2d51c4ec9a8f?s=96&d=mm&r=g","contentUrl":"https:\/\/secure.gravatar.com\/avatar\/e2835a76ca7c31a2416b2d51c4ec9a8f?s=96&d=mm&r=g","caption":"M M"},"sameAs":["http:\/\/MM"],"url":"https:\/\/permbledhja.com\/sq\/author\/muhamet\/"}]}},"_links":{"self":[{"href":"https:\/\/permbledhja.com\/sq\/wp-json\/wp\/v2\/posts\/25564"}],"collection":[{"href":"https:\/\/permbledhja.com\/sq\/wp-json\/wp\/v2\/posts"}],"about":[{"href":"https:\/\/permbledhja.com\/sq\/wp-json\/wp\/v2\/types\/post"}],"author":[{"embeddable":true,"href":"https:\/\/permbledhja.com\/sq\/wp-json\/wp\/v2\/users\/2"}],"replies":[{"embeddable":true,"href":"https:\/\/permbledhja.com\/sq\/wp-json\/wp\/v2\/comments?post=25564"}],"version-history":[{"count":1,"href":"https:\/\/permbledhja.com\/sq\/wp-json\/wp\/v2\/posts\/25564\/revisions"}],"predecessor-version":[{"id":25566,"href":"https:\/\/permbledhja.com\/sq\/wp-json\/wp\/v2\/posts\/25564\/revisions\/25566"}],"wp:featuredmedia":[{"embeddable":true,"href":"https:\/\/permbledhja.com\/sq\/wp-json\/wp\/v2\/media\/25565"}],"wp:attachment":[{"href":"https:\/\/permbledhja.com\/sq\/wp-json\/wp\/v2\/media?parent=25564"}],"wp:term":[{"taxonomy":"category","embeddable":true,"href":"https:\/\/permbledhja.com\/sq\/wp-json\/wp\/v2\/categories?post=25564"},{"taxonomy":"post_tag","embeddable":true,"href":"https:\/\/permbledhja.com\/sq\/wp-json\/wp\/v2\/tags?post=25564"}],"curies":[{"name":"wp","href":"https:\/\/api.w.org\/{rel}","templated":true}]}}