{"id":25561,"date":"2023-09-03T09:51:03","date_gmt":"2023-09-03T09:51:03","guid":{"rendered":"https:\/\/permbledhja.com\/?p=25561"},"modified":"2023-09-03T09:51:03","modified_gmt":"2023-09-03T09:51:03","slug":"kurti-premtonte-rritje-te-numrit-te-inspektoreve-se-beri-kerkohet-perseri-nje-gje-e-tille","status":"publish","type":"post","link":"https:\/\/permbledhja.com\/sq\/kurti-premtonte-rritje-te-numrit-te-inspektoreve-se-beri-kerkohet-perseri-nje-gje-e-tille\/","title":{"rendered":"Kurti premtonte rritje t\u00eb numrit t\u00eb inspektor\u00ebve, s\u2019e b\u00ebri: K\u00ebrkohet p\u00ebrs\u00ebri nj\u00eb gj\u00eb e till\u00eb"},"content":{"rendered":"<h3>Kryetari i Sindikat\u00ebs s\u00eb Pun\u00ebtor\u00ebve t\u00eb Sektorit Privat, Jusuf Azemi, ka k\u00ebrkuar t\u00eb rritet numri i inspektor\u00ebve q\u00eb monitorojn\u00eb kompanit\u00eb e nd\u00ebrtimit, pas rritjes s\u00eb rasteve t\u00eb vdekjes s\u00eb pun\u00ebtor\u00ebve n\u00eb vendpunishte.Azemi ka th\u00ebn\u00eb se siguria e pun\u00ebtoreve n\u00eb vend \u00ebsht\u00eb shqet\u00ebsuese, pasi sipas tij mbi 80 p\u00ebr qind e kompanive nuk e respektojn\u00eb ligjin p\u00ebr pajiset e siguris\u00eb dhe sh\u00ebndetit n\u00eb pun\u00eb.<\/h3>\n<p>Kryetari i k\u00ebsaj sindikate theksoi se p\u00ebr \u00e7\u00ebshtjen e pun\u00ebtoreve t\u00eb sektorit privat faj kan\u00eb edhe qeverit\u00eb e kaluar, pasi nuk jan\u00eb marr\u00eb sa duhet me k\u00ebt\u00eb sektor.<\/p>\n<p>\u201cPun\u00ebtoret e sektorit privat t\u00eb Kosov\u00ebs e n\u00eb ve\u00e7anti p\u00ebr \u00e7\u00ebshtjen e siguris\u00eb pjes\u00eb e fajit jan\u00eb edhe qeverit\u00eb e m\u00eb hershme sepse ne kemi qen\u00eb gjithher\u00eb aktiv dhe kemi k\u00ebrkuar nga ta q\u00eb t\u00eb merren m\u00eb seriozisht me k\u00ebt\u00eb \u00e7\u00ebshtje. Cilat jan\u00eb hapat q\u00eb duhet t\u00eb merren, s\u00eb pari ne e kemi humbur hapin dhe n\u00eb rend t\u00eb par\u00eb un\u00eb mendoj q\u00eb numri i inspektor\u00ebve do t\u00eb jet\u00eb shum\u00eb m\u00eb i madh. N\u00eb moment kur v\u00ebrehet q\u00eb n\u00eb nj\u00eb kompani q\u00eb nuk i ka masat mbrojtjes adekuate si\u00e7 i thot\u00eb ligji, ajo kompani menj\u00ebher\u00eb duhet q\u00eb t\u00eb mbyllet dhe p\u00ebrderisa mos t\u2019i sanoj \u00e7\u00ebshtjet q\u00eb kan\u00eb t\u00eb b\u00ebj\u00eb me ligjin ajo duhet q\u00eb t\u00eb mbyllet\u201d, ka th\u00ebn\u00eb Azemi.\u201cJemi t\u00eb vet\u00ebdijsh\u00ebm dhe po shohim q\u00eb diku mbi 80 p\u00ebr qind e kompanive nuk e respektojn\u00eb pajiset e siguris\u00eb dhe sh\u00ebndetit n\u00eb pun\u00eb. Shpesh her\u00eb q\u00eb po i obligojn\u00eb pun\u00ebtoret dhe pun\u00ebtor\u00ebt nuk po mbaj pajiset. Por ligji thot\u00eb n\u00eb moment kur pun\u00ebtori nuk do ta vej\u00eb pajisen n\u00eb trupin e tij p\u00ebr mbrojtje ai duhet t\u00eb shkoj\u00eb n\u00eb sht\u00ebpi kjo nuk po ndodh\u00eb\u201d, tha ai.Azemi ka th\u00ebn\u00eb se numri prej 34 inspektor\u00ebve sa \u00ebsht\u00eb aktualisht e kan\u00eb t\u00eb pa mundur t\u2019i inspektojn\u00eb mbi 60 mij\u00eb kompani nd\u00ebrtimi n\u00eb Kosov\u00eb.<\/p>\n<p>Sipas tij, numri i inspektor\u00ebve duhet t\u00eb jet\u00eb 250 p\u00ebr t\u00eb pasur monitorim t\u00eb duhur.\u201cDuhet q\u00eb t\u00eb jemi t\u00eb vet\u00ebdijsh\u00ebm q\u00eb me k\u00ebt\u00eb num\u00ebr t\u00eb inspektor\u00ebve q\u00eb p\u00ebr momentin jan\u00eb aktiv dikun 33 ose 34, \u00ebsht\u00eb nj\u00eb num\u00ebr p\u00ebr t\u00eb cilin k\u00ebta edhe n\u00ebse b\u00ebjn\u00eb pun\u00eb mbi hyjnore nuk mund t\u00eb ja arrijn\u00eb q\u00eb t\u2019i kryejn\u00eb obligimet q\u00eb i kan\u00eb ndaj organit q\u00eb i ngarkon. Nuk mundet sepse po t\u2019i vizitosh 60 mij\u00eb kompani me 34 inspektor t\u00eb cil\u00ebt duhet ta monitoroj ligjin e pun\u00ebs, marr\u00ebveshjen kolektive, ligji mbi sigurimet sh\u00ebndetit n\u00eb pun\u00eb dhe shtat\u00eb a tet\u00eb ligje t\u00eb tjera me 34 inspektor kjo \u00ebsht\u00eb di\u00e7ka sikur t\u00eb marr\u00ebsh n\u00eb deti nj\u00eb lug\u00eb uj\u00eb. Un\u00eb mendoj q\u00eb p\u00ebr ta monitoruar mir\u00eb k\u00ebt\u00eb \u00e7\u00ebshtje minimumi i inspektoratit t\u00eb pun\u00ebs n\u00eb 200-250 inspektor as nj\u00eb her\u00eb nuk do t\u00eb mund ta kryejn\u00eb detyr\u00ebn q\u00eb duhet ta kryejn\u00eb\u201d, tha ai p\u00ebr EO<\/p>\n<p>Sipas statistikave t\u00eb Sindikat\u00ebs s\u00eb Pun\u00ebtor\u00ebve t\u00eb Sektorit Privat, vet\u00ebm n\u00eb shtat\u00eb muajt e par\u00eb t\u00eb k\u00ebtij viti n\u00eb vendin e pun\u00ebs kan\u00eb vdekur 18 persona, ku pjesa m\u00eb e madhe e rasteve kan\u00eb ndodhur n\u00eb sektorin e nd\u00ebrtimtaris\u00eb, sipas tyre k\u00ebto jan\u00eb shifrat m\u00eb t\u00eb larta q\u00eb jan\u00eb regjistruar n\u00eb nj\u00eb periudh\u00eb shtat\u00ebmujore. \/EO<\/p>\n<p>&nbsp;<\/p>\n<div id=\"aswift_3_host\" tabindex=\"0\" title=\"Advertisement\" aria-label=\"Advertisement\"><\/div>\n<p>&nbsp;<\/p>\n","protected":false},"excerpt":{"rendered":"<p>Kryetari i Sindikat\u00ebs s\u00eb Pun\u00ebtor\u00ebve t\u00eb Sektorit Privat, Jusuf Azemi, ka k\u00ebrkuar t\u00eb rritet numri i inspektor\u00ebve q\u00eb monitorojn\u00eb kompanit\u00eb e nd\u00ebrtimit, pas rritjes s\u00eb rasteve t\u00eb vdekjes s\u00eb pun\u00ebtor\u00ebve n\u00eb vendpunishte.Azemi ka th\u00ebn\u00eb se siguria e pun\u00ebtoreve n\u00eb vend \u00ebsht\u00eb shqet\u00ebsuese, pasi sipas tij mbi 80 p\u00ebr qind e kompanive nuk e respektojn\u00eb ligjin [&hellip;]<\/p>\n","protected":false},"author":2,"featured_media":25562,"comment_status":"closed","ping_status":"closed","sticky":false,"template":"","format":"standard","meta":{"_monsterinsights_skip_tracking":false,"_monsterinsights_sitenote_active":false,"_monsterinsights_sitenote_note":"","_monsterinsights_sitenote_category":0,"_uf_show_specific_survey":0,"_uf_disable_surveys":false,"footnotes":""},"categories":[23,15],"tags":[],"yoast_head":"<!-- This site is optimized with the Yoast SEO plugin v21.5 - https:\/\/yoast.com\/wordpress\/plugins\/seo\/ -->\n<title>Kurti premtonte rritje t\u00eb numrit t\u00eb inspektor\u00ebve, s\u2019e b\u00ebri: K\u00ebrkohet p\u00ebrs\u00ebri nj\u00eb gj\u00eb e till\u00eb<\/title>\n<meta name=\"robots\" content=\"index, follow, max-snippet:-1, max-image-preview:large, max-video-preview:-1\" \/>\n<link rel=\"canonical\" href=\"https:\/\/permbledhja.com\/sq\/kurti-premtonte-rritje-te-numrit-te-inspektoreve-se-beri-kerkohet-perseri-nje-gje-e-tille\/\" \/>\n<meta property=\"og:locale\" content=\"sq_AL\" \/>\n<meta property=\"og:type\" content=\"article\" \/>\n<meta property=\"og:title\" content=\"Kurti premtonte rritje t\u00eb numrit t\u00eb inspektor\u00ebve, s\u2019e b\u00ebri: K\u00ebrkohet p\u00ebrs\u00ebri nj\u00eb gj\u00eb e till\u00eb\" \/>\n<meta property=\"og:description\" content=\"Kryetari i Sindikat\u00ebs s\u00eb Pun\u00ebtor\u00ebve t\u00eb Sektorit Privat, Jusuf Azemi, ka k\u00ebrkuar t\u00eb rritet numri i inspektor\u00ebve q\u00eb monitorojn\u00eb kompanit\u00eb e nd\u00ebrtimit, pas rritjes s\u00eb rasteve t\u00eb vdekjes s\u00eb pun\u00ebtor\u00ebve n\u00eb vendpunishte.Azemi ka th\u00ebn\u00eb se siguria e pun\u00ebtoreve n\u00eb vend \u00ebsht\u00eb shqet\u00ebsuese, pasi sipas tij mbi 80 p\u00ebr qind e kompanive nuk e respektojn\u00eb ligjin [&hellip;]\" \/>\n<meta property=\"og:url\" content=\"https:\/\/permbledhja.com\/sq\/kurti-premtonte-rritje-te-numrit-te-inspektoreve-se-beri-kerkohet-perseri-nje-gje-e-tille\/\" \/>\n<meta property=\"og:site_name\" content=\"Ve\u00e7 artikuj p\u00ebrmbledh\u00ebs\" \/>\n<meta property=\"article:publisher\" content=\"https:\/\/www.facebook.com\/press07\/\" \/>\n<meta property=\"article:published_time\" content=\"2023-09-03T09:51:03+00:00\" \/>\n<meta property=\"og:image\" content=\"https:\/\/permbledhja.com\/wp-content\/uploads\/2023\/09\/kurti-puntor-ndertimi..png\" \/>\n\t<meta property=\"og:image:width\" content=\"900\" \/>\n\t<meta property=\"og:image:height\" content=\"435\" \/>\n\t<meta property=\"og:image:type\" content=\"image\/png\" \/>\n<meta name=\"author\" content=\"M M\" \/>\n<meta name=\"twitter:card\" content=\"summary_large_image\" \/>\n<meta name=\"twitter:label1\" content=\"Written by\" \/>\n\t<meta name=\"twitter:data1\" content=\"M M\" \/>\n\t<meta name=\"twitter:label2\" content=\"Est. reading time\" \/>\n\t<meta name=\"twitter:data2\" content=\"3 minuta\" \/>\n<script type=\"application\/ld+json\" class=\"yoast-schema-graph\">{\"@context\":\"https:\/\/schema.org\",\"@graph\":[{\"@type\":\"Article\",\"@id\":\"https:\/\/permbledhja.com\/kurti-premtonte-rritje-te-numrit-te-inspektoreve-se-beri-kerkohet-perseri-nje-gje-e-tille\/#article\",\"isPartOf\":{\"@id\":\"https:\/\/permbledhja.com\/kurti-premtonte-rritje-te-numrit-te-inspektoreve-se-beri-kerkohet-perseri-nje-gje-e-tille\/\"},\"author\":{\"name\":\"M M\",\"@id\":\"https:\/\/permbledhja.com\/#\/schema\/person\/d23f13f59b5722643933d6780783acf3\"},\"headline\":\"Kurti premtonte rritje t\u00eb numrit t\u00eb inspektor\u00ebve, s\u2019e b\u00ebri: K\u00ebrkohet p\u00ebrs\u00ebri nj\u00eb gj\u00eb e till\u00eb\",\"datePublished\":\"2023-09-03T09:51:03+00:00\",\"dateModified\":\"2023-09-03T09:51:03+00:00\",\"mainEntityOfPage\":{\"@id\":\"https:\/\/permbledhja.com\/kurti-premtonte-rritje-te-numrit-te-inspektoreve-se-beri-kerkohet-perseri-nje-gje-e-tille\/\"},\"wordCount\":600,\"publisher\":{\"@id\":\"https:\/\/permbledhja.com\/#organization\"},\"articleSection\":[\"Komb\u00ebtare\",\"Lajme\"],\"inLanguage\":\"sq\"},{\"@type\":\"WebPage\",\"@id\":\"https:\/\/permbledhja.com\/kurti-premtonte-rritje-te-numrit-te-inspektoreve-se-beri-kerkohet-perseri-nje-gje-e-tille\/\",\"url\":\"https:\/\/permbledhja.com\/kurti-premtonte-rritje-te-numrit-te-inspektoreve-se-beri-kerkohet-perseri-nje-gje-e-tille\/\",\"name\":\"Kurti premtonte rritje t\u00eb numrit t\u00eb inspektor\u00ebve, s\u2019e b\u00ebri: K\u00ebrkohet p\u00ebrs\u00ebri nj\u00eb gj\u00eb e till\u00eb\",\"isPartOf\":{\"@id\":\"https:\/\/permbledhja.com\/#website\"},\"datePublished\":\"2023-09-03T09:51:03+00:00\",\"dateModified\":\"2023-09-03T09:51:03+00:00\",\"breadcrumb\":{\"@id\":\"https:\/\/permbledhja.com\/kurti-premtonte-rritje-te-numrit-te-inspektoreve-se-beri-kerkohet-perseri-nje-gje-e-tille\/#breadcrumb\"},\"inLanguage\":\"sq\",\"potentialAction\":[{\"@type\":\"ReadAction\",\"target\":[\"https:\/\/permbledhja.com\/kurti-premtonte-rritje-te-numrit-te-inspektoreve-se-beri-kerkohet-perseri-nje-gje-e-tille\/\"]}]},{\"@type\":\"BreadcrumbList\",\"@id\":\"https:\/\/permbledhja.com\/kurti-premtonte-rritje-te-numrit-te-inspektoreve-se-beri-kerkohet-perseri-nje-gje-e-tille\/#breadcrumb\",\"itemListElement\":[{\"@type\":\"ListItem\",\"position\":1,\"name\":\"Ballina\",\"item\":\"https:\/\/permbledhja.com\/sq\/\"},{\"@type\":\"ListItem\",\"position\":2,\"name\":\"Kurti premtonte rritje t\u00eb numrit t\u00eb inspektor\u00ebve, s\u2019e b\u00ebri: K\u00ebrkohet p\u00ebrs\u00ebri nj\u00eb gj\u00eb e till\u00eb\"}]},{\"@type\":\"WebSite\",\"@id\":\"https:\/\/permbledhja.com\/#website\",\"url\":\"https:\/\/permbledhja.com\/\",\"name\":\"Ve\u00e7 artikuj p\u00ebrmbledh\u00ebs\",\"description\":\"\",\"publisher\":{\"@id\":\"https:\/\/permbledhja.com\/#organization\"},\"potentialAction\":[{\"@type\":\"SearchAction\",\"target\":{\"@type\":\"EntryPoint\",\"urlTemplate\":\"https:\/\/permbledhja.com\/?s={search_term_string}\"},\"query-input\":\"required name=search_term_string\"}],\"inLanguage\":\"sq\"},{\"@type\":\"Organization\",\"@id\":\"https:\/\/permbledhja.com\/#organization\",\"name\":\"MK Media & Pr\",\"url\":\"https:\/\/permbledhja.com\/\",\"logo\":{\"@type\":\"ImageObject\",\"inLanguage\":\"sq\",\"@id\":\"https:\/\/permbledhja.com\/#\/schema\/logo\/image\/\",\"url\":\"https:\/\/permbledhja.com\/wp-content\/uploads\/2021\/12\/07-Press-Logo.jpg\",\"contentUrl\":\"https:\/\/permbledhja.com\/wp-content\/uploads\/2021\/12\/07-Press-Logo.jpg\",\"width\":512,\"height\":512,\"caption\":\"MK Media & Pr\"},\"image\":{\"@id\":\"https:\/\/permbledhja.com\/#\/schema\/logo\/image\/\"},\"sameAs\":[\"https:\/\/www.facebook.com\/press07\/\"]},{\"@type\":\"Person\",\"@id\":\"https:\/\/permbledhja.com\/#\/schema\/person\/d23f13f59b5722643933d6780783acf3\",\"name\":\"M M\",\"image\":{\"@type\":\"ImageObject\",\"inLanguage\":\"sq\",\"@id\":\"https:\/\/permbledhja.com\/#\/schema\/person\/image\/\",\"url\":\"https:\/\/secure.gravatar.com\/avatar\/e2835a76ca7c31a2416b2d51c4ec9a8f?s=96&d=mm&r=g\",\"contentUrl\":\"https:\/\/secure.gravatar.com\/avatar\/e2835a76ca7c31a2416b2d51c4ec9a8f?s=96&d=mm&r=g\",\"caption\":\"M M\"},\"sameAs\":[\"http:\/\/MM\"],\"url\":\"https:\/\/permbledhja.com\/sq\/author\/muhamet\/\"}]}<\/script>\n<!-- \/ Yoast SEO plugin. -->","yoast_head_json":{"title":"Kurti premtonte rritje t\u00eb numrit t\u00eb inspektor\u00ebve, s\u2019e b\u00ebri: K\u00ebrkohet p\u00ebrs\u00ebri nj\u00eb gj\u00eb e till\u00eb","robots":{"index":"index","follow":"follow","max-snippet":"max-snippet:-1","max-image-preview":"max-image-preview:large","max-video-preview":"max-video-preview:-1"},"canonical":"https:\/\/permbledhja.com\/sq\/kurti-premtonte-rritje-te-numrit-te-inspektoreve-se-beri-kerkohet-perseri-nje-gje-e-tille\/","og_locale":"sq_AL","og_type":"article","og_title":"Kurti premtonte rritje t\u00eb numrit t\u00eb inspektor\u00ebve, s\u2019e b\u00ebri: K\u00ebrkohet p\u00ebrs\u00ebri nj\u00eb gj\u00eb e till\u00eb","og_description":"Kryetari i Sindikat\u00ebs s\u00eb Pun\u00ebtor\u00ebve t\u00eb Sektorit Privat, Jusuf Azemi, ka k\u00ebrkuar t\u00eb rritet numri i inspektor\u00ebve q\u00eb monitorojn\u00eb kompanit\u00eb e nd\u00ebrtimit, pas rritjes s\u00eb rasteve t\u00eb vdekjes s\u00eb pun\u00ebtor\u00ebve n\u00eb vendpunishte.Azemi ka th\u00ebn\u00eb se siguria e pun\u00ebtoreve n\u00eb vend \u00ebsht\u00eb shqet\u00ebsuese, pasi sipas tij mbi 80 p\u00ebr qind e kompanive nuk e respektojn\u00eb ligjin [&hellip;]","og_url":"https:\/\/permbledhja.com\/sq\/kurti-premtonte-rritje-te-numrit-te-inspektoreve-se-beri-kerkohet-perseri-nje-gje-e-tille\/","og_site_name":"Ve\u00e7 artikuj p\u00ebrmbledh\u00ebs","article_publisher":"https:\/\/www.facebook.com\/press07\/","article_published_time":"2023-09-03T09:51:03+00:00","og_image":[{"width":900,"height":435,"url":"https:\/\/permbledhja.com\/wp-content\/uploads\/2023\/09\/kurti-puntor-ndertimi..png","type":"image\/png"}],"author":"M M","twitter_card":"summary_large_image","twitter_misc":{"Written by":"M M","Est. reading time":"3 minuta"},"schema":{"@context":"https:\/\/schema.org","@graph":[{"@type":"Article","@id":"https:\/\/permbledhja.com\/kurti-premtonte-rritje-te-numrit-te-inspektoreve-se-beri-kerkohet-perseri-nje-gje-e-tille\/#article","isPartOf":{"@id":"https:\/\/permbledhja.com\/kurti-premtonte-rritje-te-numrit-te-inspektoreve-se-beri-kerkohet-perseri-nje-gje-e-tille\/"},"author":{"name":"M M","@id":"https:\/\/permbledhja.com\/#\/schema\/person\/d23f13f59b5722643933d6780783acf3"},"headline":"Kurti premtonte rritje t\u00eb numrit t\u00eb inspektor\u00ebve, s\u2019e b\u00ebri: K\u00ebrkohet p\u00ebrs\u00ebri nj\u00eb gj\u00eb e till\u00eb","datePublished":"2023-09-03T09:51:03+00:00","dateModified":"2023-09-03T09:51:03+00:00","mainEntityOfPage":{"@id":"https:\/\/permbledhja.com\/kurti-premtonte-rritje-te-numrit-te-inspektoreve-se-beri-kerkohet-perseri-nje-gje-e-tille\/"},"wordCount":600,"publisher":{"@id":"https:\/\/permbledhja.com\/#organization"},"articleSection":["Komb\u00ebtare","Lajme"],"inLanguage":"sq"},{"@type":"WebPage","@id":"https:\/\/permbledhja.com\/kurti-premtonte-rritje-te-numrit-te-inspektoreve-se-beri-kerkohet-perseri-nje-gje-e-tille\/","url":"https:\/\/permbledhja.com\/kurti-premtonte-rritje-te-numrit-te-inspektoreve-se-beri-kerkohet-perseri-nje-gje-e-tille\/","name":"Kurti premtonte rritje t\u00eb numrit t\u00eb inspektor\u00ebve, s\u2019e b\u00ebri: K\u00ebrkohet p\u00ebrs\u00ebri nj\u00eb gj\u00eb e till\u00eb","isPartOf":{"@id":"https:\/\/permbledhja.com\/#website"},"datePublished":"2023-09-03T09:51:03+00:00","dateModified":"2023-09-03T09:51:03+00:00","breadcrumb":{"@id":"https:\/\/permbledhja.com\/kurti-premtonte-rritje-te-numrit-te-inspektoreve-se-beri-kerkohet-perseri-nje-gje-e-tille\/#breadcrumb"},"inLanguage":"sq","potentialAction":[{"@type":"ReadAction","target":["https:\/\/permbledhja.com\/kurti-premtonte-rritje-te-numrit-te-inspektoreve-se-beri-kerkohet-perseri-nje-gje-e-tille\/"]}]},{"@type":"BreadcrumbList","@id":"https:\/\/permbledhja.com\/kurti-premtonte-rritje-te-numrit-te-inspektoreve-se-beri-kerkohet-perseri-nje-gje-e-tille\/#breadcrumb","itemListElement":[{"@type":"ListItem","position":1,"name":"Ballina","item":"https:\/\/permbledhja.com\/sq\/"},{"@type":"ListItem","position":2,"name":"Kurti premtonte rritje t\u00eb numrit t\u00eb inspektor\u00ebve, s\u2019e b\u00ebri: K\u00ebrkohet p\u00ebrs\u00ebri nj\u00eb gj\u00eb e till\u00eb"}]},{"@type":"WebSite","@id":"https:\/\/permbledhja.com\/#website","url":"https:\/\/permbledhja.com\/","name":"Ve\u00e7 artikuj p\u00ebrmbledh\u00ebs","description":"","publisher":{"@id":"https:\/\/permbledhja.com\/#organization"},"potentialAction":[{"@type":"SearchAction","target":{"@type":"EntryPoint","urlTemplate":"https:\/\/permbledhja.com\/?s={search_term_string}"},"query-input":"required name=search_term_string"}],"inLanguage":"sq"},{"@type":"Organization","@id":"https:\/\/permbledhja.com\/#organization","name":"MK Media & Pr","url":"https:\/\/permbledhja.com\/","logo":{"@type":"ImageObject","inLanguage":"sq","@id":"https:\/\/permbledhja.com\/#\/schema\/logo\/image\/","url":"https:\/\/permbledhja.com\/wp-content\/uploads\/2021\/12\/07-Press-Logo.jpg","contentUrl":"https:\/\/permbledhja.com\/wp-content\/uploads\/2021\/12\/07-Press-Logo.jpg","width":512,"height":512,"caption":"MK Media & Pr"},"image":{"@id":"https:\/\/permbledhja.com\/#\/schema\/logo\/image\/"},"sameAs":["https:\/\/www.facebook.com\/press07\/"]},{"@type":"Person","@id":"https:\/\/permbledhja.com\/#\/schema\/person\/d23f13f59b5722643933d6780783acf3","name":"M M","image":{"@type":"ImageObject","inLanguage":"sq","@id":"https:\/\/permbledhja.com\/#\/schema\/person\/image\/","url":"https:\/\/secure.gravatar.com\/avatar\/e2835a76ca7c31a2416b2d51c4ec9a8f?s=96&d=mm&r=g","contentUrl":"https:\/\/secure.gravatar.com\/avatar\/e2835a76ca7c31a2416b2d51c4ec9a8f?s=96&d=mm&r=g","caption":"M M"},"sameAs":["http:\/\/MM"],"url":"https:\/\/permbledhja.com\/sq\/author\/muhamet\/"}]}},"_links":{"self":[{"href":"https:\/\/permbledhja.com\/sq\/wp-json\/wp\/v2\/posts\/25561"}],"collection":[{"href":"https:\/\/permbledhja.com\/sq\/wp-json\/wp\/v2\/posts"}],"about":[{"href":"https:\/\/permbledhja.com\/sq\/wp-json\/wp\/v2\/types\/post"}],"author":[{"embeddable":true,"href":"https:\/\/permbledhja.com\/sq\/wp-json\/wp\/v2\/users\/2"}],"replies":[{"embeddable":true,"href":"https:\/\/permbledhja.com\/sq\/wp-json\/wp\/v2\/comments?post=25561"}],"version-history":[{"count":1,"href":"https:\/\/permbledhja.com\/sq\/wp-json\/wp\/v2\/posts\/25561\/revisions"}],"predecessor-version":[{"id":25563,"href":"https:\/\/permbledhja.com\/sq\/wp-json\/wp\/v2\/posts\/25561\/revisions\/25563"}],"wp:featuredmedia":[{"embeddable":true,"href":"https:\/\/permbledhja.com\/sq\/wp-json\/wp\/v2\/media\/25562"}],"wp:attachment":[{"href":"https:\/\/permbledhja.com\/sq\/wp-json\/wp\/v2\/media?parent=25561"}],"wp:term":[{"taxonomy":"category","embeddable":true,"href":"https:\/\/permbledhja.com\/sq\/wp-json\/wp\/v2\/categories?post=25561"},{"taxonomy":"post_tag","embeddable":true,"href":"https:\/\/permbledhja.com\/sq\/wp-json\/wp\/v2\/tags?post=25561"}],"curies":[{"name":"wp","href":"https:\/\/api.w.org\/{rel}","templated":true}]}}