{"id":2553,"date":"2022-07-18T06:37:51","date_gmt":"2022-07-18T06:37:51","guid":{"rendered":"https:\/\/permbledhja.com\/?p=2553"},"modified":"2022-07-18T06:37:51","modified_gmt":"2022-07-18T06:37:51","slug":"virusi-vdekjeprures-marburg-ky-shtet-i-konfirmon-dy-rastet-e-para","status":"publish","type":"post","link":"https:\/\/permbledhja.com\/sq\/virusi-vdekjeprures-marburg-ky-shtet-i-konfirmon-dy-rastet-e-para\/","title":{"rendered":"Virusi vdekjeprur\u00ebs \u201cMarburg\u201d, ky shtet i konfirmon dy rastet e para"},"content":{"rendered":"<p>Gana ka konfirmuar dy rastet e para t\u00eb virusit vdekjeprur\u00ebs Marburg, nj\u00eb s\u00ebmundje infektive n\u00eb t\u00eb nj\u00ebjt\u00ebn familje me virusin q\u00eb shkakton Ebola.<\/p>\n<p>Raportimet thon\u00eb se t\u00eb dy pacient\u00ebt vdiq\u00ebn s\u00eb fundmi n\u00eb spital n\u00eb rajonin jugor t\u00eb Ashantit, rpaorton BBC, transmeton Express.<\/p>\n<p>Mostrat e tyre dol\u00ebn pozitive n\u00eb fillim t\u00eb k\u00ebtij muaji dhe tani jan\u00eb verifikuar nga nj\u00eb laborator n\u00eb Senegal.<br \/>\nZyrtar\u00ebt sh\u00ebndet\u00ebsor\u00eb n\u00eb vendin e Afrik\u00ebs Per\u00ebndimore thon\u00eb se 98 persona jan\u00eb tani n\u00eb karantin\u00eb si raste t\u00eb dyshuara kontakti.<\/p>\n<p>Nuk ekziston ende asnj\u00eb trajtim p\u00ebr Marburg \u2013 por mjek\u00ebt thon\u00eb se pirja e shum\u00eb ujit dhe trajtimi i simptomave specifike p\u00ebrmir\u00ebson shanset e pacientit p\u00ebr t\u00eb mbijetuar.<\/p>\n<p>Virusi transmetohet te njer\u00ebzit nga lakuriq\u00ebt e nat\u00ebs s\u00eb frutave dhe p\u00ebrhapet midis njer\u00ebzve p\u00ebrmes transmetimit t\u00eb l\u00ebngjeve trupore.<\/p>\n<p>\u00cbsht\u00eb nj\u00eb s\u00ebmundje e r\u00ebnd\u00eb, shpesh fatale me simptoma t\u00eb tilla si dhimbje koke, ethe, dhimbje muskulore, t\u00eb vjella gjaku dhe gjakderdhje.<\/p>\n","protected":false},"excerpt":{"rendered":"<p>Gana ka konfirmuar dy rastet e para t\u00eb virusit vdekjeprur\u00ebs Marburg, nj\u00eb s\u00ebmundje infektive n\u00eb t\u00eb nj\u00ebjt\u00ebn familje me virusin q\u00eb shkakton Ebola. Raportimet thon\u00eb se t\u00eb dy pacient\u00ebt vdiq\u00ebn s\u00eb fundmi n\u00eb spital n\u00eb rajonin jugor t\u00eb Ashantit, rpaorton BBC, transmeton Express. Mostrat e tyre dol\u00ebn pozitive n\u00eb fillim t\u00eb k\u00ebtij muaji dhe tani [&hellip;]<\/p>\n","protected":false},"author":1,"featured_media":2554,"comment_status":"closed","ping_status":"closed","sticky":false,"template":"","format":"standard","meta":{"_monsterinsights_skip_tracking":false,"_monsterinsights_sitenote_active":false,"_monsterinsights_sitenote_note":"","_monsterinsights_sitenote_category":0,"_uf_show_specific_survey":0,"_uf_disable_surveys":false,"footnotes":""},"categories":[23,15],"tags":[473],"yoast_head":"<!-- This site is optimized with the Yoast SEO plugin v21.5 - https:\/\/yoast.com\/wordpress\/plugins\/seo\/ -->\n<title>Virusi vdekjeprur\u00ebs \u201cMarburg\u201d, ky shtet i konfirmon dy rastet e para<\/title>\n<meta name=\"robots\" content=\"index, follow, max-snippet:-1, max-image-preview:large, max-video-preview:-1\" \/>\n<link rel=\"canonical\" href=\"https:\/\/permbledhja.com\/sq\/virusi-vdekjeprures-marburg-ky-shtet-i-konfirmon-dy-rastet-e-para\/\" \/>\n<meta property=\"og:locale\" content=\"sq_AL\" \/>\n<meta property=\"og:type\" content=\"article\" \/>\n<meta property=\"og:title\" content=\"Virusi vdekjeprur\u00ebs \u201cMarburg\u201d, ky shtet i konfirmon dy rastet e para\" \/>\n<meta property=\"og:description\" content=\"Gana ka konfirmuar dy rastet e para t\u00eb virusit vdekjeprur\u00ebs Marburg, nj\u00eb s\u00ebmundje infektive n\u00eb t\u00eb nj\u00ebjt\u00ebn familje me virusin q\u00eb shkakton Ebola. Raportimet thon\u00eb se t\u00eb dy pacient\u00ebt vdiq\u00ebn s\u00eb fundmi n\u00eb spital n\u00eb rajonin jugor t\u00eb Ashantit, rpaorton BBC, transmeton Express. Mostrat e tyre dol\u00ebn pozitive n\u00eb fillim t\u00eb k\u00ebtij muaji dhe tani [&hellip;]\" \/>\n<meta property=\"og:url\" content=\"https:\/\/permbledhja.com\/sq\/virusi-vdekjeprures-marburg-ky-shtet-i-konfirmon-dy-rastet-e-para\/\" \/>\n<meta property=\"og:site_name\" content=\"Ve\u00e7 artikuj p\u00ebrmbledh\u00ebs\" \/>\n<meta property=\"article:publisher\" content=\"https:\/\/www.facebook.com\/press07\/\" \/>\n<meta property=\"article:author\" content=\"https:\/\/www.facebook.com\/kafexhiu.muharrem\/\" \/>\n<meta property=\"article:published_time\" content=\"2022-07-18T06:37:51+00:00\" \/>\n<meta property=\"og:image\" content=\"https:\/\/permbledhja.com\/wp-content\/uploads\/2022\/07\/1073FC6F-48D5-467D-A4F2-8DF1C7064309.png\" \/>\n\t<meta property=\"og:image:width\" content=\"600\" \/>\n\t<meta property=\"og:image:height\" content=\"360\" \/>\n\t<meta property=\"og:image:type\" content=\"image\/png\" \/>\n<meta name=\"author\" content=\"P\u00ebrmbledhja\" \/>\n<meta name=\"twitter:card\" content=\"summary_large_image\" \/>\n<meta name=\"twitter:label1\" content=\"Written by\" \/>\n\t<meta name=\"twitter:data1\" content=\"P\u00ebrmbledhja\" \/>\n\t<meta name=\"twitter:label2\" content=\"Est. reading time\" \/>\n\t<meta name=\"twitter:data2\" content=\"1 minut\u00eb\" \/>\n<script type=\"application\/ld+json\" class=\"yoast-schema-graph\">{\"@context\":\"https:\/\/schema.org\",\"@graph\":[{\"@type\":\"Article\",\"@id\":\"https:\/\/permbledhja.com\/virusi-vdekjeprures-marburg-ky-shtet-i-konfirmon-dy-rastet-e-para\/#article\",\"isPartOf\":{\"@id\":\"https:\/\/permbledhja.com\/virusi-vdekjeprures-marburg-ky-shtet-i-konfirmon-dy-rastet-e-para\/\"},\"author\":{\"name\":\"P\u00ebrmbledhja\",\"@id\":\"https:\/\/permbledhja.com\/#\/schema\/person\/0d064377258d3221e50693947b9eb4fe\"},\"headline\":\"Virusi vdekjeprur\u00ebs \u201cMarburg\u201d, ky shtet i konfirmon dy rastet e para\",\"datePublished\":\"2022-07-18T06:37:51+00:00\",\"dateModified\":\"2022-07-18T06:37:51+00:00\",\"mainEntityOfPage\":{\"@id\":\"https:\/\/permbledhja.com\/virusi-vdekjeprures-marburg-ky-shtet-i-konfirmon-dy-rastet-e-para\/\"},\"wordCount\":188,\"publisher\":{\"@id\":\"https:\/\/permbledhja.com\/#organization\"},\"keywords\":[\"Virusi\"],\"articleSection\":[\"Komb\u00ebtare\",\"Lajme\"],\"inLanguage\":\"sq\"},{\"@type\":\"WebPage\",\"@id\":\"https:\/\/permbledhja.com\/virusi-vdekjeprures-marburg-ky-shtet-i-konfirmon-dy-rastet-e-para\/\",\"url\":\"https:\/\/permbledhja.com\/virusi-vdekjeprures-marburg-ky-shtet-i-konfirmon-dy-rastet-e-para\/\",\"name\":\"Virusi vdekjeprur\u00ebs \u201cMarburg\u201d, ky shtet i konfirmon dy rastet e para\",\"isPartOf\":{\"@id\":\"https:\/\/permbledhja.com\/#website\"},\"datePublished\":\"2022-07-18T06:37:51+00:00\",\"dateModified\":\"2022-07-18T06:37:51+00:00\",\"breadcrumb\":{\"@id\":\"https:\/\/permbledhja.com\/virusi-vdekjeprures-marburg-ky-shtet-i-konfirmon-dy-rastet-e-para\/#breadcrumb\"},\"inLanguage\":\"sq\",\"potentialAction\":[{\"@type\":\"ReadAction\",\"target\":[\"https:\/\/permbledhja.com\/virusi-vdekjeprures-marburg-ky-shtet-i-konfirmon-dy-rastet-e-para\/\"]}]},{\"@type\":\"BreadcrumbList\",\"@id\":\"https:\/\/permbledhja.com\/virusi-vdekjeprures-marburg-ky-shtet-i-konfirmon-dy-rastet-e-para\/#breadcrumb\",\"itemListElement\":[{\"@type\":\"ListItem\",\"position\":1,\"name\":\"Ballina\",\"item\":\"https:\/\/permbledhja.com\/sq\/\"},{\"@type\":\"ListItem\",\"position\":2,\"name\":\"Virusi vdekjeprur\u00ebs \u201cMarburg\u201d, ky shtet i konfirmon dy rastet e para\"}]},{\"@type\":\"WebSite\",\"@id\":\"https:\/\/permbledhja.com\/#website\",\"url\":\"https:\/\/permbledhja.com\/\",\"name\":\"Ve\u00e7 artikuj p\u00ebrmbledh\u00ebs\",\"description\":\"\",\"publisher\":{\"@id\":\"https:\/\/permbledhja.com\/#organization\"},\"potentialAction\":[{\"@type\":\"SearchAction\",\"target\":{\"@type\":\"EntryPoint\",\"urlTemplate\":\"https:\/\/permbledhja.com\/?s={search_term_string}\"},\"query-input\":\"required name=search_term_string\"}],\"inLanguage\":\"sq\"},{\"@type\":\"Organization\",\"@id\":\"https:\/\/permbledhja.com\/#organization\",\"name\":\"MK Media & Pr\",\"url\":\"https:\/\/permbledhja.com\/\",\"logo\":{\"@type\":\"ImageObject\",\"inLanguage\":\"sq\",\"@id\":\"https:\/\/permbledhja.com\/#\/schema\/logo\/image\/\",\"url\":\"https:\/\/permbledhja.com\/wp-content\/uploads\/2021\/12\/07-Press-Logo.jpg\",\"contentUrl\":\"https:\/\/permbledhja.com\/wp-content\/uploads\/2021\/12\/07-Press-Logo.jpg\",\"width\":512,\"height\":512,\"caption\":\"MK Media & Pr\"},\"image\":{\"@id\":\"https:\/\/permbledhja.com\/#\/schema\/logo\/image\/\"},\"sameAs\":[\"https:\/\/www.facebook.com\/press07\/\"]},{\"@type\":\"Person\",\"@id\":\"https:\/\/permbledhja.com\/#\/schema\/person\/0d064377258d3221e50693947b9eb4fe\",\"name\":\"P\u00ebrmbledhja\",\"image\":{\"@type\":\"ImageObject\",\"inLanguage\":\"sq\",\"@id\":\"https:\/\/permbledhja.com\/#\/schema\/person\/image\/\",\"url\":\"https:\/\/permbledhja.com\/wp-content\/uploads\/2026\/01\/452004717_1040944174702970_8932037511805513407_n-96x96.jpg\",\"contentUrl\":\"https:\/\/permbledhja.com\/wp-content\/uploads\/2026\/01\/452004717_1040944174702970_8932037511805513407_n-96x96.jpg\",\"caption\":\"P\u00ebrmbledhja\"},\"sameAs\":[\"https:\/\/www.facebook.com\/kafexhiu.muharrem\/\",\"https:\/\/www.instagram.com\/muharrem_kafexhiu\/\"],\"url\":\"https:\/\/permbledhja.com\/sq\/author\/admin\/\"}]}<\/script>\n<!-- \/ Yoast SEO plugin. -->","yoast_head_json":{"title":"Virusi vdekjeprur\u00ebs \u201cMarburg\u201d, ky shtet i konfirmon dy rastet e para","robots":{"index":"index","follow":"follow","max-snippet":"max-snippet:-1","max-image-preview":"max-image-preview:large","max-video-preview":"max-video-preview:-1"},"canonical":"https:\/\/permbledhja.com\/sq\/virusi-vdekjeprures-marburg-ky-shtet-i-konfirmon-dy-rastet-e-para\/","og_locale":"sq_AL","og_type":"article","og_title":"Virusi vdekjeprur\u00ebs \u201cMarburg\u201d, ky shtet i konfirmon dy rastet e para","og_description":"Gana ka konfirmuar dy rastet e para t\u00eb virusit vdekjeprur\u00ebs Marburg, nj\u00eb s\u00ebmundje infektive n\u00eb t\u00eb nj\u00ebjt\u00ebn familje me virusin q\u00eb shkakton Ebola. Raportimet thon\u00eb se t\u00eb dy pacient\u00ebt vdiq\u00ebn s\u00eb fundmi n\u00eb spital n\u00eb rajonin jugor t\u00eb Ashantit, rpaorton BBC, transmeton Express. Mostrat e tyre dol\u00ebn pozitive n\u00eb fillim t\u00eb k\u00ebtij muaji dhe tani [&hellip;]","og_url":"https:\/\/permbledhja.com\/sq\/virusi-vdekjeprures-marburg-ky-shtet-i-konfirmon-dy-rastet-e-para\/","og_site_name":"Ve\u00e7 artikuj p\u00ebrmbledh\u00ebs","article_publisher":"https:\/\/www.facebook.com\/press07\/","article_author":"https:\/\/www.facebook.com\/kafexhiu.muharrem\/","article_published_time":"2022-07-18T06:37:51+00:00","og_image":[{"width":600,"height":360,"url":"https:\/\/permbledhja.com\/wp-content\/uploads\/2022\/07\/1073FC6F-48D5-467D-A4F2-8DF1C7064309.png","type":"image\/png"}],"author":"P\u00ebrmbledhja","twitter_card":"summary_large_image","twitter_misc":{"Written by":"P\u00ebrmbledhja","Est. reading time":"1 minut\u00eb"},"schema":{"@context":"https:\/\/schema.org","@graph":[{"@type":"Article","@id":"https:\/\/permbledhja.com\/virusi-vdekjeprures-marburg-ky-shtet-i-konfirmon-dy-rastet-e-para\/#article","isPartOf":{"@id":"https:\/\/permbledhja.com\/virusi-vdekjeprures-marburg-ky-shtet-i-konfirmon-dy-rastet-e-para\/"},"author":{"name":"P\u00ebrmbledhja","@id":"https:\/\/permbledhja.com\/#\/schema\/person\/0d064377258d3221e50693947b9eb4fe"},"headline":"Virusi vdekjeprur\u00ebs \u201cMarburg\u201d, ky shtet i konfirmon dy rastet e para","datePublished":"2022-07-18T06:37:51+00:00","dateModified":"2022-07-18T06:37:51+00:00","mainEntityOfPage":{"@id":"https:\/\/permbledhja.com\/virusi-vdekjeprures-marburg-ky-shtet-i-konfirmon-dy-rastet-e-para\/"},"wordCount":188,"publisher":{"@id":"https:\/\/permbledhja.com\/#organization"},"keywords":["Virusi"],"articleSection":["Komb\u00ebtare","Lajme"],"inLanguage":"sq"},{"@type":"WebPage","@id":"https:\/\/permbledhja.com\/virusi-vdekjeprures-marburg-ky-shtet-i-konfirmon-dy-rastet-e-para\/","url":"https:\/\/permbledhja.com\/virusi-vdekjeprures-marburg-ky-shtet-i-konfirmon-dy-rastet-e-para\/","name":"Virusi vdekjeprur\u00ebs \u201cMarburg\u201d, ky shtet i konfirmon dy rastet e para","isPartOf":{"@id":"https:\/\/permbledhja.com\/#website"},"datePublished":"2022-07-18T06:37:51+00:00","dateModified":"2022-07-18T06:37:51+00:00","breadcrumb":{"@id":"https:\/\/permbledhja.com\/virusi-vdekjeprures-marburg-ky-shtet-i-konfirmon-dy-rastet-e-para\/#breadcrumb"},"inLanguage":"sq","potentialAction":[{"@type":"ReadAction","target":["https:\/\/permbledhja.com\/virusi-vdekjeprures-marburg-ky-shtet-i-konfirmon-dy-rastet-e-para\/"]}]},{"@type":"BreadcrumbList","@id":"https:\/\/permbledhja.com\/virusi-vdekjeprures-marburg-ky-shtet-i-konfirmon-dy-rastet-e-para\/#breadcrumb","itemListElement":[{"@type":"ListItem","position":1,"name":"Ballina","item":"https:\/\/permbledhja.com\/sq\/"},{"@type":"ListItem","position":2,"name":"Virusi vdekjeprur\u00ebs \u201cMarburg\u201d, ky shtet i konfirmon dy rastet e para"}]},{"@type":"WebSite","@id":"https:\/\/permbledhja.com\/#website","url":"https:\/\/permbledhja.com\/","name":"Ve\u00e7 artikuj p\u00ebrmbledh\u00ebs","description":"","publisher":{"@id":"https:\/\/permbledhja.com\/#organization"},"potentialAction":[{"@type":"SearchAction","target":{"@type":"EntryPoint","urlTemplate":"https:\/\/permbledhja.com\/?s={search_term_string}"},"query-input":"required name=search_term_string"}],"inLanguage":"sq"},{"@type":"Organization","@id":"https:\/\/permbledhja.com\/#organization","name":"MK Media & Pr","url":"https:\/\/permbledhja.com\/","logo":{"@type":"ImageObject","inLanguage":"sq","@id":"https:\/\/permbledhja.com\/#\/schema\/logo\/image\/","url":"https:\/\/permbledhja.com\/wp-content\/uploads\/2021\/12\/07-Press-Logo.jpg","contentUrl":"https:\/\/permbledhja.com\/wp-content\/uploads\/2021\/12\/07-Press-Logo.jpg","width":512,"height":512,"caption":"MK Media & Pr"},"image":{"@id":"https:\/\/permbledhja.com\/#\/schema\/logo\/image\/"},"sameAs":["https:\/\/www.facebook.com\/press07\/"]},{"@type":"Person","@id":"https:\/\/permbledhja.com\/#\/schema\/person\/0d064377258d3221e50693947b9eb4fe","name":"P\u00ebrmbledhja","image":{"@type":"ImageObject","inLanguage":"sq","@id":"https:\/\/permbledhja.com\/#\/schema\/person\/image\/","url":"https:\/\/permbledhja.com\/wp-content\/uploads\/2026\/01\/452004717_1040944174702970_8932037511805513407_n-96x96.jpg","contentUrl":"https:\/\/permbledhja.com\/wp-content\/uploads\/2026\/01\/452004717_1040944174702970_8932037511805513407_n-96x96.jpg","caption":"P\u00ebrmbledhja"},"sameAs":["https:\/\/www.facebook.com\/kafexhiu.muharrem\/","https:\/\/www.instagram.com\/muharrem_kafexhiu\/"],"url":"https:\/\/permbledhja.com\/sq\/author\/admin\/"}]}},"_links":{"self":[{"href":"https:\/\/permbledhja.com\/sq\/wp-json\/wp\/v2\/posts\/2553"}],"collection":[{"href":"https:\/\/permbledhja.com\/sq\/wp-json\/wp\/v2\/posts"}],"about":[{"href":"https:\/\/permbledhja.com\/sq\/wp-json\/wp\/v2\/types\/post"}],"author":[{"embeddable":true,"href":"https:\/\/permbledhja.com\/sq\/wp-json\/wp\/v2\/users\/1"}],"replies":[{"embeddable":true,"href":"https:\/\/permbledhja.com\/sq\/wp-json\/wp\/v2\/comments?post=2553"}],"version-history":[{"count":1,"href":"https:\/\/permbledhja.com\/sq\/wp-json\/wp\/v2\/posts\/2553\/revisions"}],"predecessor-version":[{"id":2555,"href":"https:\/\/permbledhja.com\/sq\/wp-json\/wp\/v2\/posts\/2553\/revisions\/2555"}],"wp:featuredmedia":[{"embeddable":true,"href":"https:\/\/permbledhja.com\/sq\/wp-json\/wp\/v2\/media\/2554"}],"wp:attachment":[{"href":"https:\/\/permbledhja.com\/sq\/wp-json\/wp\/v2\/media?parent=2553"}],"wp:term":[{"taxonomy":"category","embeddable":true,"href":"https:\/\/permbledhja.com\/sq\/wp-json\/wp\/v2\/categories?post=2553"},{"taxonomy":"post_tag","embeddable":true,"href":"https:\/\/permbledhja.com\/sq\/wp-json\/wp\/v2\/tags?post=2553"}],"curies":[{"name":"wp","href":"https:\/\/api.w.org\/{rel}","templated":true}]}}