{"id":25447,"date":"2023-09-01T10:02:29","date_gmt":"2023-09-01T10:02:29","guid":{"rendered":"https:\/\/permbledhja.com\/?p=25447"},"modified":"2023-09-01T10:02:29","modified_gmt":"2023-09-01T10:02:29","slug":"dite-e-kobshme-per-podujeven-nje-17-vjecar-e-nje-17-vjecare-vdesin-ne-dy-aksidente-te-ndryshme","status":"publish","type":"post","link":"https:\/\/permbledhja.com\/sq\/dite-e-kobshme-per-podujeven-nje-17-vjecar-e-nje-17-vjecare-vdesin-ne-dy-aksidente-te-ndryshme\/","title":{"rendered":"Dit\u00eb e kobshme p\u00ebr Podujev\u00ebn, nj\u00eb 17-vje\u00e7ar e nj\u00eb 17-vje\u00e7are vdesin n\u00eb dy aksidente t\u00eb ndryshme"},"content":{"rendered":"<h3>Nata e kaluar ka qen\u00eb e zez\u00eb mbr\u00ebm\u00eb p\u00ebr Podujev\u00ebn. Brenda dy or\u00ebsh jan\u00eb regjistruar dy viktima n\u00eb trafik.<\/h3>\n<p>Fillmisht vetura ka goditur p\u00ebr vdekje nj\u00eb 17 vje\u00e7are n\u00eb fshatin Gllamnik. Burime t\u00eb Indeksonline b\u00ebjn\u00eb t\u00eb ditur se viktima \u00ebsht\u00eb B.Aliu nga Batllava.<\/p>\n<p><em>\u201c\u00cbsht\u00eb arrestuar i dyshuari mashkull kosovar pasi q\u00eb, i nj\u00ebjti duke drejtuar automjetin, dyshohet q\u00eb nga pakujdesia ka goditur k\u00ebmb\u00ebsoren fem\u00ebr kosovare. Si pasoj\u00eb e l\u00ebndimeve viktima ka nd\u00ebrruar jet\u00eb, vdekjen e t\u00eb cil\u00ebs e ka konstatuar ekipi mjek\u00ebsor. Me vendim t\u00eb prokurorit trupi i pajet\u00eb d\u00ebrgohet n\u00eb IML p\u00ebr obduksion, nd\u00ebrsa i dyshuari \u00ebsht\u00eb d\u00ebrguar n\u00eb mbajtje\u201d<\/em>, thuhet n\u00eb raportin e Policis\u00eb.<\/p>\n<p>Dy or\u00eb m\u00eb pas, nj\u00eb vetaksident n\u00eb Podujev\u00eb ka p\u00ebrfunduar m\u00eb nj\u00eb viktim\u00eb.<\/p>\n<p><em>\u201cRaportohet se ka ndodhur nj\u00eb vet aksident trafiku, ku si pasoj\u00eb tre persona meshkuj kosovar\u00eb kan\u00eb p\u00ebsuar l\u00ebndime trupore. T\u00eb l\u00ebnduarit jan\u00eb d\u00ebrguar p\u00ebr tretman mjek\u00ebsor n\u00eb QKUK , ku njeri prej tyre ka nd\u00ebrruar jet\u00eb\u201d<\/em>, thuhet n\u00eb njoftimin e Policis\u00eb.<\/p>\n<p>Burime t\u00eb portalit b\u00ebjn\u00eb t\u00eb ditur se viktima \u00ebsht\u00eb 17 vje\u00e7ari Dor\u00ebart Aliu.<\/p>\n","protected":false},"excerpt":{"rendered":"<p>Nata e kaluar ka qen\u00eb e zez\u00eb mbr\u00ebm\u00eb p\u00ebr Podujev\u00ebn. Brenda dy or\u00ebsh jan\u00eb regjistruar dy viktima n\u00eb trafik. Fillmisht vetura ka goditur p\u00ebr vdekje nj\u00eb 17 vje\u00e7are n\u00eb fshatin Gllamnik. Burime t\u00eb Indeksonline b\u00ebjn\u00eb t\u00eb ditur se viktima \u00ebsht\u00eb B.Aliu nga Batllava. \u201c\u00cbsht\u00eb arrestuar i dyshuari mashkull kosovar pasi q\u00eb, i nj\u00ebjti duke drejtuar [&hellip;]<\/p>\n","protected":false},"author":1,"featured_media":25448,"comment_status":"closed","ping_status":"closed","sticky":false,"template":"","format":"standard","meta":{"_monsterinsights_skip_tracking":false,"_monsterinsights_sitenote_active":false,"_monsterinsights_sitenote_note":"","_monsterinsights_sitenote_category":0,"_uf_show_specific_survey":0,"_uf_disable_surveys":false,"footnotes":""},"categories":[1],"tags":[111],"yoast_head":"<!-- This site is optimized with the Yoast SEO plugin v21.5 - https:\/\/yoast.com\/wordpress\/plugins\/seo\/ -->\n<title>Dit\u00eb e kobshme p\u00ebr Podujev\u00ebn, nj\u00eb 17-vje\u00e7ar e nj\u00eb 17-vje\u00e7are vdesin n\u00eb dy aksidente t\u00eb ndryshme<\/title>\n<meta name=\"robots\" content=\"index, follow, max-snippet:-1, max-image-preview:large, max-video-preview:-1\" \/>\n<link rel=\"canonical\" href=\"https:\/\/permbledhja.com\/sq\/dite-e-kobshme-per-podujeven-nje-17-vjecar-e-nje-17-vjecare-vdesin-ne-dy-aksidente-te-ndryshme\/\" \/>\n<meta property=\"og:locale\" content=\"sq_AL\" \/>\n<meta property=\"og:type\" content=\"article\" \/>\n<meta property=\"og:title\" content=\"Dit\u00eb e kobshme p\u00ebr Podujev\u00ebn, nj\u00eb 17-vje\u00e7ar e nj\u00eb 17-vje\u00e7are vdesin n\u00eb dy aksidente t\u00eb ndryshme\" \/>\n<meta property=\"og:description\" content=\"Nata e kaluar ka qen\u00eb e zez\u00eb mbr\u00ebm\u00eb p\u00ebr Podujev\u00ebn. Brenda dy or\u00ebsh jan\u00eb regjistruar dy viktima n\u00eb trafik. Fillmisht vetura ka goditur p\u00ebr vdekje nj\u00eb 17 vje\u00e7are n\u00eb fshatin Gllamnik. Burime t\u00eb Indeksonline b\u00ebjn\u00eb t\u00eb ditur se viktima \u00ebsht\u00eb B.Aliu nga Batllava. \u201c\u00cbsht\u00eb arrestuar i dyshuari mashkull kosovar pasi q\u00eb, i nj\u00ebjti duke drejtuar [&hellip;]\" \/>\n<meta property=\"og:url\" content=\"https:\/\/permbledhja.com\/sq\/dite-e-kobshme-per-podujeven-nje-17-vjecar-e-nje-17-vjecare-vdesin-ne-dy-aksidente-te-ndryshme\/\" \/>\n<meta property=\"og:site_name\" content=\"Ve\u00e7 artikuj p\u00ebrmbledh\u00ebs\" \/>\n<meta property=\"article:publisher\" content=\"https:\/\/www.facebook.com\/press07\/\" \/>\n<meta property=\"article:author\" content=\"https:\/\/www.facebook.com\/kafexhiu.muharrem\/\" \/>\n<meta property=\"article:published_time\" content=\"2023-09-01T10:02:29+00:00\" \/>\n<meta property=\"og:image\" content=\"https:\/\/permbledhja.com\/wp-content\/uploads\/2023\/09\/koronavirus-podujeve-600x360-1-1.webp\" \/>\n\t<meta property=\"og:image:width\" content=\"800\" \/>\n\t<meta property=\"og:image:height\" content=\"480\" \/>\n\t<meta property=\"og:image:type\" content=\"image\/webp\" \/>\n<meta name=\"author\" content=\"P\u00ebrmbledhja\" \/>\n<meta name=\"twitter:card\" content=\"summary_large_image\" \/>\n<meta name=\"twitter:label1\" content=\"Written by\" \/>\n\t<meta name=\"twitter:data1\" content=\"P\u00ebrmbledhja\" \/>\n\t<meta name=\"twitter:label2\" content=\"Est. reading time\" \/>\n\t<meta name=\"twitter:data2\" content=\"1 minut\u00eb\" \/>\n<script type=\"application\/ld+json\" class=\"yoast-schema-graph\">{\"@context\":\"https:\/\/schema.org\",\"@graph\":[{\"@type\":\"Article\",\"@id\":\"https:\/\/permbledhja.com\/sq\/dite-e-kobshme-per-podujeven-nje-17-vjecar-e-nje-17-vjecare-vdesin-ne-dy-aksidente-te-ndryshme\/#article\",\"isPartOf\":{\"@id\":\"https:\/\/permbledhja.com\/sq\/dite-e-kobshme-per-podujeven-nje-17-vjecar-e-nje-17-vjecare-vdesin-ne-dy-aksidente-te-ndryshme\/\"},\"author\":{\"name\":\"P\u00ebrmbledhja\",\"@id\":\"https:\/\/permbledhja.com\/#\/schema\/person\/0d064377258d3221e50693947b9eb4fe\"},\"headline\":\"Dit\u00eb e kobshme p\u00ebr Podujev\u00ebn, nj\u00eb 17-vje\u00e7ar e nj\u00eb 17-vje\u00e7are vdesin n\u00eb dy aksidente t\u00eb ndryshme\",\"datePublished\":\"2023-09-01T10:02:29+00:00\",\"dateModified\":\"2023-09-01T10:02:29+00:00\",\"mainEntityOfPage\":{\"@id\":\"https:\/\/permbledhja.com\/sq\/dite-e-kobshme-per-podujeven-nje-17-vjecar-e-nje-17-vjecare-vdesin-ne-dy-aksidente-te-ndryshme\/\"},\"wordCount\":221,\"publisher\":{\"@id\":\"https:\/\/permbledhja.com\/#organization\"},\"keywords\":[\"Podujev\u00eb\"],\"articleSection\":[\"Breaking News\"],\"inLanguage\":\"sq\"},{\"@type\":\"WebPage\",\"@id\":\"https:\/\/permbledhja.com\/sq\/dite-e-kobshme-per-podujeven-nje-17-vjecar-e-nje-17-vjecare-vdesin-ne-dy-aksidente-te-ndryshme\/\",\"url\":\"https:\/\/permbledhja.com\/sq\/dite-e-kobshme-per-podujeven-nje-17-vjecar-e-nje-17-vjecare-vdesin-ne-dy-aksidente-te-ndryshme\/\",\"name\":\"Dit\u00eb e kobshme p\u00ebr Podujev\u00ebn, nj\u00eb 17-vje\u00e7ar e nj\u00eb 17-vje\u00e7are vdesin n\u00eb dy aksidente t\u00eb ndryshme\",\"isPartOf\":{\"@id\":\"https:\/\/permbledhja.com\/#website\"},\"datePublished\":\"2023-09-01T10:02:29+00:00\",\"dateModified\":\"2023-09-01T10:02:29+00:00\",\"breadcrumb\":{\"@id\":\"https:\/\/permbledhja.com\/sq\/dite-e-kobshme-per-podujeven-nje-17-vjecar-e-nje-17-vjecare-vdesin-ne-dy-aksidente-te-ndryshme\/#breadcrumb\"},\"inLanguage\":\"sq\",\"potentialAction\":[{\"@type\":\"ReadAction\",\"target\":[\"https:\/\/permbledhja.com\/sq\/dite-e-kobshme-per-podujeven-nje-17-vjecar-e-nje-17-vjecare-vdesin-ne-dy-aksidente-te-ndryshme\/\"]}]},{\"@type\":\"BreadcrumbList\",\"@id\":\"https:\/\/permbledhja.com\/sq\/dite-e-kobshme-per-podujeven-nje-17-vjecar-e-nje-17-vjecare-vdesin-ne-dy-aksidente-te-ndryshme\/#breadcrumb\",\"itemListElement\":[{\"@type\":\"ListItem\",\"position\":1,\"name\":\"Ballina\",\"item\":\"https:\/\/permbledhja.com\/sq\/\"},{\"@type\":\"ListItem\",\"position\":2,\"name\":\"Dit\u00eb e kobshme p\u00ebr Podujev\u00ebn, nj\u00eb 17-vje\u00e7ar e nj\u00eb 17-vje\u00e7are vdesin n\u00eb dy aksidente t\u00eb ndryshme\"}]},{\"@type\":\"WebSite\",\"@id\":\"https:\/\/permbledhja.com\/#website\",\"url\":\"https:\/\/permbledhja.com\/\",\"name\":\"Ve\u00e7 artikuj p\u00ebrmbledh\u00ebs\",\"description\":\"\",\"publisher\":{\"@id\":\"https:\/\/permbledhja.com\/#organization\"},\"potentialAction\":[{\"@type\":\"SearchAction\",\"target\":{\"@type\":\"EntryPoint\",\"urlTemplate\":\"https:\/\/permbledhja.com\/?s={search_term_string}\"},\"query-input\":\"required name=search_term_string\"}],\"inLanguage\":\"sq\"},{\"@type\":\"Organization\",\"@id\":\"https:\/\/permbledhja.com\/#organization\",\"name\":\"MK Media & Pr\",\"url\":\"https:\/\/permbledhja.com\/\",\"logo\":{\"@type\":\"ImageObject\",\"inLanguage\":\"sq\",\"@id\":\"https:\/\/permbledhja.com\/#\/schema\/logo\/image\/\",\"url\":\"https:\/\/permbledhja.com\/wp-content\/uploads\/2021\/12\/07-Press-Logo.jpg\",\"contentUrl\":\"https:\/\/permbledhja.com\/wp-content\/uploads\/2021\/12\/07-Press-Logo.jpg\",\"width\":512,\"height\":512,\"caption\":\"MK Media & Pr\"},\"image\":{\"@id\":\"https:\/\/permbledhja.com\/#\/schema\/logo\/image\/\"},\"sameAs\":[\"https:\/\/www.facebook.com\/press07\/\"]},{\"@type\":\"Person\",\"@id\":\"https:\/\/permbledhja.com\/#\/schema\/person\/0d064377258d3221e50693947b9eb4fe\",\"name\":\"P\u00ebrmbledhja\",\"image\":{\"@type\":\"ImageObject\",\"inLanguage\":\"sq\",\"@id\":\"https:\/\/permbledhja.com\/#\/schema\/person\/image\/\",\"url\":\"https:\/\/permbledhja.com\/wp-content\/uploads\/2026\/01\/452004717_1040944174702970_8932037511805513407_n-96x96.jpg\",\"contentUrl\":\"https:\/\/permbledhja.com\/wp-content\/uploads\/2026\/01\/452004717_1040944174702970_8932037511805513407_n-96x96.jpg\",\"caption\":\"P\u00ebrmbledhja\"},\"sameAs\":[\"https:\/\/www.facebook.com\/kafexhiu.muharrem\/\",\"https:\/\/www.instagram.com\/muharrem_kafexhiu\/\"],\"url\":\"https:\/\/permbledhja.com\/sq\/author\/admin\/\"}]}<\/script>\n<!-- \/ Yoast SEO plugin. -->","yoast_head_json":{"title":"Dit\u00eb e kobshme p\u00ebr Podujev\u00ebn, nj\u00eb 17-vje\u00e7ar e nj\u00eb 17-vje\u00e7are vdesin n\u00eb dy aksidente t\u00eb ndryshme","robots":{"index":"index","follow":"follow","max-snippet":"max-snippet:-1","max-image-preview":"max-image-preview:large","max-video-preview":"max-video-preview:-1"},"canonical":"https:\/\/permbledhja.com\/sq\/dite-e-kobshme-per-podujeven-nje-17-vjecar-e-nje-17-vjecare-vdesin-ne-dy-aksidente-te-ndryshme\/","og_locale":"sq_AL","og_type":"article","og_title":"Dit\u00eb e kobshme p\u00ebr Podujev\u00ebn, nj\u00eb 17-vje\u00e7ar e nj\u00eb 17-vje\u00e7are vdesin n\u00eb dy aksidente t\u00eb ndryshme","og_description":"Nata e kaluar ka qen\u00eb e zez\u00eb mbr\u00ebm\u00eb p\u00ebr Podujev\u00ebn. Brenda dy or\u00ebsh jan\u00eb regjistruar dy viktima n\u00eb trafik. Fillmisht vetura ka goditur p\u00ebr vdekje nj\u00eb 17 vje\u00e7are n\u00eb fshatin Gllamnik. Burime t\u00eb Indeksonline b\u00ebjn\u00eb t\u00eb ditur se viktima \u00ebsht\u00eb B.Aliu nga Batllava. \u201c\u00cbsht\u00eb arrestuar i dyshuari mashkull kosovar pasi q\u00eb, i nj\u00ebjti duke drejtuar [&hellip;]","og_url":"https:\/\/permbledhja.com\/sq\/dite-e-kobshme-per-podujeven-nje-17-vjecar-e-nje-17-vjecare-vdesin-ne-dy-aksidente-te-ndryshme\/","og_site_name":"Ve\u00e7 artikuj p\u00ebrmbledh\u00ebs","article_publisher":"https:\/\/www.facebook.com\/press07\/","article_author":"https:\/\/www.facebook.com\/kafexhiu.muharrem\/","article_published_time":"2023-09-01T10:02:29+00:00","og_image":[{"width":800,"height":480,"url":"https:\/\/permbledhja.com\/wp-content\/uploads\/2023\/09\/koronavirus-podujeve-600x360-1-1.webp","type":"image\/webp"}],"author":"P\u00ebrmbledhja","twitter_card":"summary_large_image","twitter_misc":{"Written by":"P\u00ebrmbledhja","Est. reading time":"1 minut\u00eb"},"schema":{"@context":"https:\/\/schema.org","@graph":[{"@type":"Article","@id":"https:\/\/permbledhja.com\/sq\/dite-e-kobshme-per-podujeven-nje-17-vjecar-e-nje-17-vjecare-vdesin-ne-dy-aksidente-te-ndryshme\/#article","isPartOf":{"@id":"https:\/\/permbledhja.com\/sq\/dite-e-kobshme-per-podujeven-nje-17-vjecar-e-nje-17-vjecare-vdesin-ne-dy-aksidente-te-ndryshme\/"},"author":{"name":"P\u00ebrmbledhja","@id":"https:\/\/permbledhja.com\/#\/schema\/person\/0d064377258d3221e50693947b9eb4fe"},"headline":"Dit\u00eb e kobshme p\u00ebr Podujev\u00ebn, nj\u00eb 17-vje\u00e7ar e nj\u00eb 17-vje\u00e7are vdesin n\u00eb dy aksidente t\u00eb ndryshme","datePublished":"2023-09-01T10:02:29+00:00","dateModified":"2023-09-01T10:02:29+00:00","mainEntityOfPage":{"@id":"https:\/\/permbledhja.com\/sq\/dite-e-kobshme-per-podujeven-nje-17-vjecar-e-nje-17-vjecare-vdesin-ne-dy-aksidente-te-ndryshme\/"},"wordCount":221,"publisher":{"@id":"https:\/\/permbledhja.com\/#organization"},"keywords":["Podujev\u00eb"],"articleSection":["Breaking News"],"inLanguage":"sq"},{"@type":"WebPage","@id":"https:\/\/permbledhja.com\/sq\/dite-e-kobshme-per-podujeven-nje-17-vjecar-e-nje-17-vjecare-vdesin-ne-dy-aksidente-te-ndryshme\/","url":"https:\/\/permbledhja.com\/sq\/dite-e-kobshme-per-podujeven-nje-17-vjecar-e-nje-17-vjecare-vdesin-ne-dy-aksidente-te-ndryshme\/","name":"Dit\u00eb e kobshme p\u00ebr Podujev\u00ebn, nj\u00eb 17-vje\u00e7ar e nj\u00eb 17-vje\u00e7are vdesin n\u00eb dy aksidente t\u00eb ndryshme","isPartOf":{"@id":"https:\/\/permbledhja.com\/#website"},"datePublished":"2023-09-01T10:02:29+00:00","dateModified":"2023-09-01T10:02:29+00:00","breadcrumb":{"@id":"https:\/\/permbledhja.com\/sq\/dite-e-kobshme-per-podujeven-nje-17-vjecar-e-nje-17-vjecare-vdesin-ne-dy-aksidente-te-ndryshme\/#breadcrumb"},"inLanguage":"sq","potentialAction":[{"@type":"ReadAction","target":["https:\/\/permbledhja.com\/sq\/dite-e-kobshme-per-podujeven-nje-17-vjecar-e-nje-17-vjecare-vdesin-ne-dy-aksidente-te-ndryshme\/"]}]},{"@type":"BreadcrumbList","@id":"https:\/\/permbledhja.com\/sq\/dite-e-kobshme-per-podujeven-nje-17-vjecar-e-nje-17-vjecare-vdesin-ne-dy-aksidente-te-ndryshme\/#breadcrumb","itemListElement":[{"@type":"ListItem","position":1,"name":"Ballina","item":"https:\/\/permbledhja.com\/sq\/"},{"@type":"ListItem","position":2,"name":"Dit\u00eb e kobshme p\u00ebr Podujev\u00ebn, nj\u00eb 17-vje\u00e7ar e nj\u00eb 17-vje\u00e7are vdesin n\u00eb dy aksidente t\u00eb ndryshme"}]},{"@type":"WebSite","@id":"https:\/\/permbledhja.com\/#website","url":"https:\/\/permbledhja.com\/","name":"Ve\u00e7 artikuj p\u00ebrmbledh\u00ebs","description":"","publisher":{"@id":"https:\/\/permbledhja.com\/#organization"},"potentialAction":[{"@type":"SearchAction","target":{"@type":"EntryPoint","urlTemplate":"https:\/\/permbledhja.com\/?s={search_term_string}"},"query-input":"required name=search_term_string"}],"inLanguage":"sq"},{"@type":"Organization","@id":"https:\/\/permbledhja.com\/#organization","name":"MK Media & Pr","url":"https:\/\/permbledhja.com\/","logo":{"@type":"ImageObject","inLanguage":"sq","@id":"https:\/\/permbledhja.com\/#\/schema\/logo\/image\/","url":"https:\/\/permbledhja.com\/wp-content\/uploads\/2021\/12\/07-Press-Logo.jpg","contentUrl":"https:\/\/permbledhja.com\/wp-content\/uploads\/2021\/12\/07-Press-Logo.jpg","width":512,"height":512,"caption":"MK Media & Pr"},"image":{"@id":"https:\/\/permbledhja.com\/#\/schema\/logo\/image\/"},"sameAs":["https:\/\/www.facebook.com\/press07\/"]},{"@type":"Person","@id":"https:\/\/permbledhja.com\/#\/schema\/person\/0d064377258d3221e50693947b9eb4fe","name":"P\u00ebrmbledhja","image":{"@type":"ImageObject","inLanguage":"sq","@id":"https:\/\/permbledhja.com\/#\/schema\/person\/image\/","url":"https:\/\/permbledhja.com\/wp-content\/uploads\/2026\/01\/452004717_1040944174702970_8932037511805513407_n-96x96.jpg","contentUrl":"https:\/\/permbledhja.com\/wp-content\/uploads\/2026\/01\/452004717_1040944174702970_8932037511805513407_n-96x96.jpg","caption":"P\u00ebrmbledhja"},"sameAs":["https:\/\/www.facebook.com\/kafexhiu.muharrem\/","https:\/\/www.instagram.com\/muharrem_kafexhiu\/"],"url":"https:\/\/permbledhja.com\/sq\/author\/admin\/"}]}},"_links":{"self":[{"href":"https:\/\/permbledhja.com\/sq\/wp-json\/wp\/v2\/posts\/25447"}],"collection":[{"href":"https:\/\/permbledhja.com\/sq\/wp-json\/wp\/v2\/posts"}],"about":[{"href":"https:\/\/permbledhja.com\/sq\/wp-json\/wp\/v2\/types\/post"}],"author":[{"embeddable":true,"href":"https:\/\/permbledhja.com\/sq\/wp-json\/wp\/v2\/users\/1"}],"replies":[{"embeddable":true,"href":"https:\/\/permbledhja.com\/sq\/wp-json\/wp\/v2\/comments?post=25447"}],"version-history":[{"count":1,"href":"https:\/\/permbledhja.com\/sq\/wp-json\/wp\/v2\/posts\/25447\/revisions"}],"predecessor-version":[{"id":25449,"href":"https:\/\/permbledhja.com\/sq\/wp-json\/wp\/v2\/posts\/25447\/revisions\/25449"}],"wp:featuredmedia":[{"embeddable":true,"href":"https:\/\/permbledhja.com\/sq\/wp-json\/wp\/v2\/media\/25448"}],"wp:attachment":[{"href":"https:\/\/permbledhja.com\/sq\/wp-json\/wp\/v2\/media?parent=25447"}],"wp:term":[{"taxonomy":"category","embeddable":true,"href":"https:\/\/permbledhja.com\/sq\/wp-json\/wp\/v2\/categories?post=25447"},{"taxonomy":"post_tag","embeddable":true,"href":"https:\/\/permbledhja.com\/sq\/wp-json\/wp\/v2\/tags?post=25447"}],"curies":[{"name":"wp","href":"https:\/\/api.w.org\/{rel}","templated":true}]}}