{"id":25264,"date":"2023-08-30T12:41:48","date_gmt":"2023-08-30T12:41:48","guid":{"rendered":"https:\/\/permbledhja.com\/?p=25264"},"modified":"2023-08-30T16:58:47","modified_gmt":"2023-08-30T16:58:47","slug":"u-intervistua-per-deklaratat-e-bera-ndaj-kurtit-prokuroria-merr-vendim-per-klinakun","status":"publish","type":"post","link":"https:\/\/permbledhja.com\/sq\/u-intervistua-per-deklaratat-e-bera-ndaj-kurtit-prokuroria-merr-vendim-per-klinakun\/","title":{"rendered":"U intervistua p\u00ebr deklaratat e b\u00ebra ndaj Kurtit, Prokuroria merr vendim p\u00ebr Klinakun"},"content":{"rendered":"<h3>Ushtrues i detyr\u00ebs s\u00eb kryetarit t\u00eb Organizat\u00ebs s\u00eb Veteran\u00ebve t\u00eb Luft\u00ebs, Faton Klinaku, \u00ebsht\u00eb intervistuar sot nga prokuroria.<\/h3>\n<p>Klinaku shkroi mbr\u00ebm\u00eb n\u00eb nj\u00eb postim t\u00eb tijin n\u00eb Facebook q\u00eb \u201cm\u00eb par\u00eb do ta vriste Albin Kurtin se sa t\u2019ia l\u00ebshonte rrug\u00ebn e t\u00eb ikte nga Kosova\u201d.<\/p>\n<p>Nd\u00ebrkaq sot Prokuroria Speciale ka urdh\u00ebruar Policin\u00eb e Kosov\u00ebs q\u00eb ta intervistoj\u00eb klinakun n\u00ebn dyshimin p\u00ebr \u201cdhun\u00eb ndaj p\u00ebrfaq\u00ebsuesve t\u00eb lart\u00eb t\u00eb Kosov\u00ebs\u201d.<\/p>\n<p>\u201cJu njoftojm\u00eb se me urdh\u00ebr t\u00eb Prokuroris\u00eb Speciale, Policia e Kosov\u00ebs, ka intervistuar sot, personin me inicialet, F.K, p\u00ebr shkak t\u00eb dyshimit t\u00eb arsyesh\u00ebm se i nj\u00ebjti ka kryer vepr\u00ebn penale \u2018Dhuna ndaj p\u00ebrfaq\u00ebsuesve t\u00eb lart\u00eb t\u00eb Republik\u00ebs s\u00eb Kosov\u00ebs\u201d.<\/p>\n<p>\u201cI nj\u00ebjti pas intervistimit \u00ebsht\u00eb l\u00ebshuar n\u00eb procedur\u00eb t\u00eb rregullt\u201d.\/Klan Kosova<\/p>\n","protected":false},"excerpt":{"rendered":"<p>Ushtrues i detyr\u00ebs s\u00eb kryetarit t\u00eb Organizat\u00ebs s\u00eb Veteran\u00ebve t\u00eb Luft\u00ebs, Faton Klinaku, \u00ebsht\u00eb intervistuar sot nga prokuroria. Klinaku shkroi mbr\u00ebm\u00eb n\u00eb nj\u00eb postim t\u00eb tijin n\u00eb Facebook q\u00eb \u201cm\u00eb par\u00eb do ta vriste Albin Kurtin se sa t\u2019ia l\u00ebshonte rrug\u00ebn e t\u00eb ikte nga Kosova\u201d. Nd\u00ebrkaq sot Prokuroria Speciale ka urdh\u00ebruar Policin\u00eb e Kosov\u00ebs [&hellip;]<\/p>\n","protected":false},"author":2,"featured_media":25265,"comment_status":"closed","ping_status":"closed","sticky":false,"template":"","format":"standard","meta":{"_monsterinsights_skip_tracking":false,"_monsterinsights_sitenote_active":false,"_monsterinsights_sitenote_note":"","_monsterinsights_sitenote_category":0,"_uf_show_specific_survey":0,"_uf_disable_surveys":false,"footnotes":""},"categories":[23,15],"tags":[511],"yoast_head":"<!-- This site is optimized with the Yoast SEO plugin v21.5 - https:\/\/yoast.com\/wordpress\/plugins\/seo\/ -->\n<title>U intervistua p\u00ebr deklaratat e b\u00ebra ndaj Kurtit, Prokuroria merr vendim p\u00ebr Klinakun<\/title>\n<meta name=\"robots\" content=\"index, follow, max-snippet:-1, max-image-preview:large, max-video-preview:-1\" \/>\n<link rel=\"canonical\" href=\"https:\/\/permbledhja.com\/sq\/u-intervistua-per-deklaratat-e-bera-ndaj-kurtit-prokuroria-merr-vendim-per-klinakun\/\" \/>\n<meta property=\"og:locale\" content=\"sq_AL\" \/>\n<meta property=\"og:type\" content=\"article\" \/>\n<meta property=\"og:title\" content=\"U intervistua p\u00ebr deklaratat e b\u00ebra ndaj Kurtit, Prokuroria merr vendim p\u00ebr Klinakun\" \/>\n<meta property=\"og:description\" content=\"Ushtrues i detyr\u00ebs s\u00eb kryetarit t\u00eb Organizat\u00ebs s\u00eb Veteran\u00ebve t\u00eb Luft\u00ebs, Faton Klinaku, \u00ebsht\u00eb intervistuar sot nga prokuroria. Klinaku shkroi mbr\u00ebm\u00eb n\u00eb nj\u00eb postim t\u00eb tijin n\u00eb Facebook q\u00eb \u201cm\u00eb par\u00eb do ta vriste Albin Kurtin se sa t\u2019ia l\u00ebshonte rrug\u00ebn e t\u00eb ikte nga Kosova\u201d. Nd\u00ebrkaq sot Prokuroria Speciale ka urdh\u00ebruar Policin\u00eb e Kosov\u00ebs [&hellip;]\" \/>\n<meta property=\"og:url\" content=\"https:\/\/permbledhja.com\/sq\/u-intervistua-per-deklaratat-e-bera-ndaj-kurtit-prokuroria-merr-vendim-per-klinakun\/\" \/>\n<meta property=\"og:site_name\" content=\"Ve\u00e7 artikuj p\u00ebrmbledh\u00ebs\" \/>\n<meta property=\"article:publisher\" content=\"https:\/\/www.facebook.com\/press07\/\" \/>\n<meta property=\"article:published_time\" content=\"2023-08-30T12:41:48+00:00\" \/>\n<meta property=\"article:modified_time\" content=\"2023-08-30T16:58:47+00:00\" \/>\n<meta property=\"og:image\" content=\"https:\/\/permbledhja.com\/wp-content\/uploads\/2023\/08\/klinaku.png\" \/>\n\t<meta property=\"og:image:width\" content=\"1200\" \/>\n\t<meta property=\"og:image:height\" content=\"836\" \/>\n\t<meta property=\"og:image:type\" content=\"image\/png\" \/>\n<meta name=\"author\" content=\"M M\" \/>\n<meta name=\"twitter:card\" content=\"summary_large_image\" \/>\n<meta name=\"twitter:label1\" content=\"Written by\" \/>\n\t<meta name=\"twitter:data1\" content=\"M M\" \/>\n\t<meta name=\"twitter:label2\" content=\"Est. reading time\" \/>\n\t<meta name=\"twitter:data2\" content=\"1 minut\u00eb\" \/>\n<script type=\"application\/ld+json\" class=\"yoast-schema-graph\">{\"@context\":\"https:\/\/schema.org\",\"@graph\":[{\"@type\":\"Article\",\"@id\":\"https:\/\/permbledhja.com\/u-intervistua-per-deklaratat-e-bera-ndaj-kurtit-prokuroria-merr-vendim-per-klinakun\/#article\",\"isPartOf\":{\"@id\":\"https:\/\/permbledhja.com\/u-intervistua-per-deklaratat-e-bera-ndaj-kurtit-prokuroria-merr-vendim-per-klinakun\/\"},\"author\":{\"name\":\"M M\",\"@id\":\"https:\/\/permbledhja.com\/#\/schema\/person\/d23f13f59b5722643933d6780783acf3\"},\"headline\":\"U intervistua p\u00ebr deklaratat e b\u00ebra ndaj Kurtit, Prokuroria merr vendim p\u00ebr Klinakun\",\"datePublished\":\"2023-08-30T12:41:48+00:00\",\"dateModified\":\"2023-08-30T16:58:47+00:00\",\"mainEntityOfPage\":{\"@id\":\"https:\/\/permbledhja.com\/u-intervistua-per-deklaratat-e-bera-ndaj-kurtit-prokuroria-merr-vendim-per-klinakun\/\"},\"wordCount\":166,\"publisher\":{\"@id\":\"https:\/\/permbledhja.com\/#organization\"},\"keywords\":[\"Faton Klinaku\"],\"articleSection\":[\"Komb\u00ebtare\",\"Lajme\"],\"inLanguage\":\"sq\"},{\"@type\":\"WebPage\",\"@id\":\"https:\/\/permbledhja.com\/u-intervistua-per-deklaratat-e-bera-ndaj-kurtit-prokuroria-merr-vendim-per-klinakun\/\",\"url\":\"https:\/\/permbledhja.com\/u-intervistua-per-deklaratat-e-bera-ndaj-kurtit-prokuroria-merr-vendim-per-klinakun\/\",\"name\":\"U intervistua p\u00ebr deklaratat e b\u00ebra ndaj Kurtit, Prokuroria merr vendim p\u00ebr Klinakun\",\"isPartOf\":{\"@id\":\"https:\/\/permbledhja.com\/#website\"},\"datePublished\":\"2023-08-30T12:41:48+00:00\",\"dateModified\":\"2023-08-30T16:58:47+00:00\",\"breadcrumb\":{\"@id\":\"https:\/\/permbledhja.com\/u-intervistua-per-deklaratat-e-bera-ndaj-kurtit-prokuroria-merr-vendim-per-klinakun\/#breadcrumb\"},\"inLanguage\":\"sq\",\"potentialAction\":[{\"@type\":\"ReadAction\",\"target\":[\"https:\/\/permbledhja.com\/u-intervistua-per-deklaratat-e-bera-ndaj-kurtit-prokuroria-merr-vendim-per-klinakun\/\"]}]},{\"@type\":\"BreadcrumbList\",\"@id\":\"https:\/\/permbledhja.com\/u-intervistua-per-deklaratat-e-bera-ndaj-kurtit-prokuroria-merr-vendim-per-klinakun\/#breadcrumb\",\"itemListElement\":[{\"@type\":\"ListItem\",\"position\":1,\"name\":\"Ballina\",\"item\":\"https:\/\/permbledhja.com\/sq\/\"},{\"@type\":\"ListItem\",\"position\":2,\"name\":\"U intervistua p\u00ebr deklaratat e b\u00ebra ndaj Kurtit, Prokuroria merr vendim p\u00ebr Klinakun\"}]},{\"@type\":\"WebSite\",\"@id\":\"https:\/\/permbledhja.com\/#website\",\"url\":\"https:\/\/permbledhja.com\/\",\"name\":\"Ve\u00e7 artikuj p\u00ebrmbledh\u00ebs\",\"description\":\"\",\"publisher\":{\"@id\":\"https:\/\/permbledhja.com\/#organization\"},\"potentialAction\":[{\"@type\":\"SearchAction\",\"target\":{\"@type\":\"EntryPoint\",\"urlTemplate\":\"https:\/\/permbledhja.com\/?s={search_term_string}\"},\"query-input\":\"required name=search_term_string\"}],\"inLanguage\":\"sq\"},{\"@type\":\"Organization\",\"@id\":\"https:\/\/permbledhja.com\/#organization\",\"name\":\"MK Media & Pr\",\"url\":\"https:\/\/permbledhja.com\/\",\"logo\":{\"@type\":\"ImageObject\",\"inLanguage\":\"sq\",\"@id\":\"https:\/\/permbledhja.com\/#\/schema\/logo\/image\/\",\"url\":\"https:\/\/permbledhja.com\/wp-content\/uploads\/2021\/12\/07-Press-Logo.jpg\",\"contentUrl\":\"https:\/\/permbledhja.com\/wp-content\/uploads\/2021\/12\/07-Press-Logo.jpg\",\"width\":512,\"height\":512,\"caption\":\"MK Media & Pr\"},\"image\":{\"@id\":\"https:\/\/permbledhja.com\/#\/schema\/logo\/image\/\"},\"sameAs\":[\"https:\/\/www.facebook.com\/press07\/\"]},{\"@type\":\"Person\",\"@id\":\"https:\/\/permbledhja.com\/#\/schema\/person\/d23f13f59b5722643933d6780783acf3\",\"name\":\"M M\",\"image\":{\"@type\":\"ImageObject\",\"inLanguage\":\"sq\",\"@id\":\"https:\/\/permbledhja.com\/#\/schema\/person\/image\/\",\"url\":\"https:\/\/secure.gravatar.com\/avatar\/e2835a76ca7c31a2416b2d51c4ec9a8f?s=96&d=mm&r=g\",\"contentUrl\":\"https:\/\/secure.gravatar.com\/avatar\/e2835a76ca7c31a2416b2d51c4ec9a8f?s=96&d=mm&r=g\",\"caption\":\"M M\"},\"sameAs\":[\"http:\/\/MM\"],\"url\":\"https:\/\/permbledhja.com\/sq\/author\/muhamet\/\"}]}<\/script>\n<!-- \/ Yoast SEO plugin. -->","yoast_head_json":{"title":"U intervistua p\u00ebr deklaratat e b\u00ebra ndaj Kurtit, Prokuroria merr vendim p\u00ebr Klinakun","robots":{"index":"index","follow":"follow","max-snippet":"max-snippet:-1","max-image-preview":"max-image-preview:large","max-video-preview":"max-video-preview:-1"},"canonical":"https:\/\/permbledhja.com\/sq\/u-intervistua-per-deklaratat-e-bera-ndaj-kurtit-prokuroria-merr-vendim-per-klinakun\/","og_locale":"sq_AL","og_type":"article","og_title":"U intervistua p\u00ebr deklaratat e b\u00ebra ndaj Kurtit, Prokuroria merr vendim p\u00ebr Klinakun","og_description":"Ushtrues i detyr\u00ebs s\u00eb kryetarit t\u00eb Organizat\u00ebs s\u00eb Veteran\u00ebve t\u00eb Luft\u00ebs, Faton Klinaku, \u00ebsht\u00eb intervistuar sot nga prokuroria. Klinaku shkroi mbr\u00ebm\u00eb n\u00eb nj\u00eb postim t\u00eb tijin n\u00eb Facebook q\u00eb \u201cm\u00eb par\u00eb do ta vriste Albin Kurtin se sa t\u2019ia l\u00ebshonte rrug\u00ebn e t\u00eb ikte nga Kosova\u201d. Nd\u00ebrkaq sot Prokuroria Speciale ka urdh\u00ebruar Policin\u00eb e Kosov\u00ebs [&hellip;]","og_url":"https:\/\/permbledhja.com\/sq\/u-intervistua-per-deklaratat-e-bera-ndaj-kurtit-prokuroria-merr-vendim-per-klinakun\/","og_site_name":"Ve\u00e7 artikuj p\u00ebrmbledh\u00ebs","article_publisher":"https:\/\/www.facebook.com\/press07\/","article_published_time":"2023-08-30T12:41:48+00:00","article_modified_time":"2023-08-30T16:58:47+00:00","og_image":[{"width":1200,"height":836,"url":"https:\/\/permbledhja.com\/wp-content\/uploads\/2023\/08\/klinaku.png","type":"image\/png"}],"author":"M M","twitter_card":"summary_large_image","twitter_misc":{"Written by":"M M","Est. reading time":"1 minut\u00eb"},"schema":{"@context":"https:\/\/schema.org","@graph":[{"@type":"Article","@id":"https:\/\/permbledhja.com\/u-intervistua-per-deklaratat-e-bera-ndaj-kurtit-prokuroria-merr-vendim-per-klinakun\/#article","isPartOf":{"@id":"https:\/\/permbledhja.com\/u-intervistua-per-deklaratat-e-bera-ndaj-kurtit-prokuroria-merr-vendim-per-klinakun\/"},"author":{"name":"M M","@id":"https:\/\/permbledhja.com\/#\/schema\/person\/d23f13f59b5722643933d6780783acf3"},"headline":"U intervistua p\u00ebr deklaratat e b\u00ebra ndaj Kurtit, Prokuroria merr vendim p\u00ebr Klinakun","datePublished":"2023-08-30T12:41:48+00:00","dateModified":"2023-08-30T16:58:47+00:00","mainEntityOfPage":{"@id":"https:\/\/permbledhja.com\/u-intervistua-per-deklaratat-e-bera-ndaj-kurtit-prokuroria-merr-vendim-per-klinakun\/"},"wordCount":166,"publisher":{"@id":"https:\/\/permbledhja.com\/#organization"},"keywords":["Faton Klinaku"],"articleSection":["Komb\u00ebtare","Lajme"],"inLanguage":"sq"},{"@type":"WebPage","@id":"https:\/\/permbledhja.com\/u-intervistua-per-deklaratat-e-bera-ndaj-kurtit-prokuroria-merr-vendim-per-klinakun\/","url":"https:\/\/permbledhja.com\/u-intervistua-per-deklaratat-e-bera-ndaj-kurtit-prokuroria-merr-vendim-per-klinakun\/","name":"U intervistua p\u00ebr deklaratat e b\u00ebra ndaj Kurtit, Prokuroria merr vendim p\u00ebr Klinakun","isPartOf":{"@id":"https:\/\/permbledhja.com\/#website"},"datePublished":"2023-08-30T12:41:48+00:00","dateModified":"2023-08-30T16:58:47+00:00","breadcrumb":{"@id":"https:\/\/permbledhja.com\/u-intervistua-per-deklaratat-e-bera-ndaj-kurtit-prokuroria-merr-vendim-per-klinakun\/#breadcrumb"},"inLanguage":"sq","potentialAction":[{"@type":"ReadAction","target":["https:\/\/permbledhja.com\/u-intervistua-per-deklaratat-e-bera-ndaj-kurtit-prokuroria-merr-vendim-per-klinakun\/"]}]},{"@type":"BreadcrumbList","@id":"https:\/\/permbledhja.com\/u-intervistua-per-deklaratat-e-bera-ndaj-kurtit-prokuroria-merr-vendim-per-klinakun\/#breadcrumb","itemListElement":[{"@type":"ListItem","position":1,"name":"Ballina","item":"https:\/\/permbledhja.com\/sq\/"},{"@type":"ListItem","position":2,"name":"U intervistua p\u00ebr deklaratat e b\u00ebra ndaj Kurtit, Prokuroria merr vendim p\u00ebr Klinakun"}]},{"@type":"WebSite","@id":"https:\/\/permbledhja.com\/#website","url":"https:\/\/permbledhja.com\/","name":"Ve\u00e7 artikuj p\u00ebrmbledh\u00ebs","description":"","publisher":{"@id":"https:\/\/permbledhja.com\/#organization"},"potentialAction":[{"@type":"SearchAction","target":{"@type":"EntryPoint","urlTemplate":"https:\/\/permbledhja.com\/?s={search_term_string}"},"query-input":"required name=search_term_string"}],"inLanguage":"sq"},{"@type":"Organization","@id":"https:\/\/permbledhja.com\/#organization","name":"MK Media & Pr","url":"https:\/\/permbledhja.com\/","logo":{"@type":"ImageObject","inLanguage":"sq","@id":"https:\/\/permbledhja.com\/#\/schema\/logo\/image\/","url":"https:\/\/permbledhja.com\/wp-content\/uploads\/2021\/12\/07-Press-Logo.jpg","contentUrl":"https:\/\/permbledhja.com\/wp-content\/uploads\/2021\/12\/07-Press-Logo.jpg","width":512,"height":512,"caption":"MK Media & Pr"},"image":{"@id":"https:\/\/permbledhja.com\/#\/schema\/logo\/image\/"},"sameAs":["https:\/\/www.facebook.com\/press07\/"]},{"@type":"Person","@id":"https:\/\/permbledhja.com\/#\/schema\/person\/d23f13f59b5722643933d6780783acf3","name":"M M","image":{"@type":"ImageObject","inLanguage":"sq","@id":"https:\/\/permbledhja.com\/#\/schema\/person\/image\/","url":"https:\/\/secure.gravatar.com\/avatar\/e2835a76ca7c31a2416b2d51c4ec9a8f?s=96&d=mm&r=g","contentUrl":"https:\/\/secure.gravatar.com\/avatar\/e2835a76ca7c31a2416b2d51c4ec9a8f?s=96&d=mm&r=g","caption":"M M"},"sameAs":["http:\/\/MM"],"url":"https:\/\/permbledhja.com\/sq\/author\/muhamet\/"}]}},"_links":{"self":[{"href":"https:\/\/permbledhja.com\/sq\/wp-json\/wp\/v2\/posts\/25264"}],"collection":[{"href":"https:\/\/permbledhja.com\/sq\/wp-json\/wp\/v2\/posts"}],"about":[{"href":"https:\/\/permbledhja.com\/sq\/wp-json\/wp\/v2\/types\/post"}],"author":[{"embeddable":true,"href":"https:\/\/permbledhja.com\/sq\/wp-json\/wp\/v2\/users\/2"}],"replies":[{"embeddable":true,"href":"https:\/\/permbledhja.com\/sq\/wp-json\/wp\/v2\/comments?post=25264"}],"version-history":[{"count":2,"href":"https:\/\/permbledhja.com\/sq\/wp-json\/wp\/v2\/posts\/25264\/revisions"}],"predecessor-version":[{"id":25293,"href":"https:\/\/permbledhja.com\/sq\/wp-json\/wp\/v2\/posts\/25264\/revisions\/25293"}],"wp:featuredmedia":[{"embeddable":true,"href":"https:\/\/permbledhja.com\/sq\/wp-json\/wp\/v2\/media\/25265"}],"wp:attachment":[{"href":"https:\/\/permbledhja.com\/sq\/wp-json\/wp\/v2\/media?parent=25264"}],"wp:term":[{"taxonomy":"category","embeddable":true,"href":"https:\/\/permbledhja.com\/sq\/wp-json\/wp\/v2\/categories?post=25264"},{"taxonomy":"post_tag","embeddable":true,"href":"https:\/\/permbledhja.com\/sq\/wp-json\/wp\/v2\/tags?post=25264"}],"curies":[{"name":"wp","href":"https:\/\/api.w.org\/{rel}","templated":true}]}}