{"id":24816,"date":"2023-08-27T08:49:06","date_gmt":"2023-08-27T08:49:06","guid":{"rendered":"https:\/\/permbledhja.com\/?p=24816"},"modified":"2023-08-27T08:49:06","modified_gmt":"2023-08-27T08:49:06","slug":"kokrra-e-injorantit-rama-pendohet-per-fjalorin-ndaj-belerit-sndihem-krenar-per-ato-qe-kam-thene","status":"publish","type":"post","link":"https:\/\/permbledhja.com\/sq\/kokrra-e-injorantit-rama-pendohet-per-fjalorin-ndaj-belerit-sndihem-krenar-per-ato-qe-kam-thene\/","title":{"rendered":"\u201cKokrra e injorantit\u201d, Rama \u2018pendohet\u2019 p\u00ebr fjalorin ndaj Belerit: S\u2019ndihem krenar p\u00ebr ato q\u00eb kam th\u00ebn\u00eb"},"content":{"rendered":"<h3>Kryeministri Edi Rama gjat\u00eb fushat\u00ebs zgjedhore t\u00eb zgjedhjeve lokale t\u00eb 14 majit kishte sulmuar kandidatin e koalicionit \u201cBashk\u00eb Fitojm\u00eb\u201d, Fredi Beleri p\u00ebr bashkin\u00eb e Himar\u00ebs, duke e cil\u00ebsuar si nj\u00eb njeri t\u00eb paditur.<\/h3>\n<p><em>\u201cAi \u00ebsht\u00eb nj\u00eb kok\u00ebrr injoranti \u00ebsht\u00eb nj\u00eb diversionit i pashoq q\u00eb nuk p\u00ebrfaq\u00ebson asgj\u00eb p\u00ebrve\u00e7 nj\u00eb grushti njer\u00ebzish k\u00ebtu. I kan\u00eb dh\u00ebn\u00eb mb\u00ebshtetje p\u00ebr t\u00eb p\u00ebrfaq\u00ebsuar nj\u00eb koalicion q\u00eb \u00ebsht\u00eb koalicioni m\u00eb i sh\u00ebmtuar qysh ku karavidhja e par\u00eb ka lindur.<\/em>\u00a0\u00c7<em>far\u00eb do t\u00eb k\u00ebrkojn\u00eb nga un\u00eb himarjot\u00ebt. \u00cbsht\u00eb nj\u00eb analfabet n\u00eb greqisht, se n\u00eb shqipe nuk \u00ebsht\u00eb analfabet \u00ebsht\u00eb dru. Ja foli atij drurit! Merr vesh nuk merr vesh<\/em>\u201d, kishte th\u00ebn\u00eb Rama.<\/p>\n<p>Si duket sot Rama \u00ebsht\u00eb \u201cpenduar\u201d p\u00ebr fjalorin q\u00eb ka p\u00ebrdorur pasi gjat\u00eb intervist\u00ebs p\u00ebr Kathimerini shprehet se gjat\u00eb fushat\u00ebs mund t\u00eb ket\u00eb th\u00ebn\u00eb disa gj\u00ebra p\u00ebr t\u00eb cilat nuk ndihet krenar.<\/p>\n<p><strong>Pyetje<\/strong>: Le t\u00eb shkojm\u00eb n\u00eb \u00e7\u00ebshtjen e me gjemba. Pyetja ime e par\u00eb \u00ebsht\u00eb: P\u00ebrse zgjodh\u00ebt t\u00eb sulmoni personalisht nj\u00eb kandidat p\u00ebr kryebashkiak. Gjat\u00eb fushat\u00ebs konsideruar Belerin \u201cinjorant\u201d, \u201cmbeturin\u00eb\u201d, \u201csurrat i shpifur q\u00eb t\u00eb kall dat\u00ebn\u201d. Jeni kryeministri i Shqip\u00ebris\u00eb dhe duke marr\u00eb parasysh postin, kjo nd\u00ebrhyrje nuk barazohej me mesazh institucioneve policore e t\u00eb drejt\u00ebsis\u00eb t\u00eb vendosin n\u00eb sh\u00ebnjest\u00ebr kandidatin?<\/p>\n<p>\u201cFaleminderit p\u00ebr pyetjen. N\u00eb radh\u00eb t\u00eb par\u00eb n\u00eb politik\u00eb ndodh t\u00eb thuash gj\u00ebra p\u00ebr t\u00eb cilat m\u00eb pas nuk je krenar. E n\u00eb k\u00ebt\u00eb fushat\u00eb po, mund t\u00eb kem th\u00ebn\u00eb disa gj\u00ebra p\u00ebr t\u00eb cilat nuk ndjehem v\u00ebrtet mir\u00eb. Arsyeja q\u00eb isha i ashp\u00ebr me t\u00eb ishin disa deklarata se do t\u00eb promovonte procedur\u00ebn e helenizimit t\u00eb Himar\u00ebs. Kjo nuk \u00ebsht\u00eb di\u00e7ka q\u00eb thuhet n\u00eb Europ\u00ebn e sotme. (Tha) se ishte aty t\u00eb lironte Himar\u00ebn, nuk e di nga kush? Por do doja t\u00eb b\u00ebja nj\u00eb pyetje retorike. Po t\u00eb dija q\u00eb do fillonte investigim nga nj\u00eb referim n\u00eb prokurori do kisha folur ashtu? Nuk besoj. Mora vesh p\u00ebr arrestimin e tij kur operacioni ishte n\u00eb zhvillim, thirra shefin e policis\u00eb dhe e pyeta \u201c\u00c7far\u00eb \u00ebsht\u00eb kjo?\u201d M\u00eb tha \u201cKemi urdh\u00ebr arrestimi nga prokuroria bazuar n\u00eb prova t\u00eb padiskutueshme p\u00ebr blerje votash\u201d. I thash\u00eb \u201cd\u00ebgjo, mir\u00eb b\u00ebn t\u00eb jesh i sigurt\u00eb p\u00ebr k\u00ebt\u00eb q\u00eb po b\u00ebn se mund t\u00eb ket\u00eb zhvillime negative, prandaj duhet t\u00eb bazohesh n\u00eb prova t\u00eb padiskutueshme\u201d. Nuk kisha pjes\u00ebmarrje.\u201d<\/p>\n","protected":false},"excerpt":{"rendered":"<p>Kryeministri Edi Rama gjat\u00eb fushat\u00ebs zgjedhore t\u00eb zgjedhjeve lokale t\u00eb 14 majit kishte sulmuar kandidatin e koalicionit \u201cBashk\u00eb Fitojm\u00eb\u201d, Fredi Beleri p\u00ebr bashkin\u00eb e Himar\u00ebs, duke e cil\u00ebsuar si nj\u00eb njeri t\u00eb paditur. \u201cAi \u00ebsht\u00eb nj\u00eb kok\u00ebrr injoranti \u00ebsht\u00eb nj\u00eb diversionit i pashoq q\u00eb nuk p\u00ebrfaq\u00ebson asgj\u00eb p\u00ebrve\u00e7 nj\u00eb grushti njer\u00ebzish k\u00ebtu. I kan\u00eb dh\u00ebn\u00eb [&hellip;]<\/p>\n","protected":false},"author":2,"featured_media":24817,"comment_status":"closed","ping_status":"closed","sticky":false,"template":"","format":"standard","meta":{"_monsterinsights_skip_tracking":false,"_monsterinsights_sitenote_active":false,"_monsterinsights_sitenote_note":"","_monsterinsights_sitenote_category":0,"_uf_show_specific_survey":0,"_uf_disable_surveys":false,"footnotes":""},"categories":[23,15],"tags":[474],"yoast_head":"<!-- This site is optimized with the Yoast SEO plugin v21.5 - https:\/\/yoast.com\/wordpress\/plugins\/seo\/ -->\n<title>\u201cKokrra e injorantit\u201d, Rama \u2018pendohet\u2019 p\u00ebr fjalorin ndaj Belerit: S\u2019ndihem krenar p\u00ebr ato q\u00eb kam th\u00ebn\u00eb<\/title>\n<meta name=\"robots\" content=\"index, follow, max-snippet:-1, max-image-preview:large, max-video-preview:-1\" \/>\n<link rel=\"canonical\" href=\"https:\/\/permbledhja.com\/sq\/kokrra-e-injorantit-rama-pendohet-per-fjalorin-ndaj-belerit-sndihem-krenar-per-ato-qe-kam-thene\/\" \/>\n<meta property=\"og:locale\" content=\"sq_AL\" \/>\n<meta property=\"og:type\" content=\"article\" \/>\n<meta property=\"og:title\" content=\"\u201cKokrra e injorantit\u201d, Rama \u2018pendohet\u2019 p\u00ebr fjalorin ndaj Belerit: S\u2019ndihem krenar p\u00ebr ato q\u00eb kam th\u00ebn\u00eb\" \/>\n<meta property=\"og:description\" content=\"Kryeministri Edi Rama gjat\u00eb fushat\u00ebs zgjedhore t\u00eb zgjedhjeve lokale t\u00eb 14 majit kishte sulmuar kandidatin e koalicionit \u201cBashk\u00eb Fitojm\u00eb\u201d, Fredi Beleri p\u00ebr bashkin\u00eb e Himar\u00ebs, duke e cil\u00ebsuar si nj\u00eb njeri t\u00eb paditur. \u201cAi \u00ebsht\u00eb nj\u00eb kok\u00ebrr injoranti \u00ebsht\u00eb nj\u00eb diversionit i pashoq q\u00eb nuk p\u00ebrfaq\u00ebson asgj\u00eb p\u00ebrve\u00e7 nj\u00eb grushti njer\u00ebzish k\u00ebtu. I kan\u00eb dh\u00ebn\u00eb [&hellip;]\" \/>\n<meta property=\"og:url\" content=\"https:\/\/permbledhja.com\/sq\/kokrra-e-injorantit-rama-pendohet-per-fjalorin-ndaj-belerit-sndihem-krenar-per-ato-qe-kam-thene\/\" \/>\n<meta property=\"og:site_name\" content=\"Ve\u00e7 artikuj p\u00ebrmbledh\u00ebs\" \/>\n<meta property=\"article:publisher\" content=\"https:\/\/www.facebook.com\/press07\/\" \/>\n<meta property=\"article:published_time\" content=\"2023-08-27T08:49:06+00:00\" \/>\n<meta property=\"og:image\" content=\"https:\/\/permbledhja.com\/wp-content\/uploads\/2023\/08\/6C26BA58-514D-4A2F-9F8E-29C272C2311D.jpg\" \/>\n\t<meta property=\"og:image:width\" content=\"804\" \/>\n\t<meta property=\"og:image:height\" content=\"552\" \/>\n\t<meta property=\"og:image:type\" content=\"image\/jpeg\" \/>\n<meta name=\"author\" content=\"M M\" \/>\n<meta name=\"twitter:card\" content=\"summary_large_image\" \/>\n<meta name=\"twitter:label1\" content=\"Written by\" \/>\n\t<meta name=\"twitter:data1\" content=\"M M\" \/>\n\t<meta name=\"twitter:label2\" content=\"Est. reading time\" \/>\n\t<meta name=\"twitter:data2\" content=\"2 minuta\" \/>\n<script type=\"application\/ld+json\" class=\"yoast-schema-graph\">{\"@context\":\"https:\/\/schema.org\",\"@graph\":[{\"@type\":\"Article\",\"@id\":\"https:\/\/permbledhja.com\/sq\/kokrra-e-injorantit-rama-pendohet-per-fjalorin-ndaj-belerit-sndihem-krenar-per-ato-qe-kam-thene\/#article\",\"isPartOf\":{\"@id\":\"https:\/\/permbledhja.com\/sq\/kokrra-e-injorantit-rama-pendohet-per-fjalorin-ndaj-belerit-sndihem-krenar-per-ato-qe-kam-thene\/\"},\"author\":{\"name\":\"M M\",\"@id\":\"https:\/\/permbledhja.com\/#\/schema\/person\/d23f13f59b5722643933d6780783acf3\"},\"headline\":\"\u201cKokrra e injorantit\u201d, Rama \u2018pendohet\u2019 p\u00ebr fjalorin ndaj Belerit: S\u2019ndihem krenar p\u00ebr ato q\u00eb kam th\u00ebn\u00eb\",\"datePublished\":\"2023-08-27T08:49:06+00:00\",\"dateModified\":\"2023-08-27T08:49:06+00:00\",\"mainEntityOfPage\":{\"@id\":\"https:\/\/permbledhja.com\/sq\/kokrra-e-injorantit-rama-pendohet-per-fjalorin-ndaj-belerit-sndihem-krenar-per-ato-qe-kam-thene\/\"},\"wordCount\":452,\"publisher\":{\"@id\":\"https:\/\/permbledhja.com\/#organization\"},\"keywords\":[\"Edi Rama\"],\"articleSection\":[\"Komb\u00ebtare\",\"Lajme\"],\"inLanguage\":\"sq\"},{\"@type\":\"WebPage\",\"@id\":\"https:\/\/permbledhja.com\/sq\/kokrra-e-injorantit-rama-pendohet-per-fjalorin-ndaj-belerit-sndihem-krenar-per-ato-qe-kam-thene\/\",\"url\":\"https:\/\/permbledhja.com\/sq\/kokrra-e-injorantit-rama-pendohet-per-fjalorin-ndaj-belerit-sndihem-krenar-per-ato-qe-kam-thene\/\",\"name\":\"\u201cKokrra e injorantit\u201d, Rama \u2018pendohet\u2019 p\u00ebr fjalorin ndaj Belerit: S\u2019ndihem krenar p\u00ebr ato q\u00eb kam th\u00ebn\u00eb\",\"isPartOf\":{\"@id\":\"https:\/\/permbledhja.com\/#website\"},\"datePublished\":\"2023-08-27T08:49:06+00:00\",\"dateModified\":\"2023-08-27T08:49:06+00:00\",\"breadcrumb\":{\"@id\":\"https:\/\/permbledhja.com\/sq\/kokrra-e-injorantit-rama-pendohet-per-fjalorin-ndaj-belerit-sndihem-krenar-per-ato-qe-kam-thene\/#breadcrumb\"},\"inLanguage\":\"sq\",\"potentialAction\":[{\"@type\":\"ReadAction\",\"target\":[\"https:\/\/permbledhja.com\/sq\/kokrra-e-injorantit-rama-pendohet-per-fjalorin-ndaj-belerit-sndihem-krenar-per-ato-qe-kam-thene\/\"]}]},{\"@type\":\"BreadcrumbList\",\"@id\":\"https:\/\/permbledhja.com\/sq\/kokrra-e-injorantit-rama-pendohet-per-fjalorin-ndaj-belerit-sndihem-krenar-per-ato-qe-kam-thene\/#breadcrumb\",\"itemListElement\":[{\"@type\":\"ListItem\",\"position\":1,\"name\":\"Ballina\",\"item\":\"https:\/\/permbledhja.com\/sq\/\"},{\"@type\":\"ListItem\",\"position\":2,\"name\":\"\u201cKokrra e injorantit\u201d, Rama \u2018pendohet\u2019 p\u00ebr fjalorin ndaj Belerit: S\u2019ndihem krenar p\u00ebr ato q\u00eb kam th\u00ebn\u00eb\"}]},{\"@type\":\"WebSite\",\"@id\":\"https:\/\/permbledhja.com\/#website\",\"url\":\"https:\/\/permbledhja.com\/\",\"name\":\"Ve\u00e7 artikuj p\u00ebrmbledh\u00ebs\",\"description\":\"\",\"publisher\":{\"@id\":\"https:\/\/permbledhja.com\/#organization\"},\"potentialAction\":[{\"@type\":\"SearchAction\",\"target\":{\"@type\":\"EntryPoint\",\"urlTemplate\":\"https:\/\/permbledhja.com\/?s={search_term_string}\"},\"query-input\":\"required name=search_term_string\"}],\"inLanguage\":\"sq\"},{\"@type\":\"Organization\",\"@id\":\"https:\/\/permbledhja.com\/#organization\",\"name\":\"MK Media & Pr\",\"url\":\"https:\/\/permbledhja.com\/\",\"logo\":{\"@type\":\"ImageObject\",\"inLanguage\":\"sq\",\"@id\":\"https:\/\/permbledhja.com\/#\/schema\/logo\/image\/\",\"url\":\"https:\/\/permbledhja.com\/wp-content\/uploads\/2021\/12\/07-Press-Logo.jpg\",\"contentUrl\":\"https:\/\/permbledhja.com\/wp-content\/uploads\/2021\/12\/07-Press-Logo.jpg\",\"width\":512,\"height\":512,\"caption\":\"MK Media & Pr\"},\"image\":{\"@id\":\"https:\/\/permbledhja.com\/#\/schema\/logo\/image\/\"},\"sameAs\":[\"https:\/\/www.facebook.com\/press07\/\"]},{\"@type\":\"Person\",\"@id\":\"https:\/\/permbledhja.com\/#\/schema\/person\/d23f13f59b5722643933d6780783acf3\",\"name\":\"M M\",\"image\":{\"@type\":\"ImageObject\",\"inLanguage\":\"sq\",\"@id\":\"https:\/\/permbledhja.com\/#\/schema\/person\/image\/\",\"url\":\"https:\/\/secure.gravatar.com\/avatar\/e2835a76ca7c31a2416b2d51c4ec9a8f?s=96&d=mm&r=g\",\"contentUrl\":\"https:\/\/secure.gravatar.com\/avatar\/e2835a76ca7c31a2416b2d51c4ec9a8f?s=96&d=mm&r=g\",\"caption\":\"M M\"},\"sameAs\":[\"http:\/\/MM\"],\"url\":\"https:\/\/permbledhja.com\/sq\/author\/muhamet\/\"}]}<\/script>\n<!-- \/ Yoast SEO plugin. -->","yoast_head_json":{"title":"\u201cKokrra e injorantit\u201d, Rama \u2018pendohet\u2019 p\u00ebr fjalorin ndaj Belerit: S\u2019ndihem krenar p\u00ebr ato q\u00eb kam th\u00ebn\u00eb","robots":{"index":"index","follow":"follow","max-snippet":"max-snippet:-1","max-image-preview":"max-image-preview:large","max-video-preview":"max-video-preview:-1"},"canonical":"https:\/\/permbledhja.com\/sq\/kokrra-e-injorantit-rama-pendohet-per-fjalorin-ndaj-belerit-sndihem-krenar-per-ato-qe-kam-thene\/","og_locale":"sq_AL","og_type":"article","og_title":"\u201cKokrra e injorantit\u201d, Rama \u2018pendohet\u2019 p\u00ebr fjalorin ndaj Belerit: S\u2019ndihem krenar p\u00ebr ato q\u00eb kam th\u00ebn\u00eb","og_description":"Kryeministri Edi Rama gjat\u00eb fushat\u00ebs zgjedhore t\u00eb zgjedhjeve lokale t\u00eb 14 majit kishte sulmuar kandidatin e koalicionit \u201cBashk\u00eb Fitojm\u00eb\u201d, Fredi Beleri p\u00ebr bashkin\u00eb e Himar\u00ebs, duke e cil\u00ebsuar si nj\u00eb njeri t\u00eb paditur. \u201cAi \u00ebsht\u00eb nj\u00eb kok\u00ebrr injoranti \u00ebsht\u00eb nj\u00eb diversionit i pashoq q\u00eb nuk p\u00ebrfaq\u00ebson asgj\u00eb p\u00ebrve\u00e7 nj\u00eb grushti njer\u00ebzish k\u00ebtu. I kan\u00eb dh\u00ebn\u00eb [&hellip;]","og_url":"https:\/\/permbledhja.com\/sq\/kokrra-e-injorantit-rama-pendohet-per-fjalorin-ndaj-belerit-sndihem-krenar-per-ato-qe-kam-thene\/","og_site_name":"Ve\u00e7 artikuj p\u00ebrmbledh\u00ebs","article_publisher":"https:\/\/www.facebook.com\/press07\/","article_published_time":"2023-08-27T08:49:06+00:00","og_image":[{"width":804,"height":552,"url":"https:\/\/permbledhja.com\/wp-content\/uploads\/2023\/08\/6C26BA58-514D-4A2F-9F8E-29C272C2311D.jpg","type":"image\/jpeg"}],"author":"M M","twitter_card":"summary_large_image","twitter_misc":{"Written by":"M M","Est. reading time":"2 minuta"},"schema":{"@context":"https:\/\/schema.org","@graph":[{"@type":"Article","@id":"https:\/\/permbledhja.com\/sq\/kokrra-e-injorantit-rama-pendohet-per-fjalorin-ndaj-belerit-sndihem-krenar-per-ato-qe-kam-thene\/#article","isPartOf":{"@id":"https:\/\/permbledhja.com\/sq\/kokrra-e-injorantit-rama-pendohet-per-fjalorin-ndaj-belerit-sndihem-krenar-per-ato-qe-kam-thene\/"},"author":{"name":"M M","@id":"https:\/\/permbledhja.com\/#\/schema\/person\/d23f13f59b5722643933d6780783acf3"},"headline":"\u201cKokrra e injorantit\u201d, Rama \u2018pendohet\u2019 p\u00ebr fjalorin ndaj Belerit: S\u2019ndihem krenar p\u00ebr ato q\u00eb kam th\u00ebn\u00eb","datePublished":"2023-08-27T08:49:06+00:00","dateModified":"2023-08-27T08:49:06+00:00","mainEntityOfPage":{"@id":"https:\/\/permbledhja.com\/sq\/kokrra-e-injorantit-rama-pendohet-per-fjalorin-ndaj-belerit-sndihem-krenar-per-ato-qe-kam-thene\/"},"wordCount":452,"publisher":{"@id":"https:\/\/permbledhja.com\/#organization"},"keywords":["Edi Rama"],"articleSection":["Komb\u00ebtare","Lajme"],"inLanguage":"sq"},{"@type":"WebPage","@id":"https:\/\/permbledhja.com\/sq\/kokrra-e-injorantit-rama-pendohet-per-fjalorin-ndaj-belerit-sndihem-krenar-per-ato-qe-kam-thene\/","url":"https:\/\/permbledhja.com\/sq\/kokrra-e-injorantit-rama-pendohet-per-fjalorin-ndaj-belerit-sndihem-krenar-per-ato-qe-kam-thene\/","name":"\u201cKokrra e injorantit\u201d, Rama \u2018pendohet\u2019 p\u00ebr fjalorin ndaj Belerit: S\u2019ndihem krenar p\u00ebr ato q\u00eb kam th\u00ebn\u00eb","isPartOf":{"@id":"https:\/\/permbledhja.com\/#website"},"datePublished":"2023-08-27T08:49:06+00:00","dateModified":"2023-08-27T08:49:06+00:00","breadcrumb":{"@id":"https:\/\/permbledhja.com\/sq\/kokrra-e-injorantit-rama-pendohet-per-fjalorin-ndaj-belerit-sndihem-krenar-per-ato-qe-kam-thene\/#breadcrumb"},"inLanguage":"sq","potentialAction":[{"@type":"ReadAction","target":["https:\/\/permbledhja.com\/sq\/kokrra-e-injorantit-rama-pendohet-per-fjalorin-ndaj-belerit-sndihem-krenar-per-ato-qe-kam-thene\/"]}]},{"@type":"BreadcrumbList","@id":"https:\/\/permbledhja.com\/sq\/kokrra-e-injorantit-rama-pendohet-per-fjalorin-ndaj-belerit-sndihem-krenar-per-ato-qe-kam-thene\/#breadcrumb","itemListElement":[{"@type":"ListItem","position":1,"name":"Ballina","item":"https:\/\/permbledhja.com\/sq\/"},{"@type":"ListItem","position":2,"name":"\u201cKokrra e injorantit\u201d, Rama \u2018pendohet\u2019 p\u00ebr fjalorin ndaj Belerit: S\u2019ndihem krenar p\u00ebr ato q\u00eb kam th\u00ebn\u00eb"}]},{"@type":"WebSite","@id":"https:\/\/permbledhja.com\/#website","url":"https:\/\/permbledhja.com\/","name":"Ve\u00e7 artikuj p\u00ebrmbledh\u00ebs","description":"","publisher":{"@id":"https:\/\/permbledhja.com\/#organization"},"potentialAction":[{"@type":"SearchAction","target":{"@type":"EntryPoint","urlTemplate":"https:\/\/permbledhja.com\/?s={search_term_string}"},"query-input":"required name=search_term_string"}],"inLanguage":"sq"},{"@type":"Organization","@id":"https:\/\/permbledhja.com\/#organization","name":"MK Media & Pr","url":"https:\/\/permbledhja.com\/","logo":{"@type":"ImageObject","inLanguage":"sq","@id":"https:\/\/permbledhja.com\/#\/schema\/logo\/image\/","url":"https:\/\/permbledhja.com\/wp-content\/uploads\/2021\/12\/07-Press-Logo.jpg","contentUrl":"https:\/\/permbledhja.com\/wp-content\/uploads\/2021\/12\/07-Press-Logo.jpg","width":512,"height":512,"caption":"MK Media & Pr"},"image":{"@id":"https:\/\/permbledhja.com\/#\/schema\/logo\/image\/"},"sameAs":["https:\/\/www.facebook.com\/press07\/"]},{"@type":"Person","@id":"https:\/\/permbledhja.com\/#\/schema\/person\/d23f13f59b5722643933d6780783acf3","name":"M M","image":{"@type":"ImageObject","inLanguage":"sq","@id":"https:\/\/permbledhja.com\/#\/schema\/person\/image\/","url":"https:\/\/secure.gravatar.com\/avatar\/e2835a76ca7c31a2416b2d51c4ec9a8f?s=96&d=mm&r=g","contentUrl":"https:\/\/secure.gravatar.com\/avatar\/e2835a76ca7c31a2416b2d51c4ec9a8f?s=96&d=mm&r=g","caption":"M M"},"sameAs":["http:\/\/MM"],"url":"https:\/\/permbledhja.com\/sq\/author\/muhamet\/"}]}},"_links":{"self":[{"href":"https:\/\/permbledhja.com\/sq\/wp-json\/wp\/v2\/posts\/24816"}],"collection":[{"href":"https:\/\/permbledhja.com\/sq\/wp-json\/wp\/v2\/posts"}],"about":[{"href":"https:\/\/permbledhja.com\/sq\/wp-json\/wp\/v2\/types\/post"}],"author":[{"embeddable":true,"href":"https:\/\/permbledhja.com\/sq\/wp-json\/wp\/v2\/users\/2"}],"replies":[{"embeddable":true,"href":"https:\/\/permbledhja.com\/sq\/wp-json\/wp\/v2\/comments?post=24816"}],"version-history":[{"count":1,"href":"https:\/\/permbledhja.com\/sq\/wp-json\/wp\/v2\/posts\/24816\/revisions"}],"predecessor-version":[{"id":24818,"href":"https:\/\/permbledhja.com\/sq\/wp-json\/wp\/v2\/posts\/24816\/revisions\/24818"}],"wp:featuredmedia":[{"embeddable":true,"href":"https:\/\/permbledhja.com\/sq\/wp-json\/wp\/v2\/media\/24817"}],"wp:attachment":[{"href":"https:\/\/permbledhja.com\/sq\/wp-json\/wp\/v2\/media?parent=24816"}],"wp:term":[{"taxonomy":"category","embeddable":true,"href":"https:\/\/permbledhja.com\/sq\/wp-json\/wp\/v2\/categories?post=24816"},{"taxonomy":"post_tag","embeddable":true,"href":"https:\/\/permbledhja.com\/sq\/wp-json\/wp\/v2\/tags?post=24816"}],"curies":[{"name":"wp","href":"https:\/\/api.w.org\/{rel}","templated":true}]}}