{"id":24810,"date":"2023-08-27T08:15:20","date_gmt":"2023-08-27T08:15:20","guid":{"rendered":"https:\/\/permbledhja.com\/?p=24810"},"modified":"2023-08-27T08:15:20","modified_gmt":"2023-08-27T08:15:20","slug":"vetem-dy-njohje-per-pese-vjet-pdk-e-psd-me-kritika-per-qasjen-e-kurtit-ndaj-shba-se","status":"publish","type":"post","link":"https:\/\/permbledhja.com\/sq\/vetem-dy-njohje-per-pese-vjet-pdk-e-psd-me-kritika-per-qasjen-e-kurtit-ndaj-shba-se\/","title":{"rendered":"Vet\u00ebm dy njohje p\u00ebr pes\u00eb vjet \u2013 PDK e PSD me kritika p\u00ebr qasjen e Kurtit ndaj ShBA-s\u00eb"},"content":{"rendered":"<h3>N\u00eb pes\u00eb vjet\u00ebt e fundit, Kosova ia ka dal t\u00eb siguroj\u00eb vet\u00ebm dy njohje t\u00eb shtet\u00ebsis\u00eb.<\/h3>\n<p>E p\u00ebr k\u00ebt\u00eb z\u00ebdh\u00ebn\u00ebsi i PDK-s\u00eb Faton Abdullahu dhe aktivisti i PSD-s\u00eb, Dren Kukaj i than\u00eb Ekonomia Online se fajtore \u00ebsht\u00eb Qeveria Kurti dhe raportet e saj me ShBA-n\u00eb dhe shtetet e tjera mike.<\/p>\n<p>Abdullahu tha se nuk mund t\u00eb pritet q\u00eb t\u00eb ket\u00eb njohje t\u00eb reja e as q\u00eb t\u00eb ndodh\u00eb ndonj\u00eb hap konstruktiv n\u00eb k\u00ebt\u00eb drejtim sepse Qeveria e Kosov\u00ebs nuk ofron bashk\u00ebpunim kur vije fjala tek politikat rajonale e bashk\u00ebpunimi ose koordinimi me shtetet e ndryshme.<\/p>\n<p>Ai tha se Qeveria nuk ka raporte korrekte me ShBA-n\u00eb, e gjith\u00eb kjo sipas Abdullahut si shkak marr\u00ebzive e paaft\u00ebsis\u00eb s\u00eb Qeveris\u00eb Kurti.<\/p>\n<p>\u201cSa i p\u00ebrket njohjeve \u00ebsht\u00eb fakt se nuk ka njohje t\u00eb reja. Nuk mund t\u00eb pres\u00ebsh nga kjo qeveri q\u00eb t\u00eb b\u00ebj\u00eb di\u00e7ka konstruktive dhe t\u00eb dobishme n\u00eb k\u00ebt\u00eb drejtim. Nuk mundet. Nuk di. E dini pse nuk mundet dhe pse nuk di? Ngase n\u00eb k\u00ebt\u00eb p\u00ebrmas\u00eb, n\u00eb k\u00ebt\u00eb dimension kur k\u00ebrkohet politika rajonale, politika m\u00eb t\u00eb gjera planetare p\u00ebr t\u00eb pasur raporte, interesa, zhvillime nga m\u00eb t\u00eb ndryshmet me shtete t\u00eb ndryshme k\u00ebrkohet drejtp\u00ebrdrejt\u00eb bashk\u00ebpunim, koordinim me SHBA-n\u00eb, kjo qeveri nuk e b\u00ebn\u00eb k\u00ebt\u00eb\u201d.\u201cKjo \u00ebsht\u00eb arrogante, qasja e saj \u00ebsht\u00eb p\u00ebrjashtuese, \u00ebsht\u00eb donkishotiane n\u00eb politik\u00ebn q\u00eb e b\u00ebn\u00eb, ku mund t\u00eb presim ne njohje kur kjo qeveri s\u2019ka raporte korrekte me SHBA-n\u00eb, kur kjo qeveri tejkalon Shqip\u00ebrin\u00eb dhe shkon k\u00ebnaqet muhabet n\u00eb Greqi dhe jo me v\u00ebllain e vet\u00eb. Kush do i ndihmoj\u00eb k\u00ebsaj Qeverie. Si mendon kjo qeveri t\u00eb nxjerr\u00eb p\u00ebrfitime n\u00eb dialog me Serbin\u00eb, n\u00eb p\u00ebrballje me Serbin\u00eb kur n\u00eb t\u00eb nj\u00ebjt\u00ebn koh\u00eb jemi n\u00eb masa nd\u00ebshkuese, jemi n\u00eb sanksione. Pse? P\u00ebr shkak t\u00eb marr\u00ebzive, kryeneqsis\u00eb dhe paaft\u00ebsis\u00eb s\u00eb k\u00ebsaj qeverie\u201d, u shpreh Abdullahu.<\/p>\n<p>Dren Kukaj, ish-an\u00ebtar\u00eb i L\u00ebvizjes Vet\u00ebvendosje, tha se Kosova i ka marr\u00ebdh\u00ebniet n\u00eb nivelin m\u00eb t\u00eb ul\u00ebt me ShBA-n\u00eb dhe se \u00ebsht\u00eb tejet jo realiste q\u00eb t\u00eb diskutohet p\u00ebr njohje t\u00eb reja.<\/p>\n<p>Sipas tij, edhe njohjet q\u00eb i kemi marr\u00eb deri m\u00eb tani i kemi si rezultat i p\u00ebrkrahjes s\u00eb shteteve mike.Ai pohon se Kurti i ka d\u00ebmtuar seriozisht dhe qartazi k\u00ebto raporte me ShBA-n\u00eb dhe vendet e tjera mike t\u00eb Kosov\u00ebs p\u00ebr \u00e7ka ai tha se jan\u00eb p\u00ebrpjekje t\u00eb pakuptimta.<\/p>\n<p>\u201cUn\u00eb mendoj q\u00eb n\u00eb situat\u00ebn ku Kosova \u00ebsht\u00eb v\u00ebn\u00eb n\u00eb sanksione nga vendet m\u00eb mike t\u00eb saj dhe i ka marr\u00ebdh\u00ebniet n\u00eb nivelin m\u00eb t\u00eb ul\u00ebt me ShBA-n\u00eb, mendoj se \u00ebsht\u00eb iluzore q\u00eb t\u00eb diskutohet p\u00ebr njohje t\u00eb reja kur e dim\u00eb q\u00eb t\u00eb gjitha njohjet, p\u00ebr mos t\u00eb th\u00ebn\u00eb, mbase shumica e njohjeve q\u00eb i kemi marr\u00eb si shtet i pavarur kan\u00eb qen\u00eb fal\u00eb ndihm\u00ebs q\u00eb na e kan\u00eb dh\u00ebn\u00eb k\u00ebto shtete mike me t\u00eb cilat marr\u00ebdh\u00ebniet kryeministri Kurti i ka d\u00ebmtuar, mendoj un\u00eb, seriozisht qartazi p\u00ebr disa p\u00ebrpjekje t\u00eb cilat shum\u00eb shpejt edhe do i braktis\u00eb e q\u00eb e ardhmja do i njeh si krejt\u00ebsisht t\u00eb pakuptimta\u201d, tha Kukaj.<\/p>\n","protected":false},"excerpt":{"rendered":"<p>N\u00eb pes\u00eb vjet\u00ebt e fundit, Kosova ia ka dal t\u00eb siguroj\u00eb vet\u00ebm dy njohje t\u00eb shtet\u00ebsis\u00eb. E p\u00ebr k\u00ebt\u00eb z\u00ebdh\u00ebn\u00ebsi i PDK-s\u00eb Faton Abdullahu dhe aktivisti i PSD-s\u00eb, Dren Kukaj i than\u00eb Ekonomia Online se fajtore \u00ebsht\u00eb Qeveria Kurti dhe raportet e saj me ShBA-n\u00eb dhe shtetet e tjera mike. Abdullahu tha se nuk mund [&hellip;]<\/p>\n","protected":false},"author":2,"featured_media":24811,"comment_status":"closed","ping_status":"closed","sticky":false,"template":"","format":"standard","meta":{"_monsterinsights_skip_tracking":false,"_monsterinsights_sitenote_active":false,"_monsterinsights_sitenote_note":"","_monsterinsights_sitenote_category":0,"_uf_show_specific_survey":0,"_uf_disable_surveys":false,"footnotes":""},"categories":[23,15],"tags":[],"yoast_head":"<!-- This site is optimized with the Yoast SEO plugin v21.5 - https:\/\/yoast.com\/wordpress\/plugins\/seo\/ -->\n<title>Vet\u00ebm dy njohje p\u00ebr pes\u00eb vjet \u2013 PDK e PSD me kritika p\u00ebr qasjen e Kurtit ndaj ShBA-s\u00eb<\/title>\n<meta name=\"robots\" content=\"index, follow, max-snippet:-1, max-image-preview:large, max-video-preview:-1\" \/>\n<link rel=\"canonical\" href=\"https:\/\/permbledhja.com\/sq\/vetem-dy-njohje-per-pese-vjet-pdk-e-psd-me-kritika-per-qasjen-e-kurtit-ndaj-shba-se\/\" \/>\n<meta property=\"og:locale\" content=\"sq_AL\" \/>\n<meta property=\"og:type\" content=\"article\" \/>\n<meta property=\"og:title\" content=\"Vet\u00ebm dy njohje p\u00ebr pes\u00eb vjet \u2013 PDK e PSD me kritika p\u00ebr qasjen e Kurtit ndaj ShBA-s\u00eb\" \/>\n<meta property=\"og:description\" content=\"N\u00eb pes\u00eb vjet\u00ebt e fundit, Kosova ia ka dal t\u00eb siguroj\u00eb vet\u00ebm dy njohje t\u00eb shtet\u00ebsis\u00eb. E p\u00ebr k\u00ebt\u00eb z\u00ebdh\u00ebn\u00ebsi i PDK-s\u00eb Faton Abdullahu dhe aktivisti i PSD-s\u00eb, Dren Kukaj i than\u00eb Ekonomia Online se fajtore \u00ebsht\u00eb Qeveria Kurti dhe raportet e saj me ShBA-n\u00eb dhe shtetet e tjera mike. Abdullahu tha se nuk mund [&hellip;]\" \/>\n<meta property=\"og:url\" content=\"https:\/\/permbledhja.com\/sq\/vetem-dy-njohje-per-pese-vjet-pdk-e-psd-me-kritika-per-qasjen-e-kurtit-ndaj-shba-se\/\" \/>\n<meta property=\"og:site_name\" content=\"Ve\u00e7 artikuj p\u00ebrmbledh\u00ebs\" \/>\n<meta property=\"article:publisher\" content=\"https:\/\/www.facebook.com\/press07\/\" \/>\n<meta property=\"article:published_time\" content=\"2023-08-27T08:15:20+00:00\" \/>\n<meta property=\"og:image\" content=\"https:\/\/permbledhja.com\/wp-content\/uploads\/2023\/08\/Qeveria-e-Kosoves-Flamuri.jpg\" \/>\n\t<meta property=\"og:image:width\" content=\"850\" \/>\n\t<meta property=\"og:image:height\" content=\"478\" \/>\n\t<meta property=\"og:image:type\" content=\"image\/jpeg\" \/>\n<meta name=\"author\" content=\"M M\" \/>\n<meta name=\"twitter:card\" content=\"summary_large_image\" \/>\n<meta name=\"twitter:label1\" content=\"Written by\" \/>\n\t<meta name=\"twitter:data1\" content=\"M M\" \/>\n\t<meta name=\"twitter:label2\" content=\"Est. reading time\" \/>\n\t<meta name=\"twitter:data2\" content=\"3 minuta\" \/>\n<script type=\"application\/ld+json\" class=\"yoast-schema-graph\">{\"@context\":\"https:\/\/schema.org\",\"@graph\":[{\"@type\":\"Article\",\"@id\":\"https:\/\/permbledhja.com\/vetem-dy-njohje-per-pese-vjet-pdk-e-psd-me-kritika-per-qasjen-e-kurtit-ndaj-shba-se\/#article\",\"isPartOf\":{\"@id\":\"https:\/\/permbledhja.com\/vetem-dy-njohje-per-pese-vjet-pdk-e-psd-me-kritika-per-qasjen-e-kurtit-ndaj-shba-se\/\"},\"author\":{\"name\":\"M M\",\"@id\":\"https:\/\/permbledhja.com\/#\/schema\/person\/d23f13f59b5722643933d6780783acf3\"},\"headline\":\"Vet\u00ebm dy njohje p\u00ebr pes\u00eb vjet \u2013 PDK e PSD me kritika p\u00ebr qasjen e Kurtit ndaj ShBA-s\u00eb\",\"datePublished\":\"2023-08-27T08:15:20+00:00\",\"dateModified\":\"2023-08-27T08:15:20+00:00\",\"mainEntityOfPage\":{\"@id\":\"https:\/\/permbledhja.com\/vetem-dy-njohje-per-pese-vjet-pdk-e-psd-me-kritika-per-qasjen-e-kurtit-ndaj-shba-se\/\"},\"wordCount\":585,\"publisher\":{\"@id\":\"https:\/\/permbledhja.com\/#organization\"},\"articleSection\":[\"Komb\u00ebtare\",\"Lajme\"],\"inLanguage\":\"sq\"},{\"@type\":\"WebPage\",\"@id\":\"https:\/\/permbledhja.com\/vetem-dy-njohje-per-pese-vjet-pdk-e-psd-me-kritika-per-qasjen-e-kurtit-ndaj-shba-se\/\",\"url\":\"https:\/\/permbledhja.com\/vetem-dy-njohje-per-pese-vjet-pdk-e-psd-me-kritika-per-qasjen-e-kurtit-ndaj-shba-se\/\",\"name\":\"Vet\u00ebm dy njohje p\u00ebr pes\u00eb vjet \u2013 PDK e PSD me kritika p\u00ebr qasjen e Kurtit ndaj ShBA-s\u00eb\",\"isPartOf\":{\"@id\":\"https:\/\/permbledhja.com\/#website\"},\"datePublished\":\"2023-08-27T08:15:20+00:00\",\"dateModified\":\"2023-08-27T08:15:20+00:00\",\"breadcrumb\":{\"@id\":\"https:\/\/permbledhja.com\/vetem-dy-njohje-per-pese-vjet-pdk-e-psd-me-kritika-per-qasjen-e-kurtit-ndaj-shba-se\/#breadcrumb\"},\"inLanguage\":\"sq\",\"potentialAction\":[{\"@type\":\"ReadAction\",\"target\":[\"https:\/\/permbledhja.com\/vetem-dy-njohje-per-pese-vjet-pdk-e-psd-me-kritika-per-qasjen-e-kurtit-ndaj-shba-se\/\"]}]},{\"@type\":\"BreadcrumbList\",\"@id\":\"https:\/\/permbledhja.com\/vetem-dy-njohje-per-pese-vjet-pdk-e-psd-me-kritika-per-qasjen-e-kurtit-ndaj-shba-se\/#breadcrumb\",\"itemListElement\":[{\"@type\":\"ListItem\",\"position\":1,\"name\":\"Ballina\",\"item\":\"https:\/\/permbledhja.com\/sq\/\"},{\"@type\":\"ListItem\",\"position\":2,\"name\":\"Vet\u00ebm dy njohje p\u00ebr pes\u00eb vjet \u2013 PDK e PSD me kritika p\u00ebr qasjen e Kurtit ndaj ShBA-s\u00eb\"}]},{\"@type\":\"WebSite\",\"@id\":\"https:\/\/permbledhja.com\/#website\",\"url\":\"https:\/\/permbledhja.com\/\",\"name\":\"Ve\u00e7 artikuj p\u00ebrmbledh\u00ebs\",\"description\":\"\",\"publisher\":{\"@id\":\"https:\/\/permbledhja.com\/#organization\"},\"potentialAction\":[{\"@type\":\"SearchAction\",\"target\":{\"@type\":\"EntryPoint\",\"urlTemplate\":\"https:\/\/permbledhja.com\/?s={search_term_string}\"},\"query-input\":\"required name=search_term_string\"}],\"inLanguage\":\"sq\"},{\"@type\":\"Organization\",\"@id\":\"https:\/\/permbledhja.com\/#organization\",\"name\":\"MK Media & Pr\",\"url\":\"https:\/\/permbledhja.com\/\",\"logo\":{\"@type\":\"ImageObject\",\"inLanguage\":\"sq\",\"@id\":\"https:\/\/permbledhja.com\/#\/schema\/logo\/image\/\",\"url\":\"https:\/\/permbledhja.com\/wp-content\/uploads\/2021\/12\/07-Press-Logo.jpg\",\"contentUrl\":\"https:\/\/permbledhja.com\/wp-content\/uploads\/2021\/12\/07-Press-Logo.jpg\",\"width\":512,\"height\":512,\"caption\":\"MK Media & Pr\"},\"image\":{\"@id\":\"https:\/\/permbledhja.com\/#\/schema\/logo\/image\/\"},\"sameAs\":[\"https:\/\/www.facebook.com\/press07\/\"]},{\"@type\":\"Person\",\"@id\":\"https:\/\/permbledhja.com\/#\/schema\/person\/d23f13f59b5722643933d6780783acf3\",\"name\":\"M M\",\"image\":{\"@type\":\"ImageObject\",\"inLanguage\":\"sq\",\"@id\":\"https:\/\/permbledhja.com\/#\/schema\/person\/image\/\",\"url\":\"https:\/\/secure.gravatar.com\/avatar\/e2835a76ca7c31a2416b2d51c4ec9a8f?s=96&d=mm&r=g\",\"contentUrl\":\"https:\/\/secure.gravatar.com\/avatar\/e2835a76ca7c31a2416b2d51c4ec9a8f?s=96&d=mm&r=g\",\"caption\":\"M M\"},\"sameAs\":[\"http:\/\/MM\"],\"url\":\"https:\/\/permbledhja.com\/sq\/author\/muhamet\/\"}]}<\/script>\n<!-- \/ Yoast SEO plugin. -->","yoast_head_json":{"title":"Vet\u00ebm dy njohje p\u00ebr pes\u00eb vjet \u2013 PDK e PSD me kritika p\u00ebr qasjen e Kurtit ndaj ShBA-s\u00eb","robots":{"index":"index","follow":"follow","max-snippet":"max-snippet:-1","max-image-preview":"max-image-preview:large","max-video-preview":"max-video-preview:-1"},"canonical":"https:\/\/permbledhja.com\/sq\/vetem-dy-njohje-per-pese-vjet-pdk-e-psd-me-kritika-per-qasjen-e-kurtit-ndaj-shba-se\/","og_locale":"sq_AL","og_type":"article","og_title":"Vet\u00ebm dy njohje p\u00ebr pes\u00eb vjet \u2013 PDK e PSD me kritika p\u00ebr qasjen e Kurtit ndaj ShBA-s\u00eb","og_description":"N\u00eb pes\u00eb vjet\u00ebt e fundit, Kosova ia ka dal t\u00eb siguroj\u00eb vet\u00ebm dy njohje t\u00eb shtet\u00ebsis\u00eb. E p\u00ebr k\u00ebt\u00eb z\u00ebdh\u00ebn\u00ebsi i PDK-s\u00eb Faton Abdullahu dhe aktivisti i PSD-s\u00eb, Dren Kukaj i than\u00eb Ekonomia Online se fajtore \u00ebsht\u00eb Qeveria Kurti dhe raportet e saj me ShBA-n\u00eb dhe shtetet e tjera mike. Abdullahu tha se nuk mund [&hellip;]","og_url":"https:\/\/permbledhja.com\/sq\/vetem-dy-njohje-per-pese-vjet-pdk-e-psd-me-kritika-per-qasjen-e-kurtit-ndaj-shba-se\/","og_site_name":"Ve\u00e7 artikuj p\u00ebrmbledh\u00ebs","article_publisher":"https:\/\/www.facebook.com\/press07\/","article_published_time":"2023-08-27T08:15:20+00:00","og_image":[{"width":850,"height":478,"url":"https:\/\/permbledhja.com\/wp-content\/uploads\/2023\/08\/Qeveria-e-Kosoves-Flamuri.jpg","type":"image\/jpeg"}],"author":"M M","twitter_card":"summary_large_image","twitter_misc":{"Written by":"M M","Est. reading time":"3 minuta"},"schema":{"@context":"https:\/\/schema.org","@graph":[{"@type":"Article","@id":"https:\/\/permbledhja.com\/vetem-dy-njohje-per-pese-vjet-pdk-e-psd-me-kritika-per-qasjen-e-kurtit-ndaj-shba-se\/#article","isPartOf":{"@id":"https:\/\/permbledhja.com\/vetem-dy-njohje-per-pese-vjet-pdk-e-psd-me-kritika-per-qasjen-e-kurtit-ndaj-shba-se\/"},"author":{"name":"M M","@id":"https:\/\/permbledhja.com\/#\/schema\/person\/d23f13f59b5722643933d6780783acf3"},"headline":"Vet\u00ebm dy njohje p\u00ebr pes\u00eb vjet \u2013 PDK e PSD me kritika p\u00ebr qasjen e Kurtit ndaj ShBA-s\u00eb","datePublished":"2023-08-27T08:15:20+00:00","dateModified":"2023-08-27T08:15:20+00:00","mainEntityOfPage":{"@id":"https:\/\/permbledhja.com\/vetem-dy-njohje-per-pese-vjet-pdk-e-psd-me-kritika-per-qasjen-e-kurtit-ndaj-shba-se\/"},"wordCount":585,"publisher":{"@id":"https:\/\/permbledhja.com\/#organization"},"articleSection":["Komb\u00ebtare","Lajme"],"inLanguage":"sq"},{"@type":"WebPage","@id":"https:\/\/permbledhja.com\/vetem-dy-njohje-per-pese-vjet-pdk-e-psd-me-kritika-per-qasjen-e-kurtit-ndaj-shba-se\/","url":"https:\/\/permbledhja.com\/vetem-dy-njohje-per-pese-vjet-pdk-e-psd-me-kritika-per-qasjen-e-kurtit-ndaj-shba-se\/","name":"Vet\u00ebm dy njohje p\u00ebr pes\u00eb vjet \u2013 PDK e PSD me kritika p\u00ebr qasjen e Kurtit ndaj ShBA-s\u00eb","isPartOf":{"@id":"https:\/\/permbledhja.com\/#website"},"datePublished":"2023-08-27T08:15:20+00:00","dateModified":"2023-08-27T08:15:20+00:00","breadcrumb":{"@id":"https:\/\/permbledhja.com\/vetem-dy-njohje-per-pese-vjet-pdk-e-psd-me-kritika-per-qasjen-e-kurtit-ndaj-shba-se\/#breadcrumb"},"inLanguage":"sq","potentialAction":[{"@type":"ReadAction","target":["https:\/\/permbledhja.com\/vetem-dy-njohje-per-pese-vjet-pdk-e-psd-me-kritika-per-qasjen-e-kurtit-ndaj-shba-se\/"]}]},{"@type":"BreadcrumbList","@id":"https:\/\/permbledhja.com\/vetem-dy-njohje-per-pese-vjet-pdk-e-psd-me-kritika-per-qasjen-e-kurtit-ndaj-shba-se\/#breadcrumb","itemListElement":[{"@type":"ListItem","position":1,"name":"Ballina","item":"https:\/\/permbledhja.com\/sq\/"},{"@type":"ListItem","position":2,"name":"Vet\u00ebm dy njohje p\u00ebr pes\u00eb vjet \u2013 PDK e PSD me kritika p\u00ebr qasjen e Kurtit ndaj ShBA-s\u00eb"}]},{"@type":"WebSite","@id":"https:\/\/permbledhja.com\/#website","url":"https:\/\/permbledhja.com\/","name":"Ve\u00e7 artikuj p\u00ebrmbledh\u00ebs","description":"","publisher":{"@id":"https:\/\/permbledhja.com\/#organization"},"potentialAction":[{"@type":"SearchAction","target":{"@type":"EntryPoint","urlTemplate":"https:\/\/permbledhja.com\/?s={search_term_string}"},"query-input":"required name=search_term_string"}],"inLanguage":"sq"},{"@type":"Organization","@id":"https:\/\/permbledhja.com\/#organization","name":"MK Media & Pr","url":"https:\/\/permbledhja.com\/","logo":{"@type":"ImageObject","inLanguage":"sq","@id":"https:\/\/permbledhja.com\/#\/schema\/logo\/image\/","url":"https:\/\/permbledhja.com\/wp-content\/uploads\/2021\/12\/07-Press-Logo.jpg","contentUrl":"https:\/\/permbledhja.com\/wp-content\/uploads\/2021\/12\/07-Press-Logo.jpg","width":512,"height":512,"caption":"MK Media & Pr"},"image":{"@id":"https:\/\/permbledhja.com\/#\/schema\/logo\/image\/"},"sameAs":["https:\/\/www.facebook.com\/press07\/"]},{"@type":"Person","@id":"https:\/\/permbledhja.com\/#\/schema\/person\/d23f13f59b5722643933d6780783acf3","name":"M M","image":{"@type":"ImageObject","inLanguage":"sq","@id":"https:\/\/permbledhja.com\/#\/schema\/person\/image\/","url":"https:\/\/secure.gravatar.com\/avatar\/e2835a76ca7c31a2416b2d51c4ec9a8f?s=96&d=mm&r=g","contentUrl":"https:\/\/secure.gravatar.com\/avatar\/e2835a76ca7c31a2416b2d51c4ec9a8f?s=96&d=mm&r=g","caption":"M M"},"sameAs":["http:\/\/MM"],"url":"https:\/\/permbledhja.com\/sq\/author\/muhamet\/"}]}},"_links":{"self":[{"href":"https:\/\/permbledhja.com\/sq\/wp-json\/wp\/v2\/posts\/24810"}],"collection":[{"href":"https:\/\/permbledhja.com\/sq\/wp-json\/wp\/v2\/posts"}],"about":[{"href":"https:\/\/permbledhja.com\/sq\/wp-json\/wp\/v2\/types\/post"}],"author":[{"embeddable":true,"href":"https:\/\/permbledhja.com\/sq\/wp-json\/wp\/v2\/users\/2"}],"replies":[{"embeddable":true,"href":"https:\/\/permbledhja.com\/sq\/wp-json\/wp\/v2\/comments?post=24810"}],"version-history":[{"count":1,"href":"https:\/\/permbledhja.com\/sq\/wp-json\/wp\/v2\/posts\/24810\/revisions"}],"predecessor-version":[{"id":24812,"href":"https:\/\/permbledhja.com\/sq\/wp-json\/wp\/v2\/posts\/24810\/revisions\/24812"}],"wp:featuredmedia":[{"embeddable":true,"href":"https:\/\/permbledhja.com\/sq\/wp-json\/wp\/v2\/media\/24811"}],"wp:attachment":[{"href":"https:\/\/permbledhja.com\/sq\/wp-json\/wp\/v2\/media?parent=24810"}],"wp:term":[{"taxonomy":"category","embeddable":true,"href":"https:\/\/permbledhja.com\/sq\/wp-json\/wp\/v2\/categories?post=24810"},{"taxonomy":"post_tag","embeddable":true,"href":"https:\/\/permbledhja.com\/sq\/wp-json\/wp\/v2\/tags?post=24810"}],"curies":[{"name":"wp","href":"https:\/\/api.w.org\/{rel}","templated":true}]}}