{"id":24754,"date":"2023-08-26T12:15:57","date_gmt":"2023-08-26T12:15:57","guid":{"rendered":"https:\/\/permbledhja.com\/?p=24754"},"modified":"2023-08-26T12:15:57","modified_gmt":"2023-08-26T12:15:57","slug":"fillojne-perplasjet-ne-aak-ne-e-decanit-demaliaj-e-quan-frikacak-ramosajn-kerkon-nderhyrjen-e-haradinajt","status":"publish","type":"post","link":"https:\/\/permbledhja.com\/sq\/fillojne-perplasjet-ne-aak-ne-e-decanit-demaliaj-e-quan-frikacak-ramosajn-kerkon-nderhyrjen-e-haradinajt\/","title":{"rendered":"Fillojn\u00eb p\u00ebrplasjet n\u00eb AAK-n\u00eb e De\u00e7anit, Demaliaj e quan frikacak Ramosajn, k\u00ebrkon nd\u00ebrhyrjen e Haradinajt"},"content":{"rendered":"<h2>Pasi kryetari aktual i De\u00e7anit, Bashkim Ramosaj e ka shpallur kandidatur\u00ebn p\u00ebr kryetar t\u00eb komun\u00ebs edhe p\u00ebr nj\u00eb mandat, ka ardhur reagimi i zyrtarit t\u00eb AAK-s\u00eb, Shkumbin Demaliaj.<\/h2>\n<p>Ai e ka pyetur kryetarin e De\u00e7anit, Bashkim Ramosaj se nga kush po frik\u00ebsohet.<\/p>\n<p><em>\u201c\u00cbsht\u00eb i pakuptimt fakti q\u00eb jan\u00eb gati edhe 2 vite e gjysm\u00eb q\u00eb duhet t\u00eb kryeni mandatin tuaj t\u00eb dyt\u00eb n\u00eb krye t\u00eb komun\u00ebs dhe ju nga tash shpallni kandidatur\u00eb t\u00eb re p\u00ebr nj\u00eb mandat t\u00eb tret\u00eb dhe p\u00ebr at\u00eb ekzistojn\u00eb shkelje t\u00eb panum\u00ebrta t\u00eb rregullave Statutare e q\u00eb \u00ebsht\u00eb Kushtetuta e partis\u00eb lidhur me vendimin q\u00eb keni marr\u00eb dje me dat\u00eb 25.08 2023.!!\u201d<\/em>, ka shkruar ai.<\/p>\n<p>Reagimi i plot\u00eb:<\/p>\n<p><em>Un\u00eb dhe partia ju kemi g\u00ebzuar shum\u00eb rrezultateve t\u00eb arritura n\u00eb Komun\u00ebn e De\u00e7anit dhe presim q\u00eb ato t\u00eb vazhdojn\u00eb n\u00eb t\u00eb ardhm\u00ebn.!!<\/em><br \/>\n<em>Por k\u00ebtu ja keni huqur shum\u00eb .!!<\/em><br \/>\n<em>Ju jeni jurist me profesion dhe k\u00ebtu m\u00eb keni befasuar p\u00ebr keq.!!<\/em><br \/>\n<em>Zoti t\u00eb ndihmoft\u00eb n\u00eb pun\u00eb t\u00eb mira.!!<\/em><br \/>\n<em>V\u00ebrejtje<\/em><br \/>\n<em>Un\u00eb si an\u00ebtar\u00eb i K\u00ebshillit t\u00eb P\u00ebrgjithsh\u00ebm dhe Kryesis\u00eb Qendrore t\u00eb partis\u00eb i propozoj Kryetarit Haradinaj q\u00eb ta mbledh\u00eb Komisionin p\u00ebr q\u00ebshtje Statutore dhe Statusore t\u00eb partis\u00eb dhe ta vler\u00ebsoj ligjshm\u00ebrin\u00eb e k\u00ebtij vendimi.!!De\u00e7an 26.08.2023.<\/em><\/p>\n<p><em>Me respekt<\/em><br \/>\n<em>Shkumbin Demaliaj.<\/em><\/p>\n","protected":false},"excerpt":{"rendered":"<p>Pasi kryetari aktual i De\u00e7anit, Bashkim Ramosaj e ka shpallur kandidatur\u00ebn p\u00ebr kryetar t\u00eb komun\u00ebs edhe p\u00ebr nj\u00eb mandat, ka ardhur reagimi i zyrtarit t\u00eb AAK-s\u00eb, Shkumbin Demaliaj. Ai e ka pyetur kryetarin e De\u00e7anit, Bashkim Ramosaj se nga kush po frik\u00ebsohet. \u201c\u00cbsht\u00eb i pakuptimt fakti q\u00eb jan\u00eb gati edhe 2 vite e gjysm\u00eb q\u00eb [&hellip;]<\/p>\n","protected":false},"author":1,"featured_media":24755,"comment_status":"closed","ping_status":"closed","sticky":false,"template":"","format":"standard","meta":{"_monsterinsights_skip_tracking":false,"_monsterinsights_sitenote_active":false,"_monsterinsights_sitenote_note":"","_monsterinsights_sitenote_category":0,"_uf_show_specific_survey":0,"_uf_disable_surveys":false,"footnotes":""},"categories":[23,15],"tags":[501],"yoast_head":"<!-- This site is optimized with the Yoast SEO plugin v21.5 - https:\/\/yoast.com\/wordpress\/plugins\/seo\/ -->\n<title>Fillojn\u00eb p\u00ebrplasjet n\u00eb AAK-n\u00eb e De\u00e7anit, Demaliaj e quan frikacak Ramosajn, k\u00ebrkon nd\u00ebrhyrjen e Haradinajt<\/title>\n<meta name=\"robots\" content=\"index, follow, max-snippet:-1, max-image-preview:large, max-video-preview:-1\" \/>\n<link rel=\"canonical\" href=\"https:\/\/permbledhja.com\/sq\/fillojne-perplasjet-ne-aak-ne-e-decanit-demaliaj-e-quan-frikacak-ramosajn-kerkon-nderhyrjen-e-haradinajt\/\" \/>\n<meta property=\"og:locale\" content=\"sq_AL\" \/>\n<meta property=\"og:type\" content=\"article\" \/>\n<meta property=\"og:title\" content=\"Fillojn\u00eb p\u00ebrplasjet n\u00eb AAK-n\u00eb e De\u00e7anit, Demaliaj e quan frikacak Ramosajn, k\u00ebrkon nd\u00ebrhyrjen e Haradinajt\" \/>\n<meta property=\"og:description\" content=\"Pasi kryetari aktual i De\u00e7anit, Bashkim Ramosaj e ka shpallur kandidatur\u00ebn p\u00ebr kryetar t\u00eb komun\u00ebs edhe p\u00ebr nj\u00eb mandat, ka ardhur reagimi i zyrtarit t\u00eb AAK-s\u00eb, Shkumbin Demaliaj. Ai e ka pyetur kryetarin e De\u00e7anit, Bashkim Ramosaj se nga kush po frik\u00ebsohet. \u201c\u00cbsht\u00eb i pakuptimt fakti q\u00eb jan\u00eb gati edhe 2 vite e gjysm\u00eb q\u00eb [&hellip;]\" \/>\n<meta property=\"og:url\" content=\"https:\/\/permbledhja.com\/sq\/fillojne-perplasjet-ne-aak-ne-e-decanit-demaliaj-e-quan-frikacak-ramosajn-kerkon-nderhyrjen-e-haradinajt\/\" \/>\n<meta property=\"og:site_name\" content=\"Ve\u00e7 artikuj p\u00ebrmbledh\u00ebs\" \/>\n<meta property=\"article:publisher\" content=\"https:\/\/www.facebook.com\/press07\/\" \/>\n<meta property=\"article:author\" content=\"https:\/\/www.facebook.com\/kafexhiu.muharrem\/\" \/>\n<meta property=\"article:published_time\" content=\"2023-08-26T12:15:57+00:00\" \/>\n<meta property=\"og:image\" content=\"https:\/\/permbledhja.com\/wp-content\/uploads\/2023\/08\/Untitled-design-9.png\" \/>\n\t<meta property=\"og:image:width\" content=\"1920\" \/>\n\t<meta property=\"og:image:height\" content=\"1080\" \/>\n\t<meta property=\"og:image:type\" content=\"image\/png\" \/>\n<meta name=\"author\" content=\"P\u00ebrmbledhja\" \/>\n<meta name=\"twitter:card\" content=\"summary_large_image\" \/>\n<meta name=\"twitter:label1\" content=\"Written by\" \/>\n\t<meta name=\"twitter:data1\" content=\"P\u00ebrmbledhja\" \/>\n\t<meta name=\"twitter:label2\" content=\"Est. reading time\" \/>\n\t<meta name=\"twitter:data2\" content=\"1 minut\u00eb\" \/>\n<script type=\"application\/ld+json\" class=\"yoast-schema-graph\">{\"@context\":\"https:\/\/schema.org\",\"@graph\":[{\"@type\":\"Article\",\"@id\":\"https:\/\/permbledhja.com\/fillojne-perplasjet-ne-aak-ne-e-decanit-demaliaj-e-quan-frikacak-ramosajn-kerkon-nderhyrjen-e-haradinajt\/#article\",\"isPartOf\":{\"@id\":\"https:\/\/permbledhja.com\/fillojne-perplasjet-ne-aak-ne-e-decanit-demaliaj-e-quan-frikacak-ramosajn-kerkon-nderhyrjen-e-haradinajt\/\"},\"author\":{\"name\":\"P\u00ebrmbledhja\",\"@id\":\"https:\/\/permbledhja.com\/#\/schema\/person\/0d064377258d3221e50693947b9eb4fe\"},\"headline\":\"Fillojn\u00eb p\u00ebrplasjet n\u00eb AAK-n\u00eb e De\u00e7anit, Demaliaj e quan frikacak Ramosajn, k\u00ebrkon nd\u00ebrhyrjen e Haradinajt\",\"datePublished\":\"2023-08-26T12:15:57+00:00\",\"dateModified\":\"2023-08-26T12:15:57+00:00\",\"mainEntityOfPage\":{\"@id\":\"https:\/\/permbledhja.com\/fillojne-perplasjet-ne-aak-ne-e-decanit-demaliaj-e-quan-frikacak-ramosajn-kerkon-nderhyrjen-e-haradinajt\/\"},\"wordCount\":245,\"publisher\":{\"@id\":\"https:\/\/permbledhja.com\/#organization\"},\"keywords\":[\"AAK\"],\"articleSection\":[\"Komb\u00ebtare\",\"Lajme\"],\"inLanguage\":\"sq\"},{\"@type\":\"WebPage\",\"@id\":\"https:\/\/permbledhja.com\/fillojne-perplasjet-ne-aak-ne-e-decanit-demaliaj-e-quan-frikacak-ramosajn-kerkon-nderhyrjen-e-haradinajt\/\",\"url\":\"https:\/\/permbledhja.com\/fillojne-perplasjet-ne-aak-ne-e-decanit-demaliaj-e-quan-frikacak-ramosajn-kerkon-nderhyrjen-e-haradinajt\/\",\"name\":\"Fillojn\u00eb p\u00ebrplasjet n\u00eb AAK-n\u00eb e De\u00e7anit, Demaliaj e quan frikacak Ramosajn, k\u00ebrkon nd\u00ebrhyrjen e Haradinajt\",\"isPartOf\":{\"@id\":\"https:\/\/permbledhja.com\/#website\"},\"datePublished\":\"2023-08-26T12:15:57+00:00\",\"dateModified\":\"2023-08-26T12:15:57+00:00\",\"breadcrumb\":{\"@id\":\"https:\/\/permbledhja.com\/fillojne-perplasjet-ne-aak-ne-e-decanit-demaliaj-e-quan-frikacak-ramosajn-kerkon-nderhyrjen-e-haradinajt\/#breadcrumb\"},\"inLanguage\":\"sq\",\"potentialAction\":[{\"@type\":\"ReadAction\",\"target\":[\"https:\/\/permbledhja.com\/fillojne-perplasjet-ne-aak-ne-e-decanit-demaliaj-e-quan-frikacak-ramosajn-kerkon-nderhyrjen-e-haradinajt\/\"]}]},{\"@type\":\"BreadcrumbList\",\"@id\":\"https:\/\/permbledhja.com\/fillojne-perplasjet-ne-aak-ne-e-decanit-demaliaj-e-quan-frikacak-ramosajn-kerkon-nderhyrjen-e-haradinajt\/#breadcrumb\",\"itemListElement\":[{\"@type\":\"ListItem\",\"position\":1,\"name\":\"Ballina\",\"item\":\"https:\/\/permbledhja.com\/sq\/\"},{\"@type\":\"ListItem\",\"position\":2,\"name\":\"Fillojn\u00eb p\u00ebrplasjet n\u00eb AAK-n\u00eb e De\u00e7anit, Demaliaj e quan frikacak Ramosajn, k\u00ebrkon nd\u00ebrhyrjen e Haradinajt\"}]},{\"@type\":\"WebSite\",\"@id\":\"https:\/\/permbledhja.com\/#website\",\"url\":\"https:\/\/permbledhja.com\/\",\"name\":\"Ve\u00e7 artikuj p\u00ebrmbledh\u00ebs\",\"description\":\"\",\"publisher\":{\"@id\":\"https:\/\/permbledhja.com\/#organization\"},\"potentialAction\":[{\"@type\":\"SearchAction\",\"target\":{\"@type\":\"EntryPoint\",\"urlTemplate\":\"https:\/\/permbledhja.com\/?s={search_term_string}\"},\"query-input\":\"required name=search_term_string\"}],\"inLanguage\":\"sq\"},{\"@type\":\"Organization\",\"@id\":\"https:\/\/permbledhja.com\/#organization\",\"name\":\"MK Media & Pr\",\"url\":\"https:\/\/permbledhja.com\/\",\"logo\":{\"@type\":\"ImageObject\",\"inLanguage\":\"sq\",\"@id\":\"https:\/\/permbledhja.com\/#\/schema\/logo\/image\/\",\"url\":\"https:\/\/permbledhja.com\/wp-content\/uploads\/2021\/12\/07-Press-Logo.jpg\",\"contentUrl\":\"https:\/\/permbledhja.com\/wp-content\/uploads\/2021\/12\/07-Press-Logo.jpg\",\"width\":512,\"height\":512,\"caption\":\"MK Media & Pr\"},\"image\":{\"@id\":\"https:\/\/permbledhja.com\/#\/schema\/logo\/image\/\"},\"sameAs\":[\"https:\/\/www.facebook.com\/press07\/\"]},{\"@type\":\"Person\",\"@id\":\"https:\/\/permbledhja.com\/#\/schema\/person\/0d064377258d3221e50693947b9eb4fe\",\"name\":\"P\u00ebrmbledhja\",\"image\":{\"@type\":\"ImageObject\",\"inLanguage\":\"sq\",\"@id\":\"https:\/\/permbledhja.com\/#\/schema\/person\/image\/\",\"url\":\"https:\/\/permbledhja.com\/wp-content\/uploads\/2026\/01\/452004717_1040944174702970_8932037511805513407_n-96x96.jpg\",\"contentUrl\":\"https:\/\/permbledhja.com\/wp-content\/uploads\/2026\/01\/452004717_1040944174702970_8932037511805513407_n-96x96.jpg\",\"caption\":\"P\u00ebrmbledhja\"},\"sameAs\":[\"https:\/\/www.facebook.com\/kafexhiu.muharrem\/\",\"https:\/\/www.instagram.com\/muharrem_kafexhiu\/\"],\"url\":\"https:\/\/permbledhja.com\/sq\/author\/admin\/\"}]}<\/script>\n<!-- \/ Yoast SEO plugin. -->","yoast_head_json":{"title":"Fillojn\u00eb p\u00ebrplasjet n\u00eb AAK-n\u00eb e De\u00e7anit, Demaliaj e quan frikacak Ramosajn, k\u00ebrkon nd\u00ebrhyrjen e Haradinajt","robots":{"index":"index","follow":"follow","max-snippet":"max-snippet:-1","max-image-preview":"max-image-preview:large","max-video-preview":"max-video-preview:-1"},"canonical":"https:\/\/permbledhja.com\/sq\/fillojne-perplasjet-ne-aak-ne-e-decanit-demaliaj-e-quan-frikacak-ramosajn-kerkon-nderhyrjen-e-haradinajt\/","og_locale":"sq_AL","og_type":"article","og_title":"Fillojn\u00eb p\u00ebrplasjet n\u00eb AAK-n\u00eb e De\u00e7anit, Demaliaj e quan frikacak Ramosajn, k\u00ebrkon nd\u00ebrhyrjen e Haradinajt","og_description":"Pasi kryetari aktual i De\u00e7anit, Bashkim Ramosaj e ka shpallur kandidatur\u00ebn p\u00ebr kryetar t\u00eb komun\u00ebs edhe p\u00ebr nj\u00eb mandat, ka ardhur reagimi i zyrtarit t\u00eb AAK-s\u00eb, Shkumbin Demaliaj. Ai e ka pyetur kryetarin e De\u00e7anit, Bashkim Ramosaj se nga kush po frik\u00ebsohet. \u201c\u00cbsht\u00eb i pakuptimt fakti q\u00eb jan\u00eb gati edhe 2 vite e gjysm\u00eb q\u00eb [&hellip;]","og_url":"https:\/\/permbledhja.com\/sq\/fillojne-perplasjet-ne-aak-ne-e-decanit-demaliaj-e-quan-frikacak-ramosajn-kerkon-nderhyrjen-e-haradinajt\/","og_site_name":"Ve\u00e7 artikuj p\u00ebrmbledh\u00ebs","article_publisher":"https:\/\/www.facebook.com\/press07\/","article_author":"https:\/\/www.facebook.com\/kafexhiu.muharrem\/","article_published_time":"2023-08-26T12:15:57+00:00","og_image":[{"width":1920,"height":1080,"url":"https:\/\/permbledhja.com\/wp-content\/uploads\/2023\/08\/Untitled-design-9.png","type":"image\/png"}],"author":"P\u00ebrmbledhja","twitter_card":"summary_large_image","twitter_misc":{"Written by":"P\u00ebrmbledhja","Est. reading time":"1 minut\u00eb"},"schema":{"@context":"https:\/\/schema.org","@graph":[{"@type":"Article","@id":"https:\/\/permbledhja.com\/fillojne-perplasjet-ne-aak-ne-e-decanit-demaliaj-e-quan-frikacak-ramosajn-kerkon-nderhyrjen-e-haradinajt\/#article","isPartOf":{"@id":"https:\/\/permbledhja.com\/fillojne-perplasjet-ne-aak-ne-e-decanit-demaliaj-e-quan-frikacak-ramosajn-kerkon-nderhyrjen-e-haradinajt\/"},"author":{"name":"P\u00ebrmbledhja","@id":"https:\/\/permbledhja.com\/#\/schema\/person\/0d064377258d3221e50693947b9eb4fe"},"headline":"Fillojn\u00eb p\u00ebrplasjet n\u00eb AAK-n\u00eb e De\u00e7anit, Demaliaj e quan frikacak Ramosajn, k\u00ebrkon nd\u00ebrhyrjen e Haradinajt","datePublished":"2023-08-26T12:15:57+00:00","dateModified":"2023-08-26T12:15:57+00:00","mainEntityOfPage":{"@id":"https:\/\/permbledhja.com\/fillojne-perplasjet-ne-aak-ne-e-decanit-demaliaj-e-quan-frikacak-ramosajn-kerkon-nderhyrjen-e-haradinajt\/"},"wordCount":245,"publisher":{"@id":"https:\/\/permbledhja.com\/#organization"},"keywords":["AAK"],"articleSection":["Komb\u00ebtare","Lajme"],"inLanguage":"sq"},{"@type":"WebPage","@id":"https:\/\/permbledhja.com\/fillojne-perplasjet-ne-aak-ne-e-decanit-demaliaj-e-quan-frikacak-ramosajn-kerkon-nderhyrjen-e-haradinajt\/","url":"https:\/\/permbledhja.com\/fillojne-perplasjet-ne-aak-ne-e-decanit-demaliaj-e-quan-frikacak-ramosajn-kerkon-nderhyrjen-e-haradinajt\/","name":"Fillojn\u00eb p\u00ebrplasjet n\u00eb AAK-n\u00eb e De\u00e7anit, Demaliaj e quan frikacak Ramosajn, k\u00ebrkon nd\u00ebrhyrjen e Haradinajt","isPartOf":{"@id":"https:\/\/permbledhja.com\/#website"},"datePublished":"2023-08-26T12:15:57+00:00","dateModified":"2023-08-26T12:15:57+00:00","breadcrumb":{"@id":"https:\/\/permbledhja.com\/fillojne-perplasjet-ne-aak-ne-e-decanit-demaliaj-e-quan-frikacak-ramosajn-kerkon-nderhyrjen-e-haradinajt\/#breadcrumb"},"inLanguage":"sq","potentialAction":[{"@type":"ReadAction","target":["https:\/\/permbledhja.com\/fillojne-perplasjet-ne-aak-ne-e-decanit-demaliaj-e-quan-frikacak-ramosajn-kerkon-nderhyrjen-e-haradinajt\/"]}]},{"@type":"BreadcrumbList","@id":"https:\/\/permbledhja.com\/fillojne-perplasjet-ne-aak-ne-e-decanit-demaliaj-e-quan-frikacak-ramosajn-kerkon-nderhyrjen-e-haradinajt\/#breadcrumb","itemListElement":[{"@type":"ListItem","position":1,"name":"Ballina","item":"https:\/\/permbledhja.com\/sq\/"},{"@type":"ListItem","position":2,"name":"Fillojn\u00eb p\u00ebrplasjet n\u00eb AAK-n\u00eb e De\u00e7anit, Demaliaj e quan frikacak Ramosajn, k\u00ebrkon nd\u00ebrhyrjen e Haradinajt"}]},{"@type":"WebSite","@id":"https:\/\/permbledhja.com\/#website","url":"https:\/\/permbledhja.com\/","name":"Ve\u00e7 artikuj p\u00ebrmbledh\u00ebs","description":"","publisher":{"@id":"https:\/\/permbledhja.com\/#organization"},"potentialAction":[{"@type":"SearchAction","target":{"@type":"EntryPoint","urlTemplate":"https:\/\/permbledhja.com\/?s={search_term_string}"},"query-input":"required name=search_term_string"}],"inLanguage":"sq"},{"@type":"Organization","@id":"https:\/\/permbledhja.com\/#organization","name":"MK Media & Pr","url":"https:\/\/permbledhja.com\/","logo":{"@type":"ImageObject","inLanguage":"sq","@id":"https:\/\/permbledhja.com\/#\/schema\/logo\/image\/","url":"https:\/\/permbledhja.com\/wp-content\/uploads\/2021\/12\/07-Press-Logo.jpg","contentUrl":"https:\/\/permbledhja.com\/wp-content\/uploads\/2021\/12\/07-Press-Logo.jpg","width":512,"height":512,"caption":"MK Media & Pr"},"image":{"@id":"https:\/\/permbledhja.com\/#\/schema\/logo\/image\/"},"sameAs":["https:\/\/www.facebook.com\/press07\/"]},{"@type":"Person","@id":"https:\/\/permbledhja.com\/#\/schema\/person\/0d064377258d3221e50693947b9eb4fe","name":"P\u00ebrmbledhja","image":{"@type":"ImageObject","inLanguage":"sq","@id":"https:\/\/permbledhja.com\/#\/schema\/person\/image\/","url":"https:\/\/permbledhja.com\/wp-content\/uploads\/2026\/01\/452004717_1040944174702970_8932037511805513407_n-96x96.jpg","contentUrl":"https:\/\/permbledhja.com\/wp-content\/uploads\/2026\/01\/452004717_1040944174702970_8932037511805513407_n-96x96.jpg","caption":"P\u00ebrmbledhja"},"sameAs":["https:\/\/www.facebook.com\/kafexhiu.muharrem\/","https:\/\/www.instagram.com\/muharrem_kafexhiu\/"],"url":"https:\/\/permbledhja.com\/sq\/author\/admin\/"}]}},"_links":{"self":[{"href":"https:\/\/permbledhja.com\/sq\/wp-json\/wp\/v2\/posts\/24754"}],"collection":[{"href":"https:\/\/permbledhja.com\/sq\/wp-json\/wp\/v2\/posts"}],"about":[{"href":"https:\/\/permbledhja.com\/sq\/wp-json\/wp\/v2\/types\/post"}],"author":[{"embeddable":true,"href":"https:\/\/permbledhja.com\/sq\/wp-json\/wp\/v2\/users\/1"}],"replies":[{"embeddable":true,"href":"https:\/\/permbledhja.com\/sq\/wp-json\/wp\/v2\/comments?post=24754"}],"version-history":[{"count":1,"href":"https:\/\/permbledhja.com\/sq\/wp-json\/wp\/v2\/posts\/24754\/revisions"}],"predecessor-version":[{"id":24756,"href":"https:\/\/permbledhja.com\/sq\/wp-json\/wp\/v2\/posts\/24754\/revisions\/24756"}],"wp:featuredmedia":[{"embeddable":true,"href":"https:\/\/permbledhja.com\/sq\/wp-json\/wp\/v2\/media\/24755"}],"wp:attachment":[{"href":"https:\/\/permbledhja.com\/sq\/wp-json\/wp\/v2\/media?parent=24754"}],"wp:term":[{"taxonomy":"category","embeddable":true,"href":"https:\/\/permbledhja.com\/sq\/wp-json\/wp\/v2\/categories?post=24754"},{"taxonomy":"post_tag","embeddable":true,"href":"https:\/\/permbledhja.com\/sq\/wp-json\/wp\/v2\/tags?post=24754"}],"curies":[{"name":"wp","href":"https:\/\/api.w.org\/{rel}","templated":true}]}}