{"id":24718,"date":"2023-08-26T05:52:18","date_gmt":"2023-08-26T05:52:18","guid":{"rendered":"https:\/\/permbledhja.com\/?p=24718"},"modified":"2023-08-26T05:52:18","modified_gmt":"2023-08-26T05:52:18","slug":"pervjetori-i-lindjes-se-shen-nene-terezes","status":"publish","type":"post","link":"https:\/\/permbledhja.com\/sq\/pervjetori-i-lindjes-se-shen-nene-terezes\/","title":{"rendered":"\u200bP\u00ebrvjetori i lindjes s\u00eb Sh\u00ebn N\u00ebn\u00eb Terez\u00ebs"},"content":{"rendered":"<h3>\u201cUn\u00eb gjithmon\u00eb e kam n\u00eb zem\u00ebr popullin tem shqiptar. Shum\u00eb e luti Zotin q\u00eb paqja e tij t\u00eb vij\u00eb n\u00eb zemrat tona, n\u00eb gjitha familjet tona, n\u00eb gjith\u00eb bot\u00ebn. Luti shum\u00eb p\u00ebr fukarat e mij \u2013 dhe p\u00ebr mua dhe motrat e mija. Un\u00eb lutem p\u00ebr juve\u201d, k\u00ebto jan\u00eb fjal\u00ebt e Sh\u00ebn N\u00ebn\u00eb Terez\u00ebs q\u00eb i kujtojm\u00eb n\u00eb p\u00ebrvjetorin e dit\u00eblindjes s\u00eb saj.<\/h3>\n<p>Nobelistja shqiptare Gonxhe Bojaxhiu &#8211; N\u00ebna Terez\u00eb ka lindur m\u00eb 26 gusht 1910 n\u00eb Shkup, at\u00ebher\u00eb pjes\u00eb e Vilajetit t\u00eb Kosov\u00ebs n\u00eb Perandorin\u00eb Osmane. Pasi kishte jetuar n\u00eb Maqedoni p\u00ebr tet\u00ebmb\u00ebdhjet\u00eb vjet, ajo u shp\u00ebrngul n\u00eb Irland\u00eb dhe m\u00eb pas n\u00eb Indi, ku jetoi pjes\u00ebn m\u00eb t\u00eb madhe t\u00eb jet\u00ebs s\u00eb saj.<\/p>\n<p>N\u00ebn\u00eb Tereza themeloi Misionar\u00ebt e Bamir\u00ebsis\u00eb, nj\u00eb kongregacion fetar i cili n\u00eb vitin 2012 kishte m\u00eb shum\u00eb se 4,500 motra dhe ishte aktiv n\u00eb 133 shtete.<\/p>\n<p>N\u00ebn\u00eb Tereza \u00ebsht\u00eb nderuar me \u00e7mimet dhe nderimet m\u00eb t\u00eb larta, duke p\u00ebrfshir\u00eb: m\u00eb 1962 \u00c7mimin e Paqes Ramon Magsaysay dhe 1979 \u00c7mimin Nobel p\u00ebr Paqe. M\u00eb 19 tetor 2003, ajo u lumturua dhe u quajt &#8220;Tereza e Bekuar e Kalkut\u00ebs&#8221;. P\u00ebr t\u2019u kanonizuar n\u00eb shenjtore, asaj duhej t\u2019i njihej nj\u00eb mrekulli e dyt\u00eb, n\u00eb baz\u00eb t\u00eb rregullave t\u00eb kish\u00ebs katolike. Nj\u00eb mrekulli e dyt\u00eb i \u00ebsht\u00eb njohur nga Papa Fran\u00e7esku, n\u00eb dhjetor t\u00eb vitit 2015, duke i hapur rrug\u00ebn q\u00eb ajo t\u00eb shpallet e shenjt nga Kisha Katolike e Rom\u00ebs. Kanonizimi i saj \u00ebsht\u00eb b\u00ebr\u00eb m\u00eb 4 shtator 2016, nj\u00eb dit\u00eb para 19-vjetorit t\u00eb vdekjes s\u00eb saj (5 Shtator), ku njihet edhe si dita e saj e fest\u00ebs.<\/p>\n<p>Nj\u00eb figur\u00eb e diskutueshme si gjat\u00eb jet\u00ebs dhe pas vdekjes s\u00eb saj, N\u00ebn\u00eb Tereza u admirua gjer\u00ebsisht nga shum\u00eb njer\u00ebz p\u00ebr veprat e saj bamir\u00ebse.<\/p>\n<p>N\u00eb dit\u00eblindjen e Sh\u00ebn N\u00ebn\u00eb Terez\u00ebs, q\u00eb sivjet koincidon me 7-vjetorin e shenjt\u00ebrimit t\u00eb saj nga Papa Fran\u00e7esku (2016), Dioqeza Prizren-Prishtin\u00eb, organizon akademi solemne, dit\u00ebn e sotme, n\u00eb or\u00ebn 19:00, n\u00eb Qendr\u00ebn \u201cBogdaniPolis\u201d, q\u00eb gjendet n\u00eb Katedralen Sh\u00ebn N\u00ebn\u00eb Tereza n\u00eb Prishtin\u00eb.\/KP<\/p>\n","protected":false},"excerpt":{"rendered":"<p>\u201cUn\u00eb gjithmon\u00eb e kam n\u00eb zem\u00ebr popullin tem shqiptar. Shum\u00eb e luti Zotin q\u00eb paqja e tij t\u00eb vij\u00eb n\u00eb zemrat tona, n\u00eb gjitha familjet tona, n\u00eb gjith\u00eb bot\u00ebn. Luti shum\u00eb p\u00ebr fukarat e mij \u2013 dhe p\u00ebr mua dhe motrat e mija. Un\u00eb lutem p\u00ebr juve\u201d, k\u00ebto jan\u00eb fjal\u00ebt e Sh\u00ebn N\u00ebn\u00eb Terez\u00ebs q\u00eb [&hellip;]<\/p>\n","protected":false},"author":1,"featured_media":24719,"comment_status":"closed","ping_status":"closed","sticky":false,"template":"","format":"standard","meta":{"_monsterinsights_skip_tracking":false,"_monsterinsights_sitenote_active":false,"_monsterinsights_sitenote_note":"","_monsterinsights_sitenote_category":0,"_uf_show_specific_survey":0,"_uf_disable_surveys":false,"footnotes":""},"categories":[1],"tags":[2324],"yoast_head":"<!-- This site is optimized with the Yoast SEO plugin v21.5 - https:\/\/yoast.com\/wordpress\/plugins\/seo\/ -->\n<title>\u200bP\u00ebrvjetori i lindjes s\u00eb Sh\u00ebn N\u00ebn\u00eb Terez\u00ebs<\/title>\n<meta name=\"robots\" content=\"index, follow, max-snippet:-1, max-image-preview:large, max-video-preview:-1\" \/>\n<link rel=\"canonical\" href=\"https:\/\/permbledhja.com\/sq\/pervjetori-i-lindjes-se-shen-nene-terezes\/\" \/>\n<meta property=\"og:locale\" content=\"sq_AL\" \/>\n<meta property=\"og:type\" content=\"article\" \/>\n<meta property=\"og:title\" content=\"\u200bP\u00ebrvjetori i lindjes s\u00eb Sh\u00ebn N\u00ebn\u00eb Terez\u00ebs\" \/>\n<meta property=\"og:description\" content=\"\u201cUn\u00eb gjithmon\u00eb e kam n\u00eb zem\u00ebr popullin tem shqiptar. Shum\u00eb e luti Zotin q\u00eb paqja e tij t\u00eb vij\u00eb n\u00eb zemrat tona, n\u00eb gjitha familjet tona, n\u00eb gjith\u00eb bot\u00ebn. Luti shum\u00eb p\u00ebr fukarat e mij \u2013 dhe p\u00ebr mua dhe motrat e mija. Un\u00eb lutem p\u00ebr juve\u201d, k\u00ebto jan\u00eb fjal\u00ebt e Sh\u00ebn N\u00ebn\u00eb Terez\u00ebs q\u00eb [&hellip;]\" \/>\n<meta property=\"og:url\" content=\"https:\/\/permbledhja.com\/sq\/pervjetori-i-lindjes-se-shen-nene-terezes\/\" \/>\n<meta property=\"og:site_name\" content=\"Ve\u00e7 artikuj p\u00ebrmbledh\u00ebs\" \/>\n<meta property=\"article:publisher\" content=\"https:\/\/www.facebook.com\/press07\/\" \/>\n<meta property=\"article:author\" content=\"https:\/\/www.facebook.com\/kafexhiu.muharrem\/\" \/>\n<meta property=\"article:published_time\" content=\"2023-08-26T05:52:18+00:00\" \/>\n<meta property=\"og:image\" content=\"https:\/\/permbledhja.com\/wp-content\/uploads\/2023\/08\/96121693028353.jpg\" \/>\n\t<meta property=\"og:image:width\" content=\"600\" \/>\n\t<meta property=\"og:image:height\" content=\"400\" \/>\n\t<meta property=\"og:image:type\" content=\"image\/jpeg\" \/>\n<meta name=\"author\" content=\"P\u00ebrmbledhja\" \/>\n<meta name=\"twitter:card\" content=\"summary_large_image\" \/>\n<meta name=\"twitter:label1\" content=\"Written by\" \/>\n\t<meta name=\"twitter:data1\" content=\"P\u00ebrmbledhja\" \/>\n\t<meta name=\"twitter:label2\" content=\"Est. reading time\" \/>\n\t<meta name=\"twitter:data2\" content=\"2 minuta\" \/>\n<script type=\"application\/ld+json\" class=\"yoast-schema-graph\">{\"@context\":\"https:\/\/schema.org\",\"@graph\":[{\"@type\":\"Article\",\"@id\":\"https:\/\/permbledhja.com\/sq\/pervjetori-i-lindjes-se-shen-nene-terezes\/#article\",\"isPartOf\":{\"@id\":\"https:\/\/permbledhja.com\/sq\/pervjetori-i-lindjes-se-shen-nene-terezes\/\"},\"author\":{\"name\":\"P\u00ebrmbledhja\",\"@id\":\"https:\/\/permbledhja.com\/#\/schema\/person\/0d064377258d3221e50693947b9eb4fe\"},\"headline\":\"\u200bP\u00ebrvjetori i lindjes s\u00eb Sh\u00ebn N\u00ebn\u00eb Terez\u00ebs\",\"datePublished\":\"2023-08-26T05:52:18+00:00\",\"dateModified\":\"2023-08-26T05:52:18+00:00\",\"mainEntityOfPage\":{\"@id\":\"https:\/\/permbledhja.com\/sq\/pervjetori-i-lindjes-se-shen-nene-terezes\/\"},\"wordCount\":377,\"publisher\":{\"@id\":\"https:\/\/permbledhja.com\/#organization\"},\"keywords\":[\"N\u00ebn\u00eb Tereza\"],\"articleSection\":[\"Breaking News\"],\"inLanguage\":\"sq\"},{\"@type\":\"WebPage\",\"@id\":\"https:\/\/permbledhja.com\/sq\/pervjetori-i-lindjes-se-shen-nene-terezes\/\",\"url\":\"https:\/\/permbledhja.com\/sq\/pervjetori-i-lindjes-se-shen-nene-terezes\/\",\"name\":\"\u200bP\u00ebrvjetori i lindjes s\u00eb Sh\u00ebn N\u00ebn\u00eb Terez\u00ebs\",\"isPartOf\":{\"@id\":\"https:\/\/permbledhja.com\/#website\"},\"datePublished\":\"2023-08-26T05:52:18+00:00\",\"dateModified\":\"2023-08-26T05:52:18+00:00\",\"breadcrumb\":{\"@id\":\"https:\/\/permbledhja.com\/sq\/pervjetori-i-lindjes-se-shen-nene-terezes\/#breadcrumb\"},\"inLanguage\":\"sq\",\"potentialAction\":[{\"@type\":\"ReadAction\",\"target\":[\"https:\/\/permbledhja.com\/sq\/pervjetori-i-lindjes-se-shen-nene-terezes\/\"]}]},{\"@type\":\"BreadcrumbList\",\"@id\":\"https:\/\/permbledhja.com\/sq\/pervjetori-i-lindjes-se-shen-nene-terezes\/#breadcrumb\",\"itemListElement\":[{\"@type\":\"ListItem\",\"position\":1,\"name\":\"Ballina\",\"item\":\"https:\/\/permbledhja.com\/sq\/\"},{\"@type\":\"ListItem\",\"position\":2,\"name\":\"\u200bP\u00ebrvjetori i lindjes s\u00eb Sh\u00ebn N\u00ebn\u00eb Terez\u00ebs\"}]},{\"@type\":\"WebSite\",\"@id\":\"https:\/\/permbledhja.com\/#website\",\"url\":\"https:\/\/permbledhja.com\/\",\"name\":\"Ve\u00e7 artikuj p\u00ebrmbledh\u00ebs\",\"description\":\"\",\"publisher\":{\"@id\":\"https:\/\/permbledhja.com\/#organization\"},\"potentialAction\":[{\"@type\":\"SearchAction\",\"target\":{\"@type\":\"EntryPoint\",\"urlTemplate\":\"https:\/\/permbledhja.com\/?s={search_term_string}\"},\"query-input\":\"required name=search_term_string\"}],\"inLanguage\":\"sq\"},{\"@type\":\"Organization\",\"@id\":\"https:\/\/permbledhja.com\/#organization\",\"name\":\"MK Media & Pr\",\"url\":\"https:\/\/permbledhja.com\/\",\"logo\":{\"@type\":\"ImageObject\",\"inLanguage\":\"sq\",\"@id\":\"https:\/\/permbledhja.com\/#\/schema\/logo\/image\/\",\"url\":\"https:\/\/permbledhja.com\/wp-content\/uploads\/2021\/12\/07-Press-Logo.jpg\",\"contentUrl\":\"https:\/\/permbledhja.com\/wp-content\/uploads\/2021\/12\/07-Press-Logo.jpg\",\"width\":512,\"height\":512,\"caption\":\"MK Media & Pr\"},\"image\":{\"@id\":\"https:\/\/permbledhja.com\/#\/schema\/logo\/image\/\"},\"sameAs\":[\"https:\/\/www.facebook.com\/press07\/\"]},{\"@type\":\"Person\",\"@id\":\"https:\/\/permbledhja.com\/#\/schema\/person\/0d064377258d3221e50693947b9eb4fe\",\"name\":\"P\u00ebrmbledhja\",\"image\":{\"@type\":\"ImageObject\",\"inLanguage\":\"sq\",\"@id\":\"https:\/\/permbledhja.com\/#\/schema\/person\/image\/\",\"url\":\"https:\/\/permbledhja.com\/wp-content\/uploads\/2026\/01\/452004717_1040944174702970_8932037511805513407_n-96x96.jpg\",\"contentUrl\":\"https:\/\/permbledhja.com\/wp-content\/uploads\/2026\/01\/452004717_1040944174702970_8932037511805513407_n-96x96.jpg\",\"caption\":\"P\u00ebrmbledhja\"},\"sameAs\":[\"https:\/\/www.facebook.com\/kafexhiu.muharrem\/\",\"https:\/\/www.instagram.com\/muharrem_kafexhiu\/\"],\"url\":\"https:\/\/permbledhja.com\/sq\/author\/admin\/\"}]}<\/script>\n<!-- \/ Yoast SEO plugin. -->","yoast_head_json":{"title":"\u200bP\u00ebrvjetori i lindjes s\u00eb Sh\u00ebn N\u00ebn\u00eb Terez\u00ebs","robots":{"index":"index","follow":"follow","max-snippet":"max-snippet:-1","max-image-preview":"max-image-preview:large","max-video-preview":"max-video-preview:-1"},"canonical":"https:\/\/permbledhja.com\/sq\/pervjetori-i-lindjes-se-shen-nene-terezes\/","og_locale":"sq_AL","og_type":"article","og_title":"\u200bP\u00ebrvjetori i lindjes s\u00eb Sh\u00ebn N\u00ebn\u00eb Terez\u00ebs","og_description":"\u201cUn\u00eb gjithmon\u00eb e kam n\u00eb zem\u00ebr popullin tem shqiptar. Shum\u00eb e luti Zotin q\u00eb paqja e tij t\u00eb vij\u00eb n\u00eb zemrat tona, n\u00eb gjitha familjet tona, n\u00eb gjith\u00eb bot\u00ebn. Luti shum\u00eb p\u00ebr fukarat e mij \u2013 dhe p\u00ebr mua dhe motrat e mija. Un\u00eb lutem p\u00ebr juve\u201d, k\u00ebto jan\u00eb fjal\u00ebt e Sh\u00ebn N\u00ebn\u00eb Terez\u00ebs q\u00eb [&hellip;]","og_url":"https:\/\/permbledhja.com\/sq\/pervjetori-i-lindjes-se-shen-nene-terezes\/","og_site_name":"Ve\u00e7 artikuj p\u00ebrmbledh\u00ebs","article_publisher":"https:\/\/www.facebook.com\/press07\/","article_author":"https:\/\/www.facebook.com\/kafexhiu.muharrem\/","article_published_time":"2023-08-26T05:52:18+00:00","og_image":[{"width":600,"height":400,"url":"https:\/\/permbledhja.com\/wp-content\/uploads\/2023\/08\/96121693028353.jpg","type":"image\/jpeg"}],"author":"P\u00ebrmbledhja","twitter_card":"summary_large_image","twitter_misc":{"Written by":"P\u00ebrmbledhja","Est. reading time":"2 minuta"},"schema":{"@context":"https:\/\/schema.org","@graph":[{"@type":"Article","@id":"https:\/\/permbledhja.com\/sq\/pervjetori-i-lindjes-se-shen-nene-terezes\/#article","isPartOf":{"@id":"https:\/\/permbledhja.com\/sq\/pervjetori-i-lindjes-se-shen-nene-terezes\/"},"author":{"name":"P\u00ebrmbledhja","@id":"https:\/\/permbledhja.com\/#\/schema\/person\/0d064377258d3221e50693947b9eb4fe"},"headline":"\u200bP\u00ebrvjetori i lindjes s\u00eb Sh\u00ebn N\u00ebn\u00eb Terez\u00ebs","datePublished":"2023-08-26T05:52:18+00:00","dateModified":"2023-08-26T05:52:18+00:00","mainEntityOfPage":{"@id":"https:\/\/permbledhja.com\/sq\/pervjetori-i-lindjes-se-shen-nene-terezes\/"},"wordCount":377,"publisher":{"@id":"https:\/\/permbledhja.com\/#organization"},"keywords":["N\u00ebn\u00eb Tereza"],"articleSection":["Breaking News"],"inLanguage":"sq"},{"@type":"WebPage","@id":"https:\/\/permbledhja.com\/sq\/pervjetori-i-lindjes-se-shen-nene-terezes\/","url":"https:\/\/permbledhja.com\/sq\/pervjetori-i-lindjes-se-shen-nene-terezes\/","name":"\u200bP\u00ebrvjetori i lindjes s\u00eb Sh\u00ebn N\u00ebn\u00eb Terez\u00ebs","isPartOf":{"@id":"https:\/\/permbledhja.com\/#website"},"datePublished":"2023-08-26T05:52:18+00:00","dateModified":"2023-08-26T05:52:18+00:00","breadcrumb":{"@id":"https:\/\/permbledhja.com\/sq\/pervjetori-i-lindjes-se-shen-nene-terezes\/#breadcrumb"},"inLanguage":"sq","potentialAction":[{"@type":"ReadAction","target":["https:\/\/permbledhja.com\/sq\/pervjetori-i-lindjes-se-shen-nene-terezes\/"]}]},{"@type":"BreadcrumbList","@id":"https:\/\/permbledhja.com\/sq\/pervjetori-i-lindjes-se-shen-nene-terezes\/#breadcrumb","itemListElement":[{"@type":"ListItem","position":1,"name":"Ballina","item":"https:\/\/permbledhja.com\/sq\/"},{"@type":"ListItem","position":2,"name":"\u200bP\u00ebrvjetori i lindjes s\u00eb Sh\u00ebn N\u00ebn\u00eb Terez\u00ebs"}]},{"@type":"WebSite","@id":"https:\/\/permbledhja.com\/#website","url":"https:\/\/permbledhja.com\/","name":"Ve\u00e7 artikuj p\u00ebrmbledh\u00ebs","description":"","publisher":{"@id":"https:\/\/permbledhja.com\/#organization"},"potentialAction":[{"@type":"SearchAction","target":{"@type":"EntryPoint","urlTemplate":"https:\/\/permbledhja.com\/?s={search_term_string}"},"query-input":"required name=search_term_string"}],"inLanguage":"sq"},{"@type":"Organization","@id":"https:\/\/permbledhja.com\/#organization","name":"MK Media & Pr","url":"https:\/\/permbledhja.com\/","logo":{"@type":"ImageObject","inLanguage":"sq","@id":"https:\/\/permbledhja.com\/#\/schema\/logo\/image\/","url":"https:\/\/permbledhja.com\/wp-content\/uploads\/2021\/12\/07-Press-Logo.jpg","contentUrl":"https:\/\/permbledhja.com\/wp-content\/uploads\/2021\/12\/07-Press-Logo.jpg","width":512,"height":512,"caption":"MK Media & Pr"},"image":{"@id":"https:\/\/permbledhja.com\/#\/schema\/logo\/image\/"},"sameAs":["https:\/\/www.facebook.com\/press07\/"]},{"@type":"Person","@id":"https:\/\/permbledhja.com\/#\/schema\/person\/0d064377258d3221e50693947b9eb4fe","name":"P\u00ebrmbledhja","image":{"@type":"ImageObject","inLanguage":"sq","@id":"https:\/\/permbledhja.com\/#\/schema\/person\/image\/","url":"https:\/\/permbledhja.com\/wp-content\/uploads\/2026\/01\/452004717_1040944174702970_8932037511805513407_n-96x96.jpg","contentUrl":"https:\/\/permbledhja.com\/wp-content\/uploads\/2026\/01\/452004717_1040944174702970_8932037511805513407_n-96x96.jpg","caption":"P\u00ebrmbledhja"},"sameAs":["https:\/\/www.facebook.com\/kafexhiu.muharrem\/","https:\/\/www.instagram.com\/muharrem_kafexhiu\/"],"url":"https:\/\/permbledhja.com\/sq\/author\/admin\/"}]}},"_links":{"self":[{"href":"https:\/\/permbledhja.com\/sq\/wp-json\/wp\/v2\/posts\/24718"}],"collection":[{"href":"https:\/\/permbledhja.com\/sq\/wp-json\/wp\/v2\/posts"}],"about":[{"href":"https:\/\/permbledhja.com\/sq\/wp-json\/wp\/v2\/types\/post"}],"author":[{"embeddable":true,"href":"https:\/\/permbledhja.com\/sq\/wp-json\/wp\/v2\/users\/1"}],"replies":[{"embeddable":true,"href":"https:\/\/permbledhja.com\/sq\/wp-json\/wp\/v2\/comments?post=24718"}],"version-history":[{"count":1,"href":"https:\/\/permbledhja.com\/sq\/wp-json\/wp\/v2\/posts\/24718\/revisions"}],"predecessor-version":[{"id":24720,"href":"https:\/\/permbledhja.com\/sq\/wp-json\/wp\/v2\/posts\/24718\/revisions\/24720"}],"wp:featuredmedia":[{"embeddable":true,"href":"https:\/\/permbledhja.com\/sq\/wp-json\/wp\/v2\/media\/24719"}],"wp:attachment":[{"href":"https:\/\/permbledhja.com\/sq\/wp-json\/wp\/v2\/media?parent=24718"}],"wp:term":[{"taxonomy":"category","embeddable":true,"href":"https:\/\/permbledhja.com\/sq\/wp-json\/wp\/v2\/categories?post=24718"},{"taxonomy":"post_tag","embeddable":true,"href":"https:\/\/permbledhja.com\/sq\/wp-json\/wp\/v2\/tags?post=24718"}],"curies":[{"name":"wp","href":"https:\/\/api.w.org\/{rel}","templated":true}]}}