{"id":2471,"date":"2022-07-15T10:27:28","date_gmt":"2022-07-15T10:27:28","guid":{"rendered":"https:\/\/permbledhja.com\/?p=2471"},"modified":"2022-07-15T10:27:28","modified_gmt":"2022-07-15T10:27:28","slug":"kongresi-miraton-rezolute-per-vellezerit-bytyqi-raporti-shba-serbi-te-varet-nga-zgjidhja-e-rastit","status":"publish","type":"post","link":"https:\/\/permbledhja.com\/sq\/kongresi-miraton-rezolute-per-vellezerit-bytyqi-raporti-shba-serbi-te-varet-nga-zgjidhja-e-rastit\/","title":{"rendered":"Kongresi miraton Rezolut\u00eb p\u00ebr v\u00ebllez\u00ebrit Bytyqi: Raporti SHBA-Serbi t\u00eb varet nga zgjidhja e rastit"},"content":{"rendered":"<p><strong>M\u00eb 14 korrik 2022 n\u00eb Dhom\u00ebn e P\u00ebrfaq\u00ebsuesve t\u00eb Kongresit Amerikan ka marr\u00eb drit\u00ebn e gjelb\u00ebr Rezoluta p\u00ebr rastin e vrasjes t\u00eb v\u00ebllez\u00ebrve Bytyqi, e cila ishte dor\u00ebzuar n\u00eb k\u00ebt\u00eb institucion m\u00eb 29 korrik 2021.<\/strong><\/p>\n<p>Sipas Rezolut\u00ebs s\u00eb miratuar, \u00ebsht\u00eb k\u00ebrkuar q\u00eb personat p\u00ebrgjegj\u00ebs p\u00ebr vrasjet e Ylli, Agron Dhe Mehmet Bytyqit n\u00eb korrik 1999 n\u00eb Serbi duhet t\u00eb sillen para drejt\u00ebsis\u00eb.<\/p>\n<p>https:\/\/permbledhja.com\/ne-kete-qytet-te-kosoves-mund-te-gjejne-pune-menjehere-afer-800-persona\/<\/p>\n<p>Gjithashtu \u00ebsht\u00eb d\u00ebnuar fakti q\u00eb ende asnj\u00eb individ nuk \u00ebsht\u00eb shpallur fajtor\u00eb ndonj\u00ebher\u00eb p\u00ebr vrasjen e tyre, apo edhe p\u00ebr ndonj\u00eb krim tjet\u00ebr q\u00eb lidhet me vdekjen e tyre dhe gjithashtu q\u00eb asnj\u00eb person nuk po p\u00ebrballet me akuza p\u00ebr nj\u00eb krim t\u00eb till\u00eb t\u00eb tmerrsh\u00ebm.<\/p>\n<p>Rezoluta n\u00eb pik\u00ebn tre t\u00eb saj k\u00ebrkon q\u00eb \u201cQeveria e Serbis\u00eb dhe ministrit\u00eb dhe zyrat e saj p\u00ebrkat\u00ebse, duke p\u00ebrfshir\u00eb edhe Prokurorin\u00eb Serbe p\u00ebr Krimet e Luft\u00ebs, duhet ta b\u00ebjn\u00eb prioritet hetimin dhe ndjekjen penale sa m\u00eb shpejt t\u00eb jet\u00eb e mundur ndaj atyre zyrtar\u00ebve aktual\u00eb ose ish-zyrtar\u00ebve q\u00eb besohet se jan\u00eb p\u00ebrgjegj\u00ebs p\u00ebr vdekjen e tyre, drejtp\u00ebrdrejt ose n\u00eb m\u00ebnyr\u00eb indirekte\u201d, raporton Express.<\/p>\n<p>N\u00eb pik\u00ebn kat\u00ebr thuhet se SHBA-ja duhet t\u00eb ofroj\u00eb burime t\u00eb mjaftueshme p\u00ebr t\u00eb ndihmuar dhe p\u00ebr t\u00eb monitoruar p\u00ebrpjekjet e Qeveris\u00eb s\u00eb Serbis\u00eb dhe ministrive p\u00ebr t\u00eb hetuar dhe ndjekur penalisht sa m\u00eb shpejt\u00eb t\u00eb jet\u00eb e mundur ata persona q\u00eb besohet se jan\u00eb t\u00eb p\u00ebrfshir\u00eb n\u00eb vdekjen e tyre, drejtp\u00ebrdrejt apo t\u00ebrthorazi.<\/p>\n<p>Dhe n\u00eb pik\u00ebn e fundit, thuhet se progresi apo mungesa e tij n\u00eb zgjidhjen e k\u00ebtij rasti, duhet t\u00eb mbetet faktor i r\u00ebnd\u00ebsish\u00ebm q\u00eb p\u00ebrcakton zhvillimin e m\u00ebtejsh\u00ebm t\u00eb raporteve nd\u00ebrmjet SHBA-s\u00eb dhe Serbis\u00eb.<\/p>\n<p>\u201cprogresi n\u00eb zgjidhjen e k\u00ebtij rasti, ose mungesa e tij, duhet t\u00eb mbetet nj\u00eb faktor i r\u00ebnd\u00ebsish\u00ebm q\u00eb p\u00ebrcakton zhvillimin e m\u00ebtejsh\u00ebm t\u00eb marr\u00ebdh\u00ebnieve nd\u00ebrmjet Shteteve t\u00eb Bashkuara dhe Republik\u00ebs s\u00eb Serbis\u00eb\u201d, thuhet n\u00eb pik\u00ebn pes\u00eb t\u00eb Rezolut\u00ebs q\u00eb \u00ebsht\u00eb miratuar n\u00eb Dhom\u00ebn e P\u00ebrfaq\u00ebsuesve.<\/p>\n<p>https:\/\/permbledhja.com\/njembedhjete-net-ushqim-muzike-e-argetim-ne-prishtina-gastronomy-festival\/<\/p>\n<p>Rezoluta ka marr\u00eb 423 vota \u201cpro\u201d, 1 kund\u00ebr, derisa s\u2019kan\u00eb votuar 6.<\/p>\n<p>Lidhur me k\u00ebt\u00eb ngjarje n\u00eb Dhom\u00ebn e P\u00ebrfaq\u00ebsuesve ka reaguar edhe familja Bytyqi p\u00ebrmes llogaris\u00eb zyrtare n\u00eb \u201cTwitter\u201d.\u201cLajme!Dhoma e P\u00ebrfaq\u00ebsuesve sapo miratoi Rezolut\u00ebn e V\u00ebllez\u00ebrit Bytyqi, duke vendosur se \u2018progresi n\u00eb zgjidhjen e rastit, ose mungesa e tij, duhet t\u00eb mbetet nj\u00eb faktor i r\u00ebnd\u00ebsish\u00ebm q\u00eb p\u00ebrcakton zhvillimin e m\u00ebtejsh\u00ebm t\u00eb marr\u00ebdh\u00ebnieve mes SHBA-s\u00eb dhe Serbis\u00eb.\u201d, duke falend\u00ebruar edhe politikanin amerikan Lee Zeldin q\u00eb e ka sponzorizuar Rezolut\u00ebn.<\/p>\n<blockquote class=\"twitter-tweet\">\n<p lang=\"en\" dir=\"ltr\">News!<\/p>\n<p>The House just passed the Bytyqi Brothers Resolution, resolving that \u2018progress in resolving case, or lack thereof, should remain a significant factor determining further development of relations b\/w US &amp; Serbia.\u2019<\/p>\n<p>Full text here: <a href=\"https:\/\/t.co\/lZqQGNDpwC\">https:\/\/t.co\/lZqQGNDpwC<\/a><\/p>\n<p>TY <a href=\"https:\/\/twitter.com\/RepLeeZeldin?ref_src=twsrc%5Etfw\">@RepLeeZeldin<\/a>! <a href=\"https:\/\/t.co\/OaRMG8eFQh\">pic.twitter.com\/OaRMG8eFQh<\/a><\/p>\n<p>&mdash; Bytyqi Brothers (@BytyqiBrothers) <a href=\"https:\/\/twitter.com\/BytyqiBrothers\/status\/1547718651498770432?ref_src=twsrc%5Etfw\">July 14, 2022<\/a><\/p><\/blockquote>\n<p> <script async src=\"https:\/\/platform.twitter.com\/widgets.js\" charset=\"utf-8\"><\/script><\/p>\n","protected":false},"excerpt":{"rendered":"<p>M\u00eb 14 korrik 2022 n\u00eb Dhom\u00ebn e P\u00ebrfaq\u00ebsuesve t\u00eb Kongresit Amerikan ka marr\u00eb drit\u00ebn e gjelb\u00ebr Rezoluta p\u00ebr rastin e vrasjes t\u00eb v\u00ebllez\u00ebrve Bytyqi, e cila ishte dor\u00ebzuar n\u00eb k\u00ebt\u00eb institucion m\u00eb 29 korrik 2021. Sipas Rezolut\u00ebs s\u00eb miratuar, \u00ebsht\u00eb k\u00ebrkuar q\u00eb personat p\u00ebrgjegj\u00ebs p\u00ebr vrasjet e Ylli, Agron Dhe Mehmet Bytyqit n\u00eb korrik 1999 [&hellip;]<\/p>\n","protected":false},"author":1,"featured_media":2472,"comment_status":"closed","ping_status":"closed","sticky":false,"template":"","format":"standard","meta":{"_monsterinsights_skip_tracking":false,"_monsterinsights_sitenote_active":false,"_monsterinsights_sitenote_note":"","_monsterinsights_sitenote_category":0,"_uf_show_specific_survey":0,"_uf_disable_surveys":false,"footnotes":""},"categories":[22],"tags":[457],"yoast_head":"<!-- This site is optimized with the Yoast SEO plugin v21.5 - https:\/\/yoast.com\/wordpress\/plugins\/seo\/ -->\n<title>Kongresi miraton Rezolut\u00eb p\u00ebr v\u00ebllez\u00ebrit Bytyqi: Raporti SHBA-Serbi t\u00eb varet nga zgjidhja e rastit<\/title>\n<meta name=\"robots\" content=\"index, follow, max-snippet:-1, max-image-preview:large, max-video-preview:-1\" \/>\n<link rel=\"canonical\" href=\"https:\/\/permbledhja.com\/sq\/kongresi-miraton-rezolute-per-vellezerit-bytyqi-raporti-shba-serbi-te-varet-nga-zgjidhja-e-rastit\/\" \/>\n<meta property=\"og:locale\" content=\"sq_AL\" \/>\n<meta property=\"og:type\" content=\"article\" \/>\n<meta property=\"og:title\" content=\"Kongresi miraton Rezolut\u00eb p\u00ebr v\u00ebllez\u00ebrit Bytyqi: Raporti SHBA-Serbi t\u00eb varet nga zgjidhja e rastit\" \/>\n<meta property=\"og:description\" content=\"M\u00eb 14 korrik 2022 n\u00eb Dhom\u00ebn e P\u00ebrfaq\u00ebsuesve t\u00eb Kongresit Amerikan ka marr\u00eb drit\u00ebn e gjelb\u00ebr Rezoluta p\u00ebr rastin e vrasjes t\u00eb v\u00ebllez\u00ebrve Bytyqi, e cila ishte dor\u00ebzuar n\u00eb k\u00ebt\u00eb institucion m\u00eb 29 korrik 2021. Sipas Rezolut\u00ebs s\u00eb miratuar, \u00ebsht\u00eb k\u00ebrkuar q\u00eb personat p\u00ebrgjegj\u00ebs p\u00ebr vrasjet e Ylli, Agron Dhe Mehmet Bytyqit n\u00eb korrik 1999 [&hellip;]\" \/>\n<meta property=\"og:url\" content=\"https:\/\/permbledhja.com\/sq\/kongresi-miraton-rezolute-per-vellezerit-bytyqi-raporti-shba-serbi-te-varet-nga-zgjidhja-e-rastit\/\" \/>\n<meta property=\"og:site_name\" content=\"Ve\u00e7 artikuj p\u00ebrmbledh\u00ebs\" \/>\n<meta property=\"article:publisher\" content=\"https:\/\/www.facebook.com\/press07\/\" \/>\n<meta property=\"article:author\" content=\"https:\/\/www.facebook.com\/kafexhiu.muharrem\/\" \/>\n<meta property=\"article:published_time\" content=\"2022-07-15T10:27:28+00:00\" \/>\n<meta property=\"og:image\" content=\"https:\/\/permbledhja.com\/wp-content\/uploads\/2022\/07\/2000-600x360-1.jpeg\" \/>\n\t<meta property=\"og:image:width\" content=\"600\" \/>\n\t<meta property=\"og:image:height\" content=\"360\" \/>\n\t<meta property=\"og:image:type\" content=\"image\/jpeg\" \/>\n<meta name=\"author\" content=\"P\u00ebrmbledhja\" \/>\n<meta name=\"twitter:card\" content=\"summary_large_image\" \/>\n<meta name=\"twitter:label1\" content=\"Written by\" \/>\n\t<meta name=\"twitter:data1\" content=\"P\u00ebrmbledhja\" \/>\n\t<meta name=\"twitter:label2\" content=\"Est. reading time\" \/>\n\t<meta name=\"twitter:data2\" content=\"3 minuta\" \/>\n<script type=\"application\/ld+json\" class=\"yoast-schema-graph\">{\"@context\":\"https:\/\/schema.org\",\"@graph\":[{\"@type\":\"Article\",\"@id\":\"https:\/\/permbledhja.com\/kongresi-miraton-rezolute-per-vellezerit-bytyqi-raporti-shba-serbi-te-varet-nga-zgjidhja-e-rastit\/#article\",\"isPartOf\":{\"@id\":\"https:\/\/permbledhja.com\/kongresi-miraton-rezolute-per-vellezerit-bytyqi-raporti-shba-serbi-te-varet-nga-zgjidhja-e-rastit\/\"},\"author\":{\"name\":\"P\u00ebrmbledhja\",\"@id\":\"https:\/\/permbledhja.com\/#\/schema\/person\/0d064377258d3221e50693947b9eb4fe\"},\"headline\":\"Kongresi miraton Rezolut\u00eb p\u00ebr v\u00ebllez\u00ebrit Bytyqi: Raporti SHBA-Serbi t\u00eb varet nga zgjidhja e rastit\",\"datePublished\":\"2022-07-15T10:27:28+00:00\",\"dateModified\":\"2022-07-15T10:27:28+00:00\",\"mainEntityOfPage\":{\"@id\":\"https:\/\/permbledhja.com\/kongresi-miraton-rezolute-per-vellezerit-bytyqi-raporti-shba-serbi-te-varet-nga-zgjidhja-e-rastit\/\"},\"wordCount\":552,\"publisher\":{\"@id\":\"https:\/\/permbledhja.com\/#organization\"},\"keywords\":[\"Rezolut\u00eb\"],\"articleSection\":[\"Ballina\"],\"inLanguage\":\"sq\"},{\"@type\":\"WebPage\",\"@id\":\"https:\/\/permbledhja.com\/kongresi-miraton-rezolute-per-vellezerit-bytyqi-raporti-shba-serbi-te-varet-nga-zgjidhja-e-rastit\/\",\"url\":\"https:\/\/permbledhja.com\/kongresi-miraton-rezolute-per-vellezerit-bytyqi-raporti-shba-serbi-te-varet-nga-zgjidhja-e-rastit\/\",\"name\":\"Kongresi miraton Rezolut\u00eb p\u00ebr v\u00ebllez\u00ebrit Bytyqi: Raporti SHBA-Serbi t\u00eb varet nga zgjidhja e rastit\",\"isPartOf\":{\"@id\":\"https:\/\/permbledhja.com\/#website\"},\"datePublished\":\"2022-07-15T10:27:28+00:00\",\"dateModified\":\"2022-07-15T10:27:28+00:00\",\"breadcrumb\":{\"@id\":\"https:\/\/permbledhja.com\/kongresi-miraton-rezolute-per-vellezerit-bytyqi-raporti-shba-serbi-te-varet-nga-zgjidhja-e-rastit\/#breadcrumb\"},\"inLanguage\":\"sq\",\"potentialAction\":[{\"@type\":\"ReadAction\",\"target\":[\"https:\/\/permbledhja.com\/kongresi-miraton-rezolute-per-vellezerit-bytyqi-raporti-shba-serbi-te-varet-nga-zgjidhja-e-rastit\/\"]}]},{\"@type\":\"BreadcrumbList\",\"@id\":\"https:\/\/permbledhja.com\/kongresi-miraton-rezolute-per-vellezerit-bytyqi-raporti-shba-serbi-te-varet-nga-zgjidhja-e-rastit\/#breadcrumb\",\"itemListElement\":[{\"@type\":\"ListItem\",\"position\":1,\"name\":\"Ballina\",\"item\":\"https:\/\/permbledhja.com\/sq\/\"},{\"@type\":\"ListItem\",\"position\":2,\"name\":\"Kongresi miraton Rezolut\u00eb p\u00ebr v\u00ebllez\u00ebrit Bytyqi: Raporti SHBA-Serbi t\u00eb varet nga zgjidhja e rastit\"}]},{\"@type\":\"WebSite\",\"@id\":\"https:\/\/permbledhja.com\/#website\",\"url\":\"https:\/\/permbledhja.com\/\",\"name\":\"Ve\u00e7 artikuj p\u00ebrmbledh\u00ebs\",\"description\":\"\",\"publisher\":{\"@id\":\"https:\/\/permbledhja.com\/#organization\"},\"potentialAction\":[{\"@type\":\"SearchAction\",\"target\":{\"@type\":\"EntryPoint\",\"urlTemplate\":\"https:\/\/permbledhja.com\/?s={search_term_string}\"},\"query-input\":\"required name=search_term_string\"}],\"inLanguage\":\"sq\"},{\"@type\":\"Organization\",\"@id\":\"https:\/\/permbledhja.com\/#organization\",\"name\":\"MK Media & Pr\",\"url\":\"https:\/\/permbledhja.com\/\",\"logo\":{\"@type\":\"ImageObject\",\"inLanguage\":\"sq\",\"@id\":\"https:\/\/permbledhja.com\/#\/schema\/logo\/image\/\",\"url\":\"https:\/\/permbledhja.com\/wp-content\/uploads\/2021\/12\/07-Press-Logo.jpg\",\"contentUrl\":\"https:\/\/permbledhja.com\/wp-content\/uploads\/2021\/12\/07-Press-Logo.jpg\",\"width\":512,\"height\":512,\"caption\":\"MK Media & Pr\"},\"image\":{\"@id\":\"https:\/\/permbledhja.com\/#\/schema\/logo\/image\/\"},\"sameAs\":[\"https:\/\/www.facebook.com\/press07\/\"]},{\"@type\":\"Person\",\"@id\":\"https:\/\/permbledhja.com\/#\/schema\/person\/0d064377258d3221e50693947b9eb4fe\",\"name\":\"P\u00ebrmbledhja\",\"image\":{\"@type\":\"ImageObject\",\"inLanguage\":\"sq\",\"@id\":\"https:\/\/permbledhja.com\/#\/schema\/person\/image\/\",\"url\":\"https:\/\/permbledhja.com\/wp-content\/uploads\/2026\/01\/452004717_1040944174702970_8932037511805513407_n-96x96.jpg\",\"contentUrl\":\"https:\/\/permbledhja.com\/wp-content\/uploads\/2026\/01\/452004717_1040944174702970_8932037511805513407_n-96x96.jpg\",\"caption\":\"P\u00ebrmbledhja\"},\"sameAs\":[\"https:\/\/www.facebook.com\/kafexhiu.muharrem\/\",\"https:\/\/www.instagram.com\/muharrem_kafexhiu\/\"],\"url\":\"https:\/\/permbledhja.com\/sq\/author\/admin\/\"}]}<\/script>\n<!-- \/ Yoast SEO plugin. -->","yoast_head_json":{"title":"Kongresi miraton Rezolut\u00eb p\u00ebr v\u00ebllez\u00ebrit Bytyqi: Raporti SHBA-Serbi t\u00eb varet nga zgjidhja e rastit","robots":{"index":"index","follow":"follow","max-snippet":"max-snippet:-1","max-image-preview":"max-image-preview:large","max-video-preview":"max-video-preview:-1"},"canonical":"https:\/\/permbledhja.com\/sq\/kongresi-miraton-rezolute-per-vellezerit-bytyqi-raporti-shba-serbi-te-varet-nga-zgjidhja-e-rastit\/","og_locale":"sq_AL","og_type":"article","og_title":"Kongresi miraton Rezolut\u00eb p\u00ebr v\u00ebllez\u00ebrit Bytyqi: Raporti SHBA-Serbi t\u00eb varet nga zgjidhja e rastit","og_description":"M\u00eb 14 korrik 2022 n\u00eb Dhom\u00ebn e P\u00ebrfaq\u00ebsuesve t\u00eb Kongresit Amerikan ka marr\u00eb drit\u00ebn e gjelb\u00ebr Rezoluta p\u00ebr rastin e vrasjes t\u00eb v\u00ebllez\u00ebrve Bytyqi, e cila ishte dor\u00ebzuar n\u00eb k\u00ebt\u00eb institucion m\u00eb 29 korrik 2021. Sipas Rezolut\u00ebs s\u00eb miratuar, \u00ebsht\u00eb k\u00ebrkuar q\u00eb personat p\u00ebrgjegj\u00ebs p\u00ebr vrasjet e Ylli, Agron Dhe Mehmet Bytyqit n\u00eb korrik 1999 [&hellip;]","og_url":"https:\/\/permbledhja.com\/sq\/kongresi-miraton-rezolute-per-vellezerit-bytyqi-raporti-shba-serbi-te-varet-nga-zgjidhja-e-rastit\/","og_site_name":"Ve\u00e7 artikuj p\u00ebrmbledh\u00ebs","article_publisher":"https:\/\/www.facebook.com\/press07\/","article_author":"https:\/\/www.facebook.com\/kafexhiu.muharrem\/","article_published_time":"2022-07-15T10:27:28+00:00","og_image":[{"width":600,"height":360,"url":"https:\/\/permbledhja.com\/wp-content\/uploads\/2022\/07\/2000-600x360-1.jpeg","type":"image\/jpeg"}],"author":"P\u00ebrmbledhja","twitter_card":"summary_large_image","twitter_misc":{"Written by":"P\u00ebrmbledhja","Est. reading time":"3 minuta"},"schema":{"@context":"https:\/\/schema.org","@graph":[{"@type":"Article","@id":"https:\/\/permbledhja.com\/kongresi-miraton-rezolute-per-vellezerit-bytyqi-raporti-shba-serbi-te-varet-nga-zgjidhja-e-rastit\/#article","isPartOf":{"@id":"https:\/\/permbledhja.com\/kongresi-miraton-rezolute-per-vellezerit-bytyqi-raporti-shba-serbi-te-varet-nga-zgjidhja-e-rastit\/"},"author":{"name":"P\u00ebrmbledhja","@id":"https:\/\/permbledhja.com\/#\/schema\/person\/0d064377258d3221e50693947b9eb4fe"},"headline":"Kongresi miraton Rezolut\u00eb p\u00ebr v\u00ebllez\u00ebrit Bytyqi: Raporti SHBA-Serbi t\u00eb varet nga zgjidhja e rastit","datePublished":"2022-07-15T10:27:28+00:00","dateModified":"2022-07-15T10:27:28+00:00","mainEntityOfPage":{"@id":"https:\/\/permbledhja.com\/kongresi-miraton-rezolute-per-vellezerit-bytyqi-raporti-shba-serbi-te-varet-nga-zgjidhja-e-rastit\/"},"wordCount":552,"publisher":{"@id":"https:\/\/permbledhja.com\/#organization"},"keywords":["Rezolut\u00eb"],"articleSection":["Ballina"],"inLanguage":"sq"},{"@type":"WebPage","@id":"https:\/\/permbledhja.com\/kongresi-miraton-rezolute-per-vellezerit-bytyqi-raporti-shba-serbi-te-varet-nga-zgjidhja-e-rastit\/","url":"https:\/\/permbledhja.com\/kongresi-miraton-rezolute-per-vellezerit-bytyqi-raporti-shba-serbi-te-varet-nga-zgjidhja-e-rastit\/","name":"Kongresi miraton Rezolut\u00eb p\u00ebr v\u00ebllez\u00ebrit Bytyqi: Raporti SHBA-Serbi t\u00eb varet nga zgjidhja e rastit","isPartOf":{"@id":"https:\/\/permbledhja.com\/#website"},"datePublished":"2022-07-15T10:27:28+00:00","dateModified":"2022-07-15T10:27:28+00:00","breadcrumb":{"@id":"https:\/\/permbledhja.com\/kongresi-miraton-rezolute-per-vellezerit-bytyqi-raporti-shba-serbi-te-varet-nga-zgjidhja-e-rastit\/#breadcrumb"},"inLanguage":"sq","potentialAction":[{"@type":"ReadAction","target":["https:\/\/permbledhja.com\/kongresi-miraton-rezolute-per-vellezerit-bytyqi-raporti-shba-serbi-te-varet-nga-zgjidhja-e-rastit\/"]}]},{"@type":"BreadcrumbList","@id":"https:\/\/permbledhja.com\/kongresi-miraton-rezolute-per-vellezerit-bytyqi-raporti-shba-serbi-te-varet-nga-zgjidhja-e-rastit\/#breadcrumb","itemListElement":[{"@type":"ListItem","position":1,"name":"Ballina","item":"https:\/\/permbledhja.com\/sq\/"},{"@type":"ListItem","position":2,"name":"Kongresi miraton Rezolut\u00eb p\u00ebr v\u00ebllez\u00ebrit Bytyqi: Raporti SHBA-Serbi t\u00eb varet nga zgjidhja e rastit"}]},{"@type":"WebSite","@id":"https:\/\/permbledhja.com\/#website","url":"https:\/\/permbledhja.com\/","name":"Ve\u00e7 artikuj p\u00ebrmbledh\u00ebs","description":"","publisher":{"@id":"https:\/\/permbledhja.com\/#organization"},"potentialAction":[{"@type":"SearchAction","target":{"@type":"EntryPoint","urlTemplate":"https:\/\/permbledhja.com\/?s={search_term_string}"},"query-input":"required name=search_term_string"}],"inLanguage":"sq"},{"@type":"Organization","@id":"https:\/\/permbledhja.com\/#organization","name":"MK Media & Pr","url":"https:\/\/permbledhja.com\/","logo":{"@type":"ImageObject","inLanguage":"sq","@id":"https:\/\/permbledhja.com\/#\/schema\/logo\/image\/","url":"https:\/\/permbledhja.com\/wp-content\/uploads\/2021\/12\/07-Press-Logo.jpg","contentUrl":"https:\/\/permbledhja.com\/wp-content\/uploads\/2021\/12\/07-Press-Logo.jpg","width":512,"height":512,"caption":"MK Media & Pr"},"image":{"@id":"https:\/\/permbledhja.com\/#\/schema\/logo\/image\/"},"sameAs":["https:\/\/www.facebook.com\/press07\/"]},{"@type":"Person","@id":"https:\/\/permbledhja.com\/#\/schema\/person\/0d064377258d3221e50693947b9eb4fe","name":"P\u00ebrmbledhja","image":{"@type":"ImageObject","inLanguage":"sq","@id":"https:\/\/permbledhja.com\/#\/schema\/person\/image\/","url":"https:\/\/permbledhja.com\/wp-content\/uploads\/2026\/01\/452004717_1040944174702970_8932037511805513407_n-96x96.jpg","contentUrl":"https:\/\/permbledhja.com\/wp-content\/uploads\/2026\/01\/452004717_1040944174702970_8932037511805513407_n-96x96.jpg","caption":"P\u00ebrmbledhja"},"sameAs":["https:\/\/www.facebook.com\/kafexhiu.muharrem\/","https:\/\/www.instagram.com\/muharrem_kafexhiu\/"],"url":"https:\/\/permbledhja.com\/sq\/author\/admin\/"}]}},"_links":{"self":[{"href":"https:\/\/permbledhja.com\/sq\/wp-json\/wp\/v2\/posts\/2471"}],"collection":[{"href":"https:\/\/permbledhja.com\/sq\/wp-json\/wp\/v2\/posts"}],"about":[{"href":"https:\/\/permbledhja.com\/sq\/wp-json\/wp\/v2\/types\/post"}],"author":[{"embeddable":true,"href":"https:\/\/permbledhja.com\/sq\/wp-json\/wp\/v2\/users\/1"}],"replies":[{"embeddable":true,"href":"https:\/\/permbledhja.com\/sq\/wp-json\/wp\/v2\/comments?post=2471"}],"version-history":[{"count":1,"href":"https:\/\/permbledhja.com\/sq\/wp-json\/wp\/v2\/posts\/2471\/revisions"}],"predecessor-version":[{"id":2473,"href":"https:\/\/permbledhja.com\/sq\/wp-json\/wp\/v2\/posts\/2471\/revisions\/2473"}],"wp:featuredmedia":[{"embeddable":true,"href":"https:\/\/permbledhja.com\/sq\/wp-json\/wp\/v2\/media\/2472"}],"wp:attachment":[{"href":"https:\/\/permbledhja.com\/sq\/wp-json\/wp\/v2\/media?parent=2471"}],"wp:term":[{"taxonomy":"category","embeddable":true,"href":"https:\/\/permbledhja.com\/sq\/wp-json\/wp\/v2\/categories?post=2471"},{"taxonomy":"post_tag","embeddable":true,"href":"https:\/\/permbledhja.com\/sq\/wp-json\/wp\/v2\/tags?post=2471"}],"curies":[{"name":"wp","href":"https:\/\/api.w.org\/{rel}","templated":true}]}}