{"id":2464,"date":"2022-07-15T10:17:46","date_gmt":"2022-07-15T10:17:46","guid":{"rendered":"https:\/\/permbledhja.com\/?p=2464"},"modified":"2022-07-15T10:17:46","modified_gmt":"2022-07-15T10:17:46","slug":"njembedhjete-net-ushqim-muzike-e-argetim-ne-prishtina-gastronomy-festival","status":"publish","type":"post","link":"https:\/\/permbledhja.com\/sq\/njembedhjete-net-ushqim-muzike-e-argetim-ne-prishtina-gastronomy-festival\/","title":{"rendered":"Nj\u00ebmb\u00ebdhjet\u00eb net ushqim, muzik\u00eb e arg\u00ebtim n\u00eb \u201cPrishtina Gastronomy Festival\u201d"},"content":{"rendered":"<p>Atmosfer\u00eb verore e ngroht\u00eb, n\u00ebn tinguj t\u00eb muzik\u00ebs shqiptare e me super ushqime, po ju pret t\u00eb vini me familje, t\u00eb dashur, shoq\u00ebri, e koleg\u00eb, n\u00eb Festivalin e Gastronomis\u00eb n\u00eb Prishtin\u00eb.<\/p>\n<p>Plot nj\u00ebmb\u00ebdhjet\u00eb dit\u00eb e net, duke filluar nga data 21 e deri m\u00eb 31 korrik, do t\u00eb jen\u00eb t\u00eb mbushura me aktivitete q\u00eb nd\u00ebrlidhin \u00e7do gj\u00eb q\u00eb e b\u00ebn njeriun t\u00eb lumtur, ushqim \u2013 muzik\u00eb \u2013 arg\u00ebtim.<\/p>\n<p>https:\/\/permbledhja.com\/cilesia-e-grurit-ne-kosove-nen-normalen\/<\/p>\n<p>Motoja \u201cBuk\u00eb e krip\u00eb e zem\u00ebrbardh\u00eb\u201d e p\u00ebrmbushur me program, do t\u00eb b\u00ebj q\u00eb tradita shqiptare t\u00eb ndjehet n\u00eb \u00e7do k\u00ebnd t\u00eb festivalit, me ushqimet tradicionale si flijat e qebapat, me muzik\u00ebn shqiptare, sa t\u00eb Prishtin\u00ebs, e Dukagjinit, t\u00eb Tiran\u00ebs, e Vlor\u00ebs, e pa harruar edhe melodit\u00eb arb\u00ebreshe nga Italia.<\/p>\n<p>Do ta ndjeni bashkimin komb\u00ebtar si asnj\u00ebher\u00eb m\u00eb par\u00eb, me Vlor\u00ebn q\u00eb ngrit flamurin n\u00eb Prishtin\u00eb, e Tiran\u00ebn q\u00eb i k\u00ebndon bashk\u00ebqytetar\u00ebve n\u00eb zem\u00ebr t\u00eb Prishtin\u00ebs, e n\u00ebn flladin strugian do t\u00eb mund t\u00eb k\u00ebndoni edhe serenata kor\u00e7are.<\/p>\n<p>Dhjet\u00eb plus nj\u00eb, po fiks nj\u00ebmb\u00ebdhjet\u00eb dit\u00eb e net, n\u00eb sheshin \u201cAdem Jashari\u201d n\u00eb Prishtin\u00eb, do t\u00eb ket\u00eb bashkim t\u00eb shqiptar\u00ebve nga gjitha trojet tona, do t\u00eb ket\u00eb nd\u00ebrlidhje t\u00eb kulturave t\u00eb pasura shqiptare mes vete, por jo vet\u00ebm. Gjat\u00eb t\u00ebr\u00eb festivalit do t\u00eb ket\u00eb p\u00ebrve\u00e7 atyre tradicionale, edhe ushqime moderne, internacionale, e pjata speciale nga kuzhinier\u00eb t\u00eb njohur italian, e turq. Pra secili nga ju e ne do t\u00eb ket\u00eb mund\u00ebsin\u00eb t\u00eb provoj\u00eb shum\u00ebllojshm\u00ebri t\u00eb kulturave t\u00eb ushqimit, e t\u2019i shijoj ato me pije.<\/p>\n<p>https:\/\/permbledhja.com\/dorezohet-ne-kuvend-peticioni-per-terheqjen-e-trustit\/<\/p>\n<p>Pjatat e prezantuara, shum\u00ebllojshm\u00ebria e produkteve, mjesht\u00ebrit e muzik\u00ebs, si dhe pjes\u00ebmarrja e njer\u00ebzve t\u00eb t\u00eb gjitha moshave e b\u00ebjn\u00eb k\u00ebt\u00eb festival t\u00eb ve\u00e7ant\u00eb dhe t\u00eb pa harruar.<\/p>\n<p>Hapja e Festivalit do t\u00eb b\u00ebhet nga Kryetari i Prishtin\u00ebs z. P\u00ebrparim Rama dhe Kryebashkiaku i Tiran\u00ebs z. Erion Veliaj.<\/p>\n<p>Prishtina Gastronomy Festival do t\u00eb mbahet nga data 21 deri me 31 korrik n\u00eb sheshin \u201cAdem Jashari\u201d n\u00eb Prishtin\u00eb, duke filluar nga ora 17:00 deri n\u00eb 23:00. Nd\u00ebrsa biletat dalin n\u00eb shitje sot nga ora 13:00.<\/p>\n<p>M\u00eb posht\u00eb t\u00eb bashk\u00ebngjitur e gjeni programin e muzik\u00ebs. E s\u00eb shpejti do t\u00eb ju prezantojm\u00eb edhe programin e ushqimit.<\/p>\n<p><img loading=\"lazy\" decoding=\"async\" src=\"https:\/\/permbledhja.com\/wp-content\/uploads\/2022\/07\/thumbnail_Programi-muzikor-900x600-1.png\" alt=\"\" width=\"900\" height=\"600\" class=\"alignnone size-full wp-image-2466\" srcset=\"https:\/\/permbledhja.com\/wp-content\/uploads\/2022\/07\/thumbnail_Programi-muzikor-900x600-1.png 900w, https:\/\/permbledhja.com\/wp-content\/uploads\/2022\/07\/thumbnail_Programi-muzikor-900x600-1-300x200.png 300w, https:\/\/permbledhja.com\/wp-content\/uploads\/2022\/07\/thumbnail_Programi-muzikor-900x600-1-768x512.png 768w, https:\/\/permbledhja.com\/wp-content\/uploads\/2022\/07\/thumbnail_Programi-muzikor-900x600-1-18x12.png 18w\" sizes=\"(max-width: 900px) 100vw, 900px\" \/><\/p>\n","protected":false},"excerpt":{"rendered":"<p>Atmosfer\u00eb verore e ngroht\u00eb, n\u00ebn tinguj t\u00eb muzik\u00ebs shqiptare e me super ushqime, po ju pret t\u00eb vini me familje, t\u00eb dashur, shoq\u00ebri, e koleg\u00eb, n\u00eb Festivalin e Gastronomis\u00eb n\u00eb Prishtin\u00eb. Plot nj\u00ebmb\u00ebdhjet\u00eb dit\u00eb e net, duke filluar nga data 21 e deri m\u00eb 31 korrik, do t\u00eb jen\u00eb t\u00eb mbushura me aktivitete q\u00eb nd\u00ebrlidhin [&hellip;]<\/p>\n","protected":false},"author":1,"featured_media":2465,"comment_status":"closed","ping_status":"closed","sticky":false,"template":"","format":"standard","meta":{"_monsterinsights_skip_tracking":false,"_monsterinsights_sitenote_active":false,"_monsterinsights_sitenote_note":"","_monsterinsights_sitenote_category":0,"_uf_show_specific_survey":0,"_uf_disable_surveys":false,"footnotes":""},"categories":[23,15],"tags":[456],"yoast_head":"<!-- This site is optimized with the Yoast SEO plugin v21.5 - https:\/\/yoast.com\/wordpress\/plugins\/seo\/ -->\n<title>Nj\u00ebmb\u00ebdhjet\u00eb net ushqim, muzik\u00eb e arg\u00ebtim n\u00eb \u201cPrishtina Gastronomy Festival\u201d<\/title>\n<meta name=\"robots\" content=\"index, follow, max-snippet:-1, max-image-preview:large, max-video-preview:-1\" \/>\n<link rel=\"canonical\" href=\"https:\/\/permbledhja.com\/sq\/njembedhjete-net-ushqim-muzike-e-argetim-ne-prishtina-gastronomy-festival\/\" \/>\n<meta property=\"og:locale\" content=\"sq_AL\" \/>\n<meta property=\"og:type\" content=\"article\" \/>\n<meta property=\"og:title\" content=\"Nj\u00ebmb\u00ebdhjet\u00eb net ushqim, muzik\u00eb e arg\u00ebtim n\u00eb \u201cPrishtina Gastronomy Festival\u201d\" \/>\n<meta property=\"og:description\" content=\"Atmosfer\u00eb verore e ngroht\u00eb, n\u00ebn tinguj t\u00eb muzik\u00ebs shqiptare e me super ushqime, po ju pret t\u00eb vini me familje, t\u00eb dashur, shoq\u00ebri, e koleg\u00eb, n\u00eb Festivalin e Gastronomis\u00eb n\u00eb Prishtin\u00eb. Plot nj\u00ebmb\u00ebdhjet\u00eb dit\u00eb e net, duke filluar nga data 21 e deri m\u00eb 31 korrik, do t\u00eb jen\u00eb t\u00eb mbushura me aktivitete q\u00eb nd\u00ebrlidhin [&hellip;]\" \/>\n<meta property=\"og:url\" content=\"https:\/\/permbledhja.com\/sq\/njembedhjete-net-ushqim-muzike-e-argetim-ne-prishtina-gastronomy-festival\/\" \/>\n<meta property=\"og:site_name\" content=\"Ve\u00e7 artikuj p\u00ebrmbledh\u00ebs\" \/>\n<meta property=\"article:publisher\" content=\"https:\/\/www.facebook.com\/press07\/\" \/>\n<meta property=\"article:author\" content=\"https:\/\/www.facebook.com\/kafexhiu.muharrem\/\" \/>\n<meta property=\"article:published_time\" content=\"2022-07-15T10:17:46+00:00\" \/>\n<meta property=\"og:image\" content=\"https:\/\/permbledhja.com\/wp-content\/uploads\/2022\/07\/thumbnail_Foto-per-balline-600x360-1.png\" \/>\n\t<meta property=\"og:image:width\" content=\"600\" \/>\n\t<meta property=\"og:image:height\" content=\"360\" \/>\n\t<meta property=\"og:image:type\" content=\"image\/png\" \/>\n<meta name=\"author\" content=\"P\u00ebrmbledhja\" \/>\n<meta name=\"twitter:card\" content=\"summary_large_image\" \/>\n<meta name=\"twitter:label1\" content=\"Written by\" \/>\n\t<meta name=\"twitter:data1\" content=\"P\u00ebrmbledhja\" \/>\n\t<meta name=\"twitter:label2\" content=\"Est. reading time\" \/>\n\t<meta name=\"twitter:data2\" content=\"2 minuta\" \/>\n<script type=\"application\/ld+json\" class=\"yoast-schema-graph\">{\"@context\":\"https:\/\/schema.org\",\"@graph\":[{\"@type\":\"Article\",\"@id\":\"https:\/\/permbledhja.com\/njembedhjete-net-ushqim-muzike-e-argetim-ne-prishtina-gastronomy-festival\/#article\",\"isPartOf\":{\"@id\":\"https:\/\/permbledhja.com\/njembedhjete-net-ushqim-muzike-e-argetim-ne-prishtina-gastronomy-festival\/\"},\"author\":{\"name\":\"P\u00ebrmbledhja\",\"@id\":\"https:\/\/permbledhja.com\/#\/schema\/person\/0d064377258d3221e50693947b9eb4fe\"},\"headline\":\"Nj\u00ebmb\u00ebdhjet\u00eb net ushqim, muzik\u00eb e arg\u00ebtim n\u00eb \u201cPrishtina Gastronomy Festival\u201d\",\"datePublished\":\"2022-07-15T10:17:46+00:00\",\"dateModified\":\"2022-07-15T10:17:46+00:00\",\"mainEntityOfPage\":{\"@id\":\"https:\/\/permbledhja.com\/njembedhjete-net-ushqim-muzike-e-argetim-ne-prishtina-gastronomy-festival\/\"},\"wordCount\":413,\"publisher\":{\"@id\":\"https:\/\/permbledhja.com\/#organization\"},\"keywords\":[\"Prishtina Gastronomy Festival\"],\"articleSection\":[\"Komb\u00ebtare\",\"Lajme\"],\"inLanguage\":\"sq\"},{\"@type\":\"WebPage\",\"@id\":\"https:\/\/permbledhja.com\/njembedhjete-net-ushqim-muzike-e-argetim-ne-prishtina-gastronomy-festival\/\",\"url\":\"https:\/\/permbledhja.com\/njembedhjete-net-ushqim-muzike-e-argetim-ne-prishtina-gastronomy-festival\/\",\"name\":\"Nj\u00ebmb\u00ebdhjet\u00eb net ushqim, muzik\u00eb e arg\u00ebtim n\u00eb \u201cPrishtina Gastronomy Festival\u201d\",\"isPartOf\":{\"@id\":\"https:\/\/permbledhja.com\/#website\"},\"datePublished\":\"2022-07-15T10:17:46+00:00\",\"dateModified\":\"2022-07-15T10:17:46+00:00\",\"breadcrumb\":{\"@id\":\"https:\/\/permbledhja.com\/njembedhjete-net-ushqim-muzike-e-argetim-ne-prishtina-gastronomy-festival\/#breadcrumb\"},\"inLanguage\":\"sq\",\"potentialAction\":[{\"@type\":\"ReadAction\",\"target\":[\"https:\/\/permbledhja.com\/njembedhjete-net-ushqim-muzike-e-argetim-ne-prishtina-gastronomy-festival\/\"]}]},{\"@type\":\"BreadcrumbList\",\"@id\":\"https:\/\/permbledhja.com\/njembedhjete-net-ushqim-muzike-e-argetim-ne-prishtina-gastronomy-festival\/#breadcrumb\",\"itemListElement\":[{\"@type\":\"ListItem\",\"position\":1,\"name\":\"Ballina\",\"item\":\"https:\/\/permbledhja.com\/sq\/\"},{\"@type\":\"ListItem\",\"position\":2,\"name\":\"Nj\u00ebmb\u00ebdhjet\u00eb net ushqim, muzik\u00eb e arg\u00ebtim n\u00eb \u201cPrishtina Gastronomy Festival\u201d\"}]},{\"@type\":\"WebSite\",\"@id\":\"https:\/\/permbledhja.com\/#website\",\"url\":\"https:\/\/permbledhja.com\/\",\"name\":\"Ve\u00e7 artikuj p\u00ebrmbledh\u00ebs\",\"description\":\"\",\"publisher\":{\"@id\":\"https:\/\/permbledhja.com\/#organization\"},\"potentialAction\":[{\"@type\":\"SearchAction\",\"target\":{\"@type\":\"EntryPoint\",\"urlTemplate\":\"https:\/\/permbledhja.com\/?s={search_term_string}\"},\"query-input\":\"required name=search_term_string\"}],\"inLanguage\":\"sq\"},{\"@type\":\"Organization\",\"@id\":\"https:\/\/permbledhja.com\/#organization\",\"name\":\"MK Media & Pr\",\"url\":\"https:\/\/permbledhja.com\/\",\"logo\":{\"@type\":\"ImageObject\",\"inLanguage\":\"sq\",\"@id\":\"https:\/\/permbledhja.com\/#\/schema\/logo\/image\/\",\"url\":\"https:\/\/permbledhja.com\/wp-content\/uploads\/2021\/12\/07-Press-Logo.jpg\",\"contentUrl\":\"https:\/\/permbledhja.com\/wp-content\/uploads\/2021\/12\/07-Press-Logo.jpg\",\"width\":512,\"height\":512,\"caption\":\"MK Media & Pr\"},\"image\":{\"@id\":\"https:\/\/permbledhja.com\/#\/schema\/logo\/image\/\"},\"sameAs\":[\"https:\/\/www.facebook.com\/press07\/\"]},{\"@type\":\"Person\",\"@id\":\"https:\/\/permbledhja.com\/#\/schema\/person\/0d064377258d3221e50693947b9eb4fe\",\"name\":\"P\u00ebrmbledhja\",\"image\":{\"@type\":\"ImageObject\",\"inLanguage\":\"sq\",\"@id\":\"https:\/\/permbledhja.com\/#\/schema\/person\/image\/\",\"url\":\"https:\/\/permbledhja.com\/wp-content\/uploads\/2026\/01\/452004717_1040944174702970_8932037511805513407_n-96x96.jpg\",\"contentUrl\":\"https:\/\/permbledhja.com\/wp-content\/uploads\/2026\/01\/452004717_1040944174702970_8932037511805513407_n-96x96.jpg\",\"caption\":\"P\u00ebrmbledhja\"},\"sameAs\":[\"https:\/\/www.facebook.com\/kafexhiu.muharrem\/\",\"https:\/\/www.instagram.com\/muharrem_kafexhiu\/\"],\"url\":\"https:\/\/permbledhja.com\/sq\/author\/admin\/\"}]}<\/script>\n<!-- \/ Yoast SEO plugin. -->","yoast_head_json":{"title":"Nj\u00ebmb\u00ebdhjet\u00eb net ushqim, muzik\u00eb e arg\u00ebtim n\u00eb \u201cPrishtina Gastronomy Festival\u201d","robots":{"index":"index","follow":"follow","max-snippet":"max-snippet:-1","max-image-preview":"max-image-preview:large","max-video-preview":"max-video-preview:-1"},"canonical":"https:\/\/permbledhja.com\/sq\/njembedhjete-net-ushqim-muzike-e-argetim-ne-prishtina-gastronomy-festival\/","og_locale":"sq_AL","og_type":"article","og_title":"Nj\u00ebmb\u00ebdhjet\u00eb net ushqim, muzik\u00eb e arg\u00ebtim n\u00eb \u201cPrishtina Gastronomy Festival\u201d","og_description":"Atmosfer\u00eb verore e ngroht\u00eb, n\u00ebn tinguj t\u00eb muzik\u00ebs shqiptare e me super ushqime, po ju pret t\u00eb vini me familje, t\u00eb dashur, shoq\u00ebri, e koleg\u00eb, n\u00eb Festivalin e Gastronomis\u00eb n\u00eb Prishtin\u00eb. Plot nj\u00ebmb\u00ebdhjet\u00eb dit\u00eb e net, duke filluar nga data 21 e deri m\u00eb 31 korrik, do t\u00eb jen\u00eb t\u00eb mbushura me aktivitete q\u00eb nd\u00ebrlidhin [&hellip;]","og_url":"https:\/\/permbledhja.com\/sq\/njembedhjete-net-ushqim-muzike-e-argetim-ne-prishtina-gastronomy-festival\/","og_site_name":"Ve\u00e7 artikuj p\u00ebrmbledh\u00ebs","article_publisher":"https:\/\/www.facebook.com\/press07\/","article_author":"https:\/\/www.facebook.com\/kafexhiu.muharrem\/","article_published_time":"2022-07-15T10:17:46+00:00","og_image":[{"width":600,"height":360,"url":"https:\/\/permbledhja.com\/wp-content\/uploads\/2022\/07\/thumbnail_Foto-per-balline-600x360-1.png","type":"image\/png"}],"author":"P\u00ebrmbledhja","twitter_card":"summary_large_image","twitter_misc":{"Written by":"P\u00ebrmbledhja","Est. reading time":"2 minuta"},"schema":{"@context":"https:\/\/schema.org","@graph":[{"@type":"Article","@id":"https:\/\/permbledhja.com\/njembedhjete-net-ushqim-muzike-e-argetim-ne-prishtina-gastronomy-festival\/#article","isPartOf":{"@id":"https:\/\/permbledhja.com\/njembedhjete-net-ushqim-muzike-e-argetim-ne-prishtina-gastronomy-festival\/"},"author":{"name":"P\u00ebrmbledhja","@id":"https:\/\/permbledhja.com\/#\/schema\/person\/0d064377258d3221e50693947b9eb4fe"},"headline":"Nj\u00ebmb\u00ebdhjet\u00eb net ushqim, muzik\u00eb e arg\u00ebtim n\u00eb \u201cPrishtina Gastronomy Festival\u201d","datePublished":"2022-07-15T10:17:46+00:00","dateModified":"2022-07-15T10:17:46+00:00","mainEntityOfPage":{"@id":"https:\/\/permbledhja.com\/njembedhjete-net-ushqim-muzike-e-argetim-ne-prishtina-gastronomy-festival\/"},"wordCount":413,"publisher":{"@id":"https:\/\/permbledhja.com\/#organization"},"keywords":["Prishtina Gastronomy Festival"],"articleSection":["Komb\u00ebtare","Lajme"],"inLanguage":"sq"},{"@type":"WebPage","@id":"https:\/\/permbledhja.com\/njembedhjete-net-ushqim-muzike-e-argetim-ne-prishtina-gastronomy-festival\/","url":"https:\/\/permbledhja.com\/njembedhjete-net-ushqim-muzike-e-argetim-ne-prishtina-gastronomy-festival\/","name":"Nj\u00ebmb\u00ebdhjet\u00eb net ushqim, muzik\u00eb e arg\u00ebtim n\u00eb \u201cPrishtina Gastronomy Festival\u201d","isPartOf":{"@id":"https:\/\/permbledhja.com\/#website"},"datePublished":"2022-07-15T10:17:46+00:00","dateModified":"2022-07-15T10:17:46+00:00","breadcrumb":{"@id":"https:\/\/permbledhja.com\/njembedhjete-net-ushqim-muzike-e-argetim-ne-prishtina-gastronomy-festival\/#breadcrumb"},"inLanguage":"sq","potentialAction":[{"@type":"ReadAction","target":["https:\/\/permbledhja.com\/njembedhjete-net-ushqim-muzike-e-argetim-ne-prishtina-gastronomy-festival\/"]}]},{"@type":"BreadcrumbList","@id":"https:\/\/permbledhja.com\/njembedhjete-net-ushqim-muzike-e-argetim-ne-prishtina-gastronomy-festival\/#breadcrumb","itemListElement":[{"@type":"ListItem","position":1,"name":"Ballina","item":"https:\/\/permbledhja.com\/sq\/"},{"@type":"ListItem","position":2,"name":"Nj\u00ebmb\u00ebdhjet\u00eb net ushqim, muzik\u00eb e arg\u00ebtim n\u00eb \u201cPrishtina Gastronomy Festival\u201d"}]},{"@type":"WebSite","@id":"https:\/\/permbledhja.com\/#website","url":"https:\/\/permbledhja.com\/","name":"Ve\u00e7 artikuj p\u00ebrmbledh\u00ebs","description":"","publisher":{"@id":"https:\/\/permbledhja.com\/#organization"},"potentialAction":[{"@type":"SearchAction","target":{"@type":"EntryPoint","urlTemplate":"https:\/\/permbledhja.com\/?s={search_term_string}"},"query-input":"required name=search_term_string"}],"inLanguage":"sq"},{"@type":"Organization","@id":"https:\/\/permbledhja.com\/#organization","name":"MK Media & Pr","url":"https:\/\/permbledhja.com\/","logo":{"@type":"ImageObject","inLanguage":"sq","@id":"https:\/\/permbledhja.com\/#\/schema\/logo\/image\/","url":"https:\/\/permbledhja.com\/wp-content\/uploads\/2021\/12\/07-Press-Logo.jpg","contentUrl":"https:\/\/permbledhja.com\/wp-content\/uploads\/2021\/12\/07-Press-Logo.jpg","width":512,"height":512,"caption":"MK Media & Pr"},"image":{"@id":"https:\/\/permbledhja.com\/#\/schema\/logo\/image\/"},"sameAs":["https:\/\/www.facebook.com\/press07\/"]},{"@type":"Person","@id":"https:\/\/permbledhja.com\/#\/schema\/person\/0d064377258d3221e50693947b9eb4fe","name":"P\u00ebrmbledhja","image":{"@type":"ImageObject","inLanguage":"sq","@id":"https:\/\/permbledhja.com\/#\/schema\/person\/image\/","url":"https:\/\/permbledhja.com\/wp-content\/uploads\/2026\/01\/452004717_1040944174702970_8932037511805513407_n-96x96.jpg","contentUrl":"https:\/\/permbledhja.com\/wp-content\/uploads\/2026\/01\/452004717_1040944174702970_8932037511805513407_n-96x96.jpg","caption":"P\u00ebrmbledhja"},"sameAs":["https:\/\/www.facebook.com\/kafexhiu.muharrem\/","https:\/\/www.instagram.com\/muharrem_kafexhiu\/"],"url":"https:\/\/permbledhja.com\/sq\/author\/admin\/"}]}},"_links":{"self":[{"href":"https:\/\/permbledhja.com\/sq\/wp-json\/wp\/v2\/posts\/2464"}],"collection":[{"href":"https:\/\/permbledhja.com\/sq\/wp-json\/wp\/v2\/posts"}],"about":[{"href":"https:\/\/permbledhja.com\/sq\/wp-json\/wp\/v2\/types\/post"}],"author":[{"embeddable":true,"href":"https:\/\/permbledhja.com\/sq\/wp-json\/wp\/v2\/users\/1"}],"replies":[{"embeddable":true,"href":"https:\/\/permbledhja.com\/sq\/wp-json\/wp\/v2\/comments?post=2464"}],"version-history":[{"count":1,"href":"https:\/\/permbledhja.com\/sq\/wp-json\/wp\/v2\/posts\/2464\/revisions"}],"predecessor-version":[{"id":2467,"href":"https:\/\/permbledhja.com\/sq\/wp-json\/wp\/v2\/posts\/2464\/revisions\/2467"}],"wp:featuredmedia":[{"embeddable":true,"href":"https:\/\/permbledhja.com\/sq\/wp-json\/wp\/v2\/media\/2465"}],"wp:attachment":[{"href":"https:\/\/permbledhja.com\/sq\/wp-json\/wp\/v2\/media?parent=2464"}],"wp:term":[{"taxonomy":"category","embeddable":true,"href":"https:\/\/permbledhja.com\/sq\/wp-json\/wp\/v2\/categories?post=2464"},{"taxonomy":"post_tag","embeddable":true,"href":"https:\/\/permbledhja.com\/sq\/wp-json\/wp\/v2\/tags?post=2464"}],"curies":[{"name":"wp","href":"https:\/\/api.w.org\/{rel}","templated":true}]}}