{"id":24607,"date":"2023-08-24T09:44:00","date_gmt":"2023-08-24T09:44:00","guid":{"rendered":"https:\/\/permbledhja.com\/?p=24607"},"modified":"2023-08-24T09:44:00","modified_gmt":"2023-08-24T09:44:00","slug":"abdixhiku-kosoves-i-duhet-rruga-e-re","status":"publish","type":"post","link":"https:\/\/permbledhja.com\/sq\/abdixhiku-kosoves-i-duhet-rruga-e-re\/","title":{"rendered":"Abdixhiku: Kosov\u00ebs i duhet \u201crruga e re\u201d"},"content":{"rendered":"<h3>Kryetari i LDK\u2019s\u00eb, Lumir Abdixhiku, ka th\u00ebn\u00eb se n\u00eb vjesht\u00eb t\u00eb k\u00ebtij viti do t\u00eb prezantojn\u00eb t\u00eb detajuar \u201cRrug\u00ebn e Re\u201d, q\u00eb LDK e sheh si rrug\u00eb t\u00eb vetme q\u00eb Kosova duhet ta ndjek\u00eb.<\/h3>\n<p>N\u00eb Klan Kosova FM, Abdixhiku tha \u201cnuk jam p\u00ebr t\u00eb folur p\u00ebr t\u00eb kaluar\u00ebn, por p\u00ebr t\u00eb ardhmen\u201d.<\/p>\n<p>\u201cUn\u00eb besoj q\u00eb Rruga e Re duhet t\u00eb nis sa m\u00eb par\u00eb. Sa m\u00eb shum\u00eb q\u00eb vazhdojm\u00eb me k\u00ebt\u00eb Qeveri, me k\u00ebt\u00eb polarizim, do t\u00eb humbim shum\u00eb. Rruga e Re do t\u2019i ket\u00eb 27 shtylla. N\u00eb vjesht\u00eb do ta prezantojm\u00eb programin e Rrug\u00ebs s\u00eb Re\u201d, tha ai.<\/p>\n<p>Kryetari i LDK-s\u00eb foli edhe p\u00ebr reformimin e partis\u00eb dhe mund\u00ebsin\u00eb p\u00ebr zgjedhje t\u00eb reja n\u00eb Kosov\u00eb. Ai tha se ka b\u00ebr\u00eb p\u00ebrpjekje t\u00eb reformimit t\u00eb partis\u00eb dhe hapjes s\u00eb LDK-s\u00eb ndaj njer\u00ebzve t\u00eb rinj profesionist\u00eb. \u201cN\u00eb gusht 2021 e kemi humbur frik\u00ebn p\u00ebr zgjedhje, sepse kemi par\u00eb fuqin\u00eb politik\u00eb t\u00eb LDK-s\u00eb. Ne jemi t\u00eb interesuar t\u00eb shfaqim partin\u00eb si alternativa e vetme n\u00eb vend. Jemi m\u00eb t\u00eb fuqish\u00ebm sepse jemi m\u00eb t\u00eb organizuar dhe jemi m\u00eb t\u00eb fuqish\u00ebm sepse kemi ide m\u00eb t\u00eb qarta p\u00ebr t\u00eb ardhmen. Jemi partia e vetme q\u00eb nuk po polarizojm\u00eb dhe jemi partia e vetme q\u00eb flasim p\u00ebr t\u00eb ardhmen\u201d, tha Abdixhiku.<\/p>\n<p>Abdixhiku tha se \u201cka mobilizim t\u00eb jasht\u00ebzakonsh\u00ebm t\u00eb strukturave t\u00eb partis\u00eb dhe njer\u00ebzve t\u00eb r\u00ebnd\u00ebsish\u00ebm t\u00eb partis\u00eb\u201d. Ai foli edhe p\u00ebr Prishtin\u00ebn, e cila qeveriset nga LDK.<\/p>\n<p>\u201cKur e kam sjell P\u00ebrparimin n\u00eb Prishtin\u00eb, kam qen\u00eb i vet\u00ebm. Njer\u00ebzit nuk e kan\u00eb njohur, por un\u00eb e kam njohur Prishtin\u00ebn dhe e kam ditur se \u00e7ka i duhet Prishtin\u00ebs. Nj\u00eb arkitekt urbanist dhe nj\u00eb njeri pun\u00ebtor, dhe po d\u00ebshmohet cdo dit\u00eb me pun\u00ebn e tij\u201d, tha Abdixhiku. N\u00eb fund, Abdixhiku tha se \u201cmisioni i gjenerat\u00ebs ton\u00eb \u00ebsht\u00eb q\u00eb t\u00eb an\u00ebtar\u00ebsojm\u00eb Kosov\u00ebn n\u00eb NATO dhe Bashkimin Evropian. Sipas tij, n\u00ebse Kosova \u00ebsht\u00eb n\u00eb k\u00ebt\u00eb polarizim, nuk ka t\u00eb ardhme evropiane dhe se rruga e vetme \u00ebsht\u00eb \u201cRruga e Re\u201d.<\/p>\n","protected":false},"excerpt":{"rendered":"<p>Kryetari i LDK\u2019s\u00eb, Lumir Abdixhiku, ka th\u00ebn\u00eb se n\u00eb vjesht\u00eb t\u00eb k\u00ebtij viti do t\u00eb prezantojn\u00eb t\u00eb detajuar \u201cRrug\u00ebn e Re\u201d, q\u00eb LDK e sheh si rrug\u00eb t\u00eb vetme q\u00eb Kosova duhet ta ndjek\u00eb. N\u00eb Klan Kosova FM, Abdixhiku tha \u201cnuk jam p\u00ebr t\u00eb folur p\u00ebr t\u00eb kaluar\u00ebn, por p\u00ebr t\u00eb ardhmen\u201d. \u201cUn\u00eb besoj q\u00eb [&hellip;]<\/p>\n","protected":false},"author":2,"featured_media":24608,"comment_status":"closed","ping_status":"closed","sticky":false,"template":"","format":"standard","meta":{"_monsterinsights_skip_tracking":false,"_monsterinsights_sitenote_active":false,"_monsterinsights_sitenote_note":"","_monsterinsights_sitenote_category":0,"_uf_show_specific_survey":0,"_uf_disable_surveys":false,"footnotes":""},"categories":[23,15],"tags":[427],"yoast_head":"<!-- This site is optimized with the Yoast SEO plugin v21.5 - https:\/\/yoast.com\/wordpress\/plugins\/seo\/ -->\n<title>Abdixhiku: Kosov\u00ebs i duhet \u201crruga e re\u201d<\/title>\n<meta name=\"robots\" content=\"index, follow, max-snippet:-1, max-image-preview:large, max-video-preview:-1\" \/>\n<link rel=\"canonical\" href=\"https:\/\/permbledhja.com\/sq\/abdixhiku-kosoves-i-duhet-rruga-e-re\/\" \/>\n<meta property=\"og:locale\" content=\"sq_AL\" \/>\n<meta property=\"og:type\" content=\"article\" \/>\n<meta property=\"og:title\" content=\"Abdixhiku: Kosov\u00ebs i duhet \u201crruga e re\u201d\" \/>\n<meta property=\"og:description\" content=\"Kryetari i LDK\u2019s\u00eb, Lumir Abdixhiku, ka th\u00ebn\u00eb se n\u00eb vjesht\u00eb t\u00eb k\u00ebtij viti do t\u00eb prezantojn\u00eb t\u00eb detajuar \u201cRrug\u00ebn e Re\u201d, q\u00eb LDK e sheh si rrug\u00eb t\u00eb vetme q\u00eb Kosova duhet ta ndjek\u00eb. N\u00eb Klan Kosova FM, Abdixhiku tha \u201cnuk jam p\u00ebr t\u00eb folur p\u00ebr t\u00eb kaluar\u00ebn, por p\u00ebr t\u00eb ardhmen\u201d. \u201cUn\u00eb besoj q\u00eb [&hellip;]\" \/>\n<meta property=\"og:url\" content=\"https:\/\/permbledhja.com\/sq\/abdixhiku-kosoves-i-duhet-rruga-e-re\/\" \/>\n<meta property=\"og:site_name\" content=\"Ve\u00e7 artikuj p\u00ebrmbledh\u00ebs\" \/>\n<meta property=\"article:publisher\" content=\"https:\/\/www.facebook.com\/press07\/\" \/>\n<meta property=\"article:published_time\" content=\"2023-08-24T09:44:00+00:00\" \/>\n<meta property=\"og:image\" content=\"https:\/\/permbledhja.com\/wp-content\/uploads\/2023\/08\/Lumir-Abdixhiku.jpg\" \/>\n\t<meta property=\"og:image:width\" content=\"1054\" \/>\n\t<meta property=\"og:image:height\" content=\"687\" \/>\n\t<meta property=\"og:image:type\" content=\"image\/jpeg\" \/>\n<meta name=\"author\" content=\"M M\" \/>\n<meta name=\"twitter:card\" content=\"summary_large_image\" \/>\n<meta name=\"twitter:label1\" content=\"Written by\" \/>\n\t<meta name=\"twitter:data1\" content=\"M M\" \/>\n\t<meta name=\"twitter:label2\" content=\"Est. reading time\" \/>\n\t<meta name=\"twitter:data2\" content=\"2 minuta\" \/>\n<script type=\"application\/ld+json\" class=\"yoast-schema-graph\">{\"@context\":\"https:\/\/schema.org\",\"@graph\":[{\"@type\":\"Article\",\"@id\":\"https:\/\/permbledhja.com\/sq\/abdixhiku-kosoves-i-duhet-rruga-e-re\/#article\",\"isPartOf\":{\"@id\":\"https:\/\/permbledhja.com\/sq\/abdixhiku-kosoves-i-duhet-rruga-e-re\/\"},\"author\":{\"name\":\"M M\",\"@id\":\"https:\/\/permbledhja.com\/#\/schema\/person\/d23f13f59b5722643933d6780783acf3\"},\"headline\":\"Abdixhiku: Kosov\u00ebs i duhet \u201crruga e re\u201d\",\"datePublished\":\"2023-08-24T09:44:00+00:00\",\"dateModified\":\"2023-08-24T09:44:00+00:00\",\"mainEntityOfPage\":{\"@id\":\"https:\/\/permbledhja.com\/sq\/abdixhiku-kosoves-i-duhet-rruga-e-re\/\"},\"wordCount\":376,\"publisher\":{\"@id\":\"https:\/\/permbledhja.com\/#organization\"},\"keywords\":[\"Lumir Abdixhiku\"],\"articleSection\":[\"Komb\u00ebtare\",\"Lajme\"],\"inLanguage\":\"sq\"},{\"@type\":\"WebPage\",\"@id\":\"https:\/\/permbledhja.com\/sq\/abdixhiku-kosoves-i-duhet-rruga-e-re\/\",\"url\":\"https:\/\/permbledhja.com\/sq\/abdixhiku-kosoves-i-duhet-rruga-e-re\/\",\"name\":\"Abdixhiku: Kosov\u00ebs i duhet \u201crruga e re\u201d\",\"isPartOf\":{\"@id\":\"https:\/\/permbledhja.com\/#website\"},\"datePublished\":\"2023-08-24T09:44:00+00:00\",\"dateModified\":\"2023-08-24T09:44:00+00:00\",\"breadcrumb\":{\"@id\":\"https:\/\/permbledhja.com\/sq\/abdixhiku-kosoves-i-duhet-rruga-e-re\/#breadcrumb\"},\"inLanguage\":\"sq\",\"potentialAction\":[{\"@type\":\"ReadAction\",\"target\":[\"https:\/\/permbledhja.com\/sq\/abdixhiku-kosoves-i-duhet-rruga-e-re\/\"]}]},{\"@type\":\"BreadcrumbList\",\"@id\":\"https:\/\/permbledhja.com\/sq\/abdixhiku-kosoves-i-duhet-rruga-e-re\/#breadcrumb\",\"itemListElement\":[{\"@type\":\"ListItem\",\"position\":1,\"name\":\"Ballina\",\"item\":\"https:\/\/permbledhja.com\/sq\/\"},{\"@type\":\"ListItem\",\"position\":2,\"name\":\"Abdixhiku: Kosov\u00ebs i duhet \u201crruga e re\u201d\"}]},{\"@type\":\"WebSite\",\"@id\":\"https:\/\/permbledhja.com\/#website\",\"url\":\"https:\/\/permbledhja.com\/\",\"name\":\"Ve\u00e7 artikuj p\u00ebrmbledh\u00ebs\",\"description\":\"\",\"publisher\":{\"@id\":\"https:\/\/permbledhja.com\/#organization\"},\"potentialAction\":[{\"@type\":\"SearchAction\",\"target\":{\"@type\":\"EntryPoint\",\"urlTemplate\":\"https:\/\/permbledhja.com\/?s={search_term_string}\"},\"query-input\":\"required name=search_term_string\"}],\"inLanguage\":\"sq\"},{\"@type\":\"Organization\",\"@id\":\"https:\/\/permbledhja.com\/#organization\",\"name\":\"MK Media & Pr\",\"url\":\"https:\/\/permbledhja.com\/\",\"logo\":{\"@type\":\"ImageObject\",\"inLanguage\":\"sq\",\"@id\":\"https:\/\/permbledhja.com\/#\/schema\/logo\/image\/\",\"url\":\"https:\/\/permbledhja.com\/wp-content\/uploads\/2021\/12\/07-Press-Logo.jpg\",\"contentUrl\":\"https:\/\/permbledhja.com\/wp-content\/uploads\/2021\/12\/07-Press-Logo.jpg\",\"width\":512,\"height\":512,\"caption\":\"MK Media & Pr\"},\"image\":{\"@id\":\"https:\/\/permbledhja.com\/#\/schema\/logo\/image\/\"},\"sameAs\":[\"https:\/\/www.facebook.com\/press07\/\"]},{\"@type\":\"Person\",\"@id\":\"https:\/\/permbledhja.com\/#\/schema\/person\/d23f13f59b5722643933d6780783acf3\",\"name\":\"M M\",\"image\":{\"@type\":\"ImageObject\",\"inLanguage\":\"sq\",\"@id\":\"https:\/\/permbledhja.com\/#\/schema\/person\/image\/\",\"url\":\"https:\/\/secure.gravatar.com\/avatar\/e2835a76ca7c31a2416b2d51c4ec9a8f?s=96&d=mm&r=g\",\"contentUrl\":\"https:\/\/secure.gravatar.com\/avatar\/e2835a76ca7c31a2416b2d51c4ec9a8f?s=96&d=mm&r=g\",\"caption\":\"M M\"},\"sameAs\":[\"http:\/\/MM\"],\"url\":\"https:\/\/permbledhja.com\/sq\/author\/muhamet\/\"}]}<\/script>\n<!-- \/ Yoast SEO plugin. -->","yoast_head_json":{"title":"Abdixhiku: Kosov\u00ebs i duhet \u201crruga e re\u201d","robots":{"index":"index","follow":"follow","max-snippet":"max-snippet:-1","max-image-preview":"max-image-preview:large","max-video-preview":"max-video-preview:-1"},"canonical":"https:\/\/permbledhja.com\/sq\/abdixhiku-kosoves-i-duhet-rruga-e-re\/","og_locale":"sq_AL","og_type":"article","og_title":"Abdixhiku: Kosov\u00ebs i duhet \u201crruga e re\u201d","og_description":"Kryetari i LDK\u2019s\u00eb, Lumir Abdixhiku, ka th\u00ebn\u00eb se n\u00eb vjesht\u00eb t\u00eb k\u00ebtij viti do t\u00eb prezantojn\u00eb t\u00eb detajuar \u201cRrug\u00ebn e Re\u201d, q\u00eb LDK e sheh si rrug\u00eb t\u00eb vetme q\u00eb Kosova duhet ta ndjek\u00eb. N\u00eb Klan Kosova FM, Abdixhiku tha \u201cnuk jam p\u00ebr t\u00eb folur p\u00ebr t\u00eb kaluar\u00ebn, por p\u00ebr t\u00eb ardhmen\u201d. \u201cUn\u00eb besoj q\u00eb [&hellip;]","og_url":"https:\/\/permbledhja.com\/sq\/abdixhiku-kosoves-i-duhet-rruga-e-re\/","og_site_name":"Ve\u00e7 artikuj p\u00ebrmbledh\u00ebs","article_publisher":"https:\/\/www.facebook.com\/press07\/","article_published_time":"2023-08-24T09:44:00+00:00","og_image":[{"width":1054,"height":687,"url":"https:\/\/permbledhja.com\/wp-content\/uploads\/2023\/08\/Lumir-Abdixhiku.jpg","type":"image\/jpeg"}],"author":"M M","twitter_card":"summary_large_image","twitter_misc":{"Written by":"M M","Est. reading time":"2 minuta"},"schema":{"@context":"https:\/\/schema.org","@graph":[{"@type":"Article","@id":"https:\/\/permbledhja.com\/sq\/abdixhiku-kosoves-i-duhet-rruga-e-re\/#article","isPartOf":{"@id":"https:\/\/permbledhja.com\/sq\/abdixhiku-kosoves-i-duhet-rruga-e-re\/"},"author":{"name":"M M","@id":"https:\/\/permbledhja.com\/#\/schema\/person\/d23f13f59b5722643933d6780783acf3"},"headline":"Abdixhiku: Kosov\u00ebs i duhet \u201crruga e re\u201d","datePublished":"2023-08-24T09:44:00+00:00","dateModified":"2023-08-24T09:44:00+00:00","mainEntityOfPage":{"@id":"https:\/\/permbledhja.com\/sq\/abdixhiku-kosoves-i-duhet-rruga-e-re\/"},"wordCount":376,"publisher":{"@id":"https:\/\/permbledhja.com\/#organization"},"keywords":["Lumir Abdixhiku"],"articleSection":["Komb\u00ebtare","Lajme"],"inLanguage":"sq"},{"@type":"WebPage","@id":"https:\/\/permbledhja.com\/sq\/abdixhiku-kosoves-i-duhet-rruga-e-re\/","url":"https:\/\/permbledhja.com\/sq\/abdixhiku-kosoves-i-duhet-rruga-e-re\/","name":"Abdixhiku: Kosov\u00ebs i duhet \u201crruga e re\u201d","isPartOf":{"@id":"https:\/\/permbledhja.com\/#website"},"datePublished":"2023-08-24T09:44:00+00:00","dateModified":"2023-08-24T09:44:00+00:00","breadcrumb":{"@id":"https:\/\/permbledhja.com\/sq\/abdixhiku-kosoves-i-duhet-rruga-e-re\/#breadcrumb"},"inLanguage":"sq","potentialAction":[{"@type":"ReadAction","target":["https:\/\/permbledhja.com\/sq\/abdixhiku-kosoves-i-duhet-rruga-e-re\/"]}]},{"@type":"BreadcrumbList","@id":"https:\/\/permbledhja.com\/sq\/abdixhiku-kosoves-i-duhet-rruga-e-re\/#breadcrumb","itemListElement":[{"@type":"ListItem","position":1,"name":"Ballina","item":"https:\/\/permbledhja.com\/sq\/"},{"@type":"ListItem","position":2,"name":"Abdixhiku: Kosov\u00ebs i duhet \u201crruga e re\u201d"}]},{"@type":"WebSite","@id":"https:\/\/permbledhja.com\/#website","url":"https:\/\/permbledhja.com\/","name":"Ve\u00e7 artikuj p\u00ebrmbledh\u00ebs","description":"","publisher":{"@id":"https:\/\/permbledhja.com\/#organization"},"potentialAction":[{"@type":"SearchAction","target":{"@type":"EntryPoint","urlTemplate":"https:\/\/permbledhja.com\/?s={search_term_string}"},"query-input":"required name=search_term_string"}],"inLanguage":"sq"},{"@type":"Organization","@id":"https:\/\/permbledhja.com\/#organization","name":"MK Media & Pr","url":"https:\/\/permbledhja.com\/","logo":{"@type":"ImageObject","inLanguage":"sq","@id":"https:\/\/permbledhja.com\/#\/schema\/logo\/image\/","url":"https:\/\/permbledhja.com\/wp-content\/uploads\/2021\/12\/07-Press-Logo.jpg","contentUrl":"https:\/\/permbledhja.com\/wp-content\/uploads\/2021\/12\/07-Press-Logo.jpg","width":512,"height":512,"caption":"MK Media & Pr"},"image":{"@id":"https:\/\/permbledhja.com\/#\/schema\/logo\/image\/"},"sameAs":["https:\/\/www.facebook.com\/press07\/"]},{"@type":"Person","@id":"https:\/\/permbledhja.com\/#\/schema\/person\/d23f13f59b5722643933d6780783acf3","name":"M M","image":{"@type":"ImageObject","inLanguage":"sq","@id":"https:\/\/permbledhja.com\/#\/schema\/person\/image\/","url":"https:\/\/secure.gravatar.com\/avatar\/e2835a76ca7c31a2416b2d51c4ec9a8f?s=96&d=mm&r=g","contentUrl":"https:\/\/secure.gravatar.com\/avatar\/e2835a76ca7c31a2416b2d51c4ec9a8f?s=96&d=mm&r=g","caption":"M M"},"sameAs":["http:\/\/MM"],"url":"https:\/\/permbledhja.com\/sq\/author\/muhamet\/"}]}},"_links":{"self":[{"href":"https:\/\/permbledhja.com\/sq\/wp-json\/wp\/v2\/posts\/24607"}],"collection":[{"href":"https:\/\/permbledhja.com\/sq\/wp-json\/wp\/v2\/posts"}],"about":[{"href":"https:\/\/permbledhja.com\/sq\/wp-json\/wp\/v2\/types\/post"}],"author":[{"embeddable":true,"href":"https:\/\/permbledhja.com\/sq\/wp-json\/wp\/v2\/users\/2"}],"replies":[{"embeddable":true,"href":"https:\/\/permbledhja.com\/sq\/wp-json\/wp\/v2\/comments?post=24607"}],"version-history":[{"count":1,"href":"https:\/\/permbledhja.com\/sq\/wp-json\/wp\/v2\/posts\/24607\/revisions"}],"predecessor-version":[{"id":24609,"href":"https:\/\/permbledhja.com\/sq\/wp-json\/wp\/v2\/posts\/24607\/revisions\/24609"}],"wp:featuredmedia":[{"embeddable":true,"href":"https:\/\/permbledhja.com\/sq\/wp-json\/wp\/v2\/media\/24608"}],"wp:attachment":[{"href":"https:\/\/permbledhja.com\/sq\/wp-json\/wp\/v2\/media?parent=24607"}],"wp:term":[{"taxonomy":"category","embeddable":true,"href":"https:\/\/permbledhja.com\/sq\/wp-json\/wp\/v2\/categories?post=24607"},{"taxonomy":"post_tag","embeddable":true,"href":"https:\/\/permbledhja.com\/sq\/wp-json\/wp\/v2\/tags?post=24607"}],"curies":[{"name":"wp","href":"https:\/\/api.w.org\/{rel}","templated":true}]}}