{"id":24604,"date":"2023-08-24T09:29:06","date_gmt":"2023-08-24T09:29:06","guid":{"rendered":"https:\/\/permbledhja.com\/?p=24604"},"modified":"2023-08-24T09:29:06","modified_gmt":"2023-08-24T09:29:06","slug":"pronari-i-objektit-ne-ulpiane-i-pergjigjet-pecit-mos-shantazho-prona-eshte-e-jona","status":"publish","type":"post","link":"https:\/\/permbledhja.com\/sq\/pronari-i-objektit-ne-ulpiane-i-pergjigjet-pecit-mos-shantazho-prona-eshte-e-jona\/","title":{"rendered":"Pronari i objektit n\u00eb Ulpian\u00eb i p\u00ebrgjigjet Pecit: Mos shantazho, prona \u00ebsht\u00eb e jona"},"content":{"rendered":"<h3>Ministri i Bujq\u00ebsis\u00eb, Faton Peci dje \u00ebsht\u00eb paraqitur n\u00eb nj\u00eb video para nj\u00eb objekti t\u00eb njohur n\u00eb lagjen Ulpiana n\u00eb Prishtin\u00eb. Ministri pretendon se objekti n\u00eb fjal\u00eb, i cili \u00ebsht\u00eb ngjitur me selin\u00eb kryesore t\u00eb AAK-s\u00eb, \u00ebsht\u00eb tjet\u00ebrsuar n\u00eb pron\u00eb private.<\/h3>\n<p>Ndaj k\u00ebsaj video ka reaguar Yll Bogaj, i cili \u00ebsht\u00eb pronar i objektit.<\/p>\n<p>Ai ka mohuar pretendimet e ministrit Pecil. N\u00eb profilin e tij n\u00eb \u201cFacebook\u201d, ai ka shkruar se objekti \u00ebsht\u00eb pron\u00eb e tij dhe jo e Institutit t\u00eb Bujq\u00ebsis\u00eb.<\/p>\n<p>Pretendimet e ministrit, ai i ka quajtur shantazh publik.<\/p>\n<p><i>\u201cVideoja shantazhuese e Faton Pecit, \u00ebsht\u00eb vazhdim\u00ebsi e shantazhit t\u00eb tij publik q\u00eb na \u00ebsht\u00eb b\u00ebr\u00eb tash e nj\u00eb vit t\u00eb plot\u00eb. P\u00ebr m\u00eb tep\u00ebr, kulmi i \u00e7do gjeje ka qen\u00eb dje kur kemi pranuar nj\u00eb \u201cVendim\u201d t\u00eb Faton Pecit, i cili n\u00eb m\u00ebnyr\u00eb krejt\u00ebsisht arbitrare na k\u00ebrkon q\u00eb ta lirojm\u00eb pron\u00ebn ton\u00eb legale brenda shtat\u00eb dit\u00ebsh, n\u00ebn k\u00ebrc\u00ebnimin e largimit ton\u00eb me forc\u00eb nga prona jon\u00eb private\u201d.<\/i><\/p>\n<p>Tutje, Bogaj ka shkruar se Ministri i Bujq\u00ebsis\u00eb, p\u00ebrmes sulmit po tenton t\u00eb nd\u00ebrtoj\u00eb karierr\u00eb t\u00eb bujshme politike.<\/p>\n<p><i>&#8220;Faton Peci mund t\u00eb ket\u00eb llogaritur se duke sulmuar pron\u00ebn ton\u00eb private, do t\u00eb nd\u00ebrtoj\u00eb karrier\u00eb t\u00eb bujshme politike. Ajo \u00e7far\u00eb ne kemi p\u00ebr t\u2019i th\u00ebn\u00eb Faton Pecit, \u00ebsht\u00eb shum\u00eb e thjesht\u00eb. Ai \u00ebsht\u00eb i \u201cfort\u00eb\u201d sepse \u00ebsht\u00eb pushtet. Ne jemi \u201ct\u00eb dob\u00ebt\u201d p\u00ebrball\u00eb tij, sepse nuk kemi as pushtet, as forc\u00eb, as ide se si t\u00eb mbrohemi ndaj nj\u00eb pushtetari, p\u00ebrve\u00e7 ligjit. Por ne jemi n\u00eb sht\u00ebpin\u00eb ton\u00eb dhe p\u00ebrmes ligjit do t\u00eb mbrohemi, sepse besojm\u00eb se n\u00eb Kosov\u00eb, nuk do t\u00eb duhej t\u00eb kishte pushtetar\u00eb q\u00eb jan\u00eb mbi ligjin.<\/i><\/p>\n<p>Ai ka treguar se p\u00ebr k\u00ebt\u00eb \u00e7\u00ebshtje e ka paditur ministrin\u00eb.<\/p>\n<p>\u201c<i>P\u00ebr informimin tuaj, ne kemi paditur Ministrin\u00eb e Bujq\u00ebsis\u00eb n\u00eb vitin 2016 p\u00ebr definimin e kufirit pron\u00ebsor dhe q\u00eb nga ajo koh\u00eb jemi duke pritur shtjellimin e \u00e7\u00ebshtjes gjyq\u00ebsore. Pas shpifjeve t\u00eb Faton Pecit dhe n\u00eb munges\u00eb t\u00eb edukat\u00ebs bazike p\u00ebr k\u00ebrkim falje dhe vazhdim\u00ebsis\u00eb s\u00eb d\u00ebmit material dhe moral ndaj integritetit ton\u00eb, q\u00eb ai na ka b\u00ebr\u00eb duke na portretizuar si uzurpator\u00eb, ndaj Faton Pecit kemi ushtruar padi p\u00ebr shpifje<\/i>\u201d, ka shkruar ai.<\/p>\n<p><iframe loading=\"lazy\" style=\"border: none; overflow: hidden;\" src=\"https:\/\/www.facebook.com\/plugins\/post.php?href=https%3A%2F%2Fwww.facebook.com%2Fbogiq008%2Fposts%2Fpfbid09azFqZqBkM25Azfn8Z8pkfW2H5ZxzdpSVFUFZVJJDiDtQqtCtn5qmE8J6DVsHSUtl&amp;show_text=true&amp;width=500\" width=\"500\" height=\"296\" frameborder=\"0\" scrolling=\"no\" allowfullscreen=\"allowfullscreen\"><\/iframe><\/p>\n","protected":false},"excerpt":{"rendered":"<p>Ministri i Bujq\u00ebsis\u00eb, Faton Peci dje \u00ebsht\u00eb paraqitur n\u00eb nj\u00eb video para nj\u00eb objekti t\u00eb njohur n\u00eb lagjen Ulpiana n\u00eb Prishtin\u00eb. Ministri pretendon se objekti n\u00eb fjal\u00eb, i cili \u00ebsht\u00eb ngjitur me selin\u00eb kryesore t\u00eb AAK-s\u00eb, \u00ebsht\u00eb tjet\u00ebrsuar n\u00eb pron\u00eb private. Ndaj k\u00ebsaj video ka reaguar Yll Bogaj, i cili \u00ebsht\u00eb pronar i objektit. Ai [&hellip;]<\/p>\n","protected":false},"author":2,"featured_media":24605,"comment_status":"closed","ping_status":"closed","sticky":false,"template":"","format":"standard","meta":{"_monsterinsights_skip_tracking":false,"_monsterinsights_sitenote_active":false,"_monsterinsights_sitenote_note":"","_monsterinsights_sitenote_category":0,"_uf_show_specific_survey":0,"_uf_disable_surveys":false,"footnotes":""},"categories":[23,15],"tags":[],"yoast_head":"<!-- This site is optimized with the Yoast SEO plugin v21.5 - https:\/\/yoast.com\/wordpress\/plugins\/seo\/ -->\n<title>Pronari i objektit n\u00eb Ulpian\u00eb i p\u00ebrgjigjet Pecit: Mos shantazho, prona \u00ebsht\u00eb e jona<\/title>\n<meta name=\"robots\" content=\"index, follow, max-snippet:-1, max-image-preview:large, max-video-preview:-1\" \/>\n<link rel=\"canonical\" href=\"https:\/\/permbledhja.com\/sq\/pronari-i-objektit-ne-ulpiane-i-pergjigjet-pecit-mos-shantazho-prona-eshte-e-jona\/\" \/>\n<meta property=\"og:locale\" content=\"sq_AL\" \/>\n<meta property=\"og:type\" content=\"article\" \/>\n<meta property=\"og:title\" content=\"Pronari i objektit n\u00eb Ulpian\u00eb i p\u00ebrgjigjet Pecit: Mos shantazho, prona \u00ebsht\u00eb e jona\" \/>\n<meta property=\"og:description\" content=\"Ministri i Bujq\u00ebsis\u00eb, Faton Peci dje \u00ebsht\u00eb paraqitur n\u00eb nj\u00eb video para nj\u00eb objekti t\u00eb njohur n\u00eb lagjen Ulpiana n\u00eb Prishtin\u00eb. Ministri pretendon se objekti n\u00eb fjal\u00eb, i cili \u00ebsht\u00eb ngjitur me selin\u00eb kryesore t\u00eb AAK-s\u00eb, \u00ebsht\u00eb tjet\u00ebrsuar n\u00eb pron\u00eb private. Ndaj k\u00ebsaj video ka reaguar Yll Bogaj, i cili \u00ebsht\u00eb pronar i objektit. Ai [&hellip;]\" \/>\n<meta property=\"og:url\" content=\"https:\/\/permbledhja.com\/sq\/pronari-i-objektit-ne-ulpiane-i-pergjigjet-pecit-mos-shantazho-prona-eshte-e-jona\/\" \/>\n<meta property=\"og:site_name\" content=\"Ve\u00e7 artikuj p\u00ebrmbledh\u00ebs\" \/>\n<meta property=\"article:publisher\" content=\"https:\/\/www.facebook.com\/press07\/\" \/>\n<meta property=\"article:published_time\" content=\"2023-08-24T09:29:06+00:00\" \/>\n<meta property=\"og:image\" content=\"https:\/\/permbledhja.com\/wp-content\/uploads\/2023\/08\/hhhh.jpg\" \/>\n\t<meta property=\"og:image:width\" content=\"1049\" \/>\n\t<meta property=\"og:image:height\" content=\"647\" \/>\n\t<meta property=\"og:image:type\" content=\"image\/jpeg\" \/>\n<meta name=\"author\" content=\"M M\" \/>\n<meta name=\"twitter:card\" content=\"summary_large_image\" \/>\n<meta name=\"twitter:label1\" content=\"Written by\" \/>\n\t<meta name=\"twitter:data1\" content=\"M M\" \/>\n\t<meta name=\"twitter:label2\" content=\"Est. reading time\" \/>\n\t<meta name=\"twitter:data2\" content=\"2 minuta\" \/>\n<script type=\"application\/ld+json\" class=\"yoast-schema-graph\">{\"@context\":\"https:\/\/schema.org\",\"@graph\":[{\"@type\":\"Article\",\"@id\":\"https:\/\/permbledhja.com\/pronari-i-objektit-ne-ulpiane-i-pergjigjet-pecit-mos-shantazho-prona-eshte-e-jona\/#article\",\"isPartOf\":{\"@id\":\"https:\/\/permbledhja.com\/pronari-i-objektit-ne-ulpiane-i-pergjigjet-pecit-mos-shantazho-prona-eshte-e-jona\/\"},\"author\":{\"name\":\"M M\",\"@id\":\"https:\/\/permbledhja.com\/#\/schema\/person\/d23f13f59b5722643933d6780783acf3\"},\"headline\":\"Pronari i objektit n\u00eb Ulpian\u00eb i p\u00ebrgjigjet Pecit: Mos shantazho, prona \u00ebsht\u00eb e jona\",\"datePublished\":\"2023-08-24T09:29:06+00:00\",\"dateModified\":\"2023-08-24T09:29:06+00:00\",\"mainEntityOfPage\":{\"@id\":\"https:\/\/permbledhja.com\/pronari-i-objektit-ne-ulpiane-i-pergjigjet-pecit-mos-shantazho-prona-eshte-e-jona\/\"},\"wordCount\":410,\"publisher\":{\"@id\":\"https:\/\/permbledhja.com\/#organization\"},\"articleSection\":[\"Komb\u00ebtare\",\"Lajme\"],\"inLanguage\":\"sq\"},{\"@type\":\"WebPage\",\"@id\":\"https:\/\/permbledhja.com\/pronari-i-objektit-ne-ulpiane-i-pergjigjet-pecit-mos-shantazho-prona-eshte-e-jona\/\",\"url\":\"https:\/\/permbledhja.com\/pronari-i-objektit-ne-ulpiane-i-pergjigjet-pecit-mos-shantazho-prona-eshte-e-jona\/\",\"name\":\"Pronari i objektit n\u00eb Ulpian\u00eb i p\u00ebrgjigjet Pecit: Mos shantazho, prona \u00ebsht\u00eb e jona\",\"isPartOf\":{\"@id\":\"https:\/\/permbledhja.com\/#website\"},\"datePublished\":\"2023-08-24T09:29:06+00:00\",\"dateModified\":\"2023-08-24T09:29:06+00:00\",\"breadcrumb\":{\"@id\":\"https:\/\/permbledhja.com\/pronari-i-objektit-ne-ulpiane-i-pergjigjet-pecit-mos-shantazho-prona-eshte-e-jona\/#breadcrumb\"},\"inLanguage\":\"sq\",\"potentialAction\":[{\"@type\":\"ReadAction\",\"target\":[\"https:\/\/permbledhja.com\/pronari-i-objektit-ne-ulpiane-i-pergjigjet-pecit-mos-shantazho-prona-eshte-e-jona\/\"]}]},{\"@type\":\"BreadcrumbList\",\"@id\":\"https:\/\/permbledhja.com\/pronari-i-objektit-ne-ulpiane-i-pergjigjet-pecit-mos-shantazho-prona-eshte-e-jona\/#breadcrumb\",\"itemListElement\":[{\"@type\":\"ListItem\",\"position\":1,\"name\":\"Ballina\",\"item\":\"https:\/\/permbledhja.com\/sq\/\"},{\"@type\":\"ListItem\",\"position\":2,\"name\":\"Pronari i objektit n\u00eb Ulpian\u00eb i p\u00ebrgjigjet Pecit: Mos shantazho, prona \u00ebsht\u00eb e jona\"}]},{\"@type\":\"WebSite\",\"@id\":\"https:\/\/permbledhja.com\/#website\",\"url\":\"https:\/\/permbledhja.com\/\",\"name\":\"Ve\u00e7 artikuj p\u00ebrmbledh\u00ebs\",\"description\":\"\",\"publisher\":{\"@id\":\"https:\/\/permbledhja.com\/#organization\"},\"potentialAction\":[{\"@type\":\"SearchAction\",\"target\":{\"@type\":\"EntryPoint\",\"urlTemplate\":\"https:\/\/permbledhja.com\/?s={search_term_string}\"},\"query-input\":\"required name=search_term_string\"}],\"inLanguage\":\"sq\"},{\"@type\":\"Organization\",\"@id\":\"https:\/\/permbledhja.com\/#organization\",\"name\":\"MK Media & Pr\",\"url\":\"https:\/\/permbledhja.com\/\",\"logo\":{\"@type\":\"ImageObject\",\"inLanguage\":\"sq\",\"@id\":\"https:\/\/permbledhja.com\/#\/schema\/logo\/image\/\",\"url\":\"https:\/\/permbledhja.com\/wp-content\/uploads\/2021\/12\/07-Press-Logo.jpg\",\"contentUrl\":\"https:\/\/permbledhja.com\/wp-content\/uploads\/2021\/12\/07-Press-Logo.jpg\",\"width\":512,\"height\":512,\"caption\":\"MK Media & Pr\"},\"image\":{\"@id\":\"https:\/\/permbledhja.com\/#\/schema\/logo\/image\/\"},\"sameAs\":[\"https:\/\/www.facebook.com\/press07\/\"]},{\"@type\":\"Person\",\"@id\":\"https:\/\/permbledhja.com\/#\/schema\/person\/d23f13f59b5722643933d6780783acf3\",\"name\":\"M M\",\"image\":{\"@type\":\"ImageObject\",\"inLanguage\":\"sq\",\"@id\":\"https:\/\/permbledhja.com\/#\/schema\/person\/image\/\",\"url\":\"https:\/\/secure.gravatar.com\/avatar\/e2835a76ca7c31a2416b2d51c4ec9a8f?s=96&d=mm&r=g\",\"contentUrl\":\"https:\/\/secure.gravatar.com\/avatar\/e2835a76ca7c31a2416b2d51c4ec9a8f?s=96&d=mm&r=g\",\"caption\":\"M M\"},\"sameAs\":[\"http:\/\/MM\"],\"url\":\"https:\/\/permbledhja.com\/sq\/author\/muhamet\/\"}]}<\/script>\n<!-- \/ Yoast SEO plugin. -->","yoast_head_json":{"title":"Pronari i objektit n\u00eb Ulpian\u00eb i p\u00ebrgjigjet Pecit: Mos shantazho, prona \u00ebsht\u00eb e jona","robots":{"index":"index","follow":"follow","max-snippet":"max-snippet:-1","max-image-preview":"max-image-preview:large","max-video-preview":"max-video-preview:-1"},"canonical":"https:\/\/permbledhja.com\/sq\/pronari-i-objektit-ne-ulpiane-i-pergjigjet-pecit-mos-shantazho-prona-eshte-e-jona\/","og_locale":"sq_AL","og_type":"article","og_title":"Pronari i objektit n\u00eb Ulpian\u00eb i p\u00ebrgjigjet Pecit: Mos shantazho, prona \u00ebsht\u00eb e jona","og_description":"Ministri i Bujq\u00ebsis\u00eb, Faton Peci dje \u00ebsht\u00eb paraqitur n\u00eb nj\u00eb video para nj\u00eb objekti t\u00eb njohur n\u00eb lagjen Ulpiana n\u00eb Prishtin\u00eb. Ministri pretendon se objekti n\u00eb fjal\u00eb, i cili \u00ebsht\u00eb ngjitur me selin\u00eb kryesore t\u00eb AAK-s\u00eb, \u00ebsht\u00eb tjet\u00ebrsuar n\u00eb pron\u00eb private. Ndaj k\u00ebsaj video ka reaguar Yll Bogaj, i cili \u00ebsht\u00eb pronar i objektit. Ai [&hellip;]","og_url":"https:\/\/permbledhja.com\/sq\/pronari-i-objektit-ne-ulpiane-i-pergjigjet-pecit-mos-shantazho-prona-eshte-e-jona\/","og_site_name":"Ve\u00e7 artikuj p\u00ebrmbledh\u00ebs","article_publisher":"https:\/\/www.facebook.com\/press07\/","article_published_time":"2023-08-24T09:29:06+00:00","og_image":[{"width":1049,"height":647,"url":"https:\/\/permbledhja.com\/wp-content\/uploads\/2023\/08\/hhhh.jpg","type":"image\/jpeg"}],"author":"M M","twitter_card":"summary_large_image","twitter_misc":{"Written by":"M M","Est. reading time":"2 minuta"},"schema":{"@context":"https:\/\/schema.org","@graph":[{"@type":"Article","@id":"https:\/\/permbledhja.com\/pronari-i-objektit-ne-ulpiane-i-pergjigjet-pecit-mos-shantazho-prona-eshte-e-jona\/#article","isPartOf":{"@id":"https:\/\/permbledhja.com\/pronari-i-objektit-ne-ulpiane-i-pergjigjet-pecit-mos-shantazho-prona-eshte-e-jona\/"},"author":{"name":"M M","@id":"https:\/\/permbledhja.com\/#\/schema\/person\/d23f13f59b5722643933d6780783acf3"},"headline":"Pronari i objektit n\u00eb Ulpian\u00eb i p\u00ebrgjigjet Pecit: Mos shantazho, prona \u00ebsht\u00eb e jona","datePublished":"2023-08-24T09:29:06+00:00","dateModified":"2023-08-24T09:29:06+00:00","mainEntityOfPage":{"@id":"https:\/\/permbledhja.com\/pronari-i-objektit-ne-ulpiane-i-pergjigjet-pecit-mos-shantazho-prona-eshte-e-jona\/"},"wordCount":410,"publisher":{"@id":"https:\/\/permbledhja.com\/#organization"},"articleSection":["Komb\u00ebtare","Lajme"],"inLanguage":"sq"},{"@type":"WebPage","@id":"https:\/\/permbledhja.com\/pronari-i-objektit-ne-ulpiane-i-pergjigjet-pecit-mos-shantazho-prona-eshte-e-jona\/","url":"https:\/\/permbledhja.com\/pronari-i-objektit-ne-ulpiane-i-pergjigjet-pecit-mos-shantazho-prona-eshte-e-jona\/","name":"Pronari i objektit n\u00eb Ulpian\u00eb i p\u00ebrgjigjet Pecit: Mos shantazho, prona \u00ebsht\u00eb e jona","isPartOf":{"@id":"https:\/\/permbledhja.com\/#website"},"datePublished":"2023-08-24T09:29:06+00:00","dateModified":"2023-08-24T09:29:06+00:00","breadcrumb":{"@id":"https:\/\/permbledhja.com\/pronari-i-objektit-ne-ulpiane-i-pergjigjet-pecit-mos-shantazho-prona-eshte-e-jona\/#breadcrumb"},"inLanguage":"sq","potentialAction":[{"@type":"ReadAction","target":["https:\/\/permbledhja.com\/pronari-i-objektit-ne-ulpiane-i-pergjigjet-pecit-mos-shantazho-prona-eshte-e-jona\/"]}]},{"@type":"BreadcrumbList","@id":"https:\/\/permbledhja.com\/pronari-i-objektit-ne-ulpiane-i-pergjigjet-pecit-mos-shantazho-prona-eshte-e-jona\/#breadcrumb","itemListElement":[{"@type":"ListItem","position":1,"name":"Ballina","item":"https:\/\/permbledhja.com\/sq\/"},{"@type":"ListItem","position":2,"name":"Pronari i objektit n\u00eb Ulpian\u00eb i p\u00ebrgjigjet Pecit: Mos shantazho, prona \u00ebsht\u00eb e jona"}]},{"@type":"WebSite","@id":"https:\/\/permbledhja.com\/#website","url":"https:\/\/permbledhja.com\/","name":"Ve\u00e7 artikuj p\u00ebrmbledh\u00ebs","description":"","publisher":{"@id":"https:\/\/permbledhja.com\/#organization"},"potentialAction":[{"@type":"SearchAction","target":{"@type":"EntryPoint","urlTemplate":"https:\/\/permbledhja.com\/?s={search_term_string}"},"query-input":"required name=search_term_string"}],"inLanguage":"sq"},{"@type":"Organization","@id":"https:\/\/permbledhja.com\/#organization","name":"MK Media & Pr","url":"https:\/\/permbledhja.com\/","logo":{"@type":"ImageObject","inLanguage":"sq","@id":"https:\/\/permbledhja.com\/#\/schema\/logo\/image\/","url":"https:\/\/permbledhja.com\/wp-content\/uploads\/2021\/12\/07-Press-Logo.jpg","contentUrl":"https:\/\/permbledhja.com\/wp-content\/uploads\/2021\/12\/07-Press-Logo.jpg","width":512,"height":512,"caption":"MK Media & Pr"},"image":{"@id":"https:\/\/permbledhja.com\/#\/schema\/logo\/image\/"},"sameAs":["https:\/\/www.facebook.com\/press07\/"]},{"@type":"Person","@id":"https:\/\/permbledhja.com\/#\/schema\/person\/d23f13f59b5722643933d6780783acf3","name":"M M","image":{"@type":"ImageObject","inLanguage":"sq","@id":"https:\/\/permbledhja.com\/#\/schema\/person\/image\/","url":"https:\/\/secure.gravatar.com\/avatar\/e2835a76ca7c31a2416b2d51c4ec9a8f?s=96&d=mm&r=g","contentUrl":"https:\/\/secure.gravatar.com\/avatar\/e2835a76ca7c31a2416b2d51c4ec9a8f?s=96&d=mm&r=g","caption":"M M"},"sameAs":["http:\/\/MM"],"url":"https:\/\/permbledhja.com\/sq\/author\/muhamet\/"}]}},"_links":{"self":[{"href":"https:\/\/permbledhja.com\/sq\/wp-json\/wp\/v2\/posts\/24604"}],"collection":[{"href":"https:\/\/permbledhja.com\/sq\/wp-json\/wp\/v2\/posts"}],"about":[{"href":"https:\/\/permbledhja.com\/sq\/wp-json\/wp\/v2\/types\/post"}],"author":[{"embeddable":true,"href":"https:\/\/permbledhja.com\/sq\/wp-json\/wp\/v2\/users\/2"}],"replies":[{"embeddable":true,"href":"https:\/\/permbledhja.com\/sq\/wp-json\/wp\/v2\/comments?post=24604"}],"version-history":[{"count":1,"href":"https:\/\/permbledhja.com\/sq\/wp-json\/wp\/v2\/posts\/24604\/revisions"}],"predecessor-version":[{"id":24606,"href":"https:\/\/permbledhja.com\/sq\/wp-json\/wp\/v2\/posts\/24604\/revisions\/24606"}],"wp:featuredmedia":[{"embeddable":true,"href":"https:\/\/permbledhja.com\/sq\/wp-json\/wp\/v2\/media\/24605"}],"wp:attachment":[{"href":"https:\/\/permbledhja.com\/sq\/wp-json\/wp\/v2\/media?parent=24604"}],"wp:term":[{"taxonomy":"category","embeddable":true,"href":"https:\/\/permbledhja.com\/sq\/wp-json\/wp\/v2\/categories?post=24604"},{"taxonomy":"post_tag","embeddable":true,"href":"https:\/\/permbledhja.com\/sq\/wp-json\/wp\/v2\/tags?post=24604"}],"curies":[{"name":"wp","href":"https:\/\/api.w.org\/{rel}","templated":true}]}}