{"id":24598,"date":"2023-08-24T08:53:29","date_gmt":"2023-08-24T08:53:29","guid":{"rendered":"https:\/\/permbledhja.com\/?p=24598"},"modified":"2023-08-24T08:53:29","modified_gmt":"2023-08-24T08:53:29","slug":"pa-shpalljen-e-zgjedhjeve-ne-veri-sdo-te-kete-heqje-te-masave-nga-be-ja","status":"publish","type":"post","link":"https:\/\/permbledhja.com\/sq\/pa-shpalljen-e-zgjedhjeve-ne-veri-sdo-te-kete-heqje-te-masave-nga-be-ja\/","title":{"rendered":"&#8220;Pa shpalljen e zgjedhjeve n\u00eb veri s\u2019do t\u00eb ket\u00eb heqje t\u00eb masave nga BE-ja&#8221;"},"content":{"rendered":"<h3>Po b\u00ebhen dy muaj q\u00eb kur BE-ja nd\u00ebrmori masat nd\u00ebshkuese ndaj Kosov\u00ebs dhe ende nuk ka heqje t\u00eb tyre, pavar\u00ebsisht nga hapat e Kosov\u00ebs p\u00ebr shtensionim t\u00eb gjendjes me zvog\u00eblimin e pranis\u00eb policore n\u00eb dhe rreth objekteve komunale.<\/h3>\n<p>Qeveria e Kosov\u00ebs po k\u00ebrkon me ngulm heqjen e masave derisa BE-ja ka k\u00ebrkuar q\u00eb sa m\u00eb par\u00eb t\u00eb mbahen zgjedhjet e jasht\u00ebzakonshme n\u00eb veri.<\/p>\n<p>Z\u00ebdh\u00ebn\u00ebsi i Qeveris\u00eb P\u00ebrparim Kryeziu i tha RTV21 se Kosova po respekton dakordimin me BE-n\u00eb p\u00ebr shtensionim t\u00eb gjendjes dhe dhe masat e saj jan\u00eb t\u00eb padrejta.<\/p>\n<p>\u201cJan\u00eb b\u00ebr\u00eb mbi dy muaj prej kur \u00ebsht\u00eb sh\u00ebnuar incidenti i fundit i dhunsh\u00ebm. Teksa jan\u00eb nd\u00ebrmarr\u00eb hapat e par\u00eb q\u00eb do t\u00eb mund\u00ebsojn\u00eb zgjedhjet e parakohshme. Pra ka edhe p\u00ebrmir\u00ebsim t\u00eb situat\u00ebs por edhe hapa drejt zgjedhjeve t\u00eb parakohsh\u00ebm. Megjith\u00ebse ne mbesim vigjilent p\u00ebr rieskalimin potencial q\u00eb mund t\u00eb vij\u00eb nga deklaratat q\u00eb nxisin urrejtje dhe agresiviteti politik e shtet\u00ebror nga Serbia.<\/p>\n<p>Prandaj edhe q\u00ebndrimi yn\u00eb vazhdon t\u00eb jet\u00eb q\u00eb masat ndaj Kosov\u00ebs kan\u00eb qen\u00eb t\u00eb padrejta dhe vazhdojn\u00eb t\u00eb mbesim t\u00eb atilla, sidomos pas progresit n\u00eb zbatimin e marr\u00ebveshjes s\u00eb Bratislav\u00ebs por edhe pas p\u00ebrmir\u00ebsimit t\u00eb situat\u00ebs n\u00eb terren.<\/p>\n<p>Deputeti i PDK-s\u00eb Rashit Qalaj nuk pret q\u00eb t\u00eb ket\u00eb heqje t\u00eb masave nj\u00eb her\u00eb p\u00ebr nj\u00eb her\u00eb. Sipas tij, c\u00ebshtja e zgjedhjeve t\u00eb jasht\u00ebzakonshme n\u00eb veri t\u00eb vendit po zvarritet nga Qeveria.<\/p>\n<p>Se aktualisht nuk do t\u00eb ket\u00eb heqje t\u00eb masave nd\u00ebshkuese e thot\u00eb edhe politologu, Fidan Ukaj. Sipas tij, BE-ja po pret nj\u00eb dat\u00eb p\u00ebr zgjedhjet e jasht\u00ebzakonshme n\u00eb veri p\u00ebr t\u2019i hequr masat nd\u00ebshkuese ndaj Kosov\u00ebs.<br \/>\nQeveria e Kosov\u00ebs tashm\u00eb ka nisur hartimin e Udh\u00ebzimit Administrativ q\u00eb mund\u00ebson nisjen e procedurave p\u00ebr largimin e kryetar\u00ebve p\u00ebrmes nj\u00eb peticioni. Por t\u00eb dy bashk\u00ebbiseduesit vler\u00ebsojn\u00eb se largimi i kryetar\u00ebve p\u00ebrmes peticionit nuk \u00ebsht\u00eb zgjidhje e duhur.<\/p>\n<p>Masat nd\u00ebshkuese t\u00eb BE-s\u00eb ndaj Kosov\u00ebs p\u00ebrfshijn\u00eb pezullimin e pun\u00ebs s\u00eb organeve t\u00eb Marr\u00ebveshjes s\u00eb Stabilizim- Asociimit, q\u00eb Kosova nuk do t\u00eb ftohet n\u00eb takime t\u00eb nivelit t\u00eb lart\u00eb dhe vizitat dypal\u00ebshe do t\u00eb pezullohen, p\u00ebrve\u00e7 atyre t\u00eb p\u00ebrqendruara n\u00eb adresimin e kriz\u00ebs n\u00eb veri t\u00eb Kosov\u00ebs, n\u00eb kuad\u00ebr t\u00eb dialogut t\u00eb leht\u00ebsuar nga BE-ja. Programi IPA 2024 \u00ebsht\u00eb v\u00ebn\u00eb gjithashtu n\u00eb pritje dhe propozimet e paraqitura nga Kosova n\u00eb kuad\u00ebr t\u00eb Korniz\u00ebs s\u00eb Investimeve n\u00eb Ballkanin Per\u00ebndimor nuk jan\u00eb dor\u00ebzuar p\u00ebr shqyrtim n\u00eb bord n\u00eb fund t\u00eb qershorit.<\/p>\n","protected":false},"excerpt":{"rendered":"<p>Po b\u00ebhen dy muaj q\u00eb kur BE-ja nd\u00ebrmori masat nd\u00ebshkuese ndaj Kosov\u00ebs dhe ende nuk ka heqje t\u00eb tyre, pavar\u00ebsisht nga hapat e Kosov\u00ebs p\u00ebr shtensionim t\u00eb gjendjes me zvog\u00eblimin e pranis\u00eb policore n\u00eb dhe rreth objekteve komunale. Qeveria e Kosov\u00ebs po k\u00ebrkon me ngulm heqjen e masave derisa BE-ja ka k\u00ebrkuar q\u00eb sa m\u00eb [&hellip;]<\/p>\n","protected":false},"author":2,"featured_media":24599,"comment_status":"closed","ping_status":"closed","sticky":false,"template":"","format":"standard","meta":{"_monsterinsights_skip_tracking":false,"_monsterinsights_sitenote_active":false,"_monsterinsights_sitenote_note":"","_monsterinsights_sitenote_category":0,"_uf_show_specific_survey":0,"_uf_disable_surveys":false,"footnotes":""},"categories":[23,15],"tags":[],"yoast_head":"<!-- This site is optimized with the Yoast SEO plugin v21.5 - https:\/\/yoast.com\/wordpress\/plugins\/seo\/ -->\n<title>&quot;Pa shpalljen e zgjedhjeve n\u00eb veri s\u2019do t\u00eb ket\u00eb heqje t\u00eb masave nga BE-ja&quot;<\/title>\n<meta name=\"robots\" content=\"index, follow, max-snippet:-1, max-image-preview:large, max-video-preview:-1\" \/>\n<link rel=\"canonical\" href=\"https:\/\/permbledhja.com\/sq\/pa-shpalljen-e-zgjedhjeve-ne-veri-sdo-te-kete-heqje-te-masave-nga-be-ja\/\" \/>\n<meta property=\"og:locale\" content=\"sq_AL\" \/>\n<meta property=\"og:type\" content=\"article\" \/>\n<meta property=\"og:title\" content=\"&quot;Pa shpalljen e zgjedhjeve n\u00eb veri s\u2019do t\u00eb ket\u00eb heqje t\u00eb masave nga BE-ja&quot;\" \/>\n<meta property=\"og:description\" content=\"Po b\u00ebhen dy muaj q\u00eb kur BE-ja nd\u00ebrmori masat nd\u00ebshkuese ndaj Kosov\u00ebs dhe ende nuk ka heqje t\u00eb tyre, pavar\u00ebsisht nga hapat e Kosov\u00ebs p\u00ebr shtensionim t\u00eb gjendjes me zvog\u00eblimin e pranis\u00eb policore n\u00eb dhe rreth objekteve komunale. Qeveria e Kosov\u00ebs po k\u00ebrkon me ngulm heqjen e masave derisa BE-ja ka k\u00ebrkuar q\u00eb sa m\u00eb [&hellip;]\" \/>\n<meta property=\"og:url\" content=\"https:\/\/permbledhja.com\/sq\/pa-shpalljen-e-zgjedhjeve-ne-veri-sdo-te-kete-heqje-te-masave-nga-be-ja\/\" \/>\n<meta property=\"og:site_name\" content=\"Ve\u00e7 artikuj p\u00ebrmbledh\u00ebs\" \/>\n<meta property=\"article:publisher\" content=\"https:\/\/www.facebook.com\/press07\/\" \/>\n<meta property=\"article:published_time\" content=\"2023-08-24T08:53:29+00:00\" \/>\n<meta property=\"og:image\" content=\"https:\/\/permbledhja.com\/wp-content\/uploads\/2023\/08\/kosova_dhe_bashkimi_europian_kosova_dhe_be.jpg\" \/>\n\t<meta property=\"og:image:width\" content=\"1024\" \/>\n\t<meta property=\"og:image:height\" content=\"592\" \/>\n\t<meta property=\"og:image:type\" content=\"image\/jpeg\" \/>\n<meta name=\"author\" content=\"M M\" \/>\n<meta name=\"twitter:card\" content=\"summary_large_image\" \/>\n<meta name=\"twitter:label1\" content=\"Written by\" \/>\n\t<meta name=\"twitter:data1\" content=\"M M\" \/>\n\t<meta name=\"twitter:label2\" content=\"Est. reading time\" \/>\n\t<meta name=\"twitter:data2\" content=\"2 minuta\" \/>\n<script type=\"application\/ld+json\" class=\"yoast-schema-graph\">{\"@context\":\"https:\/\/schema.org\",\"@graph\":[{\"@type\":\"Article\",\"@id\":\"https:\/\/permbledhja.com\/pa-shpalljen-e-zgjedhjeve-ne-veri-sdo-te-kete-heqje-te-masave-nga-be-ja\/#article\",\"isPartOf\":{\"@id\":\"https:\/\/permbledhja.com\/pa-shpalljen-e-zgjedhjeve-ne-veri-sdo-te-kete-heqje-te-masave-nga-be-ja\/\"},\"author\":{\"name\":\"M M\",\"@id\":\"https:\/\/permbledhja.com\/#\/schema\/person\/d23f13f59b5722643933d6780783acf3\"},\"headline\":\"&#8220;Pa shpalljen e zgjedhjeve n\u00eb veri s\u2019do t\u00eb ket\u00eb heqje t\u00eb masave nga BE-ja&#8221;\",\"datePublished\":\"2023-08-24T08:53:29+00:00\",\"dateModified\":\"2023-08-24T08:53:29+00:00\",\"mainEntityOfPage\":{\"@id\":\"https:\/\/permbledhja.com\/pa-shpalljen-e-zgjedhjeve-ne-veri-sdo-te-kete-heqje-te-masave-nga-be-ja\/\"},\"wordCount\":475,\"publisher\":{\"@id\":\"https:\/\/permbledhja.com\/#organization\"},\"articleSection\":[\"Komb\u00ebtare\",\"Lajme\"],\"inLanguage\":\"sq\"},{\"@type\":\"WebPage\",\"@id\":\"https:\/\/permbledhja.com\/pa-shpalljen-e-zgjedhjeve-ne-veri-sdo-te-kete-heqje-te-masave-nga-be-ja\/\",\"url\":\"https:\/\/permbledhja.com\/pa-shpalljen-e-zgjedhjeve-ne-veri-sdo-te-kete-heqje-te-masave-nga-be-ja\/\",\"name\":\"\\\"Pa shpalljen e zgjedhjeve n\u00eb veri s\u2019do t\u00eb ket\u00eb heqje t\u00eb masave nga BE-ja\\\"\",\"isPartOf\":{\"@id\":\"https:\/\/permbledhja.com\/#website\"},\"datePublished\":\"2023-08-24T08:53:29+00:00\",\"dateModified\":\"2023-08-24T08:53:29+00:00\",\"breadcrumb\":{\"@id\":\"https:\/\/permbledhja.com\/pa-shpalljen-e-zgjedhjeve-ne-veri-sdo-te-kete-heqje-te-masave-nga-be-ja\/#breadcrumb\"},\"inLanguage\":\"sq\",\"potentialAction\":[{\"@type\":\"ReadAction\",\"target\":[\"https:\/\/permbledhja.com\/pa-shpalljen-e-zgjedhjeve-ne-veri-sdo-te-kete-heqje-te-masave-nga-be-ja\/\"]}]},{\"@type\":\"BreadcrumbList\",\"@id\":\"https:\/\/permbledhja.com\/pa-shpalljen-e-zgjedhjeve-ne-veri-sdo-te-kete-heqje-te-masave-nga-be-ja\/#breadcrumb\",\"itemListElement\":[{\"@type\":\"ListItem\",\"position\":1,\"name\":\"Ballina\",\"item\":\"https:\/\/permbledhja.com\/sq\/\"},{\"@type\":\"ListItem\",\"position\":2,\"name\":\"&#8220;Pa shpalljen e zgjedhjeve n\u00eb veri s\u2019do t\u00eb ket\u00eb heqje t\u00eb masave nga BE-ja&#8221;\"}]},{\"@type\":\"WebSite\",\"@id\":\"https:\/\/permbledhja.com\/#website\",\"url\":\"https:\/\/permbledhja.com\/\",\"name\":\"Ve\u00e7 artikuj p\u00ebrmbledh\u00ebs\",\"description\":\"\",\"publisher\":{\"@id\":\"https:\/\/permbledhja.com\/#organization\"},\"potentialAction\":[{\"@type\":\"SearchAction\",\"target\":{\"@type\":\"EntryPoint\",\"urlTemplate\":\"https:\/\/permbledhja.com\/?s={search_term_string}\"},\"query-input\":\"required name=search_term_string\"}],\"inLanguage\":\"sq\"},{\"@type\":\"Organization\",\"@id\":\"https:\/\/permbledhja.com\/#organization\",\"name\":\"MK Media & Pr\",\"url\":\"https:\/\/permbledhja.com\/\",\"logo\":{\"@type\":\"ImageObject\",\"inLanguage\":\"sq\",\"@id\":\"https:\/\/permbledhja.com\/#\/schema\/logo\/image\/\",\"url\":\"https:\/\/permbledhja.com\/wp-content\/uploads\/2021\/12\/07-Press-Logo.jpg\",\"contentUrl\":\"https:\/\/permbledhja.com\/wp-content\/uploads\/2021\/12\/07-Press-Logo.jpg\",\"width\":512,\"height\":512,\"caption\":\"MK Media & Pr\"},\"image\":{\"@id\":\"https:\/\/permbledhja.com\/#\/schema\/logo\/image\/\"},\"sameAs\":[\"https:\/\/www.facebook.com\/press07\/\"]},{\"@type\":\"Person\",\"@id\":\"https:\/\/permbledhja.com\/#\/schema\/person\/d23f13f59b5722643933d6780783acf3\",\"name\":\"M M\",\"image\":{\"@type\":\"ImageObject\",\"inLanguage\":\"sq\",\"@id\":\"https:\/\/permbledhja.com\/#\/schema\/person\/image\/\",\"url\":\"https:\/\/secure.gravatar.com\/avatar\/e2835a76ca7c31a2416b2d51c4ec9a8f?s=96&d=mm&r=g\",\"contentUrl\":\"https:\/\/secure.gravatar.com\/avatar\/e2835a76ca7c31a2416b2d51c4ec9a8f?s=96&d=mm&r=g\",\"caption\":\"M M\"},\"sameAs\":[\"http:\/\/MM\"],\"url\":\"https:\/\/permbledhja.com\/sq\/author\/muhamet\/\"}]}<\/script>\n<!-- \/ Yoast SEO plugin. -->","yoast_head_json":{"title":"\"Pa shpalljen e zgjedhjeve n\u00eb veri s\u2019do t\u00eb ket\u00eb heqje t\u00eb masave nga BE-ja\"","robots":{"index":"index","follow":"follow","max-snippet":"max-snippet:-1","max-image-preview":"max-image-preview:large","max-video-preview":"max-video-preview:-1"},"canonical":"https:\/\/permbledhja.com\/sq\/pa-shpalljen-e-zgjedhjeve-ne-veri-sdo-te-kete-heqje-te-masave-nga-be-ja\/","og_locale":"sq_AL","og_type":"article","og_title":"\"Pa shpalljen e zgjedhjeve n\u00eb veri s\u2019do t\u00eb ket\u00eb heqje t\u00eb masave nga BE-ja\"","og_description":"Po b\u00ebhen dy muaj q\u00eb kur BE-ja nd\u00ebrmori masat nd\u00ebshkuese ndaj Kosov\u00ebs dhe ende nuk ka heqje t\u00eb tyre, pavar\u00ebsisht nga hapat e Kosov\u00ebs p\u00ebr shtensionim t\u00eb gjendjes me zvog\u00eblimin e pranis\u00eb policore n\u00eb dhe rreth objekteve komunale. Qeveria e Kosov\u00ebs po k\u00ebrkon me ngulm heqjen e masave derisa BE-ja ka k\u00ebrkuar q\u00eb sa m\u00eb [&hellip;]","og_url":"https:\/\/permbledhja.com\/sq\/pa-shpalljen-e-zgjedhjeve-ne-veri-sdo-te-kete-heqje-te-masave-nga-be-ja\/","og_site_name":"Ve\u00e7 artikuj p\u00ebrmbledh\u00ebs","article_publisher":"https:\/\/www.facebook.com\/press07\/","article_published_time":"2023-08-24T08:53:29+00:00","og_image":[{"width":1024,"height":592,"url":"https:\/\/permbledhja.com\/wp-content\/uploads\/2023\/08\/kosova_dhe_bashkimi_europian_kosova_dhe_be.jpg","type":"image\/jpeg"}],"author":"M M","twitter_card":"summary_large_image","twitter_misc":{"Written by":"M M","Est. reading time":"2 minuta"},"schema":{"@context":"https:\/\/schema.org","@graph":[{"@type":"Article","@id":"https:\/\/permbledhja.com\/pa-shpalljen-e-zgjedhjeve-ne-veri-sdo-te-kete-heqje-te-masave-nga-be-ja\/#article","isPartOf":{"@id":"https:\/\/permbledhja.com\/pa-shpalljen-e-zgjedhjeve-ne-veri-sdo-te-kete-heqje-te-masave-nga-be-ja\/"},"author":{"name":"M M","@id":"https:\/\/permbledhja.com\/#\/schema\/person\/d23f13f59b5722643933d6780783acf3"},"headline":"&#8220;Pa shpalljen e zgjedhjeve n\u00eb veri s\u2019do t\u00eb ket\u00eb heqje t\u00eb masave nga BE-ja&#8221;","datePublished":"2023-08-24T08:53:29+00:00","dateModified":"2023-08-24T08:53:29+00:00","mainEntityOfPage":{"@id":"https:\/\/permbledhja.com\/pa-shpalljen-e-zgjedhjeve-ne-veri-sdo-te-kete-heqje-te-masave-nga-be-ja\/"},"wordCount":475,"publisher":{"@id":"https:\/\/permbledhja.com\/#organization"},"articleSection":["Komb\u00ebtare","Lajme"],"inLanguage":"sq"},{"@type":"WebPage","@id":"https:\/\/permbledhja.com\/pa-shpalljen-e-zgjedhjeve-ne-veri-sdo-te-kete-heqje-te-masave-nga-be-ja\/","url":"https:\/\/permbledhja.com\/pa-shpalljen-e-zgjedhjeve-ne-veri-sdo-te-kete-heqje-te-masave-nga-be-ja\/","name":"\"Pa shpalljen e zgjedhjeve n\u00eb veri s\u2019do t\u00eb ket\u00eb heqje t\u00eb masave nga BE-ja\"","isPartOf":{"@id":"https:\/\/permbledhja.com\/#website"},"datePublished":"2023-08-24T08:53:29+00:00","dateModified":"2023-08-24T08:53:29+00:00","breadcrumb":{"@id":"https:\/\/permbledhja.com\/pa-shpalljen-e-zgjedhjeve-ne-veri-sdo-te-kete-heqje-te-masave-nga-be-ja\/#breadcrumb"},"inLanguage":"sq","potentialAction":[{"@type":"ReadAction","target":["https:\/\/permbledhja.com\/pa-shpalljen-e-zgjedhjeve-ne-veri-sdo-te-kete-heqje-te-masave-nga-be-ja\/"]}]},{"@type":"BreadcrumbList","@id":"https:\/\/permbledhja.com\/pa-shpalljen-e-zgjedhjeve-ne-veri-sdo-te-kete-heqje-te-masave-nga-be-ja\/#breadcrumb","itemListElement":[{"@type":"ListItem","position":1,"name":"Ballina","item":"https:\/\/permbledhja.com\/sq\/"},{"@type":"ListItem","position":2,"name":"&#8220;Pa shpalljen e zgjedhjeve n\u00eb veri s\u2019do t\u00eb ket\u00eb heqje t\u00eb masave nga BE-ja&#8221;"}]},{"@type":"WebSite","@id":"https:\/\/permbledhja.com\/#website","url":"https:\/\/permbledhja.com\/","name":"Ve\u00e7 artikuj p\u00ebrmbledh\u00ebs","description":"","publisher":{"@id":"https:\/\/permbledhja.com\/#organization"},"potentialAction":[{"@type":"SearchAction","target":{"@type":"EntryPoint","urlTemplate":"https:\/\/permbledhja.com\/?s={search_term_string}"},"query-input":"required name=search_term_string"}],"inLanguage":"sq"},{"@type":"Organization","@id":"https:\/\/permbledhja.com\/#organization","name":"MK Media & Pr","url":"https:\/\/permbledhja.com\/","logo":{"@type":"ImageObject","inLanguage":"sq","@id":"https:\/\/permbledhja.com\/#\/schema\/logo\/image\/","url":"https:\/\/permbledhja.com\/wp-content\/uploads\/2021\/12\/07-Press-Logo.jpg","contentUrl":"https:\/\/permbledhja.com\/wp-content\/uploads\/2021\/12\/07-Press-Logo.jpg","width":512,"height":512,"caption":"MK Media & Pr"},"image":{"@id":"https:\/\/permbledhja.com\/#\/schema\/logo\/image\/"},"sameAs":["https:\/\/www.facebook.com\/press07\/"]},{"@type":"Person","@id":"https:\/\/permbledhja.com\/#\/schema\/person\/d23f13f59b5722643933d6780783acf3","name":"M M","image":{"@type":"ImageObject","inLanguage":"sq","@id":"https:\/\/permbledhja.com\/#\/schema\/person\/image\/","url":"https:\/\/secure.gravatar.com\/avatar\/e2835a76ca7c31a2416b2d51c4ec9a8f?s=96&d=mm&r=g","contentUrl":"https:\/\/secure.gravatar.com\/avatar\/e2835a76ca7c31a2416b2d51c4ec9a8f?s=96&d=mm&r=g","caption":"M M"},"sameAs":["http:\/\/MM"],"url":"https:\/\/permbledhja.com\/sq\/author\/muhamet\/"}]}},"_links":{"self":[{"href":"https:\/\/permbledhja.com\/sq\/wp-json\/wp\/v2\/posts\/24598"}],"collection":[{"href":"https:\/\/permbledhja.com\/sq\/wp-json\/wp\/v2\/posts"}],"about":[{"href":"https:\/\/permbledhja.com\/sq\/wp-json\/wp\/v2\/types\/post"}],"author":[{"embeddable":true,"href":"https:\/\/permbledhja.com\/sq\/wp-json\/wp\/v2\/users\/2"}],"replies":[{"embeddable":true,"href":"https:\/\/permbledhja.com\/sq\/wp-json\/wp\/v2\/comments?post=24598"}],"version-history":[{"count":1,"href":"https:\/\/permbledhja.com\/sq\/wp-json\/wp\/v2\/posts\/24598\/revisions"}],"predecessor-version":[{"id":24600,"href":"https:\/\/permbledhja.com\/sq\/wp-json\/wp\/v2\/posts\/24598\/revisions\/24600"}],"wp:featuredmedia":[{"embeddable":true,"href":"https:\/\/permbledhja.com\/sq\/wp-json\/wp\/v2\/media\/24599"}],"wp:attachment":[{"href":"https:\/\/permbledhja.com\/sq\/wp-json\/wp\/v2\/media?parent=24598"}],"wp:term":[{"taxonomy":"category","embeddable":true,"href":"https:\/\/permbledhja.com\/sq\/wp-json\/wp\/v2\/categories?post=24598"},{"taxonomy":"post_tag","embeddable":true,"href":"https:\/\/permbledhja.com\/sq\/wp-json\/wp\/v2\/tags?post=24598"}],"curies":[{"name":"wp","href":"https:\/\/api.w.org\/{rel}","templated":true}]}}