{"id":24583,"date":"2023-08-24T07:54:35","date_gmt":"2023-08-24T07:54:35","guid":{"rendered":"https:\/\/permbledhja.com\/?p=24583"},"modified":"2023-08-24T07:54:35","modified_gmt":"2023-08-24T07:54:35","slug":"prokuroria-nuk-veproi-peci-per-objektin-ne-qender-ngjitur-me-aakne-do-tia-kthej-ministrise","status":"publish","type":"post","link":"https:\/\/permbledhja.com\/sq\/prokuroria-nuk-veproi-peci-per-objektin-ne-qender-ngjitur-me-aakne-do-tia-kthej-ministrise\/","title":{"rendered":"\u201cProkuroria nuk veproi\u201d, Peci p\u00ebr objektin n\u00eb qend\u00ebr ngjitur me AAK\u2019n\u00eb: Do t\u2019ia kthej Ministris\u00eb"},"content":{"rendered":"<h3>L\u00ebvizja Vet\u00ebvendosje e ka publikuar videon e radh\u00ebs n\u00eb vazhd\u00ebn e akuzave ndaj Prokruroris\u00eb Speciale p\u00ebr mosveprim.<\/h3>\n<p>Ministri i Bujq\u00ebsis\u00eb, Faton Peci \u00ebsht\u00eb paraqitur n\u00eb nj\u00eb video para nj\u00eb objekti t\u00eb njohur n\u00eb lagjen Ulipiana n\u00eb Prishtin\u00eb, ngjitur me selin\u00eb kryesore t\u00eb AAK-s\u00eb, t\u00eb cilin ai e quan \u201cobjekti t\u00eb korrupsionit dhe i zhvatjes\u201d.<\/p>\n<p>Peci thot\u00eb se p\u00ebrkund\u00ebr denoncimit t\u00eb tij se n\u00eb at\u00eb objekt q\u00eb thot\u00eb se \u00ebsht\u00eb i shtetit po ushtrohen shum\u00eb veprimtari t\u00eb paligjshme, ska pasur \u201casnj\u00eb veprim nga Prokuroria Speciale\u201d.<\/p>\n<p>\u201cQ\u00eb nga viti 2012 n\u00eb k\u00ebt\u00eb objekt dhe p\u00ebrreth tij ushtrohen shum\u00eb veprimtari t\u00eb paligjshme. P\u00ebr t\u00eb gjitha k\u00ebto dukuri, tjet\u00ebrsimin e dyshimt\u00eb t\u00eb pronave, aneksimin, nd\u00ebrtimet e vrazhda brenda objektit t\u00eb Institutit Bujq\u00ebsor t\u00eb Kosov\u00ebs para af\u00ebr nj\u00eb viti un\u00eb kam denoncuar publikisht dhe ia kam ofruar t\u00eb gjitha provat Prokuroris\u00eb s\u00eb Shtetit\u201d, tha Peci.<\/p>\n<p>Ai e akuzoi drejtorin e k\u00ebtij instituti, Fehmi Gecin se \u201cb\u00ebn sfilata n\u00eb studio televizive dhe k\u00ebrc\u00ebnon me padi titullarin e institucionit, nd\u00ebrsa n\u00eb qend\u00ebr t\u00eb Prishtin\u00ebs, n\u00eb Ulipan\u00eb q\u00ebndron si \u2018luan\u2019 objekti i korrupsionit dhe i zhvatjes s\u00eb tij\u201d.<\/p>\n<p>\u201cKy nuk \u00ebsht\u00eb \u00ebsht\u00eb protagonisti i vet\u00ebm\u201d, thot\u00eb Peci, pa p\u00ebrmendur emra.<\/p>\n<p>Ai tha se ka marr\u00eb vendim q\u00eb \u201cobjekti t\u2019i kthehet titullarit n\u00eb shfryt\u00ebzim\u201d<\/p>\n<p>\u201cAsnj\u00eb veprim nga Prokuroria Speciale- 700 metra katror\u00eb lokale afariste t\u00eb nd\u00ebrtuara n\u00eb m\u00ebnyr\u00eb t\u00eb kund\u00ebrligjshme;- Tjet\u00ebrsim dhe bartje e pron\u00ebs nga shtet\u00ebrore n\u00eb private;-\u00a0Shnd\u00ebrrim i oborrit n\u00eb depo;- Mosveprim nga 5 ish-Ministra.E gjith\u00eb kjo, n\u00eb pron\u00eb t\u00eb Ministris\u00eb s\u00eb Bujq\u00ebsis\u00eb dhe p\u00ebr asnj\u00eb moment nuk kemi par\u00eb ndonj\u00eb veprim nga ana e Prokuroris\u00eb Speciale\u201d, thuhet n\u00eb p\u00ebrshkrimin e videos.<\/p>\n<p><iframe loading=\"lazy\" style=\"border: none; overflow: hidden;\" src=\"https:\/\/www.facebook.com\/plugins\/video.php?href=https%3A%2F%2Fwww.facebook.com%2Fvetevendosje%2Fvideos%2F846577100428672%2F%3Fref%3Dembed_video&amp;show_text=0&amp;width=380\" width=\"380\" height=\"476\" frameborder=\"0\" scrolling=\"no\" allowfullscreen=\"allowfullscreen\"><\/iframe><\/p>\n","protected":false},"excerpt":{"rendered":"<p>L\u00ebvizja Vet\u00ebvendosje e ka publikuar videon e radh\u00ebs n\u00eb vazhd\u00ebn e akuzave ndaj Prokruroris\u00eb Speciale p\u00ebr mosveprim. Ministri i Bujq\u00ebsis\u00eb, Faton Peci \u00ebsht\u00eb paraqitur n\u00eb nj\u00eb video para nj\u00eb objekti t\u00eb njohur n\u00eb lagjen Ulipiana n\u00eb Prishtin\u00eb, ngjitur me selin\u00eb kryesore t\u00eb AAK-s\u00eb, t\u00eb cilin ai e quan \u201cobjekti t\u00eb korrupsionit dhe i zhvatjes\u201d. Peci [&hellip;]<\/p>\n","protected":false},"author":2,"featured_media":24584,"comment_status":"closed","ping_status":"closed","sticky":false,"template":"","format":"standard","meta":{"_monsterinsights_skip_tracking":false,"_monsterinsights_sitenote_active":false,"_monsterinsights_sitenote_note":"","_monsterinsights_sitenote_category":0,"_uf_show_specific_survey":0,"_uf_disable_surveys":false,"footnotes":""},"categories":[23,15],"tags":[369],"yoast_head":"<!-- This site is optimized with the Yoast SEO plugin v21.5 - https:\/\/yoast.com\/wordpress\/plugins\/seo\/ -->\n<title>\u201cProkuroria nuk veproi\u201d, Peci p\u00ebr objektin n\u00eb qend\u00ebr ngjitur me AAK\u2019n\u00eb: Do t\u2019ia kthej Ministris\u00eb<\/title>\n<meta name=\"robots\" content=\"index, follow, max-snippet:-1, max-image-preview:large, max-video-preview:-1\" \/>\n<link rel=\"canonical\" href=\"https:\/\/permbledhja.com\/sq\/prokuroria-nuk-veproi-peci-per-objektin-ne-qender-ngjitur-me-aakne-do-tia-kthej-ministrise\/\" \/>\n<meta property=\"og:locale\" content=\"sq_AL\" \/>\n<meta property=\"og:type\" content=\"article\" \/>\n<meta property=\"og:title\" content=\"\u201cProkuroria nuk veproi\u201d, Peci p\u00ebr objektin n\u00eb qend\u00ebr ngjitur me AAK\u2019n\u00eb: Do t\u2019ia kthej Ministris\u00eb\" \/>\n<meta property=\"og:description\" content=\"L\u00ebvizja Vet\u00ebvendosje e ka publikuar videon e radh\u00ebs n\u00eb vazhd\u00ebn e akuzave ndaj Prokruroris\u00eb Speciale p\u00ebr mosveprim. Ministri i Bujq\u00ebsis\u00eb, Faton Peci \u00ebsht\u00eb paraqitur n\u00eb nj\u00eb video para nj\u00eb objekti t\u00eb njohur n\u00eb lagjen Ulipiana n\u00eb Prishtin\u00eb, ngjitur me selin\u00eb kryesore t\u00eb AAK-s\u00eb, t\u00eb cilin ai e quan \u201cobjekti t\u00eb korrupsionit dhe i zhvatjes\u201d. Peci [&hellip;]\" \/>\n<meta property=\"og:url\" content=\"https:\/\/permbledhja.com\/sq\/prokuroria-nuk-veproi-peci-per-objektin-ne-qender-ngjitur-me-aakne-do-tia-kthej-ministrise\/\" \/>\n<meta property=\"og:site_name\" content=\"Ve\u00e7 artikuj p\u00ebrmbledh\u00ebs\" \/>\n<meta property=\"article:publisher\" content=\"https:\/\/www.facebook.com\/press07\/\" \/>\n<meta property=\"article:published_time\" content=\"2023-08-24T07:54:35+00:00\" \/>\n<meta property=\"og:image\" content=\"https:\/\/permbledhja.com\/wp-content\/uploads\/2023\/08\/Faton-Peci-600x360-1.webp\" \/>\n\t<meta property=\"og:image:width\" content=\"600\" \/>\n\t<meta property=\"og:image:height\" content=\"360\" \/>\n\t<meta property=\"og:image:type\" content=\"image\/webp\" \/>\n<meta name=\"author\" content=\"M M\" \/>\n<meta name=\"twitter:card\" content=\"summary_large_image\" \/>\n<meta name=\"twitter:label1\" content=\"Written by\" \/>\n\t<meta name=\"twitter:data1\" content=\"M M\" \/>\n\t<meta name=\"twitter:label2\" content=\"Est. reading time\" \/>\n\t<meta name=\"twitter:data2\" content=\"2 minuta\" \/>\n<script type=\"application\/ld+json\" class=\"yoast-schema-graph\">{\"@context\":\"https:\/\/schema.org\",\"@graph\":[{\"@type\":\"Article\",\"@id\":\"https:\/\/permbledhja.com\/prokuroria-nuk-veproi-peci-per-objektin-ne-qender-ngjitur-me-aakne-do-tia-kthej-ministrise\/#article\",\"isPartOf\":{\"@id\":\"https:\/\/permbledhja.com\/prokuroria-nuk-veproi-peci-per-objektin-ne-qender-ngjitur-me-aakne-do-tia-kthej-ministrise\/\"},\"author\":{\"name\":\"M M\",\"@id\":\"https:\/\/permbledhja.com\/#\/schema\/person\/d23f13f59b5722643933d6780783acf3\"},\"headline\":\"\u201cProkuroria nuk veproi\u201d, Peci p\u00ebr objektin n\u00eb qend\u00ebr ngjitur me AAK\u2019n\u00eb: Do t\u2019ia kthej Ministris\u00eb\",\"datePublished\":\"2023-08-24T07:54:35+00:00\",\"dateModified\":\"2023-08-24T07:54:35+00:00\",\"mainEntityOfPage\":{\"@id\":\"https:\/\/permbledhja.com\/prokuroria-nuk-veproi-peci-per-objektin-ne-qender-ngjitur-me-aakne-do-tia-kthej-ministrise\/\"},\"wordCount\":325,\"publisher\":{\"@id\":\"https:\/\/permbledhja.com\/#organization\"},\"keywords\":[\"Faton Peci\"],\"articleSection\":[\"Komb\u00ebtare\",\"Lajme\"],\"inLanguage\":\"sq\"},{\"@type\":\"WebPage\",\"@id\":\"https:\/\/permbledhja.com\/prokuroria-nuk-veproi-peci-per-objektin-ne-qender-ngjitur-me-aakne-do-tia-kthej-ministrise\/\",\"url\":\"https:\/\/permbledhja.com\/prokuroria-nuk-veproi-peci-per-objektin-ne-qender-ngjitur-me-aakne-do-tia-kthej-ministrise\/\",\"name\":\"\u201cProkuroria nuk veproi\u201d, Peci p\u00ebr objektin n\u00eb qend\u00ebr ngjitur me AAK\u2019n\u00eb: Do t\u2019ia kthej Ministris\u00eb\",\"isPartOf\":{\"@id\":\"https:\/\/permbledhja.com\/#website\"},\"datePublished\":\"2023-08-24T07:54:35+00:00\",\"dateModified\":\"2023-08-24T07:54:35+00:00\",\"breadcrumb\":{\"@id\":\"https:\/\/permbledhja.com\/prokuroria-nuk-veproi-peci-per-objektin-ne-qender-ngjitur-me-aakne-do-tia-kthej-ministrise\/#breadcrumb\"},\"inLanguage\":\"sq\",\"potentialAction\":[{\"@type\":\"ReadAction\",\"target\":[\"https:\/\/permbledhja.com\/prokuroria-nuk-veproi-peci-per-objektin-ne-qender-ngjitur-me-aakne-do-tia-kthej-ministrise\/\"]}]},{\"@type\":\"BreadcrumbList\",\"@id\":\"https:\/\/permbledhja.com\/prokuroria-nuk-veproi-peci-per-objektin-ne-qender-ngjitur-me-aakne-do-tia-kthej-ministrise\/#breadcrumb\",\"itemListElement\":[{\"@type\":\"ListItem\",\"position\":1,\"name\":\"Ballina\",\"item\":\"https:\/\/permbledhja.com\/sq\/\"},{\"@type\":\"ListItem\",\"position\":2,\"name\":\"\u201cProkuroria nuk veproi\u201d, Peci p\u00ebr objektin n\u00eb qend\u00ebr ngjitur me AAK\u2019n\u00eb: Do t\u2019ia kthej Ministris\u00eb\"}]},{\"@type\":\"WebSite\",\"@id\":\"https:\/\/permbledhja.com\/#website\",\"url\":\"https:\/\/permbledhja.com\/\",\"name\":\"Ve\u00e7 artikuj p\u00ebrmbledh\u00ebs\",\"description\":\"\",\"publisher\":{\"@id\":\"https:\/\/permbledhja.com\/#organization\"},\"potentialAction\":[{\"@type\":\"SearchAction\",\"target\":{\"@type\":\"EntryPoint\",\"urlTemplate\":\"https:\/\/permbledhja.com\/?s={search_term_string}\"},\"query-input\":\"required name=search_term_string\"}],\"inLanguage\":\"sq\"},{\"@type\":\"Organization\",\"@id\":\"https:\/\/permbledhja.com\/#organization\",\"name\":\"MK Media & Pr\",\"url\":\"https:\/\/permbledhja.com\/\",\"logo\":{\"@type\":\"ImageObject\",\"inLanguage\":\"sq\",\"@id\":\"https:\/\/permbledhja.com\/#\/schema\/logo\/image\/\",\"url\":\"https:\/\/permbledhja.com\/wp-content\/uploads\/2021\/12\/07-Press-Logo.jpg\",\"contentUrl\":\"https:\/\/permbledhja.com\/wp-content\/uploads\/2021\/12\/07-Press-Logo.jpg\",\"width\":512,\"height\":512,\"caption\":\"MK Media & Pr\"},\"image\":{\"@id\":\"https:\/\/permbledhja.com\/#\/schema\/logo\/image\/\"},\"sameAs\":[\"https:\/\/www.facebook.com\/press07\/\"]},{\"@type\":\"Person\",\"@id\":\"https:\/\/permbledhja.com\/#\/schema\/person\/d23f13f59b5722643933d6780783acf3\",\"name\":\"M M\",\"image\":{\"@type\":\"ImageObject\",\"inLanguage\":\"sq\",\"@id\":\"https:\/\/permbledhja.com\/#\/schema\/person\/image\/\",\"url\":\"https:\/\/secure.gravatar.com\/avatar\/e2835a76ca7c31a2416b2d51c4ec9a8f?s=96&d=mm&r=g\",\"contentUrl\":\"https:\/\/secure.gravatar.com\/avatar\/e2835a76ca7c31a2416b2d51c4ec9a8f?s=96&d=mm&r=g\",\"caption\":\"M M\"},\"sameAs\":[\"http:\/\/MM\"],\"url\":\"https:\/\/permbledhja.com\/sq\/author\/muhamet\/\"}]}<\/script>\n<!-- \/ Yoast SEO plugin. -->","yoast_head_json":{"title":"\u201cProkuroria nuk veproi\u201d, Peci p\u00ebr objektin n\u00eb qend\u00ebr ngjitur me AAK\u2019n\u00eb: Do t\u2019ia kthej Ministris\u00eb","robots":{"index":"index","follow":"follow","max-snippet":"max-snippet:-1","max-image-preview":"max-image-preview:large","max-video-preview":"max-video-preview:-1"},"canonical":"https:\/\/permbledhja.com\/sq\/prokuroria-nuk-veproi-peci-per-objektin-ne-qender-ngjitur-me-aakne-do-tia-kthej-ministrise\/","og_locale":"sq_AL","og_type":"article","og_title":"\u201cProkuroria nuk veproi\u201d, Peci p\u00ebr objektin n\u00eb qend\u00ebr ngjitur me AAK\u2019n\u00eb: Do t\u2019ia kthej Ministris\u00eb","og_description":"L\u00ebvizja Vet\u00ebvendosje e ka publikuar videon e radh\u00ebs n\u00eb vazhd\u00ebn e akuzave ndaj Prokruroris\u00eb Speciale p\u00ebr mosveprim. Ministri i Bujq\u00ebsis\u00eb, Faton Peci \u00ebsht\u00eb paraqitur n\u00eb nj\u00eb video para nj\u00eb objekti t\u00eb njohur n\u00eb lagjen Ulipiana n\u00eb Prishtin\u00eb, ngjitur me selin\u00eb kryesore t\u00eb AAK-s\u00eb, t\u00eb cilin ai e quan \u201cobjekti t\u00eb korrupsionit dhe i zhvatjes\u201d. Peci [&hellip;]","og_url":"https:\/\/permbledhja.com\/sq\/prokuroria-nuk-veproi-peci-per-objektin-ne-qender-ngjitur-me-aakne-do-tia-kthej-ministrise\/","og_site_name":"Ve\u00e7 artikuj p\u00ebrmbledh\u00ebs","article_publisher":"https:\/\/www.facebook.com\/press07\/","article_published_time":"2023-08-24T07:54:35+00:00","og_image":[{"width":600,"height":360,"url":"https:\/\/permbledhja.com\/wp-content\/uploads\/2023\/08\/Faton-Peci-600x360-1.webp","type":"image\/webp"}],"author":"M M","twitter_card":"summary_large_image","twitter_misc":{"Written by":"M M","Est. reading time":"2 minuta"},"schema":{"@context":"https:\/\/schema.org","@graph":[{"@type":"Article","@id":"https:\/\/permbledhja.com\/prokuroria-nuk-veproi-peci-per-objektin-ne-qender-ngjitur-me-aakne-do-tia-kthej-ministrise\/#article","isPartOf":{"@id":"https:\/\/permbledhja.com\/prokuroria-nuk-veproi-peci-per-objektin-ne-qender-ngjitur-me-aakne-do-tia-kthej-ministrise\/"},"author":{"name":"M M","@id":"https:\/\/permbledhja.com\/#\/schema\/person\/d23f13f59b5722643933d6780783acf3"},"headline":"\u201cProkuroria nuk veproi\u201d, Peci p\u00ebr objektin n\u00eb qend\u00ebr ngjitur me AAK\u2019n\u00eb: Do t\u2019ia kthej Ministris\u00eb","datePublished":"2023-08-24T07:54:35+00:00","dateModified":"2023-08-24T07:54:35+00:00","mainEntityOfPage":{"@id":"https:\/\/permbledhja.com\/prokuroria-nuk-veproi-peci-per-objektin-ne-qender-ngjitur-me-aakne-do-tia-kthej-ministrise\/"},"wordCount":325,"publisher":{"@id":"https:\/\/permbledhja.com\/#organization"},"keywords":["Faton Peci"],"articleSection":["Komb\u00ebtare","Lajme"],"inLanguage":"sq"},{"@type":"WebPage","@id":"https:\/\/permbledhja.com\/prokuroria-nuk-veproi-peci-per-objektin-ne-qender-ngjitur-me-aakne-do-tia-kthej-ministrise\/","url":"https:\/\/permbledhja.com\/prokuroria-nuk-veproi-peci-per-objektin-ne-qender-ngjitur-me-aakne-do-tia-kthej-ministrise\/","name":"\u201cProkuroria nuk veproi\u201d, Peci p\u00ebr objektin n\u00eb qend\u00ebr ngjitur me AAK\u2019n\u00eb: Do t\u2019ia kthej Ministris\u00eb","isPartOf":{"@id":"https:\/\/permbledhja.com\/#website"},"datePublished":"2023-08-24T07:54:35+00:00","dateModified":"2023-08-24T07:54:35+00:00","breadcrumb":{"@id":"https:\/\/permbledhja.com\/prokuroria-nuk-veproi-peci-per-objektin-ne-qender-ngjitur-me-aakne-do-tia-kthej-ministrise\/#breadcrumb"},"inLanguage":"sq","potentialAction":[{"@type":"ReadAction","target":["https:\/\/permbledhja.com\/prokuroria-nuk-veproi-peci-per-objektin-ne-qender-ngjitur-me-aakne-do-tia-kthej-ministrise\/"]}]},{"@type":"BreadcrumbList","@id":"https:\/\/permbledhja.com\/prokuroria-nuk-veproi-peci-per-objektin-ne-qender-ngjitur-me-aakne-do-tia-kthej-ministrise\/#breadcrumb","itemListElement":[{"@type":"ListItem","position":1,"name":"Ballina","item":"https:\/\/permbledhja.com\/sq\/"},{"@type":"ListItem","position":2,"name":"\u201cProkuroria nuk veproi\u201d, Peci p\u00ebr objektin n\u00eb qend\u00ebr ngjitur me AAK\u2019n\u00eb: Do t\u2019ia kthej Ministris\u00eb"}]},{"@type":"WebSite","@id":"https:\/\/permbledhja.com\/#website","url":"https:\/\/permbledhja.com\/","name":"Ve\u00e7 artikuj p\u00ebrmbledh\u00ebs","description":"","publisher":{"@id":"https:\/\/permbledhja.com\/#organization"},"potentialAction":[{"@type":"SearchAction","target":{"@type":"EntryPoint","urlTemplate":"https:\/\/permbledhja.com\/?s={search_term_string}"},"query-input":"required name=search_term_string"}],"inLanguage":"sq"},{"@type":"Organization","@id":"https:\/\/permbledhja.com\/#organization","name":"MK Media & Pr","url":"https:\/\/permbledhja.com\/","logo":{"@type":"ImageObject","inLanguage":"sq","@id":"https:\/\/permbledhja.com\/#\/schema\/logo\/image\/","url":"https:\/\/permbledhja.com\/wp-content\/uploads\/2021\/12\/07-Press-Logo.jpg","contentUrl":"https:\/\/permbledhja.com\/wp-content\/uploads\/2021\/12\/07-Press-Logo.jpg","width":512,"height":512,"caption":"MK Media & Pr"},"image":{"@id":"https:\/\/permbledhja.com\/#\/schema\/logo\/image\/"},"sameAs":["https:\/\/www.facebook.com\/press07\/"]},{"@type":"Person","@id":"https:\/\/permbledhja.com\/#\/schema\/person\/d23f13f59b5722643933d6780783acf3","name":"M M","image":{"@type":"ImageObject","inLanguage":"sq","@id":"https:\/\/permbledhja.com\/#\/schema\/person\/image\/","url":"https:\/\/secure.gravatar.com\/avatar\/e2835a76ca7c31a2416b2d51c4ec9a8f?s=96&d=mm&r=g","contentUrl":"https:\/\/secure.gravatar.com\/avatar\/e2835a76ca7c31a2416b2d51c4ec9a8f?s=96&d=mm&r=g","caption":"M M"},"sameAs":["http:\/\/MM"],"url":"https:\/\/permbledhja.com\/sq\/author\/muhamet\/"}]}},"_links":{"self":[{"href":"https:\/\/permbledhja.com\/sq\/wp-json\/wp\/v2\/posts\/24583"}],"collection":[{"href":"https:\/\/permbledhja.com\/sq\/wp-json\/wp\/v2\/posts"}],"about":[{"href":"https:\/\/permbledhja.com\/sq\/wp-json\/wp\/v2\/types\/post"}],"author":[{"embeddable":true,"href":"https:\/\/permbledhja.com\/sq\/wp-json\/wp\/v2\/users\/2"}],"replies":[{"embeddable":true,"href":"https:\/\/permbledhja.com\/sq\/wp-json\/wp\/v2\/comments?post=24583"}],"version-history":[{"count":1,"href":"https:\/\/permbledhja.com\/sq\/wp-json\/wp\/v2\/posts\/24583\/revisions"}],"predecessor-version":[{"id":24585,"href":"https:\/\/permbledhja.com\/sq\/wp-json\/wp\/v2\/posts\/24583\/revisions\/24585"}],"wp:featuredmedia":[{"embeddable":true,"href":"https:\/\/permbledhja.com\/sq\/wp-json\/wp\/v2\/media\/24584"}],"wp:attachment":[{"href":"https:\/\/permbledhja.com\/sq\/wp-json\/wp\/v2\/media?parent=24583"}],"wp:term":[{"taxonomy":"category","embeddable":true,"href":"https:\/\/permbledhja.com\/sq\/wp-json\/wp\/v2\/categories?post=24583"},{"taxonomy":"post_tag","embeddable":true,"href":"https:\/\/permbledhja.com\/sq\/wp-json\/wp\/v2\/tags?post=24583"}],"curies":[{"name":"wp","href":"https:\/\/api.w.org\/{rel}","templated":true}]}}