{"id":24406,"date":"2023-08-23T06:51:51","date_gmt":"2023-08-23T06:51:51","guid":{"rendered":"https:\/\/permbledhja.com\/?p=24406"},"modified":"2023-08-23T06:51:51","modified_gmt":"2023-08-23T06:51:51","slug":"jam-kthyer-nga-zelanda-e-re-per-te-kontribuar-per-kosoven-dosja-e-ridvan-muharremit-ne-gjykate","status":"publish","type":"post","link":"https:\/\/permbledhja.com\/sq\/jam-kthyer-nga-zelanda-e-re-per-te-kontribuar-per-kosoven-dosja-e-ridvan-muharremit-ne-gjykate\/","title":{"rendered":"&#8220;Jam kthyer nga Zelanda e Re p\u00ebr t\u00eb kontribuar p\u00ebr Kosov\u00ebn&#8221;, dosja e Ridvan Muharremit n\u00eb Gjykat\u00eb"},"content":{"rendered":"<h3>Ridvan Muharremi, nj\u00eb afarist nga Prishtina, po dyshohet se u p\u00ebrfshi n\u00eb dallaveret me rezervat shtet\u00ebrore.<\/h3>\n<p>Me k\u00ebrkes\u00eb t\u00eb Prokuroris\u00eb Speciale, Muharremi, s\u00eb bashku me dy zyrtar\u00eb t\u00eb Ministris\u00eb s\u00eb Tregtis\u00eb, Nd\u00ebrmarr\u00ebsis\u00eb dhe Inovacionit, Irfan Lipovica dhe Hafiz Gara, po mbahen n\u00eb paraburgim p\u00ebr 30 dit\u00eb.<\/p>\n<p>N\u00eb aktvendimin e Gjykat\u00ebs s\u00eb Prishtin\u00ebs, t\u00eb cilin e ka siguruar KALLXO.com, jan\u00eb zbardhur detajet dhe deklarimet e t\u00eb pandehurve dhe avokat\u00ebve mbrojt\u00ebs t\u00eb tyre.<ins><\/ins><\/p>\n<p>Si\u00e7 p\u00ebrshkruhet n\u00eb dosje, avokati i Ridvan Muharremit, Mahmut Halimi, gjith\u00eb procesin ndaj klientit t\u00eb tij e ka quajtur politik. Ai gjithashtu kishte k\u00ebrkuar q\u00eb t\u00eb refuzohet k\u00ebrkesa e Prokuroris\u00eb Speciale p\u00ebr paraburgim ndaj Ridvan Muharremit.<\/p>\n<div><\/div>\n<p>\u201cN\u00eb pjes\u00ebn e dispozitivit q\u00eb ka t\u00eb b\u00ebj\u00eb me t\u00eb pandehurin Ridvan Muharremi q\u00ebndrojn\u00eb konstatime t\u00eb cilat lirisht mund t\u00eb quhen t\u00eb trilluara sepse ato nuk ekzistojn\u00eb dhe kjo lidhet me faktin ku pretendohet se Ridvan Muharremi paska pas\u00eb m\u00eb her\u00ebt marr\u00ebdh\u00ebnie kontraktuese me operatorin ekonomik kompanin\u00eb \u201cYafe Turizm\u201d nga Turqia e q\u00eb nuk q\u00ebndron\u201d \u2013 citohet t\u00eb ket\u00eb th\u00ebn\u00eb avokati Mahmut Halimi para trupit gjykues m\u00eb 19 gusht.<\/p>\n<p>Tutje, avokati Halimi tha se n\u00eb rastin ndaj Ridvan Muharremit nuk ka asnj\u00eb keqp\u00ebrdorim e as vjedhje.<\/p>\n<p>Sipas dosjes, Halimi ka th\u00ebn\u00eb se Ridvan Muharremi vjen nga nj\u00eb familje me tradit\u00eb patriotike, \u00ebsht\u00eb nj\u00eb afarist i suksessh\u00ebm dhe njeh njer\u00ebz nga shum\u00eb vende t\u00eb bot\u00ebs.<ins><\/ins><\/p>\n<p>\u201cKa njer\u00ebz nga t\u00eb gjitha an\u00ebt e bot\u00ebs me t\u00eb cil\u00ebt ka komunikuar, punuar dhe zgjeruar miq\u00ebsi. Gjithmon\u00eb do t\u2019i p\u00ebrgjigjet atdheut sa her\u00eb k\u00ebrkohet nevoja q\u00eb t\u00eb jap\u00eb nj\u00eb kontribut sado t\u00eb vog\u00ebl p\u00ebr t\u00eb mir\u00ebn e vendit\u201d \u2013 citohet tutje t\u00eb ket\u00eb th\u00ebn\u00eb avokati i Ridvan Muharremit.<\/p>\n<p>Avokati Mahmut Halimi e ka pranuar se klienti i tij u angazhua p\u00ebr t\u2019i siguruar kontaktet rreth rezervave shtet\u00ebrore. Ai tha se kontaktin me pronarin e kompanis\u00eb \u201cYafe Turizm\u201d nga Turqia e ka pasur n\u00eb restorantin e tij n\u00eb Prishtin\u00eb \u201cBuk\u00eb e Zem\u00ebr\u201d, duke i k\u00ebrkuar atij ndihm\u00eb p\u00ebr sigurimin e rezervave shtet\u00ebrore. Kjo, sipas avokatit, u b\u00eb p\u00ebr shkak t\u00eb gjendjes s\u00eb krijuar n\u00eb tregun nd\u00ebrkomb\u00ebtar\u00eb pas agresionit rus mbi Ukrain\u00ebn.<\/p>\n<p>Ai tutje ka theksuar se i mbrojturi i tij nuk ka ndonj\u00eb kontrat\u00eb t\u00eb lidhur me Ministrin\u00eb q\u00eb drejtohet nga Rozeta Hajdari dhe angazhimin e tij e ka nisur n\u00eb baza vullnetare dhe me mjete vetanake.<\/p>\n<p>\u201cSa i p\u00ebrket produktit, ekziston komplet dokumentacioni se n\u00eb fakt jan\u00eb ngarkuar 10 mij\u00eb e 6 ton\u00eb n\u00eb anijen e cila \u00ebsht\u00eb siguruar me v\u00ebshtir\u00ebsi shum\u00eb t\u00eb m\u00ebdha, \u00ebsht\u00eb bllokuar dhe nga auditori shtet\u00ebror i Turqis\u00eb \u00ebsht\u00eb konstatuar sasia, kualiteti dhe t\u00eb gjitha t\u00eb dh\u00ebnat e tjera t\u00eb k\u00ebrkuara\u201d \u2013 citohet avokati n\u00eb aktvendimin e Gjykat\u00ebs s\u00eb Prishtin\u00ebs.<ins><\/ins><\/p>\n<p>Pas k\u00ebsaj, si\u00e7 citohet avokati Halimi, pesha e grurit ishte konfirmuar dhe gruri ishte nisur drejt Kosov\u00ebs. Avokati thot\u00eb tutje se vet\u00eb Ridvan Muharremi pas nisjes s\u00eb grurit drejt Kosov\u00ebs ka njoftuar Ministrin\u00eb se gruri do t\u00eb mb\u00ebrrij\u00eb n\u00eb portin \u201cRomano\u201d n\u00eb Durr\u00ebs.<\/p>\n<p>Sipas Halimit, Ridvan Muharremi nuk ka qen\u00eb fare n\u00eb dijeni p\u00ebr munges\u00ebn e 52.5 tonelatave grur\u00eb.<\/p>\n<p>Ridvan Muharremi, sipas dosjes s\u00eb Gjykat\u00ebs s\u00eb Prishtin\u00ebs, ishte p\u00ebrfshir\u00eb edhe n\u00eb rezervat shtet\u00ebrore p\u00ebr vaj dhe sheqer.<\/p>\n<p>\u201c\u00cbsht\u00eb k\u00ebrkuar nga i nj\u00ebjti q\u00eb t\u2019i ndihmoj\u00eb t\u00eb gjej\u00eb sasi t\u00eb vajit dhe sheqerit, \u00ebsht\u00eb e v\u00ebrtet\u00eb se nga afaristet t\u00eb cil\u00ebt i ka njohur m\u00eb par\u00eb ka pasur informat\u00eb se nj\u00eb person nga Prishtina ka b\u00ebr\u00eb bashk\u00ebpun\u00ebtor me nj\u00eb shtetas t\u00eb Polonis\u00eb dhe pasi ka siguruar adres\u00ebn, i ka v\u00ebn\u00eb n\u00eb kontakte ministrin\u00eb me k\u00ebta persona t\u00eb cil\u00ebt kan\u00eb zhvilluar bisedime\u201d \u2013 citohet tutje avokati i Ridvan Muharremit.<ins><\/ins><\/p>\n<p>Sipas Mahmut Halimit, Ridvan Muharremi \u00ebsht\u00eb vet\u00ebm v\u00ebnia e kontaktit n\u00eb mes t\u00eb dy subjekteve t\u00eb interesuara, asgj\u00eb tjet\u00ebr. Tutje, ai tha se p\u00ebr vonesat e sheqerit dhe vajit, Ridvan Muharremi ka k\u00ebshilluar zyrtar\u00ebt e Ministris\u00eb.<\/p>\n<p>N\u00eb aktvendim \u00ebsht\u00eb cituar edhe Ridvan Muharremi, i dyshuar n\u00eb afer\u00ebn p\u00ebr rezerva shtet\u00ebrore.<\/p>\n<p>\u201cN\u00eb t\u00ebr\u00ebsi pajtohet me pretendimet e mbrojt\u00ebsit t\u00eb tij dhe mb\u00ebshtet deklarat\u00ebn q\u00eb e ka dh\u00ebn\u00eb me shkrim n\u00eb polici dhe prokurori, thekson se ka ardhur nga Zelanda e Re n\u00eb Kosov\u00eb bashk\u00eb me familje p\u00ebr t\u00eb jetuar dhe kontribuar p\u00ebr Kosov\u00ebn\u201d \u2013 thuhet n\u00eb aktvendimin e Gjykat\u00ebs.<\/p>\n<p>Por, me disa nga pretendimet e avokatit mbrojt\u00ebs, Mahmut Halimi, nuk \u00ebsht\u00eb pajtuar prokurori special, Valdet Gashi.<ins><\/ins><\/p>\n<p>Gashi tha se kan\u00eb fakte se n\u00eb t\u00eb kaluar\u00ebn, kompania turke \u201cYafe Turizm\u201d q\u00eb u kontaktua p\u00ebr sigurimin e grurit gjat\u00eb vitit 2022 kishte eksportuar disa gj\u00ebra p\u00ebr Ridvan Muharremin. T\u00eb dh\u00ebnat, prokurori tha se u siguruan nga Dogana e Kosov\u00ebs.<\/p>\n<p>Sipas tij, e v\u00ebrteton faktin se pretendimet e Prokuroris\u00eb nuk jan\u00eb paushall dhe t\u00eb pabazuara. Ai tutje ka mohuar edhe ndikimet politike n\u00eb rastin q\u00eb po heton.<\/p>\n","protected":false},"excerpt":{"rendered":"<p>Ridvan Muharremi, nj\u00eb afarist nga Prishtina, po dyshohet se u p\u00ebrfshi n\u00eb dallaveret me rezervat shtet\u00ebrore. Me k\u00ebrkes\u00eb t\u00eb Prokuroris\u00eb Speciale, Muharremi, s\u00eb bashku me dy zyrtar\u00eb t\u00eb Ministris\u00eb s\u00eb Tregtis\u00eb, Nd\u00ebrmarr\u00ebsis\u00eb dhe Inovacionit, Irfan Lipovica dhe Hafiz Gara, po mbahen n\u00eb paraburgim p\u00ebr 30 dit\u00eb. N\u00eb aktvendimin e Gjykat\u00ebs s\u00eb Prishtin\u00ebs, t\u00eb cilin e [&hellip;]<\/p>\n","protected":false},"author":2,"featured_media":24407,"comment_status":"closed","ping_status":"closed","sticky":false,"template":"","format":"standard","meta":{"_monsterinsights_skip_tracking":false,"_monsterinsights_sitenote_active":false,"_monsterinsights_sitenote_note":"","_monsterinsights_sitenote_category":0,"_uf_show_specific_survey":0,"_uf_disable_surveys":false,"footnotes":""},"categories":[23,15],"tags":[2302],"yoast_head":"<!-- This site is optimized with the Yoast SEO plugin v21.5 - https:\/\/yoast.com\/wordpress\/plugins\/seo\/ -->\n<title>&quot;Jam kthyer nga Zelanda e Re p\u00ebr t\u00eb kontribuar p\u00ebr Kosov\u00ebn&quot;, dosja e Ridvan Muharremit n\u00eb Gjykat\u00eb<\/title>\n<meta name=\"robots\" content=\"index, follow, max-snippet:-1, max-image-preview:large, max-video-preview:-1\" \/>\n<link rel=\"canonical\" href=\"https:\/\/permbledhja.com\/sq\/jam-kthyer-nga-zelanda-e-re-per-te-kontribuar-per-kosoven-dosja-e-ridvan-muharremit-ne-gjykate\/\" \/>\n<meta property=\"og:locale\" content=\"sq_AL\" \/>\n<meta property=\"og:type\" content=\"article\" \/>\n<meta property=\"og:title\" content=\"&quot;Jam kthyer nga Zelanda e Re p\u00ebr t\u00eb kontribuar p\u00ebr Kosov\u00ebn&quot;, dosja e Ridvan Muharremit n\u00eb Gjykat\u00eb\" \/>\n<meta property=\"og:description\" content=\"Ridvan Muharremi, nj\u00eb afarist nga Prishtina, po dyshohet se u p\u00ebrfshi n\u00eb dallaveret me rezervat shtet\u00ebrore. Me k\u00ebrkes\u00eb t\u00eb Prokuroris\u00eb Speciale, Muharremi, s\u00eb bashku me dy zyrtar\u00eb t\u00eb Ministris\u00eb s\u00eb Tregtis\u00eb, Nd\u00ebrmarr\u00ebsis\u00eb dhe Inovacionit, Irfan Lipovica dhe Hafiz Gara, po mbahen n\u00eb paraburgim p\u00ebr 30 dit\u00eb. N\u00eb aktvendimin e Gjykat\u00ebs s\u00eb Prishtin\u00ebs, t\u00eb cilin e [&hellip;]\" \/>\n<meta property=\"og:url\" content=\"https:\/\/permbledhja.com\/sq\/jam-kthyer-nga-zelanda-e-re-per-te-kontribuar-per-kosoven-dosja-e-ridvan-muharremit-ne-gjykate\/\" \/>\n<meta property=\"og:site_name\" content=\"Ve\u00e7 artikuj p\u00ebrmbledh\u00ebs\" \/>\n<meta property=\"article:publisher\" content=\"https:\/\/www.facebook.com\/press07\/\" \/>\n<meta property=\"article:published_time\" content=\"2023-08-23T06:51:51+00:00\" \/>\n<meta property=\"og:image\" content=\"https:\/\/permbledhja.com\/wp-content\/uploads\/2023\/08\/arrestohet-ridvan-muharremi-600x360-1.webp\" \/>\n\t<meta property=\"og:image:width\" content=\"600\" \/>\n\t<meta property=\"og:image:height\" content=\"360\" \/>\n\t<meta property=\"og:image:type\" content=\"image\/webp\" \/>\n<meta name=\"author\" content=\"M M\" \/>\n<meta name=\"twitter:card\" content=\"summary_large_image\" \/>\n<meta name=\"twitter:label1\" content=\"Written by\" \/>\n\t<meta name=\"twitter:data1\" content=\"M M\" \/>\n\t<meta name=\"twitter:label2\" content=\"Est. reading time\" \/>\n\t<meta name=\"twitter:data2\" content=\"4 minuta\" \/>\n<script type=\"application\/ld+json\" class=\"yoast-schema-graph\">{\"@context\":\"https:\/\/schema.org\",\"@graph\":[{\"@type\":\"Article\",\"@id\":\"https:\/\/permbledhja.com\/jam-kthyer-nga-zelanda-e-re-per-te-kontribuar-per-kosoven-dosja-e-ridvan-muharremit-ne-gjykate\/#article\",\"isPartOf\":{\"@id\":\"https:\/\/permbledhja.com\/jam-kthyer-nga-zelanda-e-re-per-te-kontribuar-per-kosoven-dosja-e-ridvan-muharremit-ne-gjykate\/\"},\"author\":{\"name\":\"M M\",\"@id\":\"https:\/\/permbledhja.com\/#\/schema\/person\/d23f13f59b5722643933d6780783acf3\"},\"headline\":\"&#8220;Jam kthyer nga Zelanda e Re p\u00ebr t\u00eb kontribuar p\u00ebr Kosov\u00ebn&#8221;, dosja e Ridvan Muharremit n\u00eb Gjykat\u00eb\",\"datePublished\":\"2023-08-23T06:51:51+00:00\",\"dateModified\":\"2023-08-23T06:51:51+00:00\",\"mainEntityOfPage\":{\"@id\":\"https:\/\/permbledhja.com\/jam-kthyer-nga-zelanda-e-re-per-te-kontribuar-per-kosoven-dosja-e-ridvan-muharremit-ne-gjykate\/\"},\"wordCount\":886,\"publisher\":{\"@id\":\"https:\/\/permbledhja.com\/#organization\"},\"keywords\":[\"Ridvan Muharremi\"],\"articleSection\":[\"Komb\u00ebtare\",\"Lajme\"],\"inLanguage\":\"sq\"},{\"@type\":\"WebPage\",\"@id\":\"https:\/\/permbledhja.com\/jam-kthyer-nga-zelanda-e-re-per-te-kontribuar-per-kosoven-dosja-e-ridvan-muharremit-ne-gjykate\/\",\"url\":\"https:\/\/permbledhja.com\/jam-kthyer-nga-zelanda-e-re-per-te-kontribuar-per-kosoven-dosja-e-ridvan-muharremit-ne-gjykate\/\",\"name\":\"\\\"Jam kthyer nga Zelanda e Re p\u00ebr t\u00eb kontribuar p\u00ebr Kosov\u00ebn\\\", dosja e Ridvan Muharremit n\u00eb Gjykat\u00eb\",\"isPartOf\":{\"@id\":\"https:\/\/permbledhja.com\/#website\"},\"datePublished\":\"2023-08-23T06:51:51+00:00\",\"dateModified\":\"2023-08-23T06:51:51+00:00\",\"breadcrumb\":{\"@id\":\"https:\/\/permbledhja.com\/jam-kthyer-nga-zelanda-e-re-per-te-kontribuar-per-kosoven-dosja-e-ridvan-muharremit-ne-gjykate\/#breadcrumb\"},\"inLanguage\":\"sq\",\"potentialAction\":[{\"@type\":\"ReadAction\",\"target\":[\"https:\/\/permbledhja.com\/jam-kthyer-nga-zelanda-e-re-per-te-kontribuar-per-kosoven-dosja-e-ridvan-muharremit-ne-gjykate\/\"]}]},{\"@type\":\"BreadcrumbList\",\"@id\":\"https:\/\/permbledhja.com\/jam-kthyer-nga-zelanda-e-re-per-te-kontribuar-per-kosoven-dosja-e-ridvan-muharremit-ne-gjykate\/#breadcrumb\",\"itemListElement\":[{\"@type\":\"ListItem\",\"position\":1,\"name\":\"Ballina\",\"item\":\"https:\/\/permbledhja.com\/sq\/\"},{\"@type\":\"ListItem\",\"position\":2,\"name\":\"&#8220;Jam kthyer nga Zelanda e Re p\u00ebr t\u00eb kontribuar p\u00ebr Kosov\u00ebn&#8221;, dosja e Ridvan Muharremit n\u00eb Gjykat\u00eb\"}]},{\"@type\":\"WebSite\",\"@id\":\"https:\/\/permbledhja.com\/#website\",\"url\":\"https:\/\/permbledhja.com\/\",\"name\":\"Ve\u00e7 artikuj p\u00ebrmbledh\u00ebs\",\"description\":\"\",\"publisher\":{\"@id\":\"https:\/\/permbledhja.com\/#organization\"},\"potentialAction\":[{\"@type\":\"SearchAction\",\"target\":{\"@type\":\"EntryPoint\",\"urlTemplate\":\"https:\/\/permbledhja.com\/?s={search_term_string}\"},\"query-input\":\"required name=search_term_string\"}],\"inLanguage\":\"sq\"},{\"@type\":\"Organization\",\"@id\":\"https:\/\/permbledhja.com\/#organization\",\"name\":\"MK Media & Pr\",\"url\":\"https:\/\/permbledhja.com\/\",\"logo\":{\"@type\":\"ImageObject\",\"inLanguage\":\"sq\",\"@id\":\"https:\/\/permbledhja.com\/#\/schema\/logo\/image\/\",\"url\":\"https:\/\/permbledhja.com\/wp-content\/uploads\/2021\/12\/07-Press-Logo.jpg\",\"contentUrl\":\"https:\/\/permbledhja.com\/wp-content\/uploads\/2021\/12\/07-Press-Logo.jpg\",\"width\":512,\"height\":512,\"caption\":\"MK Media & Pr\"},\"image\":{\"@id\":\"https:\/\/permbledhja.com\/#\/schema\/logo\/image\/\"},\"sameAs\":[\"https:\/\/www.facebook.com\/press07\/\"]},{\"@type\":\"Person\",\"@id\":\"https:\/\/permbledhja.com\/#\/schema\/person\/d23f13f59b5722643933d6780783acf3\",\"name\":\"M M\",\"image\":{\"@type\":\"ImageObject\",\"inLanguage\":\"sq\",\"@id\":\"https:\/\/permbledhja.com\/#\/schema\/person\/image\/\",\"url\":\"https:\/\/secure.gravatar.com\/avatar\/e2835a76ca7c31a2416b2d51c4ec9a8f?s=96&d=mm&r=g\",\"contentUrl\":\"https:\/\/secure.gravatar.com\/avatar\/e2835a76ca7c31a2416b2d51c4ec9a8f?s=96&d=mm&r=g\",\"caption\":\"M M\"},\"sameAs\":[\"http:\/\/MM\"],\"url\":\"https:\/\/permbledhja.com\/sq\/author\/muhamet\/\"}]}<\/script>\n<!-- \/ Yoast SEO plugin. -->","yoast_head_json":{"title":"\"Jam kthyer nga Zelanda e Re p\u00ebr t\u00eb kontribuar p\u00ebr Kosov\u00ebn\", dosja e Ridvan Muharremit n\u00eb Gjykat\u00eb","robots":{"index":"index","follow":"follow","max-snippet":"max-snippet:-1","max-image-preview":"max-image-preview:large","max-video-preview":"max-video-preview:-1"},"canonical":"https:\/\/permbledhja.com\/sq\/jam-kthyer-nga-zelanda-e-re-per-te-kontribuar-per-kosoven-dosja-e-ridvan-muharremit-ne-gjykate\/","og_locale":"sq_AL","og_type":"article","og_title":"\"Jam kthyer nga Zelanda e Re p\u00ebr t\u00eb kontribuar p\u00ebr Kosov\u00ebn\", dosja e Ridvan Muharremit n\u00eb Gjykat\u00eb","og_description":"Ridvan Muharremi, nj\u00eb afarist nga Prishtina, po dyshohet se u p\u00ebrfshi n\u00eb dallaveret me rezervat shtet\u00ebrore. Me k\u00ebrkes\u00eb t\u00eb Prokuroris\u00eb Speciale, Muharremi, s\u00eb bashku me dy zyrtar\u00eb t\u00eb Ministris\u00eb s\u00eb Tregtis\u00eb, Nd\u00ebrmarr\u00ebsis\u00eb dhe Inovacionit, Irfan Lipovica dhe Hafiz Gara, po mbahen n\u00eb paraburgim p\u00ebr 30 dit\u00eb. N\u00eb aktvendimin e Gjykat\u00ebs s\u00eb Prishtin\u00ebs, t\u00eb cilin e [&hellip;]","og_url":"https:\/\/permbledhja.com\/sq\/jam-kthyer-nga-zelanda-e-re-per-te-kontribuar-per-kosoven-dosja-e-ridvan-muharremit-ne-gjykate\/","og_site_name":"Ve\u00e7 artikuj p\u00ebrmbledh\u00ebs","article_publisher":"https:\/\/www.facebook.com\/press07\/","article_published_time":"2023-08-23T06:51:51+00:00","og_image":[{"width":600,"height":360,"url":"https:\/\/permbledhja.com\/wp-content\/uploads\/2023\/08\/arrestohet-ridvan-muharremi-600x360-1.webp","type":"image\/webp"}],"author":"M M","twitter_card":"summary_large_image","twitter_misc":{"Written by":"M M","Est. reading time":"4 minuta"},"schema":{"@context":"https:\/\/schema.org","@graph":[{"@type":"Article","@id":"https:\/\/permbledhja.com\/jam-kthyer-nga-zelanda-e-re-per-te-kontribuar-per-kosoven-dosja-e-ridvan-muharremit-ne-gjykate\/#article","isPartOf":{"@id":"https:\/\/permbledhja.com\/jam-kthyer-nga-zelanda-e-re-per-te-kontribuar-per-kosoven-dosja-e-ridvan-muharremit-ne-gjykate\/"},"author":{"name":"M M","@id":"https:\/\/permbledhja.com\/#\/schema\/person\/d23f13f59b5722643933d6780783acf3"},"headline":"&#8220;Jam kthyer nga Zelanda e Re p\u00ebr t\u00eb kontribuar p\u00ebr Kosov\u00ebn&#8221;, dosja e Ridvan Muharremit n\u00eb Gjykat\u00eb","datePublished":"2023-08-23T06:51:51+00:00","dateModified":"2023-08-23T06:51:51+00:00","mainEntityOfPage":{"@id":"https:\/\/permbledhja.com\/jam-kthyer-nga-zelanda-e-re-per-te-kontribuar-per-kosoven-dosja-e-ridvan-muharremit-ne-gjykate\/"},"wordCount":886,"publisher":{"@id":"https:\/\/permbledhja.com\/#organization"},"keywords":["Ridvan Muharremi"],"articleSection":["Komb\u00ebtare","Lajme"],"inLanguage":"sq"},{"@type":"WebPage","@id":"https:\/\/permbledhja.com\/jam-kthyer-nga-zelanda-e-re-per-te-kontribuar-per-kosoven-dosja-e-ridvan-muharremit-ne-gjykate\/","url":"https:\/\/permbledhja.com\/jam-kthyer-nga-zelanda-e-re-per-te-kontribuar-per-kosoven-dosja-e-ridvan-muharremit-ne-gjykate\/","name":"\"Jam kthyer nga Zelanda e Re p\u00ebr t\u00eb kontribuar p\u00ebr Kosov\u00ebn\", dosja e Ridvan Muharremit n\u00eb Gjykat\u00eb","isPartOf":{"@id":"https:\/\/permbledhja.com\/#website"},"datePublished":"2023-08-23T06:51:51+00:00","dateModified":"2023-08-23T06:51:51+00:00","breadcrumb":{"@id":"https:\/\/permbledhja.com\/jam-kthyer-nga-zelanda-e-re-per-te-kontribuar-per-kosoven-dosja-e-ridvan-muharremit-ne-gjykate\/#breadcrumb"},"inLanguage":"sq","potentialAction":[{"@type":"ReadAction","target":["https:\/\/permbledhja.com\/jam-kthyer-nga-zelanda-e-re-per-te-kontribuar-per-kosoven-dosja-e-ridvan-muharremit-ne-gjykate\/"]}]},{"@type":"BreadcrumbList","@id":"https:\/\/permbledhja.com\/jam-kthyer-nga-zelanda-e-re-per-te-kontribuar-per-kosoven-dosja-e-ridvan-muharremit-ne-gjykate\/#breadcrumb","itemListElement":[{"@type":"ListItem","position":1,"name":"Ballina","item":"https:\/\/permbledhja.com\/sq\/"},{"@type":"ListItem","position":2,"name":"&#8220;Jam kthyer nga Zelanda e Re p\u00ebr t\u00eb kontribuar p\u00ebr Kosov\u00ebn&#8221;, dosja e Ridvan Muharremit n\u00eb Gjykat\u00eb"}]},{"@type":"WebSite","@id":"https:\/\/permbledhja.com\/#website","url":"https:\/\/permbledhja.com\/","name":"Ve\u00e7 artikuj p\u00ebrmbledh\u00ebs","description":"","publisher":{"@id":"https:\/\/permbledhja.com\/#organization"},"potentialAction":[{"@type":"SearchAction","target":{"@type":"EntryPoint","urlTemplate":"https:\/\/permbledhja.com\/?s={search_term_string}"},"query-input":"required name=search_term_string"}],"inLanguage":"sq"},{"@type":"Organization","@id":"https:\/\/permbledhja.com\/#organization","name":"MK Media & Pr","url":"https:\/\/permbledhja.com\/","logo":{"@type":"ImageObject","inLanguage":"sq","@id":"https:\/\/permbledhja.com\/#\/schema\/logo\/image\/","url":"https:\/\/permbledhja.com\/wp-content\/uploads\/2021\/12\/07-Press-Logo.jpg","contentUrl":"https:\/\/permbledhja.com\/wp-content\/uploads\/2021\/12\/07-Press-Logo.jpg","width":512,"height":512,"caption":"MK Media & Pr"},"image":{"@id":"https:\/\/permbledhja.com\/#\/schema\/logo\/image\/"},"sameAs":["https:\/\/www.facebook.com\/press07\/"]},{"@type":"Person","@id":"https:\/\/permbledhja.com\/#\/schema\/person\/d23f13f59b5722643933d6780783acf3","name":"M M","image":{"@type":"ImageObject","inLanguage":"sq","@id":"https:\/\/permbledhja.com\/#\/schema\/person\/image\/","url":"https:\/\/secure.gravatar.com\/avatar\/e2835a76ca7c31a2416b2d51c4ec9a8f?s=96&d=mm&r=g","contentUrl":"https:\/\/secure.gravatar.com\/avatar\/e2835a76ca7c31a2416b2d51c4ec9a8f?s=96&d=mm&r=g","caption":"M M"},"sameAs":["http:\/\/MM"],"url":"https:\/\/permbledhja.com\/sq\/author\/muhamet\/"}]}},"_links":{"self":[{"href":"https:\/\/permbledhja.com\/sq\/wp-json\/wp\/v2\/posts\/24406"}],"collection":[{"href":"https:\/\/permbledhja.com\/sq\/wp-json\/wp\/v2\/posts"}],"about":[{"href":"https:\/\/permbledhja.com\/sq\/wp-json\/wp\/v2\/types\/post"}],"author":[{"embeddable":true,"href":"https:\/\/permbledhja.com\/sq\/wp-json\/wp\/v2\/users\/2"}],"replies":[{"embeddable":true,"href":"https:\/\/permbledhja.com\/sq\/wp-json\/wp\/v2\/comments?post=24406"}],"version-history":[{"count":1,"href":"https:\/\/permbledhja.com\/sq\/wp-json\/wp\/v2\/posts\/24406\/revisions"}],"predecessor-version":[{"id":24408,"href":"https:\/\/permbledhja.com\/sq\/wp-json\/wp\/v2\/posts\/24406\/revisions\/24408"}],"wp:featuredmedia":[{"embeddable":true,"href":"https:\/\/permbledhja.com\/sq\/wp-json\/wp\/v2\/media\/24407"}],"wp:attachment":[{"href":"https:\/\/permbledhja.com\/sq\/wp-json\/wp\/v2\/media?parent=24406"}],"wp:term":[{"taxonomy":"category","embeddable":true,"href":"https:\/\/permbledhja.com\/sq\/wp-json\/wp\/v2\/categories?post=24406"},{"taxonomy":"post_tag","embeddable":true,"href":"https:\/\/permbledhja.com\/sq\/wp-json\/wp\/v2\/tags?post=24406"}],"curies":[{"name":"wp","href":"https:\/\/api.w.org\/{rel}","templated":true}]}}