{"id":24348,"date":"2023-08-22T14:46:01","date_gmt":"2023-08-22T14:46:01","guid":{"rendered":"https:\/\/permbledhja.com\/?p=24348"},"modified":"2023-08-22T14:46:33","modified_gmt":"2023-08-22T14:46:33","slug":"fero-le-muziken-shkaku-i-fese-po-i-fali-5-vakte-mos-i-degjoni-me-kenget-e-mia-eshte-haram","status":"publish","type":"post","link":"https:\/\/permbledhja.com\/sq\/fero-le-muziken-shkaku-i-fese-po-i-fali-5-vakte-mos-i-degjoni-me-kenget-e-mia-eshte-haram\/","title":{"rendered":"Fero l\u00eb muzik\u00ebn shkaku i fes\u00eb: Po i fali 5 vakte, mos i d\u00ebgjoni m\u00eb k\u00ebng\u00ebt e mia, \u00ebsht\u00eb &#8220;haram&#8221;"},"content":{"rendered":"<h3>Fero po vazhdon t\u00eb befasoj\u00eb me deklaratat e tij.<\/h3>\n<p>Pas daljes nga burgu ku edhe dyshohej p\u00ebr rrahjen e Arbenit\u00ebn, ka befasuar me reagimin e fundit.<\/p>\n<p>Pak minuta m\u00eb par\u00eb ai ka b\u00ebr\u00eb nj\u00eb reagim t\u00eb gjat\u00eb n\u00eb \u2018Instagram\u2019.<\/p>\n<p>Reperi ka njoftuar se po i fal\u00eb tashm\u00eb pes\u00eb her\u00eb n\u00eb dit\u00eb dhe se \u00ebsht\u00eb penduar p\u00ebr secil\u00ebn tekst t\u00eb k\u00ebng\u00ebs s\u00eb tij.<\/p>\n<p><img loading=\"lazy\" decoding=\"async\" class=\"alignnone size-full wp-image-24350\" src=\"https:\/\/permbledhja.com\/wp-content\/uploads\/2023\/08\/Screenshot_4-16.jpg\" alt=\"\" width=\"1209\" height=\"886\" srcset=\"https:\/\/permbledhja.com\/wp-content\/uploads\/2023\/08\/Screenshot_4-16.jpg 1209w, https:\/\/permbledhja.com\/wp-content\/uploads\/2023\/08\/Screenshot_4-16-300x220.jpg 300w, https:\/\/permbledhja.com\/wp-content\/uploads\/2023\/08\/Screenshot_4-16-1024x750.jpg 1024w, https:\/\/permbledhja.com\/wp-content\/uploads\/2023\/08\/Screenshot_4-16-768x563.jpg 768w, https:\/\/permbledhja.com\/wp-content\/uploads\/2023\/08\/Screenshot_4-16-16x12.jpg 16w\" sizes=\"(max-width: 1209px) 100vw, 1209px\" \/><\/p>\n","protected":false},"excerpt":{"rendered":"<p>Fero po vazhdon t\u00eb befasoj\u00eb me deklaratat e tij. Pas daljes nga burgu ku edhe dyshohej p\u00ebr rrahjen e Arbenit\u00ebn, ka befasuar me reagimin e fundit. Pak minuta m\u00eb par\u00eb ai ka b\u00ebr\u00eb nj\u00eb reagim t\u00eb gjat\u00eb n\u00eb \u2018Instagram\u2019. Reperi ka njoftuar se po i fal\u00eb tashm\u00eb pes\u00eb her\u00eb n\u00eb dit\u00eb dhe se \u00ebsht\u00eb penduar [&hellip;]<\/p>\n","protected":false},"author":1,"featured_media":24349,"comment_status":"closed","ping_status":"closed","sticky":false,"template":"","format":"standard","meta":{"_monsterinsights_skip_tracking":false,"_monsterinsights_sitenote_active":false,"_monsterinsights_sitenote_note":"","_monsterinsights_sitenote_category":0,"_uf_show_specific_survey":0,"_uf_disable_surveys":false,"footnotes":""},"categories":[19],"tags":[573],"yoast_head":"<!-- This site is optimized with the Yoast SEO plugin v21.5 - https:\/\/yoast.com\/wordpress\/plugins\/seo\/ -->\n<title>Fero l\u00eb muzik\u00ebn shkaku i fes\u00eb: Po i fali 5 vakte, mos i d\u00ebgjoni m\u00eb k\u00ebng\u00ebt e mia, \u00ebsht\u00eb &quot;haram&quot;<\/title>\n<meta name=\"robots\" content=\"index, follow, max-snippet:-1, max-image-preview:large, max-video-preview:-1\" \/>\n<link rel=\"canonical\" href=\"https:\/\/permbledhja.com\/sq\/fero-le-muziken-shkaku-i-fese-po-i-fali-5-vakte-mos-i-degjoni-me-kenget-e-mia-eshte-haram\/\" \/>\n<meta property=\"og:locale\" content=\"sq_AL\" \/>\n<meta property=\"og:type\" content=\"article\" \/>\n<meta property=\"og:title\" content=\"Fero l\u00eb muzik\u00ebn shkaku i fes\u00eb: Po i fali 5 vakte, mos i d\u00ebgjoni m\u00eb k\u00ebng\u00ebt e mia, \u00ebsht\u00eb &quot;haram&quot;\" \/>\n<meta property=\"og:description\" content=\"Fero po vazhdon t\u00eb befasoj\u00eb me deklaratat e tij. Pas daljes nga burgu ku edhe dyshohej p\u00ebr rrahjen e Arbenit\u00ebn, ka befasuar me reagimin e fundit. Pak minuta m\u00eb par\u00eb ai ka b\u00ebr\u00eb nj\u00eb reagim t\u00eb gjat\u00eb n\u00eb \u2018Instagram\u2019. Reperi ka njoftuar se po i fal\u00eb tashm\u00eb pes\u00eb her\u00eb n\u00eb dit\u00eb dhe se \u00ebsht\u00eb penduar [&hellip;]\" \/>\n<meta property=\"og:url\" content=\"https:\/\/permbledhja.com\/sq\/fero-le-muziken-shkaku-i-fese-po-i-fali-5-vakte-mos-i-degjoni-me-kenget-e-mia-eshte-haram\/\" \/>\n<meta property=\"og:site_name\" content=\"Ve\u00e7 artikuj p\u00ebrmbledh\u00ebs\" \/>\n<meta property=\"article:publisher\" content=\"https:\/\/www.facebook.com\/press07\/\" \/>\n<meta property=\"article:author\" content=\"https:\/\/www.facebook.com\/kafexhiu.muharrem\/\" \/>\n<meta property=\"article:published_time\" content=\"2023-08-22T14:46:01+00:00\" \/>\n<meta property=\"article:modified_time\" content=\"2023-08-22T14:46:33+00:00\" \/>\n<meta property=\"og:image\" content=\"https:\/\/permbledhja.com\/wp-content\/uploads\/2023\/08\/ghf.jpg\" \/>\n\t<meta property=\"og:image:width\" content=\"688\" \/>\n\t<meta property=\"og:image:height\" content=\"607\" \/>\n\t<meta property=\"og:image:type\" content=\"image\/jpeg\" \/>\n<meta name=\"author\" content=\"P\u00ebrmbledhja\" \/>\n<meta name=\"twitter:card\" content=\"summary_large_image\" \/>\n<meta name=\"twitter:label1\" content=\"Written by\" \/>\n\t<meta name=\"twitter:data1\" content=\"P\u00ebrmbledhja\" \/>\n\t<meta name=\"twitter:label2\" content=\"Est. reading time\" \/>\n\t<meta name=\"twitter:data2\" content=\"1 minut\u00eb\" \/>\n<script type=\"application\/ld+json\" class=\"yoast-schema-graph\">{\"@context\":\"https:\/\/schema.org\",\"@graph\":[{\"@type\":\"Article\",\"@id\":\"https:\/\/permbledhja.com\/sq\/fero-le-muziken-shkaku-i-fese-po-i-fali-5-vakte-mos-i-degjoni-me-kenget-e-mia-eshte-haram\/#article\",\"isPartOf\":{\"@id\":\"https:\/\/permbledhja.com\/sq\/fero-le-muziken-shkaku-i-fese-po-i-fali-5-vakte-mos-i-degjoni-me-kenget-e-mia-eshte-haram\/\"},\"author\":{\"name\":\"P\u00ebrmbledhja\",\"@id\":\"https:\/\/permbledhja.com\/#\/schema\/person\/0d064377258d3221e50693947b9eb4fe\"},\"headline\":\"Fero l\u00eb muzik\u00ebn shkaku i fes\u00eb: Po i fali 5 vakte, mos i d\u00ebgjoni m\u00eb k\u00ebng\u00ebt e mia, \u00ebsht\u00eb &#8220;haram&#8221;\",\"datePublished\":\"2023-08-22T14:46:01+00:00\",\"dateModified\":\"2023-08-22T14:46:33+00:00\",\"mainEntityOfPage\":{\"@id\":\"https:\/\/permbledhja.com\/sq\/fero-le-muziken-shkaku-i-fese-po-i-fali-5-vakte-mos-i-degjoni-me-kenget-e-mia-eshte-haram\/\"},\"wordCount\":92,\"publisher\":{\"@id\":\"https:\/\/permbledhja.com\/#organization\"},\"keywords\":[\"Fero\"],\"articleSection\":[\"Showbiz\"],\"inLanguage\":\"sq\"},{\"@type\":\"WebPage\",\"@id\":\"https:\/\/permbledhja.com\/sq\/fero-le-muziken-shkaku-i-fese-po-i-fali-5-vakte-mos-i-degjoni-me-kenget-e-mia-eshte-haram\/\",\"url\":\"https:\/\/permbledhja.com\/sq\/fero-le-muziken-shkaku-i-fese-po-i-fali-5-vakte-mos-i-degjoni-me-kenget-e-mia-eshte-haram\/\",\"name\":\"Fero l\u00eb muzik\u00ebn shkaku i fes\u00eb: Po i fali 5 vakte, mos i d\u00ebgjoni m\u00eb k\u00ebng\u00ebt e mia, \u00ebsht\u00eb \\\"haram\\\"\",\"isPartOf\":{\"@id\":\"https:\/\/permbledhja.com\/#website\"},\"datePublished\":\"2023-08-22T14:46:01+00:00\",\"dateModified\":\"2023-08-22T14:46:33+00:00\",\"breadcrumb\":{\"@id\":\"https:\/\/permbledhja.com\/sq\/fero-le-muziken-shkaku-i-fese-po-i-fali-5-vakte-mos-i-degjoni-me-kenget-e-mia-eshte-haram\/#breadcrumb\"},\"inLanguage\":\"sq\",\"potentialAction\":[{\"@type\":\"ReadAction\",\"target\":[\"https:\/\/permbledhja.com\/sq\/fero-le-muziken-shkaku-i-fese-po-i-fali-5-vakte-mos-i-degjoni-me-kenget-e-mia-eshte-haram\/\"]}]},{\"@type\":\"BreadcrumbList\",\"@id\":\"https:\/\/permbledhja.com\/sq\/fero-le-muziken-shkaku-i-fese-po-i-fali-5-vakte-mos-i-degjoni-me-kenget-e-mia-eshte-haram\/#breadcrumb\",\"itemListElement\":[{\"@type\":\"ListItem\",\"position\":1,\"name\":\"Ballina\",\"item\":\"https:\/\/permbledhja.com\/sq\/\"},{\"@type\":\"ListItem\",\"position\":2,\"name\":\"Fero l\u00eb muzik\u00ebn shkaku i fes\u00eb: Po i fali 5 vakte, mos i d\u00ebgjoni m\u00eb k\u00ebng\u00ebt e mia, \u00ebsht\u00eb &#8220;haram&#8221;\"}]},{\"@type\":\"WebSite\",\"@id\":\"https:\/\/permbledhja.com\/#website\",\"url\":\"https:\/\/permbledhja.com\/\",\"name\":\"Ve\u00e7 artikuj p\u00ebrmbledh\u00ebs\",\"description\":\"\",\"publisher\":{\"@id\":\"https:\/\/permbledhja.com\/#organization\"},\"potentialAction\":[{\"@type\":\"SearchAction\",\"target\":{\"@type\":\"EntryPoint\",\"urlTemplate\":\"https:\/\/permbledhja.com\/?s={search_term_string}\"},\"query-input\":\"required name=search_term_string\"}],\"inLanguage\":\"sq\"},{\"@type\":\"Organization\",\"@id\":\"https:\/\/permbledhja.com\/#organization\",\"name\":\"MK Media & Pr\",\"url\":\"https:\/\/permbledhja.com\/\",\"logo\":{\"@type\":\"ImageObject\",\"inLanguage\":\"sq\",\"@id\":\"https:\/\/permbledhja.com\/#\/schema\/logo\/image\/\",\"url\":\"https:\/\/permbledhja.com\/wp-content\/uploads\/2021\/12\/07-Press-Logo.jpg\",\"contentUrl\":\"https:\/\/permbledhja.com\/wp-content\/uploads\/2021\/12\/07-Press-Logo.jpg\",\"width\":512,\"height\":512,\"caption\":\"MK Media & Pr\"},\"image\":{\"@id\":\"https:\/\/permbledhja.com\/#\/schema\/logo\/image\/\"},\"sameAs\":[\"https:\/\/www.facebook.com\/press07\/\"]},{\"@type\":\"Person\",\"@id\":\"https:\/\/permbledhja.com\/#\/schema\/person\/0d064377258d3221e50693947b9eb4fe\",\"name\":\"P\u00ebrmbledhja\",\"image\":{\"@type\":\"ImageObject\",\"inLanguage\":\"sq\",\"@id\":\"https:\/\/permbledhja.com\/#\/schema\/person\/image\/\",\"url\":\"https:\/\/permbledhja.com\/wp-content\/uploads\/2026\/01\/452004717_1040944174702970_8932037511805513407_n-96x96.jpg\",\"contentUrl\":\"https:\/\/permbledhja.com\/wp-content\/uploads\/2026\/01\/452004717_1040944174702970_8932037511805513407_n-96x96.jpg\",\"caption\":\"P\u00ebrmbledhja\"},\"sameAs\":[\"https:\/\/www.facebook.com\/kafexhiu.muharrem\/\",\"https:\/\/www.instagram.com\/muharrem_kafexhiu\/\"],\"url\":\"https:\/\/permbledhja.com\/sq\/author\/admin\/\"}]}<\/script>\n<!-- \/ Yoast SEO plugin. -->","yoast_head_json":{"title":"Fero l\u00eb muzik\u00ebn shkaku i fes\u00eb: Po i fali 5 vakte, mos i d\u00ebgjoni m\u00eb k\u00ebng\u00ebt e mia, \u00ebsht\u00eb \"haram\"","robots":{"index":"index","follow":"follow","max-snippet":"max-snippet:-1","max-image-preview":"max-image-preview:large","max-video-preview":"max-video-preview:-1"},"canonical":"https:\/\/permbledhja.com\/sq\/fero-le-muziken-shkaku-i-fese-po-i-fali-5-vakte-mos-i-degjoni-me-kenget-e-mia-eshte-haram\/","og_locale":"sq_AL","og_type":"article","og_title":"Fero l\u00eb muzik\u00ebn shkaku i fes\u00eb: Po i fali 5 vakte, mos i d\u00ebgjoni m\u00eb k\u00ebng\u00ebt e mia, \u00ebsht\u00eb \"haram\"","og_description":"Fero po vazhdon t\u00eb befasoj\u00eb me deklaratat e tij. Pas daljes nga burgu ku edhe dyshohej p\u00ebr rrahjen e Arbenit\u00ebn, ka befasuar me reagimin e fundit. Pak minuta m\u00eb par\u00eb ai ka b\u00ebr\u00eb nj\u00eb reagim t\u00eb gjat\u00eb n\u00eb \u2018Instagram\u2019. Reperi ka njoftuar se po i fal\u00eb tashm\u00eb pes\u00eb her\u00eb n\u00eb dit\u00eb dhe se \u00ebsht\u00eb penduar [&hellip;]","og_url":"https:\/\/permbledhja.com\/sq\/fero-le-muziken-shkaku-i-fese-po-i-fali-5-vakte-mos-i-degjoni-me-kenget-e-mia-eshte-haram\/","og_site_name":"Ve\u00e7 artikuj p\u00ebrmbledh\u00ebs","article_publisher":"https:\/\/www.facebook.com\/press07\/","article_author":"https:\/\/www.facebook.com\/kafexhiu.muharrem\/","article_published_time":"2023-08-22T14:46:01+00:00","article_modified_time":"2023-08-22T14:46:33+00:00","og_image":[{"width":688,"height":607,"url":"https:\/\/permbledhja.com\/wp-content\/uploads\/2023\/08\/ghf.jpg","type":"image\/jpeg"}],"author":"P\u00ebrmbledhja","twitter_card":"summary_large_image","twitter_misc":{"Written by":"P\u00ebrmbledhja","Est. reading time":"1 minut\u00eb"},"schema":{"@context":"https:\/\/schema.org","@graph":[{"@type":"Article","@id":"https:\/\/permbledhja.com\/sq\/fero-le-muziken-shkaku-i-fese-po-i-fali-5-vakte-mos-i-degjoni-me-kenget-e-mia-eshte-haram\/#article","isPartOf":{"@id":"https:\/\/permbledhja.com\/sq\/fero-le-muziken-shkaku-i-fese-po-i-fali-5-vakte-mos-i-degjoni-me-kenget-e-mia-eshte-haram\/"},"author":{"name":"P\u00ebrmbledhja","@id":"https:\/\/permbledhja.com\/#\/schema\/person\/0d064377258d3221e50693947b9eb4fe"},"headline":"Fero l\u00eb muzik\u00ebn shkaku i fes\u00eb: Po i fali 5 vakte, mos i d\u00ebgjoni m\u00eb k\u00ebng\u00ebt e mia, \u00ebsht\u00eb &#8220;haram&#8221;","datePublished":"2023-08-22T14:46:01+00:00","dateModified":"2023-08-22T14:46:33+00:00","mainEntityOfPage":{"@id":"https:\/\/permbledhja.com\/sq\/fero-le-muziken-shkaku-i-fese-po-i-fali-5-vakte-mos-i-degjoni-me-kenget-e-mia-eshte-haram\/"},"wordCount":92,"publisher":{"@id":"https:\/\/permbledhja.com\/#organization"},"keywords":["Fero"],"articleSection":["Showbiz"],"inLanguage":"sq"},{"@type":"WebPage","@id":"https:\/\/permbledhja.com\/sq\/fero-le-muziken-shkaku-i-fese-po-i-fali-5-vakte-mos-i-degjoni-me-kenget-e-mia-eshte-haram\/","url":"https:\/\/permbledhja.com\/sq\/fero-le-muziken-shkaku-i-fese-po-i-fali-5-vakte-mos-i-degjoni-me-kenget-e-mia-eshte-haram\/","name":"Fero l\u00eb muzik\u00ebn shkaku i fes\u00eb: Po i fali 5 vakte, mos i d\u00ebgjoni m\u00eb k\u00ebng\u00ebt e mia, \u00ebsht\u00eb \"haram\"","isPartOf":{"@id":"https:\/\/permbledhja.com\/#website"},"datePublished":"2023-08-22T14:46:01+00:00","dateModified":"2023-08-22T14:46:33+00:00","breadcrumb":{"@id":"https:\/\/permbledhja.com\/sq\/fero-le-muziken-shkaku-i-fese-po-i-fali-5-vakte-mos-i-degjoni-me-kenget-e-mia-eshte-haram\/#breadcrumb"},"inLanguage":"sq","potentialAction":[{"@type":"ReadAction","target":["https:\/\/permbledhja.com\/sq\/fero-le-muziken-shkaku-i-fese-po-i-fali-5-vakte-mos-i-degjoni-me-kenget-e-mia-eshte-haram\/"]}]},{"@type":"BreadcrumbList","@id":"https:\/\/permbledhja.com\/sq\/fero-le-muziken-shkaku-i-fese-po-i-fali-5-vakte-mos-i-degjoni-me-kenget-e-mia-eshte-haram\/#breadcrumb","itemListElement":[{"@type":"ListItem","position":1,"name":"Ballina","item":"https:\/\/permbledhja.com\/sq\/"},{"@type":"ListItem","position":2,"name":"Fero l\u00eb muzik\u00ebn shkaku i fes\u00eb: Po i fali 5 vakte, mos i d\u00ebgjoni m\u00eb k\u00ebng\u00ebt e mia, \u00ebsht\u00eb &#8220;haram&#8221;"}]},{"@type":"WebSite","@id":"https:\/\/permbledhja.com\/#website","url":"https:\/\/permbledhja.com\/","name":"Ve\u00e7 artikuj p\u00ebrmbledh\u00ebs","description":"","publisher":{"@id":"https:\/\/permbledhja.com\/#organization"},"potentialAction":[{"@type":"SearchAction","target":{"@type":"EntryPoint","urlTemplate":"https:\/\/permbledhja.com\/?s={search_term_string}"},"query-input":"required name=search_term_string"}],"inLanguage":"sq"},{"@type":"Organization","@id":"https:\/\/permbledhja.com\/#organization","name":"MK Media & Pr","url":"https:\/\/permbledhja.com\/","logo":{"@type":"ImageObject","inLanguage":"sq","@id":"https:\/\/permbledhja.com\/#\/schema\/logo\/image\/","url":"https:\/\/permbledhja.com\/wp-content\/uploads\/2021\/12\/07-Press-Logo.jpg","contentUrl":"https:\/\/permbledhja.com\/wp-content\/uploads\/2021\/12\/07-Press-Logo.jpg","width":512,"height":512,"caption":"MK Media & Pr"},"image":{"@id":"https:\/\/permbledhja.com\/#\/schema\/logo\/image\/"},"sameAs":["https:\/\/www.facebook.com\/press07\/"]},{"@type":"Person","@id":"https:\/\/permbledhja.com\/#\/schema\/person\/0d064377258d3221e50693947b9eb4fe","name":"P\u00ebrmbledhja","image":{"@type":"ImageObject","inLanguage":"sq","@id":"https:\/\/permbledhja.com\/#\/schema\/person\/image\/","url":"https:\/\/permbledhja.com\/wp-content\/uploads\/2026\/01\/452004717_1040944174702970_8932037511805513407_n-96x96.jpg","contentUrl":"https:\/\/permbledhja.com\/wp-content\/uploads\/2026\/01\/452004717_1040944174702970_8932037511805513407_n-96x96.jpg","caption":"P\u00ebrmbledhja"},"sameAs":["https:\/\/www.facebook.com\/kafexhiu.muharrem\/","https:\/\/www.instagram.com\/muharrem_kafexhiu\/"],"url":"https:\/\/permbledhja.com\/sq\/author\/admin\/"}]}},"_links":{"self":[{"href":"https:\/\/permbledhja.com\/sq\/wp-json\/wp\/v2\/posts\/24348"}],"collection":[{"href":"https:\/\/permbledhja.com\/sq\/wp-json\/wp\/v2\/posts"}],"about":[{"href":"https:\/\/permbledhja.com\/sq\/wp-json\/wp\/v2\/types\/post"}],"author":[{"embeddable":true,"href":"https:\/\/permbledhja.com\/sq\/wp-json\/wp\/v2\/users\/1"}],"replies":[{"embeddable":true,"href":"https:\/\/permbledhja.com\/sq\/wp-json\/wp\/v2\/comments?post=24348"}],"version-history":[{"count":2,"href":"https:\/\/permbledhja.com\/sq\/wp-json\/wp\/v2\/posts\/24348\/revisions"}],"predecessor-version":[{"id":24352,"href":"https:\/\/permbledhja.com\/sq\/wp-json\/wp\/v2\/posts\/24348\/revisions\/24352"}],"wp:featuredmedia":[{"embeddable":true,"href":"https:\/\/permbledhja.com\/sq\/wp-json\/wp\/v2\/media\/24349"}],"wp:attachment":[{"href":"https:\/\/permbledhja.com\/sq\/wp-json\/wp\/v2\/media?parent=24348"}],"wp:term":[{"taxonomy":"category","embeddable":true,"href":"https:\/\/permbledhja.com\/sq\/wp-json\/wp\/v2\/categories?post=24348"},{"taxonomy":"post_tag","embeddable":true,"href":"https:\/\/permbledhja.com\/sq\/wp-json\/wp\/v2\/tags?post=24348"}],"curies":[{"name":"wp","href":"https:\/\/api.w.org\/{rel}","templated":true}]}}