{"id":24345,"date":"2023-08-22T13:55:38","date_gmt":"2023-08-22T13:55:38","guid":{"rendered":"https:\/\/permbledhja.com\/?p=24345"},"modified":"2023-08-22T13:55:38","modified_gmt":"2023-08-22T13:55:38","slug":"pese-vjet-burgim-per-personin-qe-tentoi-grabitjen-ne-nje-pompe-karburanti","status":"publish","type":"post","link":"https:\/\/permbledhja.com\/sq\/pese-vjet-burgim-per-personin-qe-tentoi-grabitjen-ne-nje-pompe-karburanti\/","title":{"rendered":"Pes\u00eb vjet burgim p\u00ebr personin q\u00eb tentoi grabitjen n\u00eb nj\u00eb pomp\u00eb karburanti"},"content":{"rendered":"<p>\u00cbsht\u00eb d\u00ebnuar me pes\u00eb vjet burgim i akuzuari p\u00ebr vepr\u00ebn penale \u201cGrabitje n\u00eb tentativ\u00eb\u201d<\/p>\n<p>Kjo \u00ebsht\u00eb b\u00ebr\u00eb e ditur nga Gjykata Themelore n\u00eb Prishtin\u00eb p\u00ebrmes nj\u00eb komunikate p\u00ebr media, raporton KlanKosova.tv.<\/p>\n<p>\u201cI akuzuari B.M. \u00ebsht\u00eb shpallur fajtor dhe \u00ebsht\u00eb d\u00ebnuar me d\u00ebnim me burgim n\u00eb koh\u00ebzgjatje prej pes\u00eb (5) viteve, n\u00eb t\u00eb cilin d\u00ebnim do t\u2019i llogaritet edhe koha e kaluar n\u00eb paraburgim nga data 05.11.2022 e deri m\u00eb dat\u00eb 22.06.2023 dhe n\u00eb arrest sht\u00ebpiak nga data 22.06.2023 deri me dat\u00eb 17.08.2023\u201d thuhet n\u00eb njoftim.<\/p>\n<p>I akuzuari s\u00eb bashku me kat\u00ebr t\u00eb pandehur t\u00eb tjer\u00eb kishin tentuar q\u00eb t\u00eb grabisin nj\u00eb pik\u00eb t\u00eb furnizimit me derivate n\u00eb Komoran.<\/p>\n","protected":false},"excerpt":{"rendered":"<p>\u00cbsht\u00eb d\u00ebnuar me pes\u00eb vjet burgim i akuzuari p\u00ebr vepr\u00ebn penale \u201cGrabitje n\u00eb tentativ\u00eb\u201d Kjo \u00ebsht\u00eb b\u00ebr\u00eb e ditur nga Gjykata Themelore n\u00eb Prishtin\u00eb p\u00ebrmes nj\u00eb komunikate p\u00ebr media, raporton KlanKosova.tv. \u201cI akuzuari B.M. \u00ebsht\u00eb shpallur fajtor dhe \u00ebsht\u00eb d\u00ebnuar me d\u00ebnim me burgim n\u00eb koh\u00ebzgjatje prej pes\u00eb (5) viteve, n\u00eb t\u00eb cilin d\u00ebnim do [&hellip;]<\/p>\n","protected":false},"author":2,"featured_media":24346,"comment_status":"closed","ping_status":"closed","sticky":false,"template":"","format":"standard","meta":{"_monsterinsights_skip_tracking":false,"_monsterinsights_sitenote_active":false,"_monsterinsights_sitenote_note":"","_monsterinsights_sitenote_category":0,"_uf_show_specific_survey":0,"_uf_disable_surveys":false,"footnotes":""},"categories":[15],"tags":[],"yoast_head":"<!-- This site is optimized with the Yoast SEO plugin v21.5 - https:\/\/yoast.com\/wordpress\/plugins\/seo\/ -->\n<title>Pes\u00eb vjet burgim p\u00ebr personin q\u00eb tentoi grabitjen n\u00eb nj\u00eb pomp\u00eb karburanti<\/title>\n<meta name=\"robots\" content=\"index, follow, max-snippet:-1, max-image-preview:large, max-video-preview:-1\" \/>\n<link rel=\"canonical\" href=\"https:\/\/permbledhja.com\/sq\/pese-vjet-burgim-per-personin-qe-tentoi-grabitjen-ne-nje-pompe-karburanti\/\" \/>\n<meta property=\"og:locale\" content=\"sq_AL\" \/>\n<meta property=\"og:type\" content=\"article\" \/>\n<meta property=\"og:title\" content=\"Pes\u00eb vjet burgim p\u00ebr personin q\u00eb tentoi grabitjen n\u00eb nj\u00eb pomp\u00eb karburanti\" \/>\n<meta property=\"og:description\" content=\"\u00cbsht\u00eb d\u00ebnuar me pes\u00eb vjet burgim i akuzuari p\u00ebr vepr\u00ebn penale \u201cGrabitje n\u00eb tentativ\u00eb\u201d Kjo \u00ebsht\u00eb b\u00ebr\u00eb e ditur nga Gjykata Themelore n\u00eb Prishtin\u00eb p\u00ebrmes nj\u00eb komunikate p\u00ebr media, raporton KlanKosova.tv. \u201cI akuzuari B.M. \u00ebsht\u00eb shpallur fajtor dhe \u00ebsht\u00eb d\u00ebnuar me d\u00ebnim me burgim n\u00eb koh\u00ebzgjatje prej pes\u00eb (5) viteve, n\u00eb t\u00eb cilin d\u00ebnim do [&hellip;]\" \/>\n<meta property=\"og:url\" content=\"https:\/\/permbledhja.com\/sq\/pese-vjet-burgim-per-personin-qe-tentoi-grabitjen-ne-nje-pompe-karburanti\/\" \/>\n<meta property=\"og:site_name\" content=\"Ve\u00e7 artikuj p\u00ebrmbledh\u00ebs\" \/>\n<meta property=\"article:publisher\" content=\"https:\/\/www.facebook.com\/press07\/\" \/>\n<meta property=\"article:published_time\" content=\"2023-08-22T13:55:38+00:00\" \/>\n<meta property=\"og:image\" content=\"https:\/\/permbledhja.com\/wp-content\/uploads\/2023\/08\/Grilat.jpg\" \/>\n\t<meta property=\"og:image:width\" content=\"1920\" \/>\n\t<meta property=\"og:image:height\" content=\"1512\" \/>\n\t<meta property=\"og:image:type\" content=\"image\/jpeg\" \/>\n<meta name=\"author\" content=\"M M\" \/>\n<meta name=\"twitter:card\" content=\"summary_large_image\" \/>\n<meta name=\"twitter:label1\" content=\"Written by\" \/>\n\t<meta name=\"twitter:data1\" content=\"M M\" \/>\n\t<meta name=\"twitter:label2\" content=\"Est. reading time\" \/>\n\t<meta name=\"twitter:data2\" content=\"1 minut\u00eb\" \/>\n<script type=\"application\/ld+json\" class=\"yoast-schema-graph\">{\"@context\":\"https:\/\/schema.org\",\"@graph\":[{\"@type\":\"Article\",\"@id\":\"https:\/\/permbledhja.com\/pese-vjet-burgim-per-personin-qe-tentoi-grabitjen-ne-nje-pompe-karburanti\/#article\",\"isPartOf\":{\"@id\":\"https:\/\/permbledhja.com\/pese-vjet-burgim-per-personin-qe-tentoi-grabitjen-ne-nje-pompe-karburanti\/\"},\"author\":{\"name\":\"M M\",\"@id\":\"https:\/\/permbledhja.com\/#\/schema\/person\/d23f13f59b5722643933d6780783acf3\"},\"headline\":\"Pes\u00eb vjet burgim p\u00ebr personin q\u00eb tentoi grabitjen n\u00eb nj\u00eb pomp\u00eb karburanti\",\"datePublished\":\"2023-08-22T13:55:38+00:00\",\"dateModified\":\"2023-08-22T13:55:38+00:00\",\"mainEntityOfPage\":{\"@id\":\"https:\/\/permbledhja.com\/pese-vjet-burgim-per-personin-qe-tentoi-grabitjen-ne-nje-pompe-karburanti\/\"},\"wordCount\":131,\"publisher\":{\"@id\":\"https:\/\/permbledhja.com\/#organization\"},\"articleSection\":[\"Lajme\"],\"inLanguage\":\"sq\"},{\"@type\":\"WebPage\",\"@id\":\"https:\/\/permbledhja.com\/pese-vjet-burgim-per-personin-qe-tentoi-grabitjen-ne-nje-pompe-karburanti\/\",\"url\":\"https:\/\/permbledhja.com\/pese-vjet-burgim-per-personin-qe-tentoi-grabitjen-ne-nje-pompe-karburanti\/\",\"name\":\"Pes\u00eb vjet burgim p\u00ebr personin q\u00eb tentoi grabitjen n\u00eb nj\u00eb pomp\u00eb karburanti\",\"isPartOf\":{\"@id\":\"https:\/\/permbledhja.com\/#website\"},\"datePublished\":\"2023-08-22T13:55:38+00:00\",\"dateModified\":\"2023-08-22T13:55:38+00:00\",\"breadcrumb\":{\"@id\":\"https:\/\/permbledhja.com\/pese-vjet-burgim-per-personin-qe-tentoi-grabitjen-ne-nje-pompe-karburanti\/#breadcrumb\"},\"inLanguage\":\"sq\",\"potentialAction\":[{\"@type\":\"ReadAction\",\"target\":[\"https:\/\/permbledhja.com\/pese-vjet-burgim-per-personin-qe-tentoi-grabitjen-ne-nje-pompe-karburanti\/\"]}]},{\"@type\":\"BreadcrumbList\",\"@id\":\"https:\/\/permbledhja.com\/pese-vjet-burgim-per-personin-qe-tentoi-grabitjen-ne-nje-pompe-karburanti\/#breadcrumb\",\"itemListElement\":[{\"@type\":\"ListItem\",\"position\":1,\"name\":\"Ballina\",\"item\":\"https:\/\/permbledhja.com\/sq\/\"},{\"@type\":\"ListItem\",\"position\":2,\"name\":\"Pes\u00eb vjet burgim p\u00ebr personin q\u00eb tentoi grabitjen n\u00eb nj\u00eb pomp\u00eb karburanti\"}]},{\"@type\":\"WebSite\",\"@id\":\"https:\/\/permbledhja.com\/#website\",\"url\":\"https:\/\/permbledhja.com\/\",\"name\":\"Ve\u00e7 artikuj p\u00ebrmbledh\u00ebs\",\"description\":\"\",\"publisher\":{\"@id\":\"https:\/\/permbledhja.com\/#organization\"},\"potentialAction\":[{\"@type\":\"SearchAction\",\"target\":{\"@type\":\"EntryPoint\",\"urlTemplate\":\"https:\/\/permbledhja.com\/?s={search_term_string}\"},\"query-input\":\"required name=search_term_string\"}],\"inLanguage\":\"sq\"},{\"@type\":\"Organization\",\"@id\":\"https:\/\/permbledhja.com\/#organization\",\"name\":\"MK Media & Pr\",\"url\":\"https:\/\/permbledhja.com\/\",\"logo\":{\"@type\":\"ImageObject\",\"inLanguage\":\"sq\",\"@id\":\"https:\/\/permbledhja.com\/#\/schema\/logo\/image\/\",\"url\":\"https:\/\/permbledhja.com\/wp-content\/uploads\/2021\/12\/07-Press-Logo.jpg\",\"contentUrl\":\"https:\/\/permbledhja.com\/wp-content\/uploads\/2021\/12\/07-Press-Logo.jpg\",\"width\":512,\"height\":512,\"caption\":\"MK Media & Pr\"},\"image\":{\"@id\":\"https:\/\/permbledhja.com\/#\/schema\/logo\/image\/\"},\"sameAs\":[\"https:\/\/www.facebook.com\/press07\/\"]},{\"@type\":\"Person\",\"@id\":\"https:\/\/permbledhja.com\/#\/schema\/person\/d23f13f59b5722643933d6780783acf3\",\"name\":\"M M\",\"image\":{\"@type\":\"ImageObject\",\"inLanguage\":\"sq\",\"@id\":\"https:\/\/permbledhja.com\/#\/schema\/person\/image\/\",\"url\":\"https:\/\/secure.gravatar.com\/avatar\/e2835a76ca7c31a2416b2d51c4ec9a8f?s=96&d=mm&r=g\",\"contentUrl\":\"https:\/\/secure.gravatar.com\/avatar\/e2835a76ca7c31a2416b2d51c4ec9a8f?s=96&d=mm&r=g\",\"caption\":\"M M\"},\"sameAs\":[\"http:\/\/MM\"],\"url\":\"https:\/\/permbledhja.com\/sq\/author\/muhamet\/\"}]}<\/script>\n<!-- \/ Yoast SEO plugin. -->","yoast_head_json":{"title":"Pes\u00eb vjet burgim p\u00ebr personin q\u00eb tentoi grabitjen n\u00eb nj\u00eb pomp\u00eb karburanti","robots":{"index":"index","follow":"follow","max-snippet":"max-snippet:-1","max-image-preview":"max-image-preview:large","max-video-preview":"max-video-preview:-1"},"canonical":"https:\/\/permbledhja.com\/sq\/pese-vjet-burgim-per-personin-qe-tentoi-grabitjen-ne-nje-pompe-karburanti\/","og_locale":"sq_AL","og_type":"article","og_title":"Pes\u00eb vjet burgim p\u00ebr personin q\u00eb tentoi grabitjen n\u00eb nj\u00eb pomp\u00eb karburanti","og_description":"\u00cbsht\u00eb d\u00ebnuar me pes\u00eb vjet burgim i akuzuari p\u00ebr vepr\u00ebn penale \u201cGrabitje n\u00eb tentativ\u00eb\u201d Kjo \u00ebsht\u00eb b\u00ebr\u00eb e ditur nga Gjykata Themelore n\u00eb Prishtin\u00eb p\u00ebrmes nj\u00eb komunikate p\u00ebr media, raporton KlanKosova.tv. \u201cI akuzuari B.M. \u00ebsht\u00eb shpallur fajtor dhe \u00ebsht\u00eb d\u00ebnuar me d\u00ebnim me burgim n\u00eb koh\u00ebzgjatje prej pes\u00eb (5) viteve, n\u00eb t\u00eb cilin d\u00ebnim do [&hellip;]","og_url":"https:\/\/permbledhja.com\/sq\/pese-vjet-burgim-per-personin-qe-tentoi-grabitjen-ne-nje-pompe-karburanti\/","og_site_name":"Ve\u00e7 artikuj p\u00ebrmbledh\u00ebs","article_publisher":"https:\/\/www.facebook.com\/press07\/","article_published_time":"2023-08-22T13:55:38+00:00","og_image":[{"width":1920,"height":1512,"url":"https:\/\/permbledhja.com\/wp-content\/uploads\/2023\/08\/Grilat.jpg","type":"image\/jpeg"}],"author":"M M","twitter_card":"summary_large_image","twitter_misc":{"Written by":"M M","Est. reading time":"1 minut\u00eb"},"schema":{"@context":"https:\/\/schema.org","@graph":[{"@type":"Article","@id":"https:\/\/permbledhja.com\/pese-vjet-burgim-per-personin-qe-tentoi-grabitjen-ne-nje-pompe-karburanti\/#article","isPartOf":{"@id":"https:\/\/permbledhja.com\/pese-vjet-burgim-per-personin-qe-tentoi-grabitjen-ne-nje-pompe-karburanti\/"},"author":{"name":"M M","@id":"https:\/\/permbledhja.com\/#\/schema\/person\/d23f13f59b5722643933d6780783acf3"},"headline":"Pes\u00eb vjet burgim p\u00ebr personin q\u00eb tentoi grabitjen n\u00eb nj\u00eb pomp\u00eb karburanti","datePublished":"2023-08-22T13:55:38+00:00","dateModified":"2023-08-22T13:55:38+00:00","mainEntityOfPage":{"@id":"https:\/\/permbledhja.com\/pese-vjet-burgim-per-personin-qe-tentoi-grabitjen-ne-nje-pompe-karburanti\/"},"wordCount":131,"publisher":{"@id":"https:\/\/permbledhja.com\/#organization"},"articleSection":["Lajme"],"inLanguage":"sq"},{"@type":"WebPage","@id":"https:\/\/permbledhja.com\/pese-vjet-burgim-per-personin-qe-tentoi-grabitjen-ne-nje-pompe-karburanti\/","url":"https:\/\/permbledhja.com\/pese-vjet-burgim-per-personin-qe-tentoi-grabitjen-ne-nje-pompe-karburanti\/","name":"Pes\u00eb vjet burgim p\u00ebr personin q\u00eb tentoi grabitjen n\u00eb nj\u00eb pomp\u00eb karburanti","isPartOf":{"@id":"https:\/\/permbledhja.com\/#website"},"datePublished":"2023-08-22T13:55:38+00:00","dateModified":"2023-08-22T13:55:38+00:00","breadcrumb":{"@id":"https:\/\/permbledhja.com\/pese-vjet-burgim-per-personin-qe-tentoi-grabitjen-ne-nje-pompe-karburanti\/#breadcrumb"},"inLanguage":"sq","potentialAction":[{"@type":"ReadAction","target":["https:\/\/permbledhja.com\/pese-vjet-burgim-per-personin-qe-tentoi-grabitjen-ne-nje-pompe-karburanti\/"]}]},{"@type":"BreadcrumbList","@id":"https:\/\/permbledhja.com\/pese-vjet-burgim-per-personin-qe-tentoi-grabitjen-ne-nje-pompe-karburanti\/#breadcrumb","itemListElement":[{"@type":"ListItem","position":1,"name":"Ballina","item":"https:\/\/permbledhja.com\/sq\/"},{"@type":"ListItem","position":2,"name":"Pes\u00eb vjet burgim p\u00ebr personin q\u00eb tentoi grabitjen n\u00eb nj\u00eb pomp\u00eb karburanti"}]},{"@type":"WebSite","@id":"https:\/\/permbledhja.com\/#website","url":"https:\/\/permbledhja.com\/","name":"Ve\u00e7 artikuj p\u00ebrmbledh\u00ebs","description":"","publisher":{"@id":"https:\/\/permbledhja.com\/#organization"},"potentialAction":[{"@type":"SearchAction","target":{"@type":"EntryPoint","urlTemplate":"https:\/\/permbledhja.com\/?s={search_term_string}"},"query-input":"required name=search_term_string"}],"inLanguage":"sq"},{"@type":"Organization","@id":"https:\/\/permbledhja.com\/#organization","name":"MK Media & Pr","url":"https:\/\/permbledhja.com\/","logo":{"@type":"ImageObject","inLanguage":"sq","@id":"https:\/\/permbledhja.com\/#\/schema\/logo\/image\/","url":"https:\/\/permbledhja.com\/wp-content\/uploads\/2021\/12\/07-Press-Logo.jpg","contentUrl":"https:\/\/permbledhja.com\/wp-content\/uploads\/2021\/12\/07-Press-Logo.jpg","width":512,"height":512,"caption":"MK Media & Pr"},"image":{"@id":"https:\/\/permbledhja.com\/#\/schema\/logo\/image\/"},"sameAs":["https:\/\/www.facebook.com\/press07\/"]},{"@type":"Person","@id":"https:\/\/permbledhja.com\/#\/schema\/person\/d23f13f59b5722643933d6780783acf3","name":"M M","image":{"@type":"ImageObject","inLanguage":"sq","@id":"https:\/\/permbledhja.com\/#\/schema\/person\/image\/","url":"https:\/\/secure.gravatar.com\/avatar\/e2835a76ca7c31a2416b2d51c4ec9a8f?s=96&d=mm&r=g","contentUrl":"https:\/\/secure.gravatar.com\/avatar\/e2835a76ca7c31a2416b2d51c4ec9a8f?s=96&d=mm&r=g","caption":"M M"},"sameAs":["http:\/\/MM"],"url":"https:\/\/permbledhja.com\/sq\/author\/muhamet\/"}]}},"_links":{"self":[{"href":"https:\/\/permbledhja.com\/sq\/wp-json\/wp\/v2\/posts\/24345"}],"collection":[{"href":"https:\/\/permbledhja.com\/sq\/wp-json\/wp\/v2\/posts"}],"about":[{"href":"https:\/\/permbledhja.com\/sq\/wp-json\/wp\/v2\/types\/post"}],"author":[{"embeddable":true,"href":"https:\/\/permbledhja.com\/sq\/wp-json\/wp\/v2\/users\/2"}],"replies":[{"embeddable":true,"href":"https:\/\/permbledhja.com\/sq\/wp-json\/wp\/v2\/comments?post=24345"}],"version-history":[{"count":1,"href":"https:\/\/permbledhja.com\/sq\/wp-json\/wp\/v2\/posts\/24345\/revisions"}],"predecessor-version":[{"id":24347,"href":"https:\/\/permbledhja.com\/sq\/wp-json\/wp\/v2\/posts\/24345\/revisions\/24347"}],"wp:featuredmedia":[{"embeddable":true,"href":"https:\/\/permbledhja.com\/sq\/wp-json\/wp\/v2\/media\/24346"}],"wp:attachment":[{"href":"https:\/\/permbledhja.com\/sq\/wp-json\/wp\/v2\/media?parent=24345"}],"wp:term":[{"taxonomy":"category","embeddable":true,"href":"https:\/\/permbledhja.com\/sq\/wp-json\/wp\/v2\/categories?post=24345"},{"taxonomy":"post_tag","embeddable":true,"href":"https:\/\/permbledhja.com\/sq\/wp-json\/wp\/v2\/tags?post=24345"}],"curies":[{"name":"wp","href":"https:\/\/api.w.org\/{rel}","templated":true}]}}