{"id":24342,"date":"2023-08-22T13:39:58","date_gmt":"2023-08-22T13:39:58","guid":{"rendered":"https:\/\/permbledhja.com\/?p=24342"},"modified":"2023-08-22T13:39:58","modified_gmt":"2023-08-22T13:39:58","slug":"pdk-deshtimi-i-ministrise-se-arsimit-me-tekste-shkollore-po-i-demton-femijet-prinderit-dhe-buxhetin-e-shtetit","status":"publish","type":"post","link":"https:\/\/permbledhja.com\/sq\/pdk-deshtimi-i-ministrise-se-arsimit-me-tekste-shkollore-po-i-demton-femijet-prinderit-dhe-buxhetin-e-shtetit\/","title":{"rendered":"PDK: D\u00ebshtimi i Ministris\u00eb s\u00eb Arsimit me tekste shkollore, po i d\u00ebmton f\u00ebmij\u00ebt, prind\u00ebrit dhe buxhetin e shtetit"},"content":{"rendered":"<h3>Drejtor\u00ebt e Arsimit nga radh\u00ebt e PDK-s\u00eb n\u00eb nivel komunal, kan\u00eb mbajtur konferenc\u00eb p\u00ebr media ku kan\u00eb shprehur pak\u00ebnaq\u00ebsin\u00eb lidhur me propozimin e fundit t\u00eb ministres s\u00eb Arsimit, Arb\u00ebrie Nagavci rreth furnizimeve me tekstet shkollore p\u00ebr nx\u00ebn\u00ebs.<\/h3>\n<p>Besian\u00eb Musmurati, drejtoresh\u00eb e Arsimit n\u00eb Komun\u00ebn e Prishtin\u00ebs, ka th\u00ebn\u00eb se \u00e7do dit\u00eb e m\u00eb shum\u00eb po e shohim q\u00eb Qeveria dhe Ministria e Arsimit jan\u00eb t\u00eb paafta t\u00eb \u00e7ojn\u00eb p\u00ebrpara \u00e7far\u00ebdolloj politike arsimore.<\/p>\n<p>Sipas saj, propozimi i ri i k\u00ebsaj ministrie p\u00ebr rimbursimin e prind\u00ebrve p\u00ebr blerjen e librave \u00ebsht\u00eb shembulli i fundit dhe m\u00eb i fresk\u00ebt si\u00e7 tha ajo i keqqeverisjes n\u00eb arsim, ashtu si edhe n\u00eb sektor\u00ebt tjer\u00eb.<\/p>\n<p>\u201cTentativat p\u00ebr t\u00eb fsheh\u00eb d\u00ebshtimin n\u00eb arsim me arsyetime e fshehje pas gabimeve t\u00eb s\u00eb kaluar\u00ebs duhet t\u00eb marrin fund. Gabimet nuk p\u00ebrmir\u00ebsohen me gabime m\u00eb t\u00eb m\u00ebdha. Prind\u00ebrit gjithandej n\u00ebp\u00ebr Kosov\u00eb jan\u00eb tejet t\u00eb shqet\u00ebsuar me situat\u00ebn e re e cila pritet t\u00eb krijohet \u2013 ku edhe shtatori i dyt\u00eb n\u00ebn qeverisjen Kurti po i gjen\u00eb nx\u00ebn\u00ebsit me probleme p\u00ebr t\u00eb nisur vitin shkollor\u201d, ka th\u00ebn\u00eb Musmurati.<\/p>\n<p>Sipas saj, mbi 300 mij\u00eb familje kosovare do t\u00eb detyrohen t\u2019i blejn\u00eb librat p\u00ebr f\u00ebmij\u00ebt e tyre \u2013 t\u00eb pasigurt n\u00ebse ndonj\u00ebher\u00eb do t\u2019u rimbursohen ato t\u00eb holla, apo n\u00ebse ato do t\u00eb jen\u00eb t\u00eb mjaftueshme p\u00ebr t\u00eb bler\u00eb librat.<\/p>\n<p>\u201cN\u00eb vend se Qeveria t\u2019a zvog\u00ebloj\u00eb barr\u00ebn financiare t\u00eb shkollimit t\u00eb f\u00ebmij\u00ebve prind\u00ebrve kosovar\u00eb, ajo po kontribuon q\u00eb t\u00eb d\u00ebmtohen financiarisht edhe prind\u00ebrit, po edhe vet\u00eb buxheti i shtetit. Ministria e Arsimit po p\u00ebrpiqet q\u00eb d\u00ebshtimin e tyre p\u00ebr furnizim t\u00eb nx\u00ebn\u00ebsve me libra ta mbuloj\u00eb me arsyetime e improvizime\u201d, ka th\u00ebn\u00eb Musmurati.<\/p>\n<p>Ajo ka th\u00ebn\u00eb se nga ky veprim i Ministris\u00eb, do t\u00eb ket\u00eb t\u00eb pakt\u00ebn tri pasoja t\u00eb m\u00ebdha t\u00eb cilat do t\u2019i vuajn\u00eb nx\u00ebn\u00ebsit dhe prind\u00ebrit. \u201cE para, vendimi i ministres Nagavci do t\u00eb prodhoj\u00eb vonesa dhem\u00ebsimi do t\u00eb filloj\u00eb pa tekste shkollore. S\u00eb dyti, ky vendim i Qeveris\u00eb Kurti do t\u00eb prodhoj\u00eb humbje efektive t\u00eb m\u00ebsimit. S\u00eb treti, do t\u00eb ket\u00eb shpenzime edhe m\u00eb t\u00eb larta p\u00ebr prind\u00ebrit dhe vet\u00eb shtetin e Kosov\u00ebs\u201d, ka th\u00ebn\u00eb Drejtoresha e Arsimit n\u00eb Komun\u00ebn e Prishtin\u00ebs.<\/p>\n<p>Musmurati ka shtuar se t\u00eb gjith\u00eb e dijn\u00eb se m\u00ebsimi fillon me 1 shtator, andaj, e gjith\u00eb kjo situat\u00eb \u00ebsht\u00eb pasoj\u00eb e keqmenaxhimit t\u00eb dikasterit nga ana e Ministres Nagavci.<\/p>\n<p>\u201cN\u00eb asnj\u00eb variant, \u00e7mimi i blerjes s\u00eb librave me pakic\u00eb nuk do t\u00eb jet\u00eb m\u00eb i ul\u00ebt se blerja me shumic\u00eb. Prandaj, \u00e7mimi i librave do t\u00eb rritet, dhe at\u00eb barr\u00eb t\u00eb shtuar financiare do ta paguajn\u00eb prind\u00ebrit. Rrjedhimisht, Ministrja Nagavci ka anuluar nj\u00eb proces kinse p\u00ebr t\u00eb kursyer buxhetin, por e ka z\u00ebvend\u00ebsur at\u00eb me nj\u00eb proces q\u00eb kushton shum\u00ebfish m\u00eb shum\u00eb. Edhe pse Qeveria e arsyeton k\u00ebt\u00eb veprim duke e quajtur \u201cluft\u00eb kund\u00ebr monopoleve\u201d, n\u00eb fakt ajo po i shp\u00ebrblen ato q\u00eb ajo i quan monopole me \u00e7mime shum\u00ebfish m\u00eb t\u00eb larta\u201d, ka th\u00ebn\u00eb ajo.<\/p>\n<p>Musmurati theksoi se libri i abetares, esencial p\u00ebr nx\u00ebn\u00ebsit e klas\u00ebs s\u00eb par\u00eb, me shumic\u00eb, Ministria vitin e kaluar e ka bler\u00eb me rreth 7 euro, kurse me pakic\u00eb prind\u00ebrit do ta blejn\u00eb nwpwr librari me 11 euro. Kjo do t\u00eb thot\u00eb p\u00ebr \u00e7do abetare t\u00eb bler\u00eb, prind\u00ebrit do t\u00eb paguajn\u00eb 4 euro m\u00eb shum\u00eb. Po ashtu, libri Shoq\u00ebria dhe Mjedisi p\u00ebr klas\u00ebt e treta \u00ebsht\u00eb bler\u00eb vitin e kaluar me rreth 6 euro nga Ministria, nd\u00ebrsa \u00e7mimi i librit t\u00eb nj\u00ebjt\u00eb n\u00eb librari p\u00ebr prind\u00ebrit \u00ebsht\u00eb rreth 8 euro. Prap\u00eb prind\u00ebrit do t\u00eb paguajn\u00eb m\u00eb shtrenjt\u00eb sesa Ministria.<\/p>\n<p>\u201cMe nj\u00eb kalkulim bazik, kjo do t\u00eb thot\u00eb q\u00eb n\u00eb mesatare, mbi 20% m\u00eb shtrenjt\u00eb do t\u00eb paguajn\u00eb prind\u00ebrit, rrjedhimisht, me nj\u00eb p\u00ebrqindje t\u00eb till\u00eb do t\u00eb d\u00ebmtohet buxheti i shtetit. Pra, do t\u00eb ket\u00eb vonesa, humbje t\u00eb m\u00ebsimit dhe rritje t\u00eb \u00e7mimeve\u201d, ka th\u00ebn\u00eb Musmurati.<\/p>\n<p>N\u00eb fund, Drejtoresha e Arsimit nga radh\u00ebt e PDK-s\u00eb n\u00eb Komun\u00ebn e Prishtin\u00ebs, Besian\u00eb Musmurati, ka th\u00ebn\u00eb se kjo qasje e Ministris\u00eb \u00ebsht\u00eb recet\u00eb p\u00ebr rr\u00ebmuj\u00eb dhe kaos q\u00eb do t\u2019i jep nj\u00eb tjet\u00ebr goditje sektorit t\u00eb arsimit, e jo reform\u00eb e mir\u00ebfillt\u00eb q\u00eb ofron zgjidhje p\u00ebr problemet dhe sfidat n\u00eb k\u00ebt\u00eb sektor.<\/p>\n<p>\u201cPrandaj \u00ebsht\u00eb e domosdoshme q\u00eb Ministria e Arsimit q\u00eb t\u00eb siguroj\u00eb sa m\u00eb par\u00eb librat shkollor\u00eb, q\u00eb m\u00ebsimi t\u00eb filloj\u00eb n\u00eb koh\u00eb, e q\u00eb humbjet e or\u00ebve t\u00eb mos p\u00ebrs\u00ebriten sikur vitin e kaluar. Barr\u00ebn e keqmenaxhimit t\u00eb ministris\u00eb do ta bartin nx\u00ebn\u00ebsit n\u00eb m\u00ebsimnx\u00ebnie dhe prind\u00ebrit n\u00eb financim t\u00eb librave\u201d, ka p\u00ebrfunduar ajo.<\/p>\n","protected":false},"excerpt":{"rendered":"<p>Drejtor\u00ebt e Arsimit nga radh\u00ebt e PDK-s\u00eb n\u00eb nivel komunal, kan\u00eb mbajtur konferenc\u00eb p\u00ebr media ku kan\u00eb shprehur pak\u00ebnaq\u00ebsin\u00eb lidhur me propozimin e fundit t\u00eb ministres s\u00eb Arsimit, Arb\u00ebrie Nagavci rreth furnizimeve me tekstet shkollore p\u00ebr nx\u00ebn\u00ebs. Besian\u00eb Musmurati, drejtoresh\u00eb e Arsimit n\u00eb Komun\u00ebn e Prishtin\u00ebs, ka th\u00ebn\u00eb se \u00e7do dit\u00eb e m\u00eb shum\u00eb po [&hellip;]<\/p>\n","protected":false},"author":2,"featured_media":24343,"comment_status":"closed","ping_status":"closed","sticky":false,"template":"","format":"standard","meta":{"_monsterinsights_skip_tracking":false,"_monsterinsights_sitenote_active":false,"_monsterinsights_sitenote_note":"","_monsterinsights_sitenote_category":0,"_uf_show_specific_survey":0,"_uf_disable_surveys":false,"footnotes":""},"categories":[23,15],"tags":[271],"yoast_head":"<!-- This site is optimized with the Yoast SEO plugin v21.5 - https:\/\/yoast.com\/wordpress\/plugins\/seo\/ -->\n<title>PDK: D\u00ebshtimi i Ministris\u00eb s\u00eb Arsimit me tekste shkollore, po i d\u00ebmton f\u00ebmij\u00ebt, prind\u00ebrit dhe buxhetin e shtetit<\/title>\n<meta name=\"robots\" content=\"index, follow, max-snippet:-1, max-image-preview:large, max-video-preview:-1\" \/>\n<link rel=\"canonical\" href=\"https:\/\/permbledhja.com\/sq\/pdk-deshtimi-i-ministrise-se-arsimit-me-tekste-shkollore-po-i-demton-femijet-prinderit-dhe-buxhetin-e-shtetit\/\" \/>\n<meta property=\"og:locale\" content=\"sq_AL\" \/>\n<meta property=\"og:type\" content=\"article\" \/>\n<meta property=\"og:title\" content=\"PDK: D\u00ebshtimi i Ministris\u00eb s\u00eb Arsimit me tekste shkollore, po i d\u00ebmton f\u00ebmij\u00ebt, prind\u00ebrit dhe buxhetin e shtetit\" \/>\n<meta property=\"og:description\" content=\"Drejtor\u00ebt e Arsimit nga radh\u00ebt e PDK-s\u00eb n\u00eb nivel komunal, kan\u00eb mbajtur konferenc\u00eb p\u00ebr media ku kan\u00eb shprehur pak\u00ebnaq\u00ebsin\u00eb lidhur me propozimin e fundit t\u00eb ministres s\u00eb Arsimit, Arb\u00ebrie Nagavci rreth furnizimeve me tekstet shkollore p\u00ebr nx\u00ebn\u00ebs. Besian\u00eb Musmurati, drejtoresh\u00eb e Arsimit n\u00eb Komun\u00ebn e Prishtin\u00ebs, ka th\u00ebn\u00eb se \u00e7do dit\u00eb e m\u00eb shum\u00eb po [&hellip;]\" \/>\n<meta property=\"og:url\" content=\"https:\/\/permbledhja.com\/sq\/pdk-deshtimi-i-ministrise-se-arsimit-me-tekste-shkollore-po-i-demton-femijet-prinderit-dhe-buxhetin-e-shtetit\/\" \/>\n<meta property=\"og:site_name\" content=\"Ve\u00e7 artikuj p\u00ebrmbledh\u00ebs\" \/>\n<meta property=\"article:publisher\" content=\"https:\/\/www.facebook.com\/press07\/\" \/>\n<meta property=\"article:published_time\" content=\"2023-08-22T13:39:58+00:00\" \/>\n<meta property=\"og:image\" content=\"https:\/\/permbledhja.com\/wp-content\/uploads\/2023\/08\/Musmurati-1.jpg\" \/>\n\t<meta property=\"og:image:width\" content=\"2000\" \/>\n\t<meta property=\"og:image:height\" content=\"1500\" \/>\n\t<meta property=\"og:image:type\" content=\"image\/jpeg\" \/>\n<meta name=\"author\" content=\"M M\" \/>\n<meta name=\"twitter:card\" content=\"summary_large_image\" \/>\n<meta name=\"twitter:label1\" content=\"Written by\" \/>\n\t<meta name=\"twitter:data1\" content=\"M M\" \/>\n\t<meta name=\"twitter:label2\" content=\"Est. reading time\" \/>\n\t<meta name=\"twitter:data2\" content=\"4 minuta\" \/>\n<script type=\"application\/ld+json\" class=\"yoast-schema-graph\">{\"@context\":\"https:\/\/schema.org\",\"@graph\":[{\"@type\":\"Article\",\"@id\":\"https:\/\/permbledhja.com\/sq\/pdk-deshtimi-i-ministrise-se-arsimit-me-tekste-shkollore-po-i-demton-femijet-prinderit-dhe-buxhetin-e-shtetit\/#article\",\"isPartOf\":{\"@id\":\"https:\/\/permbledhja.com\/sq\/pdk-deshtimi-i-ministrise-se-arsimit-me-tekste-shkollore-po-i-demton-femijet-prinderit-dhe-buxhetin-e-shtetit\/\"},\"author\":{\"name\":\"M M\",\"@id\":\"https:\/\/permbledhja.com\/#\/schema\/person\/d23f13f59b5722643933d6780783acf3\"},\"headline\":\"PDK: D\u00ebshtimi i Ministris\u00eb s\u00eb Arsimit me tekste shkollore, po i d\u00ebmton f\u00ebmij\u00ebt, prind\u00ebrit dhe buxhetin e shtetit\",\"datePublished\":\"2023-08-22T13:39:58+00:00\",\"dateModified\":\"2023-08-22T13:39:58+00:00\",\"mainEntityOfPage\":{\"@id\":\"https:\/\/permbledhja.com\/sq\/pdk-deshtimi-i-ministrise-se-arsimit-me-tekste-shkollore-po-i-demton-femijet-prinderit-dhe-buxhetin-e-shtetit\/\"},\"wordCount\":873,\"publisher\":{\"@id\":\"https:\/\/permbledhja.com\/#organization\"},\"keywords\":[\"PDK\"],\"articleSection\":[\"Komb\u00ebtare\",\"Lajme\"],\"inLanguage\":\"sq\"},{\"@type\":\"WebPage\",\"@id\":\"https:\/\/permbledhja.com\/sq\/pdk-deshtimi-i-ministrise-se-arsimit-me-tekste-shkollore-po-i-demton-femijet-prinderit-dhe-buxhetin-e-shtetit\/\",\"url\":\"https:\/\/permbledhja.com\/sq\/pdk-deshtimi-i-ministrise-se-arsimit-me-tekste-shkollore-po-i-demton-femijet-prinderit-dhe-buxhetin-e-shtetit\/\",\"name\":\"PDK: D\u00ebshtimi i Ministris\u00eb s\u00eb Arsimit me tekste shkollore, po i d\u00ebmton f\u00ebmij\u00ebt, prind\u00ebrit dhe buxhetin e shtetit\",\"isPartOf\":{\"@id\":\"https:\/\/permbledhja.com\/#website\"},\"datePublished\":\"2023-08-22T13:39:58+00:00\",\"dateModified\":\"2023-08-22T13:39:58+00:00\",\"breadcrumb\":{\"@id\":\"https:\/\/permbledhja.com\/sq\/pdk-deshtimi-i-ministrise-se-arsimit-me-tekste-shkollore-po-i-demton-femijet-prinderit-dhe-buxhetin-e-shtetit\/#breadcrumb\"},\"inLanguage\":\"sq\",\"potentialAction\":[{\"@type\":\"ReadAction\",\"target\":[\"https:\/\/permbledhja.com\/sq\/pdk-deshtimi-i-ministrise-se-arsimit-me-tekste-shkollore-po-i-demton-femijet-prinderit-dhe-buxhetin-e-shtetit\/\"]}]},{\"@type\":\"BreadcrumbList\",\"@id\":\"https:\/\/permbledhja.com\/sq\/pdk-deshtimi-i-ministrise-se-arsimit-me-tekste-shkollore-po-i-demton-femijet-prinderit-dhe-buxhetin-e-shtetit\/#breadcrumb\",\"itemListElement\":[{\"@type\":\"ListItem\",\"position\":1,\"name\":\"Ballina\",\"item\":\"https:\/\/permbledhja.com\/sq\/\"},{\"@type\":\"ListItem\",\"position\":2,\"name\":\"PDK: D\u00ebshtimi i Ministris\u00eb s\u00eb Arsimit me tekste shkollore, po i d\u00ebmton f\u00ebmij\u00ebt, prind\u00ebrit dhe buxhetin e shtetit\"}]},{\"@type\":\"WebSite\",\"@id\":\"https:\/\/permbledhja.com\/#website\",\"url\":\"https:\/\/permbledhja.com\/\",\"name\":\"Ve\u00e7 artikuj p\u00ebrmbledh\u00ebs\",\"description\":\"\",\"publisher\":{\"@id\":\"https:\/\/permbledhja.com\/#organization\"},\"potentialAction\":[{\"@type\":\"SearchAction\",\"target\":{\"@type\":\"EntryPoint\",\"urlTemplate\":\"https:\/\/permbledhja.com\/?s={search_term_string}\"},\"query-input\":\"required name=search_term_string\"}],\"inLanguage\":\"sq\"},{\"@type\":\"Organization\",\"@id\":\"https:\/\/permbledhja.com\/#organization\",\"name\":\"MK Media & Pr\",\"url\":\"https:\/\/permbledhja.com\/\",\"logo\":{\"@type\":\"ImageObject\",\"inLanguage\":\"sq\",\"@id\":\"https:\/\/permbledhja.com\/#\/schema\/logo\/image\/\",\"url\":\"https:\/\/permbledhja.com\/wp-content\/uploads\/2021\/12\/07-Press-Logo.jpg\",\"contentUrl\":\"https:\/\/permbledhja.com\/wp-content\/uploads\/2021\/12\/07-Press-Logo.jpg\",\"width\":512,\"height\":512,\"caption\":\"MK Media & Pr\"},\"image\":{\"@id\":\"https:\/\/permbledhja.com\/#\/schema\/logo\/image\/\"},\"sameAs\":[\"https:\/\/www.facebook.com\/press07\/\"]},{\"@type\":\"Person\",\"@id\":\"https:\/\/permbledhja.com\/#\/schema\/person\/d23f13f59b5722643933d6780783acf3\",\"name\":\"M M\",\"image\":{\"@type\":\"ImageObject\",\"inLanguage\":\"sq\",\"@id\":\"https:\/\/permbledhja.com\/#\/schema\/person\/image\/\",\"url\":\"https:\/\/secure.gravatar.com\/avatar\/e2835a76ca7c31a2416b2d51c4ec9a8f?s=96&d=mm&r=g\",\"contentUrl\":\"https:\/\/secure.gravatar.com\/avatar\/e2835a76ca7c31a2416b2d51c4ec9a8f?s=96&d=mm&r=g\",\"caption\":\"M M\"},\"sameAs\":[\"http:\/\/MM\"],\"url\":\"https:\/\/permbledhja.com\/sq\/author\/muhamet\/\"}]}<\/script>\n<!-- \/ Yoast SEO plugin. -->","yoast_head_json":{"title":"PDK: D\u00ebshtimi i Ministris\u00eb s\u00eb Arsimit me tekste shkollore, po i d\u00ebmton f\u00ebmij\u00ebt, prind\u00ebrit dhe buxhetin e shtetit","robots":{"index":"index","follow":"follow","max-snippet":"max-snippet:-1","max-image-preview":"max-image-preview:large","max-video-preview":"max-video-preview:-1"},"canonical":"https:\/\/permbledhja.com\/sq\/pdk-deshtimi-i-ministrise-se-arsimit-me-tekste-shkollore-po-i-demton-femijet-prinderit-dhe-buxhetin-e-shtetit\/","og_locale":"sq_AL","og_type":"article","og_title":"PDK: D\u00ebshtimi i Ministris\u00eb s\u00eb Arsimit me tekste shkollore, po i d\u00ebmton f\u00ebmij\u00ebt, prind\u00ebrit dhe buxhetin e shtetit","og_description":"Drejtor\u00ebt e Arsimit nga radh\u00ebt e PDK-s\u00eb n\u00eb nivel komunal, kan\u00eb mbajtur konferenc\u00eb p\u00ebr media ku kan\u00eb shprehur pak\u00ebnaq\u00ebsin\u00eb lidhur me propozimin e fundit t\u00eb ministres s\u00eb Arsimit, Arb\u00ebrie Nagavci rreth furnizimeve me tekstet shkollore p\u00ebr nx\u00ebn\u00ebs. Besian\u00eb Musmurati, drejtoresh\u00eb e Arsimit n\u00eb Komun\u00ebn e Prishtin\u00ebs, ka th\u00ebn\u00eb se \u00e7do dit\u00eb e m\u00eb shum\u00eb po [&hellip;]","og_url":"https:\/\/permbledhja.com\/sq\/pdk-deshtimi-i-ministrise-se-arsimit-me-tekste-shkollore-po-i-demton-femijet-prinderit-dhe-buxhetin-e-shtetit\/","og_site_name":"Ve\u00e7 artikuj p\u00ebrmbledh\u00ebs","article_publisher":"https:\/\/www.facebook.com\/press07\/","article_published_time":"2023-08-22T13:39:58+00:00","og_image":[{"width":2000,"height":1500,"url":"https:\/\/permbledhja.com\/wp-content\/uploads\/2023\/08\/Musmurati-1.jpg","type":"image\/jpeg"}],"author":"M M","twitter_card":"summary_large_image","twitter_misc":{"Written by":"M M","Est. reading time":"4 minuta"},"schema":{"@context":"https:\/\/schema.org","@graph":[{"@type":"Article","@id":"https:\/\/permbledhja.com\/sq\/pdk-deshtimi-i-ministrise-se-arsimit-me-tekste-shkollore-po-i-demton-femijet-prinderit-dhe-buxhetin-e-shtetit\/#article","isPartOf":{"@id":"https:\/\/permbledhja.com\/sq\/pdk-deshtimi-i-ministrise-se-arsimit-me-tekste-shkollore-po-i-demton-femijet-prinderit-dhe-buxhetin-e-shtetit\/"},"author":{"name":"M M","@id":"https:\/\/permbledhja.com\/#\/schema\/person\/d23f13f59b5722643933d6780783acf3"},"headline":"PDK: D\u00ebshtimi i Ministris\u00eb s\u00eb Arsimit me tekste shkollore, po i d\u00ebmton f\u00ebmij\u00ebt, prind\u00ebrit dhe buxhetin e shtetit","datePublished":"2023-08-22T13:39:58+00:00","dateModified":"2023-08-22T13:39:58+00:00","mainEntityOfPage":{"@id":"https:\/\/permbledhja.com\/sq\/pdk-deshtimi-i-ministrise-se-arsimit-me-tekste-shkollore-po-i-demton-femijet-prinderit-dhe-buxhetin-e-shtetit\/"},"wordCount":873,"publisher":{"@id":"https:\/\/permbledhja.com\/#organization"},"keywords":["PDK"],"articleSection":["Komb\u00ebtare","Lajme"],"inLanguage":"sq"},{"@type":"WebPage","@id":"https:\/\/permbledhja.com\/sq\/pdk-deshtimi-i-ministrise-se-arsimit-me-tekste-shkollore-po-i-demton-femijet-prinderit-dhe-buxhetin-e-shtetit\/","url":"https:\/\/permbledhja.com\/sq\/pdk-deshtimi-i-ministrise-se-arsimit-me-tekste-shkollore-po-i-demton-femijet-prinderit-dhe-buxhetin-e-shtetit\/","name":"PDK: D\u00ebshtimi i Ministris\u00eb s\u00eb Arsimit me tekste shkollore, po i d\u00ebmton f\u00ebmij\u00ebt, prind\u00ebrit dhe buxhetin e shtetit","isPartOf":{"@id":"https:\/\/permbledhja.com\/#website"},"datePublished":"2023-08-22T13:39:58+00:00","dateModified":"2023-08-22T13:39:58+00:00","breadcrumb":{"@id":"https:\/\/permbledhja.com\/sq\/pdk-deshtimi-i-ministrise-se-arsimit-me-tekste-shkollore-po-i-demton-femijet-prinderit-dhe-buxhetin-e-shtetit\/#breadcrumb"},"inLanguage":"sq","potentialAction":[{"@type":"ReadAction","target":["https:\/\/permbledhja.com\/sq\/pdk-deshtimi-i-ministrise-se-arsimit-me-tekste-shkollore-po-i-demton-femijet-prinderit-dhe-buxhetin-e-shtetit\/"]}]},{"@type":"BreadcrumbList","@id":"https:\/\/permbledhja.com\/sq\/pdk-deshtimi-i-ministrise-se-arsimit-me-tekste-shkollore-po-i-demton-femijet-prinderit-dhe-buxhetin-e-shtetit\/#breadcrumb","itemListElement":[{"@type":"ListItem","position":1,"name":"Ballina","item":"https:\/\/permbledhja.com\/sq\/"},{"@type":"ListItem","position":2,"name":"PDK: D\u00ebshtimi i Ministris\u00eb s\u00eb Arsimit me tekste shkollore, po i d\u00ebmton f\u00ebmij\u00ebt, prind\u00ebrit dhe buxhetin e shtetit"}]},{"@type":"WebSite","@id":"https:\/\/permbledhja.com\/#website","url":"https:\/\/permbledhja.com\/","name":"Ve\u00e7 artikuj p\u00ebrmbledh\u00ebs","description":"","publisher":{"@id":"https:\/\/permbledhja.com\/#organization"},"potentialAction":[{"@type":"SearchAction","target":{"@type":"EntryPoint","urlTemplate":"https:\/\/permbledhja.com\/?s={search_term_string}"},"query-input":"required name=search_term_string"}],"inLanguage":"sq"},{"@type":"Organization","@id":"https:\/\/permbledhja.com\/#organization","name":"MK Media & Pr","url":"https:\/\/permbledhja.com\/","logo":{"@type":"ImageObject","inLanguage":"sq","@id":"https:\/\/permbledhja.com\/#\/schema\/logo\/image\/","url":"https:\/\/permbledhja.com\/wp-content\/uploads\/2021\/12\/07-Press-Logo.jpg","contentUrl":"https:\/\/permbledhja.com\/wp-content\/uploads\/2021\/12\/07-Press-Logo.jpg","width":512,"height":512,"caption":"MK Media & Pr"},"image":{"@id":"https:\/\/permbledhja.com\/#\/schema\/logo\/image\/"},"sameAs":["https:\/\/www.facebook.com\/press07\/"]},{"@type":"Person","@id":"https:\/\/permbledhja.com\/#\/schema\/person\/d23f13f59b5722643933d6780783acf3","name":"M M","image":{"@type":"ImageObject","inLanguage":"sq","@id":"https:\/\/permbledhja.com\/#\/schema\/person\/image\/","url":"https:\/\/secure.gravatar.com\/avatar\/e2835a76ca7c31a2416b2d51c4ec9a8f?s=96&d=mm&r=g","contentUrl":"https:\/\/secure.gravatar.com\/avatar\/e2835a76ca7c31a2416b2d51c4ec9a8f?s=96&d=mm&r=g","caption":"M M"},"sameAs":["http:\/\/MM"],"url":"https:\/\/permbledhja.com\/sq\/author\/muhamet\/"}]}},"_links":{"self":[{"href":"https:\/\/permbledhja.com\/sq\/wp-json\/wp\/v2\/posts\/24342"}],"collection":[{"href":"https:\/\/permbledhja.com\/sq\/wp-json\/wp\/v2\/posts"}],"about":[{"href":"https:\/\/permbledhja.com\/sq\/wp-json\/wp\/v2\/types\/post"}],"author":[{"embeddable":true,"href":"https:\/\/permbledhja.com\/sq\/wp-json\/wp\/v2\/users\/2"}],"replies":[{"embeddable":true,"href":"https:\/\/permbledhja.com\/sq\/wp-json\/wp\/v2\/comments?post=24342"}],"version-history":[{"count":1,"href":"https:\/\/permbledhja.com\/sq\/wp-json\/wp\/v2\/posts\/24342\/revisions"}],"predecessor-version":[{"id":24344,"href":"https:\/\/permbledhja.com\/sq\/wp-json\/wp\/v2\/posts\/24342\/revisions\/24344"}],"wp:featuredmedia":[{"embeddable":true,"href":"https:\/\/permbledhja.com\/sq\/wp-json\/wp\/v2\/media\/24343"}],"wp:attachment":[{"href":"https:\/\/permbledhja.com\/sq\/wp-json\/wp\/v2\/media?parent=24342"}],"wp:term":[{"taxonomy":"category","embeddable":true,"href":"https:\/\/permbledhja.com\/sq\/wp-json\/wp\/v2\/categories?post=24342"},{"taxonomy":"post_tag","embeddable":true,"href":"https:\/\/permbledhja.com\/sq\/wp-json\/wp\/v2\/tags?post=24342"}],"curies":[{"name":"wp","href":"https:\/\/api.w.org\/{rel}","templated":true}]}}