{"id":24336,"date":"2023-08-22T13:06:13","date_gmt":"2023-08-22T13:06:13","guid":{"rendered":"https:\/\/permbledhja.com\/?p=24336"},"modified":"2023-08-22T13:06:13","modified_gmt":"2023-08-22T13:06:13","slug":"osmani-nga-spanja-ka-nje-porosi-per-beogradin-kosova-eshte-vend-i-pavarur-demokraci-e-gjalle","status":"publish","type":"post","link":"https:\/\/permbledhja.com\/sq\/osmani-nga-spanja-ka-nje-porosi-per-beogradin-kosova-eshte-vend-i-pavarur-demokraci-e-gjalle\/","title":{"rendered":"Osmani nga Spanja ka nj\u00eb porosi p\u00ebr Beogradin: Kosova \u00ebsht\u00eb vend i pavarur, demokraci e gjall\u00eb"},"content":{"rendered":"<h3>I pari i Diplomacis\u00eb s\u00eb RMV, Bujar Osmani me porosi p\u00ebr Beogradin nga Spanja, ku po merr pjes\u00eb n\u00eb akademin\u00eb verore t\u00eb organizuar nga shefi i diplomacis\u00eb evropiane, Borrell.<\/h3>\n<p>\u201c<i>M\u00eb pyet\u00ebn p\u00ebr Kosov\u00ebn. Kosova \u00ebsht\u00eb nj\u00eb vend i pavarur, nj\u00eb demokraci e gjall\u00eb q\u00eb n\u00eb 15 vjet t\u00eb ekzistenc\u00ebs s\u00eb saj e ka kaluar testin e demokracis\u00eb dhe e ka d\u00ebshmuar veten si nj\u00eb partner kredibil i bashk\u00ebsis\u00eb nd\u00ebrkomb\u00ebtare. Maqedonia e Veriut e ka njohur Kosov\u00ebn dhe ka zhvilluar marr\u00ebdh\u00ebnie t\u00eb shk\u00eblqyera bilaterale me t\u00eb<\/i>\u201d iu p\u00ebrgjigj Osmani pyetjes s\u00eb publikut n\u00eb Santander.<\/p>\n<p>Osmani edhe nj\u00eb her\u00eb iu b\u00ebri thirrje dy pal\u00ebve p\u00ebr marr\u00ebveshje bazuar n\u00eb njohje reciproke. \u201c<i>Jemi kaq krenar\u00eb q\u00eb P\u00ebrfaq\u00ebsuesi i Lart\u00eb, Borrell vendosi q\u00eb bisedimet mes Serbis\u00eb dhe Kosov\u00ebs t\u00eb zhvillohen n\u00eb Maqedonin\u00eb e Veriut, n\u00eb Oh\u00ebr, gj\u00eb q\u00eb mendoj se ishte nj\u00eb aktivitet i suksessh\u00ebm p\u00ebr t\u00eb dyja. Dhe ne thjesht i b\u00ebjm\u00eb apel Serbis\u00eb dhe Kosov\u00ebs q\u00eb t\u00eb vazhdojn\u00eb me zbatimin e dispozitave t\u00eb Marr\u00ebveshjes s\u00eb Brukselit dhe Aneksit t\u00eb Ohrit n\u00eb m\u00ebnyr\u00eb q\u00eb t\u00eb arrihet nj\u00eb marr\u00ebveshje gjith\u00ebp\u00ebrfshir\u00ebse, e cila n\u00eb thelb e ka njohjen reciproke. Mendojm\u00eb se kjo \u00ebsht\u00eb e vetmja rrug\u00eb p\u00ebr t\u00eb gjitha vendet e Ballkanit Per\u00ebndimor p\u00ebr ta vazhduar udh\u00ebtimin e tyre drejt integrimit n\u00eb BE<\/i>\u201d theksoi ai.<\/p>\n","protected":false},"excerpt":{"rendered":"<p>I pari i Diplomacis\u00eb s\u00eb RMV, Bujar Osmani me porosi p\u00ebr Beogradin nga Spanja, ku po merr pjes\u00eb n\u00eb akademin\u00eb verore t\u00eb organizuar nga shefi i diplomacis\u00eb evropiane, Borrell. \u201cM\u00eb pyet\u00ebn p\u00ebr Kosov\u00ebn. Kosova \u00ebsht\u00eb nj\u00eb vend i pavarur, nj\u00eb demokraci e gjall\u00eb q\u00eb n\u00eb 15 vjet t\u00eb ekzistenc\u00ebs s\u00eb saj e ka kaluar testin [&hellip;]<\/p>\n","protected":false},"author":2,"featured_media":24337,"comment_status":"closed","ping_status":"closed","sticky":false,"template":"","format":"standard","meta":{"_monsterinsights_skip_tracking":false,"_monsterinsights_sitenote_active":false,"_monsterinsights_sitenote_note":"","_monsterinsights_sitenote_category":0,"_uf_show_specific_survey":0,"_uf_disable_surveys":false,"footnotes":""},"categories":[23,15],"tags":[],"yoast_head":"<!-- This site is optimized with the Yoast SEO plugin v21.5 - https:\/\/yoast.com\/wordpress\/plugins\/seo\/ -->\n<title>Osmani nga Spanja ka nj\u00eb porosi p\u00ebr Beogradin: Kosova \u00ebsht\u00eb vend i pavarur, demokraci e gjall\u00eb<\/title>\n<meta name=\"robots\" content=\"index, follow, max-snippet:-1, max-image-preview:large, max-video-preview:-1\" \/>\n<link rel=\"canonical\" href=\"https:\/\/permbledhja.com\/sq\/osmani-nga-spanja-ka-nje-porosi-per-beogradin-kosova-eshte-vend-i-pavarur-demokraci-e-gjalle\/\" \/>\n<meta property=\"og:locale\" content=\"sq_AL\" \/>\n<meta property=\"og:type\" content=\"article\" \/>\n<meta property=\"og:title\" content=\"Osmani nga Spanja ka nj\u00eb porosi p\u00ebr Beogradin: Kosova \u00ebsht\u00eb vend i pavarur, demokraci e gjall\u00eb\" \/>\n<meta property=\"og:description\" content=\"I pari i Diplomacis\u00eb s\u00eb RMV, Bujar Osmani me porosi p\u00ebr Beogradin nga Spanja, ku po merr pjes\u00eb n\u00eb akademin\u00eb verore t\u00eb organizuar nga shefi i diplomacis\u00eb evropiane, Borrell. \u201cM\u00eb pyet\u00ebn p\u00ebr Kosov\u00ebn. Kosova \u00ebsht\u00eb nj\u00eb vend i pavarur, nj\u00eb demokraci e gjall\u00eb q\u00eb n\u00eb 15 vjet t\u00eb ekzistenc\u00ebs s\u00eb saj e ka kaluar testin [&hellip;]\" \/>\n<meta property=\"og:url\" content=\"https:\/\/permbledhja.com\/sq\/osmani-nga-spanja-ka-nje-porosi-per-beogradin-kosova-eshte-vend-i-pavarur-demokraci-e-gjalle\/\" \/>\n<meta property=\"og:site_name\" content=\"Ve\u00e7 artikuj p\u00ebrmbledh\u00ebs\" \/>\n<meta property=\"article:publisher\" content=\"https:\/\/www.facebook.com\/press07\/\" \/>\n<meta property=\"article:published_time\" content=\"2023-08-22T13:06:13+00:00\" \/>\n<meta property=\"og:image\" content=\"https:\/\/permbledhja.com\/wp-content\/uploads\/2023\/08\/hhh-2.jpg\" \/>\n\t<meta property=\"og:image:width\" content=\"1052\" \/>\n\t<meta property=\"og:image:height\" content=\"670\" \/>\n\t<meta property=\"og:image:type\" content=\"image\/jpeg\" \/>\n<meta name=\"author\" content=\"M M\" \/>\n<meta name=\"twitter:card\" content=\"summary_large_image\" \/>\n<meta name=\"twitter:label1\" content=\"Written by\" \/>\n\t<meta name=\"twitter:data1\" content=\"M M\" \/>\n\t<meta name=\"twitter:label2\" content=\"Est. reading time\" \/>\n\t<meta name=\"twitter:data2\" content=\"1 minut\u00eb\" \/>\n<script type=\"application\/ld+json\" class=\"yoast-schema-graph\">{\"@context\":\"https:\/\/schema.org\",\"@graph\":[{\"@type\":\"Article\",\"@id\":\"https:\/\/permbledhja.com\/osmani-nga-spanja-ka-nje-porosi-per-beogradin-kosova-eshte-vend-i-pavarur-demokraci-e-gjalle\/#article\",\"isPartOf\":{\"@id\":\"https:\/\/permbledhja.com\/osmani-nga-spanja-ka-nje-porosi-per-beogradin-kosova-eshte-vend-i-pavarur-demokraci-e-gjalle\/\"},\"author\":{\"name\":\"M M\",\"@id\":\"https:\/\/permbledhja.com\/#\/schema\/person\/d23f13f59b5722643933d6780783acf3\"},\"headline\":\"Osmani nga Spanja ka nj\u00eb porosi p\u00ebr Beogradin: Kosova \u00ebsht\u00eb vend i pavarur, demokraci e gjall\u00eb\",\"datePublished\":\"2023-08-22T13:06:13+00:00\",\"dateModified\":\"2023-08-22T13:06:13+00:00\",\"mainEntityOfPage\":{\"@id\":\"https:\/\/permbledhja.com\/osmani-nga-spanja-ka-nje-porosi-per-beogradin-kosova-eshte-vend-i-pavarur-demokraci-e-gjalle\/\"},\"wordCount\":261,\"publisher\":{\"@id\":\"https:\/\/permbledhja.com\/#organization\"},\"articleSection\":[\"Komb\u00ebtare\",\"Lajme\"],\"inLanguage\":\"sq\"},{\"@type\":\"WebPage\",\"@id\":\"https:\/\/permbledhja.com\/osmani-nga-spanja-ka-nje-porosi-per-beogradin-kosova-eshte-vend-i-pavarur-demokraci-e-gjalle\/\",\"url\":\"https:\/\/permbledhja.com\/osmani-nga-spanja-ka-nje-porosi-per-beogradin-kosova-eshte-vend-i-pavarur-demokraci-e-gjalle\/\",\"name\":\"Osmani nga Spanja ka nj\u00eb porosi p\u00ebr Beogradin: Kosova \u00ebsht\u00eb vend i pavarur, demokraci e gjall\u00eb\",\"isPartOf\":{\"@id\":\"https:\/\/permbledhja.com\/#website\"},\"datePublished\":\"2023-08-22T13:06:13+00:00\",\"dateModified\":\"2023-08-22T13:06:13+00:00\",\"breadcrumb\":{\"@id\":\"https:\/\/permbledhja.com\/osmani-nga-spanja-ka-nje-porosi-per-beogradin-kosova-eshte-vend-i-pavarur-demokraci-e-gjalle\/#breadcrumb\"},\"inLanguage\":\"sq\",\"potentialAction\":[{\"@type\":\"ReadAction\",\"target\":[\"https:\/\/permbledhja.com\/osmani-nga-spanja-ka-nje-porosi-per-beogradin-kosova-eshte-vend-i-pavarur-demokraci-e-gjalle\/\"]}]},{\"@type\":\"BreadcrumbList\",\"@id\":\"https:\/\/permbledhja.com\/osmani-nga-spanja-ka-nje-porosi-per-beogradin-kosova-eshte-vend-i-pavarur-demokraci-e-gjalle\/#breadcrumb\",\"itemListElement\":[{\"@type\":\"ListItem\",\"position\":1,\"name\":\"Ballina\",\"item\":\"https:\/\/permbledhja.com\/sq\/\"},{\"@type\":\"ListItem\",\"position\":2,\"name\":\"Osmani nga Spanja ka nj\u00eb porosi p\u00ebr Beogradin: Kosova \u00ebsht\u00eb vend i pavarur, demokraci e gjall\u00eb\"}]},{\"@type\":\"WebSite\",\"@id\":\"https:\/\/permbledhja.com\/#website\",\"url\":\"https:\/\/permbledhja.com\/\",\"name\":\"Ve\u00e7 artikuj p\u00ebrmbledh\u00ebs\",\"description\":\"\",\"publisher\":{\"@id\":\"https:\/\/permbledhja.com\/#organization\"},\"potentialAction\":[{\"@type\":\"SearchAction\",\"target\":{\"@type\":\"EntryPoint\",\"urlTemplate\":\"https:\/\/permbledhja.com\/?s={search_term_string}\"},\"query-input\":\"required name=search_term_string\"}],\"inLanguage\":\"sq\"},{\"@type\":\"Organization\",\"@id\":\"https:\/\/permbledhja.com\/#organization\",\"name\":\"MK Media & Pr\",\"url\":\"https:\/\/permbledhja.com\/\",\"logo\":{\"@type\":\"ImageObject\",\"inLanguage\":\"sq\",\"@id\":\"https:\/\/permbledhja.com\/#\/schema\/logo\/image\/\",\"url\":\"https:\/\/permbledhja.com\/wp-content\/uploads\/2021\/12\/07-Press-Logo.jpg\",\"contentUrl\":\"https:\/\/permbledhja.com\/wp-content\/uploads\/2021\/12\/07-Press-Logo.jpg\",\"width\":512,\"height\":512,\"caption\":\"MK Media & Pr\"},\"image\":{\"@id\":\"https:\/\/permbledhja.com\/#\/schema\/logo\/image\/\"},\"sameAs\":[\"https:\/\/www.facebook.com\/press07\/\"]},{\"@type\":\"Person\",\"@id\":\"https:\/\/permbledhja.com\/#\/schema\/person\/d23f13f59b5722643933d6780783acf3\",\"name\":\"M M\",\"image\":{\"@type\":\"ImageObject\",\"inLanguage\":\"sq\",\"@id\":\"https:\/\/permbledhja.com\/#\/schema\/person\/image\/\",\"url\":\"https:\/\/secure.gravatar.com\/avatar\/e2835a76ca7c31a2416b2d51c4ec9a8f?s=96&d=mm&r=g\",\"contentUrl\":\"https:\/\/secure.gravatar.com\/avatar\/e2835a76ca7c31a2416b2d51c4ec9a8f?s=96&d=mm&r=g\",\"caption\":\"M M\"},\"sameAs\":[\"http:\/\/MM\"],\"url\":\"https:\/\/permbledhja.com\/sq\/author\/muhamet\/\"}]}<\/script>\n<!-- \/ Yoast SEO plugin. -->","yoast_head_json":{"title":"Osmani nga Spanja ka nj\u00eb porosi p\u00ebr Beogradin: Kosova \u00ebsht\u00eb vend i pavarur, demokraci e gjall\u00eb","robots":{"index":"index","follow":"follow","max-snippet":"max-snippet:-1","max-image-preview":"max-image-preview:large","max-video-preview":"max-video-preview:-1"},"canonical":"https:\/\/permbledhja.com\/sq\/osmani-nga-spanja-ka-nje-porosi-per-beogradin-kosova-eshte-vend-i-pavarur-demokraci-e-gjalle\/","og_locale":"sq_AL","og_type":"article","og_title":"Osmani nga Spanja ka nj\u00eb porosi p\u00ebr Beogradin: Kosova \u00ebsht\u00eb vend i pavarur, demokraci e gjall\u00eb","og_description":"I pari i Diplomacis\u00eb s\u00eb RMV, Bujar Osmani me porosi p\u00ebr Beogradin nga Spanja, ku po merr pjes\u00eb n\u00eb akademin\u00eb verore t\u00eb organizuar nga shefi i diplomacis\u00eb evropiane, Borrell. \u201cM\u00eb pyet\u00ebn p\u00ebr Kosov\u00ebn. Kosova \u00ebsht\u00eb nj\u00eb vend i pavarur, nj\u00eb demokraci e gjall\u00eb q\u00eb n\u00eb 15 vjet t\u00eb ekzistenc\u00ebs s\u00eb saj e ka kaluar testin [&hellip;]","og_url":"https:\/\/permbledhja.com\/sq\/osmani-nga-spanja-ka-nje-porosi-per-beogradin-kosova-eshte-vend-i-pavarur-demokraci-e-gjalle\/","og_site_name":"Ve\u00e7 artikuj p\u00ebrmbledh\u00ebs","article_publisher":"https:\/\/www.facebook.com\/press07\/","article_published_time":"2023-08-22T13:06:13+00:00","og_image":[{"width":1052,"height":670,"url":"https:\/\/permbledhja.com\/wp-content\/uploads\/2023\/08\/hhh-2.jpg","type":"image\/jpeg"}],"author":"M M","twitter_card":"summary_large_image","twitter_misc":{"Written by":"M M","Est. reading time":"1 minut\u00eb"},"schema":{"@context":"https:\/\/schema.org","@graph":[{"@type":"Article","@id":"https:\/\/permbledhja.com\/osmani-nga-spanja-ka-nje-porosi-per-beogradin-kosova-eshte-vend-i-pavarur-demokraci-e-gjalle\/#article","isPartOf":{"@id":"https:\/\/permbledhja.com\/osmani-nga-spanja-ka-nje-porosi-per-beogradin-kosova-eshte-vend-i-pavarur-demokraci-e-gjalle\/"},"author":{"name":"M M","@id":"https:\/\/permbledhja.com\/#\/schema\/person\/d23f13f59b5722643933d6780783acf3"},"headline":"Osmani nga Spanja ka nj\u00eb porosi p\u00ebr Beogradin: Kosova \u00ebsht\u00eb vend i pavarur, demokraci e gjall\u00eb","datePublished":"2023-08-22T13:06:13+00:00","dateModified":"2023-08-22T13:06:13+00:00","mainEntityOfPage":{"@id":"https:\/\/permbledhja.com\/osmani-nga-spanja-ka-nje-porosi-per-beogradin-kosova-eshte-vend-i-pavarur-demokraci-e-gjalle\/"},"wordCount":261,"publisher":{"@id":"https:\/\/permbledhja.com\/#organization"},"articleSection":["Komb\u00ebtare","Lajme"],"inLanguage":"sq"},{"@type":"WebPage","@id":"https:\/\/permbledhja.com\/osmani-nga-spanja-ka-nje-porosi-per-beogradin-kosova-eshte-vend-i-pavarur-demokraci-e-gjalle\/","url":"https:\/\/permbledhja.com\/osmani-nga-spanja-ka-nje-porosi-per-beogradin-kosova-eshte-vend-i-pavarur-demokraci-e-gjalle\/","name":"Osmani nga Spanja ka nj\u00eb porosi p\u00ebr Beogradin: Kosova \u00ebsht\u00eb vend i pavarur, demokraci e gjall\u00eb","isPartOf":{"@id":"https:\/\/permbledhja.com\/#website"},"datePublished":"2023-08-22T13:06:13+00:00","dateModified":"2023-08-22T13:06:13+00:00","breadcrumb":{"@id":"https:\/\/permbledhja.com\/osmani-nga-spanja-ka-nje-porosi-per-beogradin-kosova-eshte-vend-i-pavarur-demokraci-e-gjalle\/#breadcrumb"},"inLanguage":"sq","potentialAction":[{"@type":"ReadAction","target":["https:\/\/permbledhja.com\/osmani-nga-spanja-ka-nje-porosi-per-beogradin-kosova-eshte-vend-i-pavarur-demokraci-e-gjalle\/"]}]},{"@type":"BreadcrumbList","@id":"https:\/\/permbledhja.com\/osmani-nga-spanja-ka-nje-porosi-per-beogradin-kosova-eshte-vend-i-pavarur-demokraci-e-gjalle\/#breadcrumb","itemListElement":[{"@type":"ListItem","position":1,"name":"Ballina","item":"https:\/\/permbledhja.com\/sq\/"},{"@type":"ListItem","position":2,"name":"Osmani nga Spanja ka nj\u00eb porosi p\u00ebr Beogradin: Kosova \u00ebsht\u00eb vend i pavarur, demokraci e gjall\u00eb"}]},{"@type":"WebSite","@id":"https:\/\/permbledhja.com\/#website","url":"https:\/\/permbledhja.com\/","name":"Ve\u00e7 artikuj p\u00ebrmbledh\u00ebs","description":"","publisher":{"@id":"https:\/\/permbledhja.com\/#organization"},"potentialAction":[{"@type":"SearchAction","target":{"@type":"EntryPoint","urlTemplate":"https:\/\/permbledhja.com\/?s={search_term_string}"},"query-input":"required name=search_term_string"}],"inLanguage":"sq"},{"@type":"Organization","@id":"https:\/\/permbledhja.com\/#organization","name":"MK Media & Pr","url":"https:\/\/permbledhja.com\/","logo":{"@type":"ImageObject","inLanguage":"sq","@id":"https:\/\/permbledhja.com\/#\/schema\/logo\/image\/","url":"https:\/\/permbledhja.com\/wp-content\/uploads\/2021\/12\/07-Press-Logo.jpg","contentUrl":"https:\/\/permbledhja.com\/wp-content\/uploads\/2021\/12\/07-Press-Logo.jpg","width":512,"height":512,"caption":"MK Media & Pr"},"image":{"@id":"https:\/\/permbledhja.com\/#\/schema\/logo\/image\/"},"sameAs":["https:\/\/www.facebook.com\/press07\/"]},{"@type":"Person","@id":"https:\/\/permbledhja.com\/#\/schema\/person\/d23f13f59b5722643933d6780783acf3","name":"M M","image":{"@type":"ImageObject","inLanguage":"sq","@id":"https:\/\/permbledhja.com\/#\/schema\/person\/image\/","url":"https:\/\/secure.gravatar.com\/avatar\/e2835a76ca7c31a2416b2d51c4ec9a8f?s=96&d=mm&r=g","contentUrl":"https:\/\/secure.gravatar.com\/avatar\/e2835a76ca7c31a2416b2d51c4ec9a8f?s=96&d=mm&r=g","caption":"M M"},"sameAs":["http:\/\/MM"],"url":"https:\/\/permbledhja.com\/sq\/author\/muhamet\/"}]}},"_links":{"self":[{"href":"https:\/\/permbledhja.com\/sq\/wp-json\/wp\/v2\/posts\/24336"}],"collection":[{"href":"https:\/\/permbledhja.com\/sq\/wp-json\/wp\/v2\/posts"}],"about":[{"href":"https:\/\/permbledhja.com\/sq\/wp-json\/wp\/v2\/types\/post"}],"author":[{"embeddable":true,"href":"https:\/\/permbledhja.com\/sq\/wp-json\/wp\/v2\/users\/2"}],"replies":[{"embeddable":true,"href":"https:\/\/permbledhja.com\/sq\/wp-json\/wp\/v2\/comments?post=24336"}],"version-history":[{"count":1,"href":"https:\/\/permbledhja.com\/sq\/wp-json\/wp\/v2\/posts\/24336\/revisions"}],"predecessor-version":[{"id":24338,"href":"https:\/\/permbledhja.com\/sq\/wp-json\/wp\/v2\/posts\/24336\/revisions\/24338"}],"wp:featuredmedia":[{"embeddable":true,"href":"https:\/\/permbledhja.com\/sq\/wp-json\/wp\/v2\/media\/24337"}],"wp:attachment":[{"href":"https:\/\/permbledhja.com\/sq\/wp-json\/wp\/v2\/media?parent=24336"}],"wp:term":[{"taxonomy":"category","embeddable":true,"href":"https:\/\/permbledhja.com\/sq\/wp-json\/wp\/v2\/categories?post=24336"},{"taxonomy":"post_tag","embeddable":true,"href":"https:\/\/permbledhja.com\/sq\/wp-json\/wp\/v2\/tags?post=24336"}],"curies":[{"name":"wp","href":"https:\/\/api.w.org\/{rel}","templated":true}]}}