{"id":24290,"date":"2023-08-22T10:27:06","date_gmt":"2023-08-22T10:27:06","guid":{"rendered":"https:\/\/permbledhja.com\/?p=24290"},"modified":"2023-08-22T10:27:06","modified_gmt":"2023-08-22T10:27:06","slug":"ganimete-musliu-propozon-nje-logo-te-re-per-vetevendosjen-pas-skandaleve-te-fundit","status":"publish","type":"post","link":"https:\/\/permbledhja.com\/sq\/ganimete-musliu-propozon-nje-logo-te-re-per-vetevendosjen-pas-skandaleve-te-fundit\/","title":{"rendered":"Ganimete Musliu propozon nj\u00eb \u201clogo t\u00eb re\u201d p\u00ebr Vet\u00ebvendosjen pas skandaleve t\u00eb fundit"},"content":{"rendered":"<h3>Deputetja e Partis\u00eb Demokratike t\u00eb Kosov\u00ebs (PDK) Ganimete Musliu, n\u00eb nj\u00eb status n\u00eb Fecebook ka propozuar nj\u00eb \u201clogo t\u00eb re\u201d p\u00ebr L\u00ebvizjen Vet\u00ebvendosje.<\/h3>\n<p>Sipas saj ajo do t\u00eb ishte logoja ideale p\u00ebr partin\u00eb n\u00eb pushtet. N\u00eb ilustrimin q\u00eb ajo e ka paraqitur shihen dy qershi dhe bishtat e tyre t\u00eb lidhur n\u00eb form\u00eb t\u00eb zemr\u00ebs. \u201cQershia e Zemr\u00ebs\u201d \u00ebsht\u00eb p\u00ebrshkrimi q\u00eb ajo i ka l\u00ebn\u00eb.<\/p>\n<p>\u201cMir\u00ebm\u00ebngjesi o njer\u00ebz t\u00eb mir\u00eb! Duke par\u00eb skandalet dhe mashtrimet e nj\u00ebpasnj\u00ebshme t\u00eb Qeveris\u00eb a pajtoheni edhe ju q\u00eb kjo do ishte logoja ideale p\u00ebr VV-n\u00eb?!\u201d, ka shkruar Musliu n\u00eb Facebook.<\/p>\n<p><img loading=\"lazy\" decoding=\"async\" class=\"alignnone  wp-image-24291\" src=\"https:\/\/permbledhja.com\/wp-content\/uploads\/2023\/08\/Capture-240-300x221.webp\" alt=\"\" width=\"582\" height=\"429\" srcset=\"https:\/\/permbledhja.com\/wp-content\/uploads\/2023\/08\/Capture-240-300x221.webp 300w, https:\/\/permbledhja.com\/wp-content\/uploads\/2023\/08\/Capture-240-768x565.webp 768w, https:\/\/permbledhja.com\/wp-content\/uploads\/2023\/08\/Capture-240-16x12.webp 16w, https:\/\/permbledhja.com\/wp-content\/uploads\/2023\/08\/Capture-240.webp 775w\" sizes=\"(max-width: 582px) 100vw, 582px\" \/><\/p>\n<p>Musliu edhe m\u00eb her\u00ebt kishte ironizuar me kryeministrin Albin Kurti.<\/p>\n<p>\u201cDreqi t\u00eb hangt\u00eb Albin, s\u2019e le asnj\u00eb qershi pa e hang\u00ebr\u201d, i kishte th\u00ebn\u00eb ajo Kurtit n\u00eb Kuvend.<\/p>\n","protected":false},"excerpt":{"rendered":"<p>Deputetja e Partis\u00eb Demokratike t\u00eb Kosov\u00ebs (PDK) Ganimete Musliu, n\u00eb nj\u00eb status n\u00eb Fecebook ka propozuar nj\u00eb \u201clogo t\u00eb re\u201d p\u00ebr L\u00ebvizjen Vet\u00ebvendosje. Sipas saj ajo do t\u00eb ishte logoja ideale p\u00ebr partin\u00eb n\u00eb pushtet. N\u00eb ilustrimin q\u00eb ajo e ka paraqitur shihen dy qershi dhe bishtat e tyre t\u00eb lidhur n\u00eb form\u00eb t\u00eb zemr\u00ebs. [&hellip;]<\/p>\n","protected":false},"author":2,"featured_media":24292,"comment_status":"closed","ping_status":"closed","sticky":false,"template":"","format":"standard","meta":{"_monsterinsights_skip_tracking":false,"_monsterinsights_sitenote_active":false,"_monsterinsights_sitenote_note":"","_monsterinsights_sitenote_category":0,"_uf_show_specific_survey":0,"_uf_disable_surveys":false,"footnotes":""},"categories":[23,15],"tags":[131],"yoast_head":"<!-- This site is optimized with the Yoast SEO plugin v21.5 - https:\/\/yoast.com\/wordpress\/plugins\/seo\/ -->\n<title>Ganimete Musliu propozon nj\u00eb \u201clogo t\u00eb re\u201d p\u00ebr Vet\u00ebvendosjen pas skandaleve t\u00eb fundit<\/title>\n<meta name=\"robots\" content=\"index, follow, max-snippet:-1, max-image-preview:large, max-video-preview:-1\" \/>\n<link rel=\"canonical\" href=\"https:\/\/permbledhja.com\/sq\/ganimete-musliu-propozon-nje-logo-te-re-per-vetevendosjen-pas-skandaleve-te-fundit\/\" \/>\n<meta property=\"og:locale\" content=\"sq_AL\" \/>\n<meta property=\"og:type\" content=\"article\" \/>\n<meta property=\"og:title\" content=\"Ganimete Musliu propozon nj\u00eb \u201clogo t\u00eb re\u201d p\u00ebr Vet\u00ebvendosjen pas skandaleve t\u00eb fundit\" \/>\n<meta property=\"og:description\" content=\"Deputetja e Partis\u00eb Demokratike t\u00eb Kosov\u00ebs (PDK) Ganimete Musliu, n\u00eb nj\u00eb status n\u00eb Fecebook ka propozuar nj\u00eb \u201clogo t\u00eb re\u201d p\u00ebr L\u00ebvizjen Vet\u00ebvendosje. Sipas saj ajo do t\u00eb ishte logoja ideale p\u00ebr partin\u00eb n\u00eb pushtet. N\u00eb ilustrimin q\u00eb ajo e ka paraqitur shihen dy qershi dhe bishtat e tyre t\u00eb lidhur n\u00eb form\u00eb t\u00eb zemr\u00ebs. [&hellip;]\" \/>\n<meta property=\"og:url\" content=\"https:\/\/permbledhja.com\/sq\/ganimete-musliu-propozon-nje-logo-te-re-per-vetevendosjen-pas-skandaleve-te-fundit\/\" \/>\n<meta property=\"og:site_name\" content=\"Ve\u00e7 artikuj p\u00ebrmbledh\u00ebs\" \/>\n<meta property=\"article:publisher\" content=\"https:\/\/www.facebook.com\/press07\/\" \/>\n<meta property=\"article:published_time\" content=\"2023-08-22T10:27:06+00:00\" \/>\n<meta property=\"og:image\" content=\"https:\/\/permbledhja.com\/wp-content\/uploads\/2023\/08\/ganimete-musliu-850x570-1-1.jpg\" \/>\n\t<meta property=\"og:image:width\" content=\"850\" \/>\n\t<meta property=\"og:image:height\" content=\"570\" \/>\n\t<meta property=\"og:image:type\" content=\"image\/jpeg\" \/>\n<meta name=\"author\" content=\"M M\" \/>\n<meta name=\"twitter:card\" content=\"summary_large_image\" \/>\n<meta name=\"twitter:label1\" content=\"Written by\" \/>\n\t<meta name=\"twitter:data1\" content=\"M M\" \/>\n\t<meta name=\"twitter:label2\" content=\"Est. reading time\" \/>\n\t<meta name=\"twitter:data2\" content=\"1 minut\u00eb\" \/>\n<script type=\"application\/ld+json\" class=\"yoast-schema-graph\">{\"@context\":\"https:\/\/schema.org\",\"@graph\":[{\"@type\":\"Article\",\"@id\":\"https:\/\/permbledhja.com\/sq\/ganimete-musliu-propozon-nje-logo-te-re-per-vetevendosjen-pas-skandaleve-te-fundit\/#article\",\"isPartOf\":{\"@id\":\"https:\/\/permbledhja.com\/sq\/ganimete-musliu-propozon-nje-logo-te-re-per-vetevendosjen-pas-skandaleve-te-fundit\/\"},\"author\":{\"name\":\"M M\",\"@id\":\"https:\/\/permbledhja.com\/#\/schema\/person\/d23f13f59b5722643933d6780783acf3\"},\"headline\":\"Ganimete Musliu propozon nj\u00eb \u201clogo t\u00eb re\u201d p\u00ebr Vet\u00ebvendosjen pas skandaleve t\u00eb fundit\",\"datePublished\":\"2023-08-22T10:27:06+00:00\",\"dateModified\":\"2023-08-22T10:27:06+00:00\",\"mainEntityOfPage\":{\"@id\":\"https:\/\/permbledhja.com\/sq\/ganimete-musliu-propozon-nje-logo-te-re-per-vetevendosjen-pas-skandaleve-te-fundit\/\"},\"wordCount\":158,\"publisher\":{\"@id\":\"https:\/\/permbledhja.com\/#organization\"},\"keywords\":[\"Ganimete Musliu\"],\"articleSection\":[\"Komb\u00ebtare\",\"Lajme\"],\"inLanguage\":\"sq\"},{\"@type\":\"WebPage\",\"@id\":\"https:\/\/permbledhja.com\/sq\/ganimete-musliu-propozon-nje-logo-te-re-per-vetevendosjen-pas-skandaleve-te-fundit\/\",\"url\":\"https:\/\/permbledhja.com\/sq\/ganimete-musliu-propozon-nje-logo-te-re-per-vetevendosjen-pas-skandaleve-te-fundit\/\",\"name\":\"Ganimete Musliu propozon nj\u00eb \u201clogo t\u00eb re\u201d p\u00ebr Vet\u00ebvendosjen pas skandaleve t\u00eb fundit\",\"isPartOf\":{\"@id\":\"https:\/\/permbledhja.com\/#website\"},\"datePublished\":\"2023-08-22T10:27:06+00:00\",\"dateModified\":\"2023-08-22T10:27:06+00:00\",\"breadcrumb\":{\"@id\":\"https:\/\/permbledhja.com\/sq\/ganimete-musliu-propozon-nje-logo-te-re-per-vetevendosjen-pas-skandaleve-te-fundit\/#breadcrumb\"},\"inLanguage\":\"sq\",\"potentialAction\":[{\"@type\":\"ReadAction\",\"target\":[\"https:\/\/permbledhja.com\/sq\/ganimete-musliu-propozon-nje-logo-te-re-per-vetevendosjen-pas-skandaleve-te-fundit\/\"]}]},{\"@type\":\"BreadcrumbList\",\"@id\":\"https:\/\/permbledhja.com\/sq\/ganimete-musliu-propozon-nje-logo-te-re-per-vetevendosjen-pas-skandaleve-te-fundit\/#breadcrumb\",\"itemListElement\":[{\"@type\":\"ListItem\",\"position\":1,\"name\":\"Ballina\",\"item\":\"https:\/\/permbledhja.com\/sq\/\"},{\"@type\":\"ListItem\",\"position\":2,\"name\":\"Ganimete Musliu propozon nj\u00eb \u201clogo t\u00eb re\u201d p\u00ebr Vet\u00ebvendosjen pas skandaleve t\u00eb fundit\"}]},{\"@type\":\"WebSite\",\"@id\":\"https:\/\/permbledhja.com\/#website\",\"url\":\"https:\/\/permbledhja.com\/\",\"name\":\"Ve\u00e7 artikuj p\u00ebrmbledh\u00ebs\",\"description\":\"\",\"publisher\":{\"@id\":\"https:\/\/permbledhja.com\/#organization\"},\"potentialAction\":[{\"@type\":\"SearchAction\",\"target\":{\"@type\":\"EntryPoint\",\"urlTemplate\":\"https:\/\/permbledhja.com\/?s={search_term_string}\"},\"query-input\":\"required name=search_term_string\"}],\"inLanguage\":\"sq\"},{\"@type\":\"Organization\",\"@id\":\"https:\/\/permbledhja.com\/#organization\",\"name\":\"MK Media & Pr\",\"url\":\"https:\/\/permbledhja.com\/\",\"logo\":{\"@type\":\"ImageObject\",\"inLanguage\":\"sq\",\"@id\":\"https:\/\/permbledhja.com\/#\/schema\/logo\/image\/\",\"url\":\"https:\/\/permbledhja.com\/wp-content\/uploads\/2021\/12\/07-Press-Logo.jpg\",\"contentUrl\":\"https:\/\/permbledhja.com\/wp-content\/uploads\/2021\/12\/07-Press-Logo.jpg\",\"width\":512,\"height\":512,\"caption\":\"MK Media & Pr\"},\"image\":{\"@id\":\"https:\/\/permbledhja.com\/#\/schema\/logo\/image\/\"},\"sameAs\":[\"https:\/\/www.facebook.com\/press07\/\"]},{\"@type\":\"Person\",\"@id\":\"https:\/\/permbledhja.com\/#\/schema\/person\/d23f13f59b5722643933d6780783acf3\",\"name\":\"M M\",\"image\":{\"@type\":\"ImageObject\",\"inLanguage\":\"sq\",\"@id\":\"https:\/\/permbledhja.com\/#\/schema\/person\/image\/\",\"url\":\"https:\/\/secure.gravatar.com\/avatar\/e2835a76ca7c31a2416b2d51c4ec9a8f?s=96&d=mm&r=g\",\"contentUrl\":\"https:\/\/secure.gravatar.com\/avatar\/e2835a76ca7c31a2416b2d51c4ec9a8f?s=96&d=mm&r=g\",\"caption\":\"M M\"},\"sameAs\":[\"http:\/\/MM\"],\"url\":\"https:\/\/permbledhja.com\/sq\/author\/muhamet\/\"}]}<\/script>\n<!-- \/ Yoast SEO plugin. -->","yoast_head_json":{"title":"Ganimete Musliu propozon nj\u00eb \u201clogo t\u00eb re\u201d p\u00ebr Vet\u00ebvendosjen pas skandaleve t\u00eb fundit","robots":{"index":"index","follow":"follow","max-snippet":"max-snippet:-1","max-image-preview":"max-image-preview:large","max-video-preview":"max-video-preview:-1"},"canonical":"https:\/\/permbledhja.com\/sq\/ganimete-musliu-propozon-nje-logo-te-re-per-vetevendosjen-pas-skandaleve-te-fundit\/","og_locale":"sq_AL","og_type":"article","og_title":"Ganimete Musliu propozon nj\u00eb \u201clogo t\u00eb re\u201d p\u00ebr Vet\u00ebvendosjen pas skandaleve t\u00eb fundit","og_description":"Deputetja e Partis\u00eb Demokratike t\u00eb Kosov\u00ebs (PDK) Ganimete Musliu, n\u00eb nj\u00eb status n\u00eb Fecebook ka propozuar nj\u00eb \u201clogo t\u00eb re\u201d p\u00ebr L\u00ebvizjen Vet\u00ebvendosje. Sipas saj ajo do t\u00eb ishte logoja ideale p\u00ebr partin\u00eb n\u00eb pushtet. N\u00eb ilustrimin q\u00eb ajo e ka paraqitur shihen dy qershi dhe bishtat e tyre t\u00eb lidhur n\u00eb form\u00eb t\u00eb zemr\u00ebs. [&hellip;]","og_url":"https:\/\/permbledhja.com\/sq\/ganimete-musliu-propozon-nje-logo-te-re-per-vetevendosjen-pas-skandaleve-te-fundit\/","og_site_name":"Ve\u00e7 artikuj p\u00ebrmbledh\u00ebs","article_publisher":"https:\/\/www.facebook.com\/press07\/","article_published_time":"2023-08-22T10:27:06+00:00","og_image":[{"width":850,"height":570,"url":"https:\/\/permbledhja.com\/wp-content\/uploads\/2023\/08\/ganimete-musliu-850x570-1-1.jpg","type":"image\/jpeg"}],"author":"M M","twitter_card":"summary_large_image","twitter_misc":{"Written by":"M M","Est. reading time":"1 minut\u00eb"},"schema":{"@context":"https:\/\/schema.org","@graph":[{"@type":"Article","@id":"https:\/\/permbledhja.com\/sq\/ganimete-musliu-propozon-nje-logo-te-re-per-vetevendosjen-pas-skandaleve-te-fundit\/#article","isPartOf":{"@id":"https:\/\/permbledhja.com\/sq\/ganimete-musliu-propozon-nje-logo-te-re-per-vetevendosjen-pas-skandaleve-te-fundit\/"},"author":{"name":"M M","@id":"https:\/\/permbledhja.com\/#\/schema\/person\/d23f13f59b5722643933d6780783acf3"},"headline":"Ganimete Musliu propozon nj\u00eb \u201clogo t\u00eb re\u201d p\u00ebr Vet\u00ebvendosjen pas skandaleve t\u00eb fundit","datePublished":"2023-08-22T10:27:06+00:00","dateModified":"2023-08-22T10:27:06+00:00","mainEntityOfPage":{"@id":"https:\/\/permbledhja.com\/sq\/ganimete-musliu-propozon-nje-logo-te-re-per-vetevendosjen-pas-skandaleve-te-fundit\/"},"wordCount":158,"publisher":{"@id":"https:\/\/permbledhja.com\/#organization"},"keywords":["Ganimete Musliu"],"articleSection":["Komb\u00ebtare","Lajme"],"inLanguage":"sq"},{"@type":"WebPage","@id":"https:\/\/permbledhja.com\/sq\/ganimete-musliu-propozon-nje-logo-te-re-per-vetevendosjen-pas-skandaleve-te-fundit\/","url":"https:\/\/permbledhja.com\/sq\/ganimete-musliu-propozon-nje-logo-te-re-per-vetevendosjen-pas-skandaleve-te-fundit\/","name":"Ganimete Musliu propozon nj\u00eb \u201clogo t\u00eb re\u201d p\u00ebr Vet\u00ebvendosjen pas skandaleve t\u00eb fundit","isPartOf":{"@id":"https:\/\/permbledhja.com\/#website"},"datePublished":"2023-08-22T10:27:06+00:00","dateModified":"2023-08-22T10:27:06+00:00","breadcrumb":{"@id":"https:\/\/permbledhja.com\/sq\/ganimete-musliu-propozon-nje-logo-te-re-per-vetevendosjen-pas-skandaleve-te-fundit\/#breadcrumb"},"inLanguage":"sq","potentialAction":[{"@type":"ReadAction","target":["https:\/\/permbledhja.com\/sq\/ganimete-musliu-propozon-nje-logo-te-re-per-vetevendosjen-pas-skandaleve-te-fundit\/"]}]},{"@type":"BreadcrumbList","@id":"https:\/\/permbledhja.com\/sq\/ganimete-musliu-propozon-nje-logo-te-re-per-vetevendosjen-pas-skandaleve-te-fundit\/#breadcrumb","itemListElement":[{"@type":"ListItem","position":1,"name":"Ballina","item":"https:\/\/permbledhja.com\/sq\/"},{"@type":"ListItem","position":2,"name":"Ganimete Musliu propozon nj\u00eb \u201clogo t\u00eb re\u201d p\u00ebr Vet\u00ebvendosjen pas skandaleve t\u00eb fundit"}]},{"@type":"WebSite","@id":"https:\/\/permbledhja.com\/#website","url":"https:\/\/permbledhja.com\/","name":"Ve\u00e7 artikuj p\u00ebrmbledh\u00ebs","description":"","publisher":{"@id":"https:\/\/permbledhja.com\/#organization"},"potentialAction":[{"@type":"SearchAction","target":{"@type":"EntryPoint","urlTemplate":"https:\/\/permbledhja.com\/?s={search_term_string}"},"query-input":"required name=search_term_string"}],"inLanguage":"sq"},{"@type":"Organization","@id":"https:\/\/permbledhja.com\/#organization","name":"MK Media & Pr","url":"https:\/\/permbledhja.com\/","logo":{"@type":"ImageObject","inLanguage":"sq","@id":"https:\/\/permbledhja.com\/#\/schema\/logo\/image\/","url":"https:\/\/permbledhja.com\/wp-content\/uploads\/2021\/12\/07-Press-Logo.jpg","contentUrl":"https:\/\/permbledhja.com\/wp-content\/uploads\/2021\/12\/07-Press-Logo.jpg","width":512,"height":512,"caption":"MK Media & Pr"},"image":{"@id":"https:\/\/permbledhja.com\/#\/schema\/logo\/image\/"},"sameAs":["https:\/\/www.facebook.com\/press07\/"]},{"@type":"Person","@id":"https:\/\/permbledhja.com\/#\/schema\/person\/d23f13f59b5722643933d6780783acf3","name":"M M","image":{"@type":"ImageObject","inLanguage":"sq","@id":"https:\/\/permbledhja.com\/#\/schema\/person\/image\/","url":"https:\/\/secure.gravatar.com\/avatar\/e2835a76ca7c31a2416b2d51c4ec9a8f?s=96&d=mm&r=g","contentUrl":"https:\/\/secure.gravatar.com\/avatar\/e2835a76ca7c31a2416b2d51c4ec9a8f?s=96&d=mm&r=g","caption":"M M"},"sameAs":["http:\/\/MM"],"url":"https:\/\/permbledhja.com\/sq\/author\/muhamet\/"}]}},"_links":{"self":[{"href":"https:\/\/permbledhja.com\/sq\/wp-json\/wp\/v2\/posts\/24290"}],"collection":[{"href":"https:\/\/permbledhja.com\/sq\/wp-json\/wp\/v2\/posts"}],"about":[{"href":"https:\/\/permbledhja.com\/sq\/wp-json\/wp\/v2\/types\/post"}],"author":[{"embeddable":true,"href":"https:\/\/permbledhja.com\/sq\/wp-json\/wp\/v2\/users\/2"}],"replies":[{"embeddable":true,"href":"https:\/\/permbledhja.com\/sq\/wp-json\/wp\/v2\/comments?post=24290"}],"version-history":[{"count":1,"href":"https:\/\/permbledhja.com\/sq\/wp-json\/wp\/v2\/posts\/24290\/revisions"}],"predecessor-version":[{"id":24293,"href":"https:\/\/permbledhja.com\/sq\/wp-json\/wp\/v2\/posts\/24290\/revisions\/24293"}],"wp:featuredmedia":[{"embeddable":true,"href":"https:\/\/permbledhja.com\/sq\/wp-json\/wp\/v2\/media\/24292"}],"wp:attachment":[{"href":"https:\/\/permbledhja.com\/sq\/wp-json\/wp\/v2\/media?parent=24290"}],"wp:term":[{"taxonomy":"category","embeddable":true,"href":"https:\/\/permbledhja.com\/sq\/wp-json\/wp\/v2\/categories?post=24290"},{"taxonomy":"post_tag","embeddable":true,"href":"https:\/\/permbledhja.com\/sq\/wp-json\/wp\/v2\/tags?post=24290"}],"curies":[{"name":"wp","href":"https:\/\/api.w.org\/{rel}","templated":true}]}}