{"id":24281,"date":"2023-08-22T09:48:55","date_gmt":"2023-08-22T09:48:55","guid":{"rendered":"https:\/\/permbledhja.com\/?p=24281"},"modified":"2023-08-22T09:48:55","modified_gmt":"2023-08-22T09:48:55","slug":"tahiri-kerkon-qe-sa-me-shpejt-te-shkarkohet-qeveria-kurti-po-e-demton-vendin","status":"publish","type":"post","link":"https:\/\/permbledhja.com\/sq\/tahiri-kerkon-qe-sa-me-shpejt-te-shkarkohet-qeveria-kurti-po-e-demton-vendin\/","title":{"rendered":"Tahiri k\u00ebrkon q\u00eb sa m\u00eb shpejt t\u00eb shkarkohet Qeveria Kurti: Po e d\u00ebmton vendin"},"content":{"rendered":"<h3>Shefi i Grupit Parlamentar t\u00eb AAK-s\u00eb, Besnik Tahiri, ka k\u00ebrkuar q\u00eb t\u00eb shkarkohet Qeveria e drejtuar nga L\u00ebvizja Vet\u00ebvendosje.<\/h3>\n<p>Ai, n\u00eb nj\u00eb konferenc\u00eb p\u00ebr media, ka deklaruar se kjo duhet t\u00eb ndodh\u00eb p\u00ebr shkak se Qeveria Kurti me politikat e saj po e d\u00ebmton vendin.<\/p>\n<p>\u201cJemi n\u00eb nj\u00eb situat\u00eb jasht\u00ebzakonisht problematike, nj\u00eb situat\u00eb shum\u00eb serioze e cila p\u00ebrshkruhet me dob\u00ebsim t\u00eb Kosov\u00ebs n\u00eb t\u00eb gjitha rrafshet, si n\u00eb rrafshin e brendsh\u00ebm dhe t\u00eb jasht\u00ebm. Nj\u00eb situat\u00eb e cila karakterizohet me kriz\u00eb pas krize e skandal pas skandali, e cila po reflekton n\u00eb varf\u00ebrim t\u00eb skajsh\u00ebm t\u00eb shum\u00eb familjeve\u201d, \u00ebsht\u00eb shprehur Tahiri.<\/p>\n<p>Duke folur p\u00ebr \u00e7\u00ebshtjen e skandalit me rezervat shtet\u00ebrore, Tahiri tha se shkarkimi i ministres Hajdari \u00ebsht\u00eb i domosdosh\u00ebm q\u00eb t\u00eb zhvillohet nj\u00eb hetim i pavarur.<\/p>\n<p>\u201cShqet\u00ebsuese \u00ebsht\u00eb sulmi q\u00eb i b\u00ebhet gjyq\u00ebsorit dhe prokuroris\u00eb nga ana e qeveris\u00eb, n\u00eb tentim p\u00ebr t\u00eb mbuluar skandalin me vjedhjen e rezervave shtet\u00ebrore. Tani m\u00eb \u00ebsht\u00eb fakt q\u00eb 52.5 ton\u00eb miell nuk kan\u00eb ardhur n\u00eb Kosov\u00eb, e shum\u00eb sasi vaji mungon, nd\u00ebrkaq d\u00ebmi i pretenduar \u00ebsht\u00eb mbi 600 mij\u00eb euro. P\u00ebr k\u00ebt\u00eb skandal, p\u00ebr k\u00ebt\u00eb vjedhje Qeveria e Kosov\u00ebs hesht, nd\u00ebrkaq e akuzon gjyq\u00ebsorin e prokurorin\u00eb. Ky pushtet nuk i beson shtetit t\u00eb vet. K\u00ebta njer\u00ebz synojn\u00eb t\u00eb krijojn\u00eb sistem t\u00eb vetin, nj\u00eb sistem paralel. P\u00ebr me ndodh nj\u00eb hetim i pavarur, \u00ebsht\u00eb e domosdoshme t\u00eb shkarkohet ministrja Hajdari\u201d, ka th\u00ebn\u00eb ai.<\/p>\n<p>\u201c\u00cbsht\u00eb tejet e habitshme se si sillet Qeveria edhe me \u00e7\u00ebshtje tjera. \u00cbsht\u00eb kah kontestohet pavar\u00ebsia e Kosov\u00ebs nga nj\u00eb shtet armiq\u00ebsor, e nuk ka asnj\u00eb reagim nga institucionet\u201d.<\/p>\n<p>\u201cKjo qeveri ka humbur rrug\u00ebn. K\u00ebta njer\u00ebz duhet t\u00eb ikin sa me shpejt. Ne presim q\u00eb me nisjen e sesionit vjeshtor, q\u00eb n\u00eb dit\u00ebn e par\u00eb t\u00eb th\u00ebrrasim nj\u00eb seanc\u00eb t\u00eb jasht\u00ebzakonshme p\u00ebr shkarkimin e k\u00ebsaj qeverie\u201d, tha Tahiri.<\/p>\n<p>Sipas Tahirit, Ministria e Arsimit, me vendimin p\u00ebr mos sigurimin e librave shkollor\u00eb p\u00ebr nx\u00ebn\u00ebsit ka d\u00ebmtuar nx\u00ebn\u00ebsit dhe ka r\u00ebnduar gjendjen financiare t\u00eb shum\u00eb familjeve. Ai \u00ebsht\u00eb shprehur q\u00eb kjo kriz\u00eb ndalet vet\u00ebm me shkarkimin e k\u00ebsaj qeverie.<\/p>\n<p>\u201cVendimi i MAShT p\u00ebr refuzimin p\u00ebr t\u2019i siguruar librat p\u00ebr nx\u00ebn\u00ebsit, \u00ebsht\u00eb edhe nj\u00eb fakt q\u00eb kjo qeveri nuk ka synim t\u2019i ndihmoj\u00eb njer\u00ebzit. Ky vendim ka q\u00ebllim krijimin edhe t\u00eb nje krize t\u00eb re, me e d\u00ebmtu buxhetin e shume familjeve. Kjo krize ndalet vet\u00ebm me shkarkimin e k\u00ebsaj qeverie\u201d, \u00ebsht\u00eb shprehur Tahiri.<\/p>\n","protected":false},"excerpt":{"rendered":"<p>Shefi i Grupit Parlamentar t\u00eb AAK-s\u00eb, Besnik Tahiri, ka k\u00ebrkuar q\u00eb t\u00eb shkarkohet Qeveria e drejtuar nga L\u00ebvizja Vet\u00ebvendosje. Ai, n\u00eb nj\u00eb konferenc\u00eb p\u00ebr media, ka deklaruar se kjo duhet t\u00eb ndodh\u00eb p\u00ebr shkak se Qeveria Kurti me politikat e saj po e d\u00ebmton vendin. \u201cJemi n\u00eb nj\u00eb situat\u00eb jasht\u00ebzakonisht problematike, nj\u00eb situat\u00eb shum\u00eb serioze [&hellip;]<\/p>\n","protected":false},"author":2,"featured_media":24282,"comment_status":"closed","ping_status":"closed","sticky":false,"template":"","format":"standard","meta":{"_monsterinsights_skip_tracking":false,"_monsterinsights_sitenote_active":false,"_monsterinsights_sitenote_note":"","_monsterinsights_sitenote_category":0,"_uf_show_specific_survey":0,"_uf_disable_surveys":false,"footnotes":""},"categories":[23,15],"tags":[922],"yoast_head":"<!-- This site is optimized with the Yoast SEO plugin v21.5 - https:\/\/yoast.com\/wordpress\/plugins\/seo\/ -->\n<title>Tahiri k\u00ebrkon q\u00eb sa m\u00eb shpejt t\u00eb shkarkohet Qeveria Kurti: Po e d\u00ebmton vendin<\/title>\n<meta name=\"robots\" content=\"index, follow, max-snippet:-1, max-image-preview:large, max-video-preview:-1\" \/>\n<link rel=\"canonical\" href=\"https:\/\/permbledhja.com\/sq\/tahiri-kerkon-qe-sa-me-shpejt-te-shkarkohet-qeveria-kurti-po-e-demton-vendin\/\" \/>\n<meta property=\"og:locale\" content=\"sq_AL\" \/>\n<meta property=\"og:type\" content=\"article\" \/>\n<meta property=\"og:title\" content=\"Tahiri k\u00ebrkon q\u00eb sa m\u00eb shpejt t\u00eb shkarkohet Qeveria Kurti: Po e d\u00ebmton vendin\" \/>\n<meta property=\"og:description\" content=\"Shefi i Grupit Parlamentar t\u00eb AAK-s\u00eb, Besnik Tahiri, ka k\u00ebrkuar q\u00eb t\u00eb shkarkohet Qeveria e drejtuar nga L\u00ebvizja Vet\u00ebvendosje. Ai, n\u00eb nj\u00eb konferenc\u00eb p\u00ebr media, ka deklaruar se kjo duhet t\u00eb ndodh\u00eb p\u00ebr shkak se Qeveria Kurti me politikat e saj po e d\u00ebmton vendin. \u201cJemi n\u00eb nj\u00eb situat\u00eb jasht\u00ebzakonisht problematike, nj\u00eb situat\u00eb shum\u00eb serioze [&hellip;]\" \/>\n<meta property=\"og:url\" content=\"https:\/\/permbledhja.com\/sq\/tahiri-kerkon-qe-sa-me-shpejt-te-shkarkohet-qeveria-kurti-po-e-demton-vendin\/\" \/>\n<meta property=\"og:site_name\" content=\"Ve\u00e7 artikuj p\u00ebrmbledh\u00ebs\" \/>\n<meta property=\"article:publisher\" content=\"https:\/\/www.facebook.com\/press07\/\" \/>\n<meta property=\"article:published_time\" content=\"2023-08-22T09:48:55+00:00\" \/>\n<meta property=\"og:image\" content=\"https:\/\/permbledhja.com\/wp-content\/uploads\/2023\/08\/Capture-70.jpg\" \/>\n\t<meta property=\"og:image:width\" content=\"1109\" \/>\n\t<meta property=\"og:image:height\" content=\"812\" \/>\n\t<meta property=\"og:image:type\" content=\"image\/jpeg\" \/>\n<meta name=\"author\" content=\"M M\" \/>\n<meta name=\"twitter:card\" content=\"summary_large_image\" \/>\n<meta name=\"twitter:label1\" content=\"Written by\" \/>\n\t<meta name=\"twitter:data1\" content=\"M M\" \/>\n\t<meta name=\"twitter:label2\" content=\"Est. reading time\" \/>\n\t<meta name=\"twitter:data2\" content=\"2 minuta\" \/>\n<script type=\"application\/ld+json\" class=\"yoast-schema-graph\">{\"@context\":\"https:\/\/schema.org\",\"@graph\":[{\"@type\":\"Article\",\"@id\":\"https:\/\/permbledhja.com\/tahiri-kerkon-qe-sa-me-shpejt-te-shkarkohet-qeveria-kurti-po-e-demton-vendin\/#article\",\"isPartOf\":{\"@id\":\"https:\/\/permbledhja.com\/tahiri-kerkon-qe-sa-me-shpejt-te-shkarkohet-qeveria-kurti-po-e-demton-vendin\/\"},\"author\":{\"name\":\"M M\",\"@id\":\"https:\/\/permbledhja.com\/#\/schema\/person\/d23f13f59b5722643933d6780783acf3\"},\"headline\":\"Tahiri k\u00ebrkon q\u00eb sa m\u00eb shpejt t\u00eb shkarkohet Qeveria Kurti: Po e d\u00ebmton vendin\",\"datePublished\":\"2023-08-22T09:48:55+00:00\",\"dateModified\":\"2023-08-22T09:48:55+00:00\",\"mainEntityOfPage\":{\"@id\":\"https:\/\/permbledhja.com\/tahiri-kerkon-qe-sa-me-shpejt-te-shkarkohet-qeveria-kurti-po-e-demton-vendin\/\"},\"wordCount\":473,\"publisher\":{\"@id\":\"https:\/\/permbledhja.com\/#organization\"},\"keywords\":[\"Besnik Tahiri\"],\"articleSection\":[\"Komb\u00ebtare\",\"Lajme\"],\"inLanguage\":\"sq\"},{\"@type\":\"WebPage\",\"@id\":\"https:\/\/permbledhja.com\/tahiri-kerkon-qe-sa-me-shpejt-te-shkarkohet-qeveria-kurti-po-e-demton-vendin\/\",\"url\":\"https:\/\/permbledhja.com\/tahiri-kerkon-qe-sa-me-shpejt-te-shkarkohet-qeveria-kurti-po-e-demton-vendin\/\",\"name\":\"Tahiri k\u00ebrkon q\u00eb sa m\u00eb shpejt t\u00eb shkarkohet Qeveria Kurti: Po e d\u00ebmton vendin\",\"isPartOf\":{\"@id\":\"https:\/\/permbledhja.com\/#website\"},\"datePublished\":\"2023-08-22T09:48:55+00:00\",\"dateModified\":\"2023-08-22T09:48:55+00:00\",\"breadcrumb\":{\"@id\":\"https:\/\/permbledhja.com\/tahiri-kerkon-qe-sa-me-shpejt-te-shkarkohet-qeveria-kurti-po-e-demton-vendin\/#breadcrumb\"},\"inLanguage\":\"sq\",\"potentialAction\":[{\"@type\":\"ReadAction\",\"target\":[\"https:\/\/permbledhja.com\/tahiri-kerkon-qe-sa-me-shpejt-te-shkarkohet-qeveria-kurti-po-e-demton-vendin\/\"]}]},{\"@type\":\"BreadcrumbList\",\"@id\":\"https:\/\/permbledhja.com\/tahiri-kerkon-qe-sa-me-shpejt-te-shkarkohet-qeveria-kurti-po-e-demton-vendin\/#breadcrumb\",\"itemListElement\":[{\"@type\":\"ListItem\",\"position\":1,\"name\":\"Ballina\",\"item\":\"https:\/\/permbledhja.com\/sq\/\"},{\"@type\":\"ListItem\",\"position\":2,\"name\":\"Tahiri k\u00ebrkon q\u00eb sa m\u00eb shpejt t\u00eb shkarkohet Qeveria Kurti: Po e d\u00ebmton vendin\"}]},{\"@type\":\"WebSite\",\"@id\":\"https:\/\/permbledhja.com\/#website\",\"url\":\"https:\/\/permbledhja.com\/\",\"name\":\"Ve\u00e7 artikuj p\u00ebrmbledh\u00ebs\",\"description\":\"\",\"publisher\":{\"@id\":\"https:\/\/permbledhja.com\/#organization\"},\"potentialAction\":[{\"@type\":\"SearchAction\",\"target\":{\"@type\":\"EntryPoint\",\"urlTemplate\":\"https:\/\/permbledhja.com\/?s={search_term_string}\"},\"query-input\":\"required name=search_term_string\"}],\"inLanguage\":\"sq\"},{\"@type\":\"Organization\",\"@id\":\"https:\/\/permbledhja.com\/#organization\",\"name\":\"MK Media & Pr\",\"url\":\"https:\/\/permbledhja.com\/\",\"logo\":{\"@type\":\"ImageObject\",\"inLanguage\":\"sq\",\"@id\":\"https:\/\/permbledhja.com\/#\/schema\/logo\/image\/\",\"url\":\"https:\/\/permbledhja.com\/wp-content\/uploads\/2021\/12\/07-Press-Logo.jpg\",\"contentUrl\":\"https:\/\/permbledhja.com\/wp-content\/uploads\/2021\/12\/07-Press-Logo.jpg\",\"width\":512,\"height\":512,\"caption\":\"MK Media & Pr\"},\"image\":{\"@id\":\"https:\/\/permbledhja.com\/#\/schema\/logo\/image\/\"},\"sameAs\":[\"https:\/\/www.facebook.com\/press07\/\"]},{\"@type\":\"Person\",\"@id\":\"https:\/\/permbledhja.com\/#\/schema\/person\/d23f13f59b5722643933d6780783acf3\",\"name\":\"M M\",\"image\":{\"@type\":\"ImageObject\",\"inLanguage\":\"sq\",\"@id\":\"https:\/\/permbledhja.com\/#\/schema\/person\/image\/\",\"url\":\"https:\/\/secure.gravatar.com\/avatar\/e2835a76ca7c31a2416b2d51c4ec9a8f?s=96&d=mm&r=g\",\"contentUrl\":\"https:\/\/secure.gravatar.com\/avatar\/e2835a76ca7c31a2416b2d51c4ec9a8f?s=96&d=mm&r=g\",\"caption\":\"M M\"},\"sameAs\":[\"http:\/\/MM\"],\"url\":\"https:\/\/permbledhja.com\/sq\/author\/muhamet\/\"}]}<\/script>\n<!-- \/ Yoast SEO plugin. -->","yoast_head_json":{"title":"Tahiri k\u00ebrkon q\u00eb sa m\u00eb shpejt t\u00eb shkarkohet Qeveria Kurti: Po e d\u00ebmton vendin","robots":{"index":"index","follow":"follow","max-snippet":"max-snippet:-1","max-image-preview":"max-image-preview:large","max-video-preview":"max-video-preview:-1"},"canonical":"https:\/\/permbledhja.com\/sq\/tahiri-kerkon-qe-sa-me-shpejt-te-shkarkohet-qeveria-kurti-po-e-demton-vendin\/","og_locale":"sq_AL","og_type":"article","og_title":"Tahiri k\u00ebrkon q\u00eb sa m\u00eb shpejt t\u00eb shkarkohet Qeveria Kurti: Po e d\u00ebmton vendin","og_description":"Shefi i Grupit Parlamentar t\u00eb AAK-s\u00eb, Besnik Tahiri, ka k\u00ebrkuar q\u00eb t\u00eb shkarkohet Qeveria e drejtuar nga L\u00ebvizja Vet\u00ebvendosje. Ai, n\u00eb nj\u00eb konferenc\u00eb p\u00ebr media, ka deklaruar se kjo duhet t\u00eb ndodh\u00eb p\u00ebr shkak se Qeveria Kurti me politikat e saj po e d\u00ebmton vendin. \u201cJemi n\u00eb nj\u00eb situat\u00eb jasht\u00ebzakonisht problematike, nj\u00eb situat\u00eb shum\u00eb serioze [&hellip;]","og_url":"https:\/\/permbledhja.com\/sq\/tahiri-kerkon-qe-sa-me-shpejt-te-shkarkohet-qeveria-kurti-po-e-demton-vendin\/","og_site_name":"Ve\u00e7 artikuj p\u00ebrmbledh\u00ebs","article_publisher":"https:\/\/www.facebook.com\/press07\/","article_published_time":"2023-08-22T09:48:55+00:00","og_image":[{"width":1109,"height":812,"url":"https:\/\/permbledhja.com\/wp-content\/uploads\/2023\/08\/Capture-70.jpg","type":"image\/jpeg"}],"author":"M M","twitter_card":"summary_large_image","twitter_misc":{"Written by":"M M","Est. reading time":"2 minuta"},"schema":{"@context":"https:\/\/schema.org","@graph":[{"@type":"Article","@id":"https:\/\/permbledhja.com\/tahiri-kerkon-qe-sa-me-shpejt-te-shkarkohet-qeveria-kurti-po-e-demton-vendin\/#article","isPartOf":{"@id":"https:\/\/permbledhja.com\/tahiri-kerkon-qe-sa-me-shpejt-te-shkarkohet-qeveria-kurti-po-e-demton-vendin\/"},"author":{"name":"M M","@id":"https:\/\/permbledhja.com\/#\/schema\/person\/d23f13f59b5722643933d6780783acf3"},"headline":"Tahiri k\u00ebrkon q\u00eb sa m\u00eb shpejt t\u00eb shkarkohet Qeveria Kurti: Po e d\u00ebmton vendin","datePublished":"2023-08-22T09:48:55+00:00","dateModified":"2023-08-22T09:48:55+00:00","mainEntityOfPage":{"@id":"https:\/\/permbledhja.com\/tahiri-kerkon-qe-sa-me-shpejt-te-shkarkohet-qeveria-kurti-po-e-demton-vendin\/"},"wordCount":473,"publisher":{"@id":"https:\/\/permbledhja.com\/#organization"},"keywords":["Besnik Tahiri"],"articleSection":["Komb\u00ebtare","Lajme"],"inLanguage":"sq"},{"@type":"WebPage","@id":"https:\/\/permbledhja.com\/tahiri-kerkon-qe-sa-me-shpejt-te-shkarkohet-qeveria-kurti-po-e-demton-vendin\/","url":"https:\/\/permbledhja.com\/tahiri-kerkon-qe-sa-me-shpejt-te-shkarkohet-qeveria-kurti-po-e-demton-vendin\/","name":"Tahiri k\u00ebrkon q\u00eb sa m\u00eb shpejt t\u00eb shkarkohet Qeveria Kurti: Po e d\u00ebmton vendin","isPartOf":{"@id":"https:\/\/permbledhja.com\/#website"},"datePublished":"2023-08-22T09:48:55+00:00","dateModified":"2023-08-22T09:48:55+00:00","breadcrumb":{"@id":"https:\/\/permbledhja.com\/tahiri-kerkon-qe-sa-me-shpejt-te-shkarkohet-qeveria-kurti-po-e-demton-vendin\/#breadcrumb"},"inLanguage":"sq","potentialAction":[{"@type":"ReadAction","target":["https:\/\/permbledhja.com\/tahiri-kerkon-qe-sa-me-shpejt-te-shkarkohet-qeveria-kurti-po-e-demton-vendin\/"]}]},{"@type":"BreadcrumbList","@id":"https:\/\/permbledhja.com\/tahiri-kerkon-qe-sa-me-shpejt-te-shkarkohet-qeveria-kurti-po-e-demton-vendin\/#breadcrumb","itemListElement":[{"@type":"ListItem","position":1,"name":"Ballina","item":"https:\/\/permbledhja.com\/sq\/"},{"@type":"ListItem","position":2,"name":"Tahiri k\u00ebrkon q\u00eb sa m\u00eb shpejt t\u00eb shkarkohet Qeveria Kurti: Po e d\u00ebmton vendin"}]},{"@type":"WebSite","@id":"https:\/\/permbledhja.com\/#website","url":"https:\/\/permbledhja.com\/","name":"Ve\u00e7 artikuj p\u00ebrmbledh\u00ebs","description":"","publisher":{"@id":"https:\/\/permbledhja.com\/#organization"},"potentialAction":[{"@type":"SearchAction","target":{"@type":"EntryPoint","urlTemplate":"https:\/\/permbledhja.com\/?s={search_term_string}"},"query-input":"required name=search_term_string"}],"inLanguage":"sq"},{"@type":"Organization","@id":"https:\/\/permbledhja.com\/#organization","name":"MK Media & Pr","url":"https:\/\/permbledhja.com\/","logo":{"@type":"ImageObject","inLanguage":"sq","@id":"https:\/\/permbledhja.com\/#\/schema\/logo\/image\/","url":"https:\/\/permbledhja.com\/wp-content\/uploads\/2021\/12\/07-Press-Logo.jpg","contentUrl":"https:\/\/permbledhja.com\/wp-content\/uploads\/2021\/12\/07-Press-Logo.jpg","width":512,"height":512,"caption":"MK Media & Pr"},"image":{"@id":"https:\/\/permbledhja.com\/#\/schema\/logo\/image\/"},"sameAs":["https:\/\/www.facebook.com\/press07\/"]},{"@type":"Person","@id":"https:\/\/permbledhja.com\/#\/schema\/person\/d23f13f59b5722643933d6780783acf3","name":"M M","image":{"@type":"ImageObject","inLanguage":"sq","@id":"https:\/\/permbledhja.com\/#\/schema\/person\/image\/","url":"https:\/\/secure.gravatar.com\/avatar\/e2835a76ca7c31a2416b2d51c4ec9a8f?s=96&d=mm&r=g","contentUrl":"https:\/\/secure.gravatar.com\/avatar\/e2835a76ca7c31a2416b2d51c4ec9a8f?s=96&d=mm&r=g","caption":"M M"},"sameAs":["http:\/\/MM"],"url":"https:\/\/permbledhja.com\/sq\/author\/muhamet\/"}]}},"_links":{"self":[{"href":"https:\/\/permbledhja.com\/sq\/wp-json\/wp\/v2\/posts\/24281"}],"collection":[{"href":"https:\/\/permbledhja.com\/sq\/wp-json\/wp\/v2\/posts"}],"about":[{"href":"https:\/\/permbledhja.com\/sq\/wp-json\/wp\/v2\/types\/post"}],"author":[{"embeddable":true,"href":"https:\/\/permbledhja.com\/sq\/wp-json\/wp\/v2\/users\/2"}],"replies":[{"embeddable":true,"href":"https:\/\/permbledhja.com\/sq\/wp-json\/wp\/v2\/comments?post=24281"}],"version-history":[{"count":1,"href":"https:\/\/permbledhja.com\/sq\/wp-json\/wp\/v2\/posts\/24281\/revisions"}],"predecessor-version":[{"id":24283,"href":"https:\/\/permbledhja.com\/sq\/wp-json\/wp\/v2\/posts\/24281\/revisions\/24283"}],"wp:featuredmedia":[{"embeddable":true,"href":"https:\/\/permbledhja.com\/sq\/wp-json\/wp\/v2\/media\/24282"}],"wp:attachment":[{"href":"https:\/\/permbledhja.com\/sq\/wp-json\/wp\/v2\/media?parent=24281"}],"wp:term":[{"taxonomy":"category","embeddable":true,"href":"https:\/\/permbledhja.com\/sq\/wp-json\/wp\/v2\/categories?post=24281"},{"taxonomy":"post_tag","embeddable":true,"href":"https:\/\/permbledhja.com\/sq\/wp-json\/wp\/v2\/tags?post=24281"}],"curies":[{"name":"wp","href":"https:\/\/api.w.org\/{rel}","templated":true}]}}