{"id":24278,"date":"2023-08-22T09:33:49","date_gmt":"2023-08-22T09:33:49","guid":{"rendered":"https:\/\/permbledhja.com\/?p=24278"},"modified":"2023-08-22T09:33:49","modified_gmt":"2023-08-22T09:33:49","slug":"dejona-mihali-pas-konferences-se-ldk-se-kaq-ka-mundur-te-thote-edhe-beke-berisha","status":"publish","type":"post","link":"https:\/\/permbledhja.com\/sq\/dejona-mihali-pas-konferences-se-ldk-se-kaq-ka-mundur-te-thote-edhe-beke-berisha\/","title":{"rendered":"Dejona Mihali pas konferenc\u00ebs s\u00eb LDK-s\u00eb: Kaq ka mundur t\u00eb thot\u00eb edhe Bek\u00eb Berisha"},"content":{"rendered":"<h3>Pasi ministria e Arsimit nuk ka arritur t\u2019i siguroj\u00eb librat p\u00ebr nx\u00ebn\u00ebsit e fillores, p\u00ebr her\u00eb t\u00eb par\u00eb pas disa vjet\u00ebve, LDK-ja ka k\u00ebrkuar dor\u00ebheqjen e ministres Arb\u00ebrie Nagavci. P\u00ebr k\u00ebt\u00eb k\u00ebrkes\u00eb, ka shkruar sot zyrtarja e lart\u00eb e L\u00ebvizjes Vet\u00ebvendosje, Dejona Milahi.<\/h3>\n<p>Mihali ka ironizuar me \u00e7\u00ebshtjen e librave dhe me k\u00ebrkes\u00ebn e LDK-s\u00eb. Partin\u00eb opozitare e ka quajtur \u201cLDK e 1001 akademik\u00ebve\u201d, nd\u00ebrsa \u00e7\u00ebshtjen e mosfurnimizimit m\u00eb libra shkoll\u00eb si \u201ctem\u00eb e madhe dhe jetike\u201d.<\/p>\n<p>\u201cLDK e 1001 akademik\u00ebve, 30 e kusur vjet parti, del n\u00eb konferenc\u00eb p\u00ebr media me 22 gusht dhe gjith\u00eb \u00e7far\u00eb propozon p\u00ebr tem\u00ebn e madhe, jetike, t\u00eb teksteve shkollore p\u00ebr arsimin parauniversitar \u00ebsht\u00eb: t\u00eb dor\u00ebhiqet Ministrja.<\/p>\n<p>OK! Tjet\u00ebr? Se kaq kishte mundur me e th\u00ebn\u00eb dhe p\u00ebr shembull z. Bek\u00eb Berisha i komisionit p\u00ebr Siguri\u201d, ka shkruar Mihali.<\/p>\n","protected":false},"excerpt":{"rendered":"<p>Pasi ministria e Arsimit nuk ka arritur t\u2019i siguroj\u00eb librat p\u00ebr nx\u00ebn\u00ebsit e fillores, p\u00ebr her\u00eb t\u00eb par\u00eb pas disa vjet\u00ebve, LDK-ja ka k\u00ebrkuar dor\u00ebheqjen e ministres Arb\u00ebrie Nagavci. P\u00ebr k\u00ebt\u00eb k\u00ebrkes\u00eb, ka shkruar sot zyrtarja e lart\u00eb e L\u00ebvizjes Vet\u00ebvendosje, Dejona Milahi. Mihali ka ironizuar me \u00e7\u00ebshtjen e librave dhe me k\u00ebrkes\u00ebn e LDK-s\u00eb. [&hellip;]<\/p>\n","protected":false},"author":2,"featured_media":24279,"comment_status":"closed","ping_status":"closed","sticky":false,"template":"","format":"standard","meta":{"_monsterinsights_skip_tracking":false,"_monsterinsights_sitenote_active":false,"_monsterinsights_sitenote_note":"","_monsterinsights_sitenote_category":0,"_uf_show_specific_survey":0,"_uf_disable_surveys":false,"footnotes":""},"categories":[23,15],"tags":[],"yoast_head":"<!-- This site is optimized with the Yoast SEO plugin v21.5 - https:\/\/yoast.com\/wordpress\/plugins\/seo\/ -->\n<title>Dejona Mihali pas konferenc\u00ebs s\u00eb LDK-s\u00eb: Kaq ka mundur t\u00eb thot\u00eb edhe Bek\u00eb Berisha<\/title>\n<meta name=\"robots\" content=\"index, follow, max-snippet:-1, max-image-preview:large, max-video-preview:-1\" \/>\n<link rel=\"canonical\" href=\"https:\/\/permbledhja.com\/sq\/dejona-mihali-pas-konferences-se-ldk-se-kaq-ka-mundur-te-thote-edhe-beke-berisha\/\" \/>\n<meta property=\"og:locale\" content=\"sq_AL\" \/>\n<meta property=\"og:type\" content=\"article\" \/>\n<meta property=\"og:title\" content=\"Dejona Mihali pas konferenc\u00ebs s\u00eb LDK-s\u00eb: Kaq ka mundur t\u00eb thot\u00eb edhe Bek\u00eb Berisha\" \/>\n<meta property=\"og:description\" content=\"Pasi ministria e Arsimit nuk ka arritur t\u2019i siguroj\u00eb librat p\u00ebr nx\u00ebn\u00ebsit e fillores, p\u00ebr her\u00eb t\u00eb par\u00eb pas disa vjet\u00ebve, LDK-ja ka k\u00ebrkuar dor\u00ebheqjen e ministres Arb\u00ebrie Nagavci. P\u00ebr k\u00ebt\u00eb k\u00ebrkes\u00eb, ka shkruar sot zyrtarja e lart\u00eb e L\u00ebvizjes Vet\u00ebvendosje, Dejona Milahi. Mihali ka ironizuar me \u00e7\u00ebshtjen e librave dhe me k\u00ebrkes\u00ebn e LDK-s\u00eb. [&hellip;]\" \/>\n<meta property=\"og:url\" content=\"https:\/\/permbledhja.com\/sq\/dejona-mihali-pas-konferences-se-ldk-se-kaq-ka-mundur-te-thote-edhe-beke-berisha\/\" \/>\n<meta property=\"og:site_name\" content=\"Ve\u00e7 artikuj p\u00ebrmbledh\u00ebs\" \/>\n<meta property=\"article:publisher\" content=\"https:\/\/www.facebook.com\/press07\/\" \/>\n<meta property=\"article:published_time\" content=\"2023-08-22T09:33:49+00:00\" \/>\n<meta property=\"og:image\" content=\"https:\/\/permbledhja.com\/wp-content\/uploads\/2023\/08\/Screenshot_1-60-600x360-1.webp\" \/>\n\t<meta property=\"og:image:width\" content=\"600\" \/>\n\t<meta property=\"og:image:height\" content=\"360\" \/>\n\t<meta property=\"og:image:type\" content=\"image\/webp\" \/>\n<meta name=\"author\" content=\"M M\" \/>\n<meta name=\"twitter:card\" content=\"summary_large_image\" \/>\n<meta name=\"twitter:label1\" content=\"Written by\" \/>\n\t<meta name=\"twitter:data1\" content=\"M M\" \/>\n\t<meta name=\"twitter:label2\" content=\"Est. reading time\" \/>\n\t<meta name=\"twitter:data2\" content=\"1 minut\u00eb\" \/>\n<script type=\"application\/ld+json\" class=\"yoast-schema-graph\">{\"@context\":\"https:\/\/schema.org\",\"@graph\":[{\"@type\":\"Article\",\"@id\":\"https:\/\/permbledhja.com\/dejona-mihali-pas-konferences-se-ldk-se-kaq-ka-mundur-te-thote-edhe-beke-berisha\/#article\",\"isPartOf\":{\"@id\":\"https:\/\/permbledhja.com\/dejona-mihali-pas-konferences-se-ldk-se-kaq-ka-mundur-te-thote-edhe-beke-berisha\/\"},\"author\":{\"name\":\"M M\",\"@id\":\"https:\/\/permbledhja.com\/#\/schema\/person\/d23f13f59b5722643933d6780783acf3\"},\"headline\":\"Dejona Mihali pas konferenc\u00ebs s\u00eb LDK-s\u00eb: Kaq ka mundur t\u00eb thot\u00eb edhe Bek\u00eb Berisha\",\"datePublished\":\"2023-08-22T09:33:49+00:00\",\"dateModified\":\"2023-08-22T09:33:49+00:00\",\"mainEntityOfPage\":{\"@id\":\"https:\/\/permbledhja.com\/dejona-mihali-pas-konferences-se-ldk-se-kaq-ka-mundur-te-thote-edhe-beke-berisha\/\"},\"wordCount\":174,\"publisher\":{\"@id\":\"https:\/\/permbledhja.com\/#organization\"},\"articleSection\":[\"Komb\u00ebtare\",\"Lajme\"],\"inLanguage\":\"sq\"},{\"@type\":\"WebPage\",\"@id\":\"https:\/\/permbledhja.com\/dejona-mihali-pas-konferences-se-ldk-se-kaq-ka-mundur-te-thote-edhe-beke-berisha\/\",\"url\":\"https:\/\/permbledhja.com\/dejona-mihali-pas-konferences-se-ldk-se-kaq-ka-mundur-te-thote-edhe-beke-berisha\/\",\"name\":\"Dejona Mihali pas konferenc\u00ebs s\u00eb LDK-s\u00eb: Kaq ka mundur t\u00eb thot\u00eb edhe Bek\u00eb Berisha\",\"isPartOf\":{\"@id\":\"https:\/\/permbledhja.com\/#website\"},\"datePublished\":\"2023-08-22T09:33:49+00:00\",\"dateModified\":\"2023-08-22T09:33:49+00:00\",\"breadcrumb\":{\"@id\":\"https:\/\/permbledhja.com\/dejona-mihali-pas-konferences-se-ldk-se-kaq-ka-mundur-te-thote-edhe-beke-berisha\/#breadcrumb\"},\"inLanguage\":\"sq\",\"potentialAction\":[{\"@type\":\"ReadAction\",\"target\":[\"https:\/\/permbledhja.com\/dejona-mihali-pas-konferences-se-ldk-se-kaq-ka-mundur-te-thote-edhe-beke-berisha\/\"]}]},{\"@type\":\"BreadcrumbList\",\"@id\":\"https:\/\/permbledhja.com\/dejona-mihali-pas-konferences-se-ldk-se-kaq-ka-mundur-te-thote-edhe-beke-berisha\/#breadcrumb\",\"itemListElement\":[{\"@type\":\"ListItem\",\"position\":1,\"name\":\"Ballina\",\"item\":\"https:\/\/permbledhja.com\/sq\/\"},{\"@type\":\"ListItem\",\"position\":2,\"name\":\"Dejona Mihali pas konferenc\u00ebs s\u00eb LDK-s\u00eb: Kaq ka mundur t\u00eb thot\u00eb edhe Bek\u00eb Berisha\"}]},{\"@type\":\"WebSite\",\"@id\":\"https:\/\/permbledhja.com\/#website\",\"url\":\"https:\/\/permbledhja.com\/\",\"name\":\"Ve\u00e7 artikuj p\u00ebrmbledh\u00ebs\",\"description\":\"\",\"publisher\":{\"@id\":\"https:\/\/permbledhja.com\/#organization\"},\"potentialAction\":[{\"@type\":\"SearchAction\",\"target\":{\"@type\":\"EntryPoint\",\"urlTemplate\":\"https:\/\/permbledhja.com\/?s={search_term_string}\"},\"query-input\":\"required name=search_term_string\"}],\"inLanguage\":\"sq\"},{\"@type\":\"Organization\",\"@id\":\"https:\/\/permbledhja.com\/#organization\",\"name\":\"MK Media & Pr\",\"url\":\"https:\/\/permbledhja.com\/\",\"logo\":{\"@type\":\"ImageObject\",\"inLanguage\":\"sq\",\"@id\":\"https:\/\/permbledhja.com\/#\/schema\/logo\/image\/\",\"url\":\"https:\/\/permbledhja.com\/wp-content\/uploads\/2021\/12\/07-Press-Logo.jpg\",\"contentUrl\":\"https:\/\/permbledhja.com\/wp-content\/uploads\/2021\/12\/07-Press-Logo.jpg\",\"width\":512,\"height\":512,\"caption\":\"MK Media & Pr\"},\"image\":{\"@id\":\"https:\/\/permbledhja.com\/#\/schema\/logo\/image\/\"},\"sameAs\":[\"https:\/\/www.facebook.com\/press07\/\"]},{\"@type\":\"Person\",\"@id\":\"https:\/\/permbledhja.com\/#\/schema\/person\/d23f13f59b5722643933d6780783acf3\",\"name\":\"M M\",\"image\":{\"@type\":\"ImageObject\",\"inLanguage\":\"sq\",\"@id\":\"https:\/\/permbledhja.com\/#\/schema\/person\/image\/\",\"url\":\"https:\/\/secure.gravatar.com\/avatar\/e2835a76ca7c31a2416b2d51c4ec9a8f?s=96&d=mm&r=g\",\"contentUrl\":\"https:\/\/secure.gravatar.com\/avatar\/e2835a76ca7c31a2416b2d51c4ec9a8f?s=96&d=mm&r=g\",\"caption\":\"M M\"},\"sameAs\":[\"http:\/\/MM\"],\"url\":\"https:\/\/permbledhja.com\/sq\/author\/muhamet\/\"}]}<\/script>\n<!-- \/ Yoast SEO plugin. -->","yoast_head_json":{"title":"Dejona Mihali pas konferenc\u00ebs s\u00eb LDK-s\u00eb: Kaq ka mundur t\u00eb thot\u00eb edhe Bek\u00eb Berisha","robots":{"index":"index","follow":"follow","max-snippet":"max-snippet:-1","max-image-preview":"max-image-preview:large","max-video-preview":"max-video-preview:-1"},"canonical":"https:\/\/permbledhja.com\/sq\/dejona-mihali-pas-konferences-se-ldk-se-kaq-ka-mundur-te-thote-edhe-beke-berisha\/","og_locale":"sq_AL","og_type":"article","og_title":"Dejona Mihali pas konferenc\u00ebs s\u00eb LDK-s\u00eb: Kaq ka mundur t\u00eb thot\u00eb edhe Bek\u00eb Berisha","og_description":"Pasi ministria e Arsimit nuk ka arritur t\u2019i siguroj\u00eb librat p\u00ebr nx\u00ebn\u00ebsit e fillores, p\u00ebr her\u00eb t\u00eb par\u00eb pas disa vjet\u00ebve, LDK-ja ka k\u00ebrkuar dor\u00ebheqjen e ministres Arb\u00ebrie Nagavci. P\u00ebr k\u00ebt\u00eb k\u00ebrkes\u00eb, ka shkruar sot zyrtarja e lart\u00eb e L\u00ebvizjes Vet\u00ebvendosje, Dejona Milahi. Mihali ka ironizuar me \u00e7\u00ebshtjen e librave dhe me k\u00ebrkes\u00ebn e LDK-s\u00eb. [&hellip;]","og_url":"https:\/\/permbledhja.com\/sq\/dejona-mihali-pas-konferences-se-ldk-se-kaq-ka-mundur-te-thote-edhe-beke-berisha\/","og_site_name":"Ve\u00e7 artikuj p\u00ebrmbledh\u00ebs","article_publisher":"https:\/\/www.facebook.com\/press07\/","article_published_time":"2023-08-22T09:33:49+00:00","og_image":[{"width":600,"height":360,"url":"https:\/\/permbledhja.com\/wp-content\/uploads\/2023\/08\/Screenshot_1-60-600x360-1.webp","type":"image\/webp"}],"author":"M M","twitter_card":"summary_large_image","twitter_misc":{"Written by":"M M","Est. reading time":"1 minut\u00eb"},"schema":{"@context":"https:\/\/schema.org","@graph":[{"@type":"Article","@id":"https:\/\/permbledhja.com\/dejona-mihali-pas-konferences-se-ldk-se-kaq-ka-mundur-te-thote-edhe-beke-berisha\/#article","isPartOf":{"@id":"https:\/\/permbledhja.com\/dejona-mihali-pas-konferences-se-ldk-se-kaq-ka-mundur-te-thote-edhe-beke-berisha\/"},"author":{"name":"M M","@id":"https:\/\/permbledhja.com\/#\/schema\/person\/d23f13f59b5722643933d6780783acf3"},"headline":"Dejona Mihali pas konferenc\u00ebs s\u00eb LDK-s\u00eb: Kaq ka mundur t\u00eb thot\u00eb edhe Bek\u00eb Berisha","datePublished":"2023-08-22T09:33:49+00:00","dateModified":"2023-08-22T09:33:49+00:00","mainEntityOfPage":{"@id":"https:\/\/permbledhja.com\/dejona-mihali-pas-konferences-se-ldk-se-kaq-ka-mundur-te-thote-edhe-beke-berisha\/"},"wordCount":174,"publisher":{"@id":"https:\/\/permbledhja.com\/#organization"},"articleSection":["Komb\u00ebtare","Lajme"],"inLanguage":"sq"},{"@type":"WebPage","@id":"https:\/\/permbledhja.com\/dejona-mihali-pas-konferences-se-ldk-se-kaq-ka-mundur-te-thote-edhe-beke-berisha\/","url":"https:\/\/permbledhja.com\/dejona-mihali-pas-konferences-se-ldk-se-kaq-ka-mundur-te-thote-edhe-beke-berisha\/","name":"Dejona Mihali pas konferenc\u00ebs s\u00eb LDK-s\u00eb: Kaq ka mundur t\u00eb thot\u00eb edhe Bek\u00eb Berisha","isPartOf":{"@id":"https:\/\/permbledhja.com\/#website"},"datePublished":"2023-08-22T09:33:49+00:00","dateModified":"2023-08-22T09:33:49+00:00","breadcrumb":{"@id":"https:\/\/permbledhja.com\/dejona-mihali-pas-konferences-se-ldk-se-kaq-ka-mundur-te-thote-edhe-beke-berisha\/#breadcrumb"},"inLanguage":"sq","potentialAction":[{"@type":"ReadAction","target":["https:\/\/permbledhja.com\/dejona-mihali-pas-konferences-se-ldk-se-kaq-ka-mundur-te-thote-edhe-beke-berisha\/"]}]},{"@type":"BreadcrumbList","@id":"https:\/\/permbledhja.com\/dejona-mihali-pas-konferences-se-ldk-se-kaq-ka-mundur-te-thote-edhe-beke-berisha\/#breadcrumb","itemListElement":[{"@type":"ListItem","position":1,"name":"Ballina","item":"https:\/\/permbledhja.com\/sq\/"},{"@type":"ListItem","position":2,"name":"Dejona Mihali pas konferenc\u00ebs s\u00eb LDK-s\u00eb: Kaq ka mundur t\u00eb thot\u00eb edhe Bek\u00eb Berisha"}]},{"@type":"WebSite","@id":"https:\/\/permbledhja.com\/#website","url":"https:\/\/permbledhja.com\/","name":"Ve\u00e7 artikuj p\u00ebrmbledh\u00ebs","description":"","publisher":{"@id":"https:\/\/permbledhja.com\/#organization"},"potentialAction":[{"@type":"SearchAction","target":{"@type":"EntryPoint","urlTemplate":"https:\/\/permbledhja.com\/?s={search_term_string}"},"query-input":"required name=search_term_string"}],"inLanguage":"sq"},{"@type":"Organization","@id":"https:\/\/permbledhja.com\/#organization","name":"MK Media & Pr","url":"https:\/\/permbledhja.com\/","logo":{"@type":"ImageObject","inLanguage":"sq","@id":"https:\/\/permbledhja.com\/#\/schema\/logo\/image\/","url":"https:\/\/permbledhja.com\/wp-content\/uploads\/2021\/12\/07-Press-Logo.jpg","contentUrl":"https:\/\/permbledhja.com\/wp-content\/uploads\/2021\/12\/07-Press-Logo.jpg","width":512,"height":512,"caption":"MK Media & Pr"},"image":{"@id":"https:\/\/permbledhja.com\/#\/schema\/logo\/image\/"},"sameAs":["https:\/\/www.facebook.com\/press07\/"]},{"@type":"Person","@id":"https:\/\/permbledhja.com\/#\/schema\/person\/d23f13f59b5722643933d6780783acf3","name":"M M","image":{"@type":"ImageObject","inLanguage":"sq","@id":"https:\/\/permbledhja.com\/#\/schema\/person\/image\/","url":"https:\/\/secure.gravatar.com\/avatar\/e2835a76ca7c31a2416b2d51c4ec9a8f?s=96&d=mm&r=g","contentUrl":"https:\/\/secure.gravatar.com\/avatar\/e2835a76ca7c31a2416b2d51c4ec9a8f?s=96&d=mm&r=g","caption":"M M"},"sameAs":["http:\/\/MM"],"url":"https:\/\/permbledhja.com\/sq\/author\/muhamet\/"}]}},"_links":{"self":[{"href":"https:\/\/permbledhja.com\/sq\/wp-json\/wp\/v2\/posts\/24278"}],"collection":[{"href":"https:\/\/permbledhja.com\/sq\/wp-json\/wp\/v2\/posts"}],"about":[{"href":"https:\/\/permbledhja.com\/sq\/wp-json\/wp\/v2\/types\/post"}],"author":[{"embeddable":true,"href":"https:\/\/permbledhja.com\/sq\/wp-json\/wp\/v2\/users\/2"}],"replies":[{"embeddable":true,"href":"https:\/\/permbledhja.com\/sq\/wp-json\/wp\/v2\/comments?post=24278"}],"version-history":[{"count":1,"href":"https:\/\/permbledhja.com\/sq\/wp-json\/wp\/v2\/posts\/24278\/revisions"}],"predecessor-version":[{"id":24280,"href":"https:\/\/permbledhja.com\/sq\/wp-json\/wp\/v2\/posts\/24278\/revisions\/24280"}],"wp:featuredmedia":[{"embeddable":true,"href":"https:\/\/permbledhja.com\/sq\/wp-json\/wp\/v2\/media\/24279"}],"wp:attachment":[{"href":"https:\/\/permbledhja.com\/sq\/wp-json\/wp\/v2\/media?parent=24278"}],"wp:term":[{"taxonomy":"category","embeddable":true,"href":"https:\/\/permbledhja.com\/sq\/wp-json\/wp\/v2\/categories?post=24278"},{"taxonomy":"post_tag","embeddable":true,"href":"https:\/\/permbledhja.com\/sq\/wp-json\/wp\/v2\/tags?post=24278"}],"curies":[{"name":"wp","href":"https:\/\/api.w.org\/{rel}","templated":true}]}}