{"id":24190,"date":"2023-08-21T14:27:01","date_gmt":"2023-08-21T14:27:01","guid":{"rendered":"https:\/\/permbledhja.com\/?p=24190"},"modified":"2023-08-21T14:48:33","modified_gmt":"2023-08-21T14:48:33","slug":"libraria-dukagjini-demanton-ministren-nagavci-oferta-jone-ka-qene-per-4-me-e-lire-sesa-ne-vitin-2022","status":"publish","type":"post","link":"https:\/\/permbledhja.com\/sq\/libraria-dukagjini-demanton-ministren-nagavci-oferta-jone-ka-qene-per-4-me-e-lire-sesa-ne-vitin-2022\/","title":{"rendered":"Libraria Dukagjini demanton ministren Nagavci: Oferta jon\u00eb ka qen\u00eb p\u00ebr 4% m\u00eb e lir\u00eb sesa n\u00eb vitin 2022"},"content":{"rendered":"<h2>Vazhdojn\u00eb reagimet ndaj ministris\u00eb s\u00eb Arsimit lidhur me blerjen e librave shkollor\u00eb p\u00ebr nx\u00ebn\u00ebsit kosovar\u00eb.<\/h2>\n<p>P\u00ebrderisa ministrja Nagavci tha se ofertat kan\u00eb qen\u00eb shum\u00eb t\u00eb larta dhe nj\u00ebra prej ideve \u00ebsht\u00eb q\u00eb t\u00eb vazhdohet me rimbur\u00ebsim t\u00eb prind\u00ebrve me k\u00ebta t\u00eb fundit q\u00eb duhet t\u2019i blejn\u00eb librat, nj\u00ebri prej ofertuesve ka dal\u00eb me nj\u00eb deklarim publik.<\/p>\n<p>B\u00ebhet fjal\u00eb p\u00ebr kompanin\u00eb Dukagjini, q\u00eb ka shtuar se oferta e tyre ka qen\u00eb p\u00ebr 4 p\u00ebr qind m\u00eb e lir\u00eb sesa vitin e kaluar.<\/p>\n<p>M\u00eb posht\u00eb reagimi i plot\u00eb:<\/p>\n<p><iframe loading=\"lazy\" style=\"border: none; overflow: hidden;\" src=\"https:\/\/www.facebook.com\/plugins\/post.php?href=https%3A%2F%2Fwww.facebook.com%2Fdukagjinipublishing%2Fposts%2Fpfbid0hfpMhtCet1GUaic3Mx1to6yAaF1cqRpXqysvfJap9xdaMUruuCHErYXkA3CRo2Tql&amp;show_text=true&amp;width=500\" width=\"500\" height=\"219\" frameborder=\"0\" scrolling=\"no\" allowfullscreen=\"allowfullscreen\"><\/iframe><\/p>\n","protected":false},"excerpt":{"rendered":"<p>Vazhdojn\u00eb reagimet ndaj ministris\u00eb s\u00eb Arsimit lidhur me blerjen e librave shkollor\u00eb p\u00ebr nx\u00ebn\u00ebsit kosovar\u00eb. P\u00ebrderisa ministrja Nagavci tha se ofertat kan\u00eb qen\u00eb shum\u00eb t\u00eb larta dhe nj\u00ebra prej ideve \u00ebsht\u00eb q\u00eb t\u00eb vazhdohet me rimbur\u00ebsim t\u00eb prind\u00ebrve me k\u00ebta t\u00eb fundit q\u00eb duhet t\u2019i blejn\u00eb librat, nj\u00ebri prej ofertuesve ka dal\u00eb me nj\u00eb deklarim [&hellip;]<\/p>\n","protected":false},"author":1,"featured_media":24191,"comment_status":"closed","ping_status":"closed","sticky":false,"template":"","format":"standard","meta":{"_monsterinsights_skip_tracking":false,"_monsterinsights_sitenote_active":false,"_monsterinsights_sitenote_note":"","_monsterinsights_sitenote_category":0,"_uf_show_specific_survey":0,"_uf_disable_surveys":false,"footnotes":""},"categories":[1146],"tags":[2306],"yoast_head":"<!-- This site is optimized with the Yoast SEO plugin v21.5 - https:\/\/yoast.com\/wordpress\/plugins\/seo\/ -->\n<title>Libraria Dukagjini demanton ministren Nagavci: Oferta jon\u00eb ka qen\u00eb p\u00ebr 4% m\u00eb e lir\u00eb sesa n\u00eb vitin 2022<\/title>\n<meta name=\"robots\" content=\"index, follow, max-snippet:-1, max-image-preview:large, max-video-preview:-1\" \/>\n<link rel=\"canonical\" href=\"https:\/\/permbledhja.com\/sq\/libraria-dukagjini-demanton-ministren-nagavci-oferta-jone-ka-qene-per-4-me-e-lire-sesa-ne-vitin-2022\/\" \/>\n<meta property=\"og:locale\" content=\"sq_AL\" \/>\n<meta property=\"og:type\" content=\"article\" \/>\n<meta property=\"og:title\" content=\"Libraria Dukagjini demanton ministren Nagavci: Oferta jon\u00eb ka qen\u00eb p\u00ebr 4% m\u00eb e lir\u00eb sesa n\u00eb vitin 2022\" \/>\n<meta property=\"og:description\" content=\"Vazhdojn\u00eb reagimet ndaj ministris\u00eb s\u00eb Arsimit lidhur me blerjen e librave shkollor\u00eb p\u00ebr nx\u00ebn\u00ebsit kosovar\u00eb. P\u00ebrderisa ministrja Nagavci tha se ofertat kan\u00eb qen\u00eb shum\u00eb t\u00eb larta dhe nj\u00ebra prej ideve \u00ebsht\u00eb q\u00eb t\u00eb vazhdohet me rimbur\u00ebsim t\u00eb prind\u00ebrve me k\u00ebta t\u00eb fundit q\u00eb duhet t\u2019i blejn\u00eb librat, nj\u00ebri prej ofertuesve ka dal\u00eb me nj\u00eb deklarim [&hellip;]\" \/>\n<meta property=\"og:url\" content=\"https:\/\/permbledhja.com\/sq\/libraria-dukagjini-demanton-ministren-nagavci-oferta-jone-ka-qene-per-4-me-e-lire-sesa-ne-vitin-2022\/\" \/>\n<meta property=\"og:site_name\" content=\"Ve\u00e7 artikuj p\u00ebrmbledh\u00ebs\" \/>\n<meta property=\"article:publisher\" content=\"https:\/\/www.facebook.com\/press07\/\" \/>\n<meta property=\"article:author\" content=\"https:\/\/www.facebook.com\/kafexhiu.muharrem\/\" \/>\n<meta property=\"article:published_time\" content=\"2023-08-21T14:27:01+00:00\" \/>\n<meta property=\"article:modified_time\" content=\"2023-08-21T14:48:33+00:00\" \/>\n<meta property=\"og:image\" content=\"https:\/\/permbledhja.com\/wp-content\/uploads\/2023\/08\/Untitled-design-4.png\" \/>\n\t<meta property=\"og:image:width\" content=\"1920\" \/>\n\t<meta property=\"og:image:height\" content=\"1080\" \/>\n\t<meta property=\"og:image:type\" content=\"image\/png\" \/>\n<meta name=\"author\" content=\"P\u00ebrmbledhja\" \/>\n<meta name=\"twitter:card\" content=\"summary_large_image\" \/>\n<meta name=\"twitter:label1\" content=\"Written by\" \/>\n\t<meta name=\"twitter:data1\" content=\"P\u00ebrmbledhja\" \/>\n<script type=\"application\/ld+json\" class=\"yoast-schema-graph\">{\"@context\":\"https:\/\/schema.org\",\"@graph\":[{\"@type\":\"Article\",\"@id\":\"https:\/\/permbledhja.com\/libraria-dukagjini-demanton-ministren-nagavci-oferta-jone-ka-qene-per-4-me-e-lire-sesa-ne-vitin-2022\/#article\",\"isPartOf\":{\"@id\":\"https:\/\/permbledhja.com\/libraria-dukagjini-demanton-ministren-nagavci-oferta-jone-ka-qene-per-4-me-e-lire-sesa-ne-vitin-2022\/\"},\"author\":{\"name\":\"P\u00ebrmbledhja\",\"@id\":\"https:\/\/permbledhja.com\/#\/schema\/person\/0d064377258d3221e50693947b9eb4fe\"},\"headline\":\"Libraria Dukagjini demanton ministren Nagavci: Oferta jon\u00eb ka qen\u00eb p\u00ebr 4% m\u00eb e lir\u00eb sesa n\u00eb vitin 2022\",\"datePublished\":\"2023-08-21T14:27:01+00:00\",\"dateModified\":\"2023-08-21T14:48:33+00:00\",\"mainEntityOfPage\":{\"@id\":\"https:\/\/permbledhja.com\/libraria-dukagjini-demanton-ministren-nagavci-oferta-jone-ka-qene-per-4-me-e-lire-sesa-ne-vitin-2022\/\"},\"wordCount\":116,\"publisher\":{\"@id\":\"https:\/\/permbledhja.com\/#organization\"},\"keywords\":[\"Nagavci\"],\"articleSection\":[\"Kryesoret\"],\"inLanguage\":\"sq\"},{\"@type\":\"WebPage\",\"@id\":\"https:\/\/permbledhja.com\/libraria-dukagjini-demanton-ministren-nagavci-oferta-jone-ka-qene-per-4-me-e-lire-sesa-ne-vitin-2022\/\",\"url\":\"https:\/\/permbledhja.com\/libraria-dukagjini-demanton-ministren-nagavci-oferta-jone-ka-qene-per-4-me-e-lire-sesa-ne-vitin-2022\/\",\"name\":\"Libraria Dukagjini demanton ministren Nagavci: Oferta jon\u00eb ka qen\u00eb p\u00ebr 4% m\u00eb e lir\u00eb sesa n\u00eb vitin 2022\",\"isPartOf\":{\"@id\":\"https:\/\/permbledhja.com\/#website\"},\"datePublished\":\"2023-08-21T14:27:01+00:00\",\"dateModified\":\"2023-08-21T14:48:33+00:00\",\"breadcrumb\":{\"@id\":\"https:\/\/permbledhja.com\/libraria-dukagjini-demanton-ministren-nagavci-oferta-jone-ka-qene-per-4-me-e-lire-sesa-ne-vitin-2022\/#breadcrumb\"},\"inLanguage\":\"sq\",\"potentialAction\":[{\"@type\":\"ReadAction\",\"target\":[\"https:\/\/permbledhja.com\/libraria-dukagjini-demanton-ministren-nagavci-oferta-jone-ka-qene-per-4-me-e-lire-sesa-ne-vitin-2022\/\"]}]},{\"@type\":\"BreadcrumbList\",\"@id\":\"https:\/\/permbledhja.com\/libraria-dukagjini-demanton-ministren-nagavci-oferta-jone-ka-qene-per-4-me-e-lire-sesa-ne-vitin-2022\/#breadcrumb\",\"itemListElement\":[{\"@type\":\"ListItem\",\"position\":1,\"name\":\"Ballina\",\"item\":\"https:\/\/permbledhja.com\/sq\/\"},{\"@type\":\"ListItem\",\"position\":2,\"name\":\"Libraria Dukagjini demanton ministren Nagavci: Oferta jon\u00eb ka qen\u00eb p\u00ebr 4% m\u00eb e lir\u00eb sesa n\u00eb vitin 2022\"}]},{\"@type\":\"WebSite\",\"@id\":\"https:\/\/permbledhja.com\/#website\",\"url\":\"https:\/\/permbledhja.com\/\",\"name\":\"Ve\u00e7 artikuj p\u00ebrmbledh\u00ebs\",\"description\":\"\",\"publisher\":{\"@id\":\"https:\/\/permbledhja.com\/#organization\"},\"potentialAction\":[{\"@type\":\"SearchAction\",\"target\":{\"@type\":\"EntryPoint\",\"urlTemplate\":\"https:\/\/permbledhja.com\/?s={search_term_string}\"},\"query-input\":\"required name=search_term_string\"}],\"inLanguage\":\"sq\"},{\"@type\":\"Organization\",\"@id\":\"https:\/\/permbledhja.com\/#organization\",\"name\":\"MK Media & Pr\",\"url\":\"https:\/\/permbledhja.com\/\",\"logo\":{\"@type\":\"ImageObject\",\"inLanguage\":\"sq\",\"@id\":\"https:\/\/permbledhja.com\/#\/schema\/logo\/image\/\",\"url\":\"https:\/\/permbledhja.com\/wp-content\/uploads\/2021\/12\/07-Press-Logo.jpg\",\"contentUrl\":\"https:\/\/permbledhja.com\/wp-content\/uploads\/2021\/12\/07-Press-Logo.jpg\",\"width\":512,\"height\":512,\"caption\":\"MK Media & Pr\"},\"image\":{\"@id\":\"https:\/\/permbledhja.com\/#\/schema\/logo\/image\/\"},\"sameAs\":[\"https:\/\/www.facebook.com\/press07\/\"]},{\"@type\":\"Person\",\"@id\":\"https:\/\/permbledhja.com\/#\/schema\/person\/0d064377258d3221e50693947b9eb4fe\",\"name\":\"P\u00ebrmbledhja\",\"image\":{\"@type\":\"ImageObject\",\"inLanguage\":\"sq\",\"@id\":\"https:\/\/permbledhja.com\/#\/schema\/person\/image\/\",\"url\":\"https:\/\/permbledhja.com\/wp-content\/uploads\/2026\/01\/452004717_1040944174702970_8932037511805513407_n-96x96.jpg\",\"contentUrl\":\"https:\/\/permbledhja.com\/wp-content\/uploads\/2026\/01\/452004717_1040944174702970_8932037511805513407_n-96x96.jpg\",\"caption\":\"P\u00ebrmbledhja\"},\"sameAs\":[\"https:\/\/www.facebook.com\/kafexhiu.muharrem\/\",\"https:\/\/www.instagram.com\/muharrem_kafexhiu\/\"],\"url\":\"https:\/\/permbledhja.com\/sq\/author\/admin\/\"}]}<\/script>\n<!-- \/ Yoast SEO plugin. -->","yoast_head_json":{"title":"Libraria Dukagjini demanton ministren Nagavci: Oferta jon\u00eb ka qen\u00eb p\u00ebr 4% m\u00eb e lir\u00eb sesa n\u00eb vitin 2022","robots":{"index":"index","follow":"follow","max-snippet":"max-snippet:-1","max-image-preview":"max-image-preview:large","max-video-preview":"max-video-preview:-1"},"canonical":"https:\/\/permbledhja.com\/sq\/libraria-dukagjini-demanton-ministren-nagavci-oferta-jone-ka-qene-per-4-me-e-lire-sesa-ne-vitin-2022\/","og_locale":"sq_AL","og_type":"article","og_title":"Libraria Dukagjini demanton ministren Nagavci: Oferta jon\u00eb ka qen\u00eb p\u00ebr 4% m\u00eb e lir\u00eb sesa n\u00eb vitin 2022","og_description":"Vazhdojn\u00eb reagimet ndaj ministris\u00eb s\u00eb Arsimit lidhur me blerjen e librave shkollor\u00eb p\u00ebr nx\u00ebn\u00ebsit kosovar\u00eb. P\u00ebrderisa ministrja Nagavci tha se ofertat kan\u00eb qen\u00eb shum\u00eb t\u00eb larta dhe nj\u00ebra prej ideve \u00ebsht\u00eb q\u00eb t\u00eb vazhdohet me rimbur\u00ebsim t\u00eb prind\u00ebrve me k\u00ebta t\u00eb fundit q\u00eb duhet t\u2019i blejn\u00eb librat, nj\u00ebri prej ofertuesve ka dal\u00eb me nj\u00eb deklarim [&hellip;]","og_url":"https:\/\/permbledhja.com\/sq\/libraria-dukagjini-demanton-ministren-nagavci-oferta-jone-ka-qene-per-4-me-e-lire-sesa-ne-vitin-2022\/","og_site_name":"Ve\u00e7 artikuj p\u00ebrmbledh\u00ebs","article_publisher":"https:\/\/www.facebook.com\/press07\/","article_author":"https:\/\/www.facebook.com\/kafexhiu.muharrem\/","article_published_time":"2023-08-21T14:27:01+00:00","article_modified_time":"2023-08-21T14:48:33+00:00","og_image":[{"width":1920,"height":1080,"url":"https:\/\/permbledhja.com\/wp-content\/uploads\/2023\/08\/Untitled-design-4.png","type":"image\/png"}],"author":"P\u00ebrmbledhja","twitter_card":"summary_large_image","twitter_misc":{"Written by":"P\u00ebrmbledhja"},"schema":{"@context":"https:\/\/schema.org","@graph":[{"@type":"Article","@id":"https:\/\/permbledhja.com\/libraria-dukagjini-demanton-ministren-nagavci-oferta-jone-ka-qene-per-4-me-e-lire-sesa-ne-vitin-2022\/#article","isPartOf":{"@id":"https:\/\/permbledhja.com\/libraria-dukagjini-demanton-ministren-nagavci-oferta-jone-ka-qene-per-4-me-e-lire-sesa-ne-vitin-2022\/"},"author":{"name":"P\u00ebrmbledhja","@id":"https:\/\/permbledhja.com\/#\/schema\/person\/0d064377258d3221e50693947b9eb4fe"},"headline":"Libraria Dukagjini demanton ministren Nagavci: Oferta jon\u00eb ka qen\u00eb p\u00ebr 4% m\u00eb e lir\u00eb sesa n\u00eb vitin 2022","datePublished":"2023-08-21T14:27:01+00:00","dateModified":"2023-08-21T14:48:33+00:00","mainEntityOfPage":{"@id":"https:\/\/permbledhja.com\/libraria-dukagjini-demanton-ministren-nagavci-oferta-jone-ka-qene-per-4-me-e-lire-sesa-ne-vitin-2022\/"},"wordCount":116,"publisher":{"@id":"https:\/\/permbledhja.com\/#organization"},"keywords":["Nagavci"],"articleSection":["Kryesoret"],"inLanguage":"sq"},{"@type":"WebPage","@id":"https:\/\/permbledhja.com\/libraria-dukagjini-demanton-ministren-nagavci-oferta-jone-ka-qene-per-4-me-e-lire-sesa-ne-vitin-2022\/","url":"https:\/\/permbledhja.com\/libraria-dukagjini-demanton-ministren-nagavci-oferta-jone-ka-qene-per-4-me-e-lire-sesa-ne-vitin-2022\/","name":"Libraria Dukagjini demanton ministren Nagavci: Oferta jon\u00eb ka qen\u00eb p\u00ebr 4% m\u00eb e lir\u00eb sesa n\u00eb vitin 2022","isPartOf":{"@id":"https:\/\/permbledhja.com\/#website"},"datePublished":"2023-08-21T14:27:01+00:00","dateModified":"2023-08-21T14:48:33+00:00","breadcrumb":{"@id":"https:\/\/permbledhja.com\/libraria-dukagjini-demanton-ministren-nagavci-oferta-jone-ka-qene-per-4-me-e-lire-sesa-ne-vitin-2022\/#breadcrumb"},"inLanguage":"sq","potentialAction":[{"@type":"ReadAction","target":["https:\/\/permbledhja.com\/libraria-dukagjini-demanton-ministren-nagavci-oferta-jone-ka-qene-per-4-me-e-lire-sesa-ne-vitin-2022\/"]}]},{"@type":"BreadcrumbList","@id":"https:\/\/permbledhja.com\/libraria-dukagjini-demanton-ministren-nagavci-oferta-jone-ka-qene-per-4-me-e-lire-sesa-ne-vitin-2022\/#breadcrumb","itemListElement":[{"@type":"ListItem","position":1,"name":"Ballina","item":"https:\/\/permbledhja.com\/sq\/"},{"@type":"ListItem","position":2,"name":"Libraria Dukagjini demanton ministren Nagavci: Oferta jon\u00eb ka qen\u00eb p\u00ebr 4% m\u00eb e lir\u00eb sesa n\u00eb vitin 2022"}]},{"@type":"WebSite","@id":"https:\/\/permbledhja.com\/#website","url":"https:\/\/permbledhja.com\/","name":"Ve\u00e7 artikuj p\u00ebrmbledh\u00ebs","description":"","publisher":{"@id":"https:\/\/permbledhja.com\/#organization"},"potentialAction":[{"@type":"SearchAction","target":{"@type":"EntryPoint","urlTemplate":"https:\/\/permbledhja.com\/?s={search_term_string}"},"query-input":"required name=search_term_string"}],"inLanguage":"sq"},{"@type":"Organization","@id":"https:\/\/permbledhja.com\/#organization","name":"MK Media & Pr","url":"https:\/\/permbledhja.com\/","logo":{"@type":"ImageObject","inLanguage":"sq","@id":"https:\/\/permbledhja.com\/#\/schema\/logo\/image\/","url":"https:\/\/permbledhja.com\/wp-content\/uploads\/2021\/12\/07-Press-Logo.jpg","contentUrl":"https:\/\/permbledhja.com\/wp-content\/uploads\/2021\/12\/07-Press-Logo.jpg","width":512,"height":512,"caption":"MK Media & Pr"},"image":{"@id":"https:\/\/permbledhja.com\/#\/schema\/logo\/image\/"},"sameAs":["https:\/\/www.facebook.com\/press07\/"]},{"@type":"Person","@id":"https:\/\/permbledhja.com\/#\/schema\/person\/0d064377258d3221e50693947b9eb4fe","name":"P\u00ebrmbledhja","image":{"@type":"ImageObject","inLanguage":"sq","@id":"https:\/\/permbledhja.com\/#\/schema\/person\/image\/","url":"https:\/\/permbledhja.com\/wp-content\/uploads\/2026\/01\/452004717_1040944174702970_8932037511805513407_n-96x96.jpg","contentUrl":"https:\/\/permbledhja.com\/wp-content\/uploads\/2026\/01\/452004717_1040944174702970_8932037511805513407_n-96x96.jpg","caption":"P\u00ebrmbledhja"},"sameAs":["https:\/\/www.facebook.com\/kafexhiu.muharrem\/","https:\/\/www.instagram.com\/muharrem_kafexhiu\/"],"url":"https:\/\/permbledhja.com\/sq\/author\/admin\/"}]}},"_links":{"self":[{"href":"https:\/\/permbledhja.com\/sq\/wp-json\/wp\/v2\/posts\/24190"}],"collection":[{"href":"https:\/\/permbledhja.com\/sq\/wp-json\/wp\/v2\/posts"}],"about":[{"href":"https:\/\/permbledhja.com\/sq\/wp-json\/wp\/v2\/types\/post"}],"author":[{"embeddable":true,"href":"https:\/\/permbledhja.com\/sq\/wp-json\/wp\/v2\/users\/1"}],"replies":[{"embeddable":true,"href":"https:\/\/permbledhja.com\/sq\/wp-json\/wp\/v2\/comments?post=24190"}],"version-history":[{"count":1,"href":"https:\/\/permbledhja.com\/sq\/wp-json\/wp\/v2\/posts\/24190\/revisions"}],"predecessor-version":[{"id":24192,"href":"https:\/\/permbledhja.com\/sq\/wp-json\/wp\/v2\/posts\/24190\/revisions\/24192"}],"wp:featuredmedia":[{"embeddable":true,"href":"https:\/\/permbledhja.com\/sq\/wp-json\/wp\/v2\/media\/24191"}],"wp:attachment":[{"href":"https:\/\/permbledhja.com\/sq\/wp-json\/wp\/v2\/media?parent=24190"}],"wp:term":[{"taxonomy":"category","embeddable":true,"href":"https:\/\/permbledhja.com\/sq\/wp-json\/wp\/v2\/categories?post=24190"},{"taxonomy":"post_tag","embeddable":true,"href":"https:\/\/permbledhja.com\/sq\/wp-json\/wp\/v2\/tags?post=24190"}],"curies":[{"name":"wp","href":"https:\/\/api.w.org\/{rel}","templated":true}]}}