{"id":24180,"date":"2023-08-21T11:08:49","date_gmt":"2023-08-21T11:08:49","guid":{"rendered":"https:\/\/permbledhja.com\/?p=24180"},"modified":"2023-08-21T11:08:49","modified_gmt":"2023-08-21T11:08:49","slug":"te-akuzuarit-per-sulm-ndaj-valon-syles-thone-se-nuk-pranojne-te-gjykohen-me-ligje-te-kosoves","status":"publish","type":"post","link":"https:\/\/permbledhja.com\/sq\/te-akuzuarit-per-sulm-ndaj-valon-syles-thone-se-nuk-pranojne-te-gjykohen-me-ligje-te-kosoves\/","title":{"rendered":"T\u00eb akuzuarit p\u00ebr sulm ndaj Valon Syl\u00ebs thon\u00eb se nuk pranojn\u00eb t\u00eb gjykohen me ligje t\u00eb Kosov\u00ebs"},"content":{"rendered":"<h3>N\u00eb Gjykat\u00ebn Themelore n\u00eb Prishtin\u00eb, t\u00eb h\u00ebn\u00ebn \u00ebsht\u00eb mbajtur shqyrtimi fillestar n\u00eb t\u00eb cilin t\u00eb akuzuarit Lum Dervishi, Kenan Hasani dhe Okan Hasani jan\u00eb mbrojtur n\u00eb heshtje, duke mos pranuar q\u00eb t\u00eb gjykohen sipas ligjeve n\u00eb fuqi por vet\u00ebm sipas ligjeve fetare.<\/h3>\n<p>Fillimisht, i akuzuari Lum Dervishi tha se nuk pranon t\u00eb gjykohet me ligjet n\u00eb fuqi, por se sulmin e b\u00ebr\u00eb ndaj t\u00eb d\u00ebmtuarit gazetarit Valon Syla nuk e mohoi.<\/p>\n<p>\u201cNuk pranoj t\u00eb gjykohem me k\u00ebto ligje, nuk e kam mohu n\u00eb stacion. E kam pranu n\u00eb Prokurori, e pranoj edhe tash\u201d, tha i akuzuari Dervishi.<\/p>\n<p>Kurse, i akuzuari Kenan Hasani tha se mund t\u00eb gjykohet vet\u00ebm m\u00eb ligjet islame dhe se nuk e pranon gjykimin i cili po b\u00ebhet, raporton Betimi p\u00ebr Drejt\u00ebsi.<\/p>\n<div class=\"img_16x9\">\n<p>\u201cVeprimin edhe un\u00eb e pranoj \u00e7far\u00eb ka ndodh\u00eb, mir\u00ebpo gjykimin nuk e pranoj sepse si mysliman duhna m\u2019u gjyku vet\u00ebm me ligj islam, un\u00eb nuk deklarohem\u201d, tha i akuzuari Kenan Hasani.<\/p>\n<p>Dhe n\u00eb fund, i akuzuari Okan Hasani tha se nuk mund t\u00eb deklarohet dhe se nuk pranon nj\u00eb gjykim t\u00eb till\u00eb.<\/p>\n<p>\u201cNuk mund t\u00eb deklarohem\u201d, tha i akuzuari i fundit Okan Hasani.<\/p>\n<p>M\u00eb pas, gjykat\u00ebsja Violeta Namani njoftoi mbrojt\u00ebsit e t\u00eb akuzuarve q\u00eb n\u00eb afat prej 30 dit\u00ebsh kan\u00eb mund\u00ebsin\u00eb p\u00ebr t\u00eb paraqitur k\u00ebrkes\u00eb p\u00ebr hudhje t\u00eb aktakuz\u00ebs dhe kund\u00ebrshtimin t\u00eb provave.<\/p>\n<\/div>\n","protected":false},"excerpt":{"rendered":"<p>N\u00eb Gjykat\u00ebn Themelore n\u00eb Prishtin\u00eb, t\u00eb h\u00ebn\u00ebn \u00ebsht\u00eb mbajtur shqyrtimi fillestar n\u00eb t\u00eb cilin t\u00eb akuzuarit Lum Dervishi, Kenan Hasani dhe Okan Hasani jan\u00eb mbrojtur n\u00eb heshtje, duke mos pranuar q\u00eb t\u00eb gjykohen sipas ligjeve n\u00eb fuqi por vet\u00ebm sipas ligjeve fetare. Fillimisht, i akuzuari Lum Dervishi tha se nuk pranon t\u00eb gjykohet me ligjet [&hellip;]<\/p>\n","protected":false},"author":2,"featured_media":24181,"comment_status":"closed","ping_status":"closed","sticky":false,"template":"","format":"standard","meta":{"_monsterinsights_skip_tracking":false,"_monsterinsights_sitenote_active":false,"_monsterinsights_sitenote_note":"","_monsterinsights_sitenote_category":0,"_uf_show_specific_survey":0,"_uf_disable_surveys":false,"footnotes":""},"categories":[23,15],"tags":[],"yoast_head":"<!-- This site is optimized with the Yoast SEO plugin v21.5 - https:\/\/yoast.com\/wordpress\/plugins\/seo\/ -->\n<title>T\u00eb akuzuarit p\u00ebr sulm ndaj Valon Syl\u00ebs thon\u00eb se nuk pranojn\u00eb t\u00eb gjykohen me ligje t\u00eb Kosov\u00ebs<\/title>\n<meta name=\"robots\" content=\"index, follow, max-snippet:-1, max-image-preview:large, max-video-preview:-1\" \/>\n<link rel=\"canonical\" href=\"https:\/\/permbledhja.com\/sq\/te-akuzuarit-per-sulm-ndaj-valon-syles-thone-se-nuk-pranojne-te-gjykohen-me-ligje-te-kosoves\/\" \/>\n<meta property=\"og:locale\" content=\"sq_AL\" \/>\n<meta property=\"og:type\" content=\"article\" \/>\n<meta property=\"og:title\" content=\"T\u00eb akuzuarit p\u00ebr sulm ndaj Valon Syl\u00ebs thon\u00eb se nuk pranojn\u00eb t\u00eb gjykohen me ligje t\u00eb Kosov\u00ebs\" \/>\n<meta property=\"og:description\" content=\"N\u00eb Gjykat\u00ebn Themelore n\u00eb Prishtin\u00eb, t\u00eb h\u00ebn\u00ebn \u00ebsht\u00eb mbajtur shqyrtimi fillestar n\u00eb t\u00eb cilin t\u00eb akuzuarit Lum Dervishi, Kenan Hasani dhe Okan Hasani jan\u00eb mbrojtur n\u00eb heshtje, duke mos pranuar q\u00eb t\u00eb gjykohen sipas ligjeve n\u00eb fuqi por vet\u00ebm sipas ligjeve fetare. Fillimisht, i akuzuari Lum Dervishi tha se nuk pranon t\u00eb gjykohet me ligjet [&hellip;]\" \/>\n<meta property=\"og:url\" content=\"https:\/\/permbledhja.com\/sq\/te-akuzuarit-per-sulm-ndaj-valon-syles-thone-se-nuk-pranojne-te-gjykohen-me-ligje-te-kosoves\/\" \/>\n<meta property=\"og:site_name\" content=\"Ve\u00e7 artikuj p\u00ebrmbledh\u00ebs\" \/>\n<meta property=\"article:publisher\" content=\"https:\/\/www.facebook.com\/press07\/\" \/>\n<meta property=\"article:published_time\" content=\"2023-08-21T11:08:49+00:00\" \/>\n<meta property=\"og:image\" content=\"https:\/\/permbledhja.com\/wp-content\/uploads\/2023\/08\/ligjee.webp\" \/>\n\t<meta property=\"og:image:width\" content=\"559\" \/>\n\t<meta property=\"og:image:height\" content=\"291\" \/>\n\t<meta property=\"og:image:type\" content=\"image\/webp\" \/>\n<meta name=\"author\" content=\"M M\" \/>\n<meta name=\"twitter:card\" content=\"summary_large_image\" \/>\n<meta name=\"twitter:label1\" content=\"Written by\" \/>\n\t<meta name=\"twitter:data1\" content=\"M M\" \/>\n\t<meta name=\"twitter:label2\" content=\"Est. reading time\" \/>\n\t<meta name=\"twitter:data2\" content=\"1 minut\u00eb\" \/>\n<script type=\"application\/ld+json\" class=\"yoast-schema-graph\">{\"@context\":\"https:\/\/schema.org\",\"@graph\":[{\"@type\":\"Article\",\"@id\":\"https:\/\/permbledhja.com\/te-akuzuarit-per-sulm-ndaj-valon-syles-thone-se-nuk-pranojne-te-gjykohen-me-ligje-te-kosoves\/#article\",\"isPartOf\":{\"@id\":\"https:\/\/permbledhja.com\/te-akuzuarit-per-sulm-ndaj-valon-syles-thone-se-nuk-pranojne-te-gjykohen-me-ligje-te-kosoves\/\"},\"author\":{\"name\":\"M M\",\"@id\":\"https:\/\/permbledhja.com\/#\/schema\/person\/d23f13f59b5722643933d6780783acf3\"},\"headline\":\"T\u00eb akuzuarit p\u00ebr sulm ndaj Valon Syl\u00ebs thon\u00eb se nuk pranojn\u00eb t\u00eb gjykohen me ligje t\u00eb Kosov\u00ebs\",\"datePublished\":\"2023-08-21T11:08:49+00:00\",\"dateModified\":\"2023-08-21T11:08:49+00:00\",\"mainEntityOfPage\":{\"@id\":\"https:\/\/permbledhja.com\/te-akuzuarit-per-sulm-ndaj-valon-syles-thone-se-nuk-pranojne-te-gjykohen-me-ligje-te-kosoves\/\"},\"wordCount\":260,\"publisher\":{\"@id\":\"https:\/\/permbledhja.com\/#organization\"},\"articleSection\":[\"Komb\u00ebtare\",\"Lajme\"],\"inLanguage\":\"sq\"},{\"@type\":\"WebPage\",\"@id\":\"https:\/\/permbledhja.com\/te-akuzuarit-per-sulm-ndaj-valon-syles-thone-se-nuk-pranojne-te-gjykohen-me-ligje-te-kosoves\/\",\"url\":\"https:\/\/permbledhja.com\/te-akuzuarit-per-sulm-ndaj-valon-syles-thone-se-nuk-pranojne-te-gjykohen-me-ligje-te-kosoves\/\",\"name\":\"T\u00eb akuzuarit p\u00ebr sulm ndaj Valon Syl\u00ebs thon\u00eb se nuk pranojn\u00eb t\u00eb gjykohen me ligje t\u00eb Kosov\u00ebs\",\"isPartOf\":{\"@id\":\"https:\/\/permbledhja.com\/#website\"},\"datePublished\":\"2023-08-21T11:08:49+00:00\",\"dateModified\":\"2023-08-21T11:08:49+00:00\",\"breadcrumb\":{\"@id\":\"https:\/\/permbledhja.com\/te-akuzuarit-per-sulm-ndaj-valon-syles-thone-se-nuk-pranojne-te-gjykohen-me-ligje-te-kosoves\/#breadcrumb\"},\"inLanguage\":\"sq\",\"potentialAction\":[{\"@type\":\"ReadAction\",\"target\":[\"https:\/\/permbledhja.com\/te-akuzuarit-per-sulm-ndaj-valon-syles-thone-se-nuk-pranojne-te-gjykohen-me-ligje-te-kosoves\/\"]}]},{\"@type\":\"BreadcrumbList\",\"@id\":\"https:\/\/permbledhja.com\/te-akuzuarit-per-sulm-ndaj-valon-syles-thone-se-nuk-pranojne-te-gjykohen-me-ligje-te-kosoves\/#breadcrumb\",\"itemListElement\":[{\"@type\":\"ListItem\",\"position\":1,\"name\":\"Ballina\",\"item\":\"https:\/\/permbledhja.com\/sq\/\"},{\"@type\":\"ListItem\",\"position\":2,\"name\":\"T\u00eb akuzuarit p\u00ebr sulm ndaj Valon Syl\u00ebs thon\u00eb se nuk pranojn\u00eb t\u00eb gjykohen me ligje t\u00eb Kosov\u00ebs\"}]},{\"@type\":\"WebSite\",\"@id\":\"https:\/\/permbledhja.com\/#website\",\"url\":\"https:\/\/permbledhja.com\/\",\"name\":\"Ve\u00e7 artikuj p\u00ebrmbledh\u00ebs\",\"description\":\"\",\"publisher\":{\"@id\":\"https:\/\/permbledhja.com\/#organization\"},\"potentialAction\":[{\"@type\":\"SearchAction\",\"target\":{\"@type\":\"EntryPoint\",\"urlTemplate\":\"https:\/\/permbledhja.com\/?s={search_term_string}\"},\"query-input\":\"required name=search_term_string\"}],\"inLanguage\":\"sq\"},{\"@type\":\"Organization\",\"@id\":\"https:\/\/permbledhja.com\/#organization\",\"name\":\"MK Media & Pr\",\"url\":\"https:\/\/permbledhja.com\/\",\"logo\":{\"@type\":\"ImageObject\",\"inLanguage\":\"sq\",\"@id\":\"https:\/\/permbledhja.com\/#\/schema\/logo\/image\/\",\"url\":\"https:\/\/permbledhja.com\/wp-content\/uploads\/2021\/12\/07-Press-Logo.jpg\",\"contentUrl\":\"https:\/\/permbledhja.com\/wp-content\/uploads\/2021\/12\/07-Press-Logo.jpg\",\"width\":512,\"height\":512,\"caption\":\"MK Media & Pr\"},\"image\":{\"@id\":\"https:\/\/permbledhja.com\/#\/schema\/logo\/image\/\"},\"sameAs\":[\"https:\/\/www.facebook.com\/press07\/\"]},{\"@type\":\"Person\",\"@id\":\"https:\/\/permbledhja.com\/#\/schema\/person\/d23f13f59b5722643933d6780783acf3\",\"name\":\"M M\",\"image\":{\"@type\":\"ImageObject\",\"inLanguage\":\"sq\",\"@id\":\"https:\/\/permbledhja.com\/#\/schema\/person\/image\/\",\"url\":\"https:\/\/secure.gravatar.com\/avatar\/e2835a76ca7c31a2416b2d51c4ec9a8f?s=96&d=mm&r=g\",\"contentUrl\":\"https:\/\/secure.gravatar.com\/avatar\/e2835a76ca7c31a2416b2d51c4ec9a8f?s=96&d=mm&r=g\",\"caption\":\"M M\"},\"sameAs\":[\"http:\/\/MM\"],\"url\":\"https:\/\/permbledhja.com\/sq\/author\/muhamet\/\"}]}<\/script>\n<!-- \/ Yoast SEO plugin. -->","yoast_head_json":{"title":"T\u00eb akuzuarit p\u00ebr sulm ndaj Valon Syl\u00ebs thon\u00eb se nuk pranojn\u00eb t\u00eb gjykohen me ligje t\u00eb Kosov\u00ebs","robots":{"index":"index","follow":"follow","max-snippet":"max-snippet:-1","max-image-preview":"max-image-preview:large","max-video-preview":"max-video-preview:-1"},"canonical":"https:\/\/permbledhja.com\/sq\/te-akuzuarit-per-sulm-ndaj-valon-syles-thone-se-nuk-pranojne-te-gjykohen-me-ligje-te-kosoves\/","og_locale":"sq_AL","og_type":"article","og_title":"T\u00eb akuzuarit p\u00ebr sulm ndaj Valon Syl\u00ebs thon\u00eb se nuk pranojn\u00eb t\u00eb gjykohen me ligje t\u00eb Kosov\u00ebs","og_description":"N\u00eb Gjykat\u00ebn Themelore n\u00eb Prishtin\u00eb, t\u00eb h\u00ebn\u00ebn \u00ebsht\u00eb mbajtur shqyrtimi fillestar n\u00eb t\u00eb cilin t\u00eb akuzuarit Lum Dervishi, Kenan Hasani dhe Okan Hasani jan\u00eb mbrojtur n\u00eb heshtje, duke mos pranuar q\u00eb t\u00eb gjykohen sipas ligjeve n\u00eb fuqi por vet\u00ebm sipas ligjeve fetare. Fillimisht, i akuzuari Lum Dervishi tha se nuk pranon t\u00eb gjykohet me ligjet [&hellip;]","og_url":"https:\/\/permbledhja.com\/sq\/te-akuzuarit-per-sulm-ndaj-valon-syles-thone-se-nuk-pranojne-te-gjykohen-me-ligje-te-kosoves\/","og_site_name":"Ve\u00e7 artikuj p\u00ebrmbledh\u00ebs","article_publisher":"https:\/\/www.facebook.com\/press07\/","article_published_time":"2023-08-21T11:08:49+00:00","og_image":[{"width":559,"height":291,"url":"https:\/\/permbledhja.com\/wp-content\/uploads\/2023\/08\/ligjee.webp","type":"image\/webp"}],"author":"M M","twitter_card":"summary_large_image","twitter_misc":{"Written by":"M M","Est. reading time":"1 minut\u00eb"},"schema":{"@context":"https:\/\/schema.org","@graph":[{"@type":"Article","@id":"https:\/\/permbledhja.com\/te-akuzuarit-per-sulm-ndaj-valon-syles-thone-se-nuk-pranojne-te-gjykohen-me-ligje-te-kosoves\/#article","isPartOf":{"@id":"https:\/\/permbledhja.com\/te-akuzuarit-per-sulm-ndaj-valon-syles-thone-se-nuk-pranojne-te-gjykohen-me-ligje-te-kosoves\/"},"author":{"name":"M M","@id":"https:\/\/permbledhja.com\/#\/schema\/person\/d23f13f59b5722643933d6780783acf3"},"headline":"T\u00eb akuzuarit p\u00ebr sulm ndaj Valon Syl\u00ebs thon\u00eb se nuk pranojn\u00eb t\u00eb gjykohen me ligje t\u00eb Kosov\u00ebs","datePublished":"2023-08-21T11:08:49+00:00","dateModified":"2023-08-21T11:08:49+00:00","mainEntityOfPage":{"@id":"https:\/\/permbledhja.com\/te-akuzuarit-per-sulm-ndaj-valon-syles-thone-se-nuk-pranojne-te-gjykohen-me-ligje-te-kosoves\/"},"wordCount":260,"publisher":{"@id":"https:\/\/permbledhja.com\/#organization"},"articleSection":["Komb\u00ebtare","Lajme"],"inLanguage":"sq"},{"@type":"WebPage","@id":"https:\/\/permbledhja.com\/te-akuzuarit-per-sulm-ndaj-valon-syles-thone-se-nuk-pranojne-te-gjykohen-me-ligje-te-kosoves\/","url":"https:\/\/permbledhja.com\/te-akuzuarit-per-sulm-ndaj-valon-syles-thone-se-nuk-pranojne-te-gjykohen-me-ligje-te-kosoves\/","name":"T\u00eb akuzuarit p\u00ebr sulm ndaj Valon Syl\u00ebs thon\u00eb se nuk pranojn\u00eb t\u00eb gjykohen me ligje t\u00eb Kosov\u00ebs","isPartOf":{"@id":"https:\/\/permbledhja.com\/#website"},"datePublished":"2023-08-21T11:08:49+00:00","dateModified":"2023-08-21T11:08:49+00:00","breadcrumb":{"@id":"https:\/\/permbledhja.com\/te-akuzuarit-per-sulm-ndaj-valon-syles-thone-se-nuk-pranojne-te-gjykohen-me-ligje-te-kosoves\/#breadcrumb"},"inLanguage":"sq","potentialAction":[{"@type":"ReadAction","target":["https:\/\/permbledhja.com\/te-akuzuarit-per-sulm-ndaj-valon-syles-thone-se-nuk-pranojne-te-gjykohen-me-ligje-te-kosoves\/"]}]},{"@type":"BreadcrumbList","@id":"https:\/\/permbledhja.com\/te-akuzuarit-per-sulm-ndaj-valon-syles-thone-se-nuk-pranojne-te-gjykohen-me-ligje-te-kosoves\/#breadcrumb","itemListElement":[{"@type":"ListItem","position":1,"name":"Ballina","item":"https:\/\/permbledhja.com\/sq\/"},{"@type":"ListItem","position":2,"name":"T\u00eb akuzuarit p\u00ebr sulm ndaj Valon Syl\u00ebs thon\u00eb se nuk pranojn\u00eb t\u00eb gjykohen me ligje t\u00eb Kosov\u00ebs"}]},{"@type":"WebSite","@id":"https:\/\/permbledhja.com\/#website","url":"https:\/\/permbledhja.com\/","name":"Ve\u00e7 artikuj p\u00ebrmbledh\u00ebs","description":"","publisher":{"@id":"https:\/\/permbledhja.com\/#organization"},"potentialAction":[{"@type":"SearchAction","target":{"@type":"EntryPoint","urlTemplate":"https:\/\/permbledhja.com\/?s={search_term_string}"},"query-input":"required name=search_term_string"}],"inLanguage":"sq"},{"@type":"Organization","@id":"https:\/\/permbledhja.com\/#organization","name":"MK Media & Pr","url":"https:\/\/permbledhja.com\/","logo":{"@type":"ImageObject","inLanguage":"sq","@id":"https:\/\/permbledhja.com\/#\/schema\/logo\/image\/","url":"https:\/\/permbledhja.com\/wp-content\/uploads\/2021\/12\/07-Press-Logo.jpg","contentUrl":"https:\/\/permbledhja.com\/wp-content\/uploads\/2021\/12\/07-Press-Logo.jpg","width":512,"height":512,"caption":"MK Media & Pr"},"image":{"@id":"https:\/\/permbledhja.com\/#\/schema\/logo\/image\/"},"sameAs":["https:\/\/www.facebook.com\/press07\/"]},{"@type":"Person","@id":"https:\/\/permbledhja.com\/#\/schema\/person\/d23f13f59b5722643933d6780783acf3","name":"M M","image":{"@type":"ImageObject","inLanguage":"sq","@id":"https:\/\/permbledhja.com\/#\/schema\/person\/image\/","url":"https:\/\/secure.gravatar.com\/avatar\/e2835a76ca7c31a2416b2d51c4ec9a8f?s=96&d=mm&r=g","contentUrl":"https:\/\/secure.gravatar.com\/avatar\/e2835a76ca7c31a2416b2d51c4ec9a8f?s=96&d=mm&r=g","caption":"M M"},"sameAs":["http:\/\/MM"],"url":"https:\/\/permbledhja.com\/sq\/author\/muhamet\/"}]}},"_links":{"self":[{"href":"https:\/\/permbledhja.com\/sq\/wp-json\/wp\/v2\/posts\/24180"}],"collection":[{"href":"https:\/\/permbledhja.com\/sq\/wp-json\/wp\/v2\/posts"}],"about":[{"href":"https:\/\/permbledhja.com\/sq\/wp-json\/wp\/v2\/types\/post"}],"author":[{"embeddable":true,"href":"https:\/\/permbledhja.com\/sq\/wp-json\/wp\/v2\/users\/2"}],"replies":[{"embeddable":true,"href":"https:\/\/permbledhja.com\/sq\/wp-json\/wp\/v2\/comments?post=24180"}],"version-history":[{"count":1,"href":"https:\/\/permbledhja.com\/sq\/wp-json\/wp\/v2\/posts\/24180\/revisions"}],"predecessor-version":[{"id":24182,"href":"https:\/\/permbledhja.com\/sq\/wp-json\/wp\/v2\/posts\/24180\/revisions\/24182"}],"wp:featuredmedia":[{"embeddable":true,"href":"https:\/\/permbledhja.com\/sq\/wp-json\/wp\/v2\/media\/24181"}],"wp:attachment":[{"href":"https:\/\/permbledhja.com\/sq\/wp-json\/wp\/v2\/media?parent=24180"}],"wp:term":[{"taxonomy":"category","embeddable":true,"href":"https:\/\/permbledhja.com\/sq\/wp-json\/wp\/v2\/categories?post=24180"},{"taxonomy":"post_tag","embeddable":true,"href":"https:\/\/permbledhja.com\/sq\/wp-json\/wp\/v2\/tags?post=24180"}],"curies":[{"name":"wp","href":"https:\/\/api.w.org\/{rel}","templated":true}]}}