{"id":24021,"date":"2023-08-20T12:12:04","date_gmt":"2023-08-20T12:12:04","guid":{"rendered":"https:\/\/permbledhja.com\/?p=24021"},"modified":"2023-08-20T12:12:04","modified_gmt":"2023-08-20T12:12:04","slug":"sallahu-i-vajit-ne-tepsi-eshte-hakmarrje-nga-prokuroria-realizimi-i-kontrates-se-mint-eshte-rast-civil","status":"publish","type":"post","link":"https:\/\/permbledhja.com\/sq\/sallahu-i-vajit-ne-tepsi-eshte-hakmarrje-nga-prokuroria-realizimi-i-kontrates-se-mint-eshte-rast-civil\/","title":{"rendered":"Sallahu i &#8220;vajit n\u00eb tepsi&#8221;: \u00cbsht\u00eb hakmarrje nga Prokuroria, realizimi i kontrat\u00ebs s\u00eb MINT \u00ebsht\u00eb rast civil"},"content":{"rendered":"<h3>Zv\/ministri i Drejt\u00ebsis\u00eb, Blerim Sallahu, i njohur p\u00ebr deklarat\u00ebn e tij p\u00ebr shp\u00ebrndarjen e vajit n\u00eb tepsi, ka reaguar lidhur me afer\u00ebn e vajit, grurit e sheqerit.<\/h3>\n<p>As ky, n\u00eb asnj\u00eb moment nuk e ka d\u00ebnuar hajnin\u00eb. Ka th\u00ebn\u00eb se rasti \u00ebsht\u00eb komplet civil, e jo vep\u00ebr penal.<\/p>\n<p>Sallahu edhe pse zv\/minist\u00ebr i Drejt\u00ebsis\u00eb, ka akuzuar Prokurorin\u00eb Speciale p\u00ebr hakmarrje.<\/p>\n<p><b>Reagimi i plot\u00eb pa nd\u00ebrhyrje:<\/b><\/p>\n<p>Kur \u00e7eshtja me karakter komplet civil tentohet te kthehet ne \u00e7eshtje penale si forme hakmarrje ndaj qeverise<\/p>\n<p>Kur lidhet nj\u00eb kontrate me element te huaj, ne mes shtetit dhe nje operatori ekonomik nderkombetar, ne te cilen percaktohet sakte sasia e mallit qe do te vie, \u00e7mimi dhe pagesa dhe pavaresisht mosardhjes se mallit ose ardhjes se kufizuar te saj ne Kosove, nuk mund te kete karakter tjeter pervecse civil.<\/p>\n<p>Ky kontest civil zgjidhet ne gjykaten kompetente te percaktuar ne kontrate. Pra, zgjidhja e kontestit civil determinon se a mund te kete veper penale ne kete rast ose jo. Si\u00e7 shihet nga provat dhe faktet operatori ekonomik nuk ka sjellur mallin ne teresi dhe kesisoj gjykata mund te merre vendim duke detyruar operatorin e tille ekonomik per demshperblim. Prandaj ne kete rast ne asnje forme nuk ka pergjegjesi penale.<\/p>\n<p>Pra, realizimi i kontrates bonafide nga MINT dhe mosrealizimi i kontrates nga operatori ekonomik ne teresi nuk perben veper penale por baze te mjaftueshme per realizim te demshperbimit ne gjykate. Nese vendimi i tille merret ne gjykaten kompetente ne Kosove, atehere ky vendim njihet dhe ekzekutohet ne vendin ku nodhet selia e operatorit-ve ekonomik.<\/p>\n<p>Nese do te shkonim me supozimin se secili mosrealizim i kontrates ose realizim i pjesshem i kontrates do te plotesonte figuren e vepres penale atehere krejt qytetaret e ketij shteti do jene pergjegjes penalisht dhe do ta shuanim te drejten civile si dege e se drejtes.<\/p>\n<p>Per fund, vet Prokuroria Speciale ka mbyllur rastin e Vicianumit ( prone e sherbimit korrektues ku i eshte dhene ne shfrytezim per afat 10 vje\u00e7ar nje personi fizik, pastaj eshte regjistruar si person juridik) ku eshte lidhur kontrate bash pa asnje baze ligjore, ku jane rrenuar objetet shteterore, duke theksuar ne aktvendim per hudhjen e kallzimit penal se ka shkelje procedurale dhe civile, por jo penale.<\/p>\n<p>Edhe njehere, e njejta &#8220;prokurori speciale&#8221; e ka bere kete veprim. Prandaj, eshte keqperdorim i mekanizmave ligjor per hakmarrje, e asgje me shume!<\/p>\n","protected":false},"excerpt":{"rendered":"<p>Zv\/ministri i Drejt\u00ebsis\u00eb, Blerim Sallahu, i njohur p\u00ebr deklarat\u00ebn e tij p\u00ebr shp\u00ebrndarjen e vajit n\u00eb tepsi, ka reaguar lidhur me afer\u00ebn e vajit, grurit e sheqerit. As ky, n\u00eb asnj\u00eb moment nuk e ka d\u00ebnuar hajnin\u00eb. Ka th\u00ebn\u00eb se rasti \u00ebsht\u00eb komplet civil, e jo vep\u00ebr penal. Sallahu edhe pse zv\/minist\u00ebr i Drejt\u00ebsis\u00eb, ka [&hellip;]<\/p>\n","protected":false},"author":2,"featured_media":24022,"comment_status":"closed","ping_status":"closed","sticky":false,"template":"","format":"standard","meta":{"_monsterinsights_skip_tracking":false,"_monsterinsights_sitenote_active":false,"_monsterinsights_sitenote_note":"","_monsterinsights_sitenote_category":0,"_uf_show_specific_survey":0,"_uf_disable_surveys":false,"footnotes":""},"categories":[23,15],"tags":[2304],"yoast_head":"<!-- This site is optimized with the Yoast SEO plugin v21.5 - https:\/\/yoast.com\/wordpress\/plugins\/seo\/ -->\n<title>Sallahu i &quot;vajit n\u00eb tepsi&quot;: \u00cbsht\u00eb hakmarrje nga Prokuroria, realizimi i kontrat\u00ebs s\u00eb MINT \u00ebsht\u00eb rast civil<\/title>\n<meta name=\"robots\" content=\"index, follow, max-snippet:-1, max-image-preview:large, max-video-preview:-1\" \/>\n<link rel=\"canonical\" href=\"https:\/\/permbledhja.com\/sq\/sallahu-i-vajit-ne-tepsi-eshte-hakmarrje-nga-prokuroria-realizimi-i-kontrates-se-mint-eshte-rast-civil\/\" \/>\n<meta property=\"og:locale\" content=\"sq_AL\" \/>\n<meta property=\"og:type\" content=\"article\" \/>\n<meta property=\"og:title\" content=\"Sallahu i &quot;vajit n\u00eb tepsi&quot;: \u00cbsht\u00eb hakmarrje nga Prokuroria, realizimi i kontrat\u00ebs s\u00eb MINT \u00ebsht\u00eb rast civil\" \/>\n<meta property=\"og:description\" content=\"Zv\/ministri i Drejt\u00ebsis\u00eb, Blerim Sallahu, i njohur p\u00ebr deklarat\u00ebn e tij p\u00ebr shp\u00ebrndarjen e vajit n\u00eb tepsi, ka reaguar lidhur me afer\u00ebn e vajit, grurit e sheqerit. As ky, n\u00eb asnj\u00eb moment nuk e ka d\u00ebnuar hajnin\u00eb. Ka th\u00ebn\u00eb se rasti \u00ebsht\u00eb komplet civil, e jo vep\u00ebr penal. Sallahu edhe pse zv\/minist\u00ebr i Drejt\u00ebsis\u00eb, ka [&hellip;]\" \/>\n<meta property=\"og:url\" content=\"https:\/\/permbledhja.com\/sq\/sallahu-i-vajit-ne-tepsi-eshte-hakmarrje-nga-prokuroria-realizimi-i-kontrates-se-mint-eshte-rast-civil\/\" \/>\n<meta property=\"og:site_name\" content=\"Ve\u00e7 artikuj p\u00ebrmbledh\u00ebs\" \/>\n<meta property=\"article:publisher\" content=\"https:\/\/www.facebook.com\/press07\/\" \/>\n<meta property=\"article:published_time\" content=\"2023-08-20T12:12:04+00:00\" \/>\n<meta property=\"og:image\" content=\"https:\/\/permbledhja.com\/wp-content\/uploads\/2023\/08\/Capture-65.jpg\" \/>\n\t<meta property=\"og:image:width\" content=\"1068\" \/>\n\t<meta property=\"og:image:height\" content=\"657\" \/>\n\t<meta property=\"og:image:type\" content=\"image\/jpeg\" \/>\n<meta name=\"author\" content=\"M M\" \/>\n<meta name=\"twitter:card\" content=\"summary_large_image\" \/>\n<meta name=\"twitter:label1\" content=\"Written by\" \/>\n\t<meta name=\"twitter:data1\" content=\"M M\" \/>\n\t<meta name=\"twitter:label2\" content=\"Est. reading time\" \/>\n\t<meta name=\"twitter:data2\" content=\"2 minuta\" \/>\n<script type=\"application\/ld+json\" class=\"yoast-schema-graph\">{\"@context\":\"https:\/\/schema.org\",\"@graph\":[{\"@type\":\"Article\",\"@id\":\"https:\/\/permbledhja.com\/sq\/sallahu-i-vajit-ne-tepsi-eshte-hakmarrje-nga-prokuroria-realizimi-i-kontrates-se-mint-eshte-rast-civil\/#article\",\"isPartOf\":{\"@id\":\"https:\/\/permbledhja.com\/sq\/sallahu-i-vajit-ne-tepsi-eshte-hakmarrje-nga-prokuroria-realizimi-i-kontrates-se-mint-eshte-rast-civil\/\"},\"author\":{\"name\":\"M M\",\"@id\":\"https:\/\/permbledhja.com\/#\/schema\/person\/d23f13f59b5722643933d6780783acf3\"},\"headline\":\"Sallahu i &#8220;vajit n\u00eb tepsi&#8221;: \u00cbsht\u00eb hakmarrje nga Prokuroria, realizimi i kontrat\u00ebs s\u00eb MINT \u00ebsht\u00eb rast civil\",\"datePublished\":\"2023-08-20T12:12:04+00:00\",\"dateModified\":\"2023-08-20T12:12:04+00:00\",\"mainEntityOfPage\":{\"@id\":\"https:\/\/permbledhja.com\/sq\/sallahu-i-vajit-ne-tepsi-eshte-hakmarrje-nga-prokuroria-realizimi-i-kontrates-se-mint-eshte-rast-civil\/\"},\"wordCount\":424,\"publisher\":{\"@id\":\"https:\/\/permbledhja.com\/#organization\"},\"keywords\":[\"Blerim Sallahu\"],\"articleSection\":[\"Komb\u00ebtare\",\"Lajme\"],\"inLanguage\":\"sq\"},{\"@type\":\"WebPage\",\"@id\":\"https:\/\/permbledhja.com\/sq\/sallahu-i-vajit-ne-tepsi-eshte-hakmarrje-nga-prokuroria-realizimi-i-kontrates-se-mint-eshte-rast-civil\/\",\"url\":\"https:\/\/permbledhja.com\/sq\/sallahu-i-vajit-ne-tepsi-eshte-hakmarrje-nga-prokuroria-realizimi-i-kontrates-se-mint-eshte-rast-civil\/\",\"name\":\"Sallahu i \\\"vajit n\u00eb tepsi\\\": \u00cbsht\u00eb hakmarrje nga Prokuroria, realizimi i kontrat\u00ebs s\u00eb MINT \u00ebsht\u00eb rast civil\",\"isPartOf\":{\"@id\":\"https:\/\/permbledhja.com\/#website\"},\"datePublished\":\"2023-08-20T12:12:04+00:00\",\"dateModified\":\"2023-08-20T12:12:04+00:00\",\"breadcrumb\":{\"@id\":\"https:\/\/permbledhja.com\/sq\/sallahu-i-vajit-ne-tepsi-eshte-hakmarrje-nga-prokuroria-realizimi-i-kontrates-se-mint-eshte-rast-civil\/#breadcrumb\"},\"inLanguage\":\"sq\",\"potentialAction\":[{\"@type\":\"ReadAction\",\"target\":[\"https:\/\/permbledhja.com\/sq\/sallahu-i-vajit-ne-tepsi-eshte-hakmarrje-nga-prokuroria-realizimi-i-kontrates-se-mint-eshte-rast-civil\/\"]}]},{\"@type\":\"BreadcrumbList\",\"@id\":\"https:\/\/permbledhja.com\/sq\/sallahu-i-vajit-ne-tepsi-eshte-hakmarrje-nga-prokuroria-realizimi-i-kontrates-se-mint-eshte-rast-civil\/#breadcrumb\",\"itemListElement\":[{\"@type\":\"ListItem\",\"position\":1,\"name\":\"Ballina\",\"item\":\"https:\/\/permbledhja.com\/sq\/\"},{\"@type\":\"ListItem\",\"position\":2,\"name\":\"Sallahu i &#8220;vajit n\u00eb tepsi&#8221;: \u00cbsht\u00eb hakmarrje nga Prokuroria, realizimi i kontrat\u00ebs s\u00eb MINT \u00ebsht\u00eb rast civil\"}]},{\"@type\":\"WebSite\",\"@id\":\"https:\/\/permbledhja.com\/#website\",\"url\":\"https:\/\/permbledhja.com\/\",\"name\":\"Ve\u00e7 artikuj p\u00ebrmbledh\u00ebs\",\"description\":\"\",\"publisher\":{\"@id\":\"https:\/\/permbledhja.com\/#organization\"},\"potentialAction\":[{\"@type\":\"SearchAction\",\"target\":{\"@type\":\"EntryPoint\",\"urlTemplate\":\"https:\/\/permbledhja.com\/?s={search_term_string}\"},\"query-input\":\"required name=search_term_string\"}],\"inLanguage\":\"sq\"},{\"@type\":\"Organization\",\"@id\":\"https:\/\/permbledhja.com\/#organization\",\"name\":\"MK Media & Pr\",\"url\":\"https:\/\/permbledhja.com\/\",\"logo\":{\"@type\":\"ImageObject\",\"inLanguage\":\"sq\",\"@id\":\"https:\/\/permbledhja.com\/#\/schema\/logo\/image\/\",\"url\":\"https:\/\/permbledhja.com\/wp-content\/uploads\/2021\/12\/07-Press-Logo.jpg\",\"contentUrl\":\"https:\/\/permbledhja.com\/wp-content\/uploads\/2021\/12\/07-Press-Logo.jpg\",\"width\":512,\"height\":512,\"caption\":\"MK Media & Pr\"},\"image\":{\"@id\":\"https:\/\/permbledhja.com\/#\/schema\/logo\/image\/\"},\"sameAs\":[\"https:\/\/www.facebook.com\/press07\/\"]},{\"@type\":\"Person\",\"@id\":\"https:\/\/permbledhja.com\/#\/schema\/person\/d23f13f59b5722643933d6780783acf3\",\"name\":\"M M\",\"image\":{\"@type\":\"ImageObject\",\"inLanguage\":\"sq\",\"@id\":\"https:\/\/permbledhja.com\/#\/schema\/person\/image\/\",\"url\":\"https:\/\/secure.gravatar.com\/avatar\/e2835a76ca7c31a2416b2d51c4ec9a8f?s=96&d=mm&r=g\",\"contentUrl\":\"https:\/\/secure.gravatar.com\/avatar\/e2835a76ca7c31a2416b2d51c4ec9a8f?s=96&d=mm&r=g\",\"caption\":\"M M\"},\"sameAs\":[\"http:\/\/MM\"],\"url\":\"https:\/\/permbledhja.com\/sq\/author\/muhamet\/\"}]}<\/script>\n<!-- \/ Yoast SEO plugin. -->","yoast_head_json":{"title":"Sallahu i \"vajit n\u00eb tepsi\": \u00cbsht\u00eb hakmarrje nga Prokuroria, realizimi i kontrat\u00ebs s\u00eb MINT \u00ebsht\u00eb rast civil","robots":{"index":"index","follow":"follow","max-snippet":"max-snippet:-1","max-image-preview":"max-image-preview:large","max-video-preview":"max-video-preview:-1"},"canonical":"https:\/\/permbledhja.com\/sq\/sallahu-i-vajit-ne-tepsi-eshte-hakmarrje-nga-prokuroria-realizimi-i-kontrates-se-mint-eshte-rast-civil\/","og_locale":"sq_AL","og_type":"article","og_title":"Sallahu i \"vajit n\u00eb tepsi\": \u00cbsht\u00eb hakmarrje nga Prokuroria, realizimi i kontrat\u00ebs s\u00eb MINT \u00ebsht\u00eb rast civil","og_description":"Zv\/ministri i Drejt\u00ebsis\u00eb, Blerim Sallahu, i njohur p\u00ebr deklarat\u00ebn e tij p\u00ebr shp\u00ebrndarjen e vajit n\u00eb tepsi, ka reaguar lidhur me afer\u00ebn e vajit, grurit e sheqerit. As ky, n\u00eb asnj\u00eb moment nuk e ka d\u00ebnuar hajnin\u00eb. Ka th\u00ebn\u00eb se rasti \u00ebsht\u00eb komplet civil, e jo vep\u00ebr penal. Sallahu edhe pse zv\/minist\u00ebr i Drejt\u00ebsis\u00eb, ka [&hellip;]","og_url":"https:\/\/permbledhja.com\/sq\/sallahu-i-vajit-ne-tepsi-eshte-hakmarrje-nga-prokuroria-realizimi-i-kontrates-se-mint-eshte-rast-civil\/","og_site_name":"Ve\u00e7 artikuj p\u00ebrmbledh\u00ebs","article_publisher":"https:\/\/www.facebook.com\/press07\/","article_published_time":"2023-08-20T12:12:04+00:00","og_image":[{"width":1068,"height":657,"url":"https:\/\/permbledhja.com\/wp-content\/uploads\/2023\/08\/Capture-65.jpg","type":"image\/jpeg"}],"author":"M M","twitter_card":"summary_large_image","twitter_misc":{"Written by":"M M","Est. reading time":"2 minuta"},"schema":{"@context":"https:\/\/schema.org","@graph":[{"@type":"Article","@id":"https:\/\/permbledhja.com\/sq\/sallahu-i-vajit-ne-tepsi-eshte-hakmarrje-nga-prokuroria-realizimi-i-kontrates-se-mint-eshte-rast-civil\/#article","isPartOf":{"@id":"https:\/\/permbledhja.com\/sq\/sallahu-i-vajit-ne-tepsi-eshte-hakmarrje-nga-prokuroria-realizimi-i-kontrates-se-mint-eshte-rast-civil\/"},"author":{"name":"M M","@id":"https:\/\/permbledhja.com\/#\/schema\/person\/d23f13f59b5722643933d6780783acf3"},"headline":"Sallahu i &#8220;vajit n\u00eb tepsi&#8221;: \u00cbsht\u00eb hakmarrje nga Prokuroria, realizimi i kontrat\u00ebs s\u00eb MINT \u00ebsht\u00eb rast civil","datePublished":"2023-08-20T12:12:04+00:00","dateModified":"2023-08-20T12:12:04+00:00","mainEntityOfPage":{"@id":"https:\/\/permbledhja.com\/sq\/sallahu-i-vajit-ne-tepsi-eshte-hakmarrje-nga-prokuroria-realizimi-i-kontrates-se-mint-eshte-rast-civil\/"},"wordCount":424,"publisher":{"@id":"https:\/\/permbledhja.com\/#organization"},"keywords":["Blerim Sallahu"],"articleSection":["Komb\u00ebtare","Lajme"],"inLanguage":"sq"},{"@type":"WebPage","@id":"https:\/\/permbledhja.com\/sq\/sallahu-i-vajit-ne-tepsi-eshte-hakmarrje-nga-prokuroria-realizimi-i-kontrates-se-mint-eshte-rast-civil\/","url":"https:\/\/permbledhja.com\/sq\/sallahu-i-vajit-ne-tepsi-eshte-hakmarrje-nga-prokuroria-realizimi-i-kontrates-se-mint-eshte-rast-civil\/","name":"Sallahu i \"vajit n\u00eb tepsi\": \u00cbsht\u00eb hakmarrje nga Prokuroria, realizimi i kontrat\u00ebs s\u00eb MINT \u00ebsht\u00eb rast civil","isPartOf":{"@id":"https:\/\/permbledhja.com\/#website"},"datePublished":"2023-08-20T12:12:04+00:00","dateModified":"2023-08-20T12:12:04+00:00","breadcrumb":{"@id":"https:\/\/permbledhja.com\/sq\/sallahu-i-vajit-ne-tepsi-eshte-hakmarrje-nga-prokuroria-realizimi-i-kontrates-se-mint-eshte-rast-civil\/#breadcrumb"},"inLanguage":"sq","potentialAction":[{"@type":"ReadAction","target":["https:\/\/permbledhja.com\/sq\/sallahu-i-vajit-ne-tepsi-eshte-hakmarrje-nga-prokuroria-realizimi-i-kontrates-se-mint-eshte-rast-civil\/"]}]},{"@type":"BreadcrumbList","@id":"https:\/\/permbledhja.com\/sq\/sallahu-i-vajit-ne-tepsi-eshte-hakmarrje-nga-prokuroria-realizimi-i-kontrates-se-mint-eshte-rast-civil\/#breadcrumb","itemListElement":[{"@type":"ListItem","position":1,"name":"Ballina","item":"https:\/\/permbledhja.com\/sq\/"},{"@type":"ListItem","position":2,"name":"Sallahu i &#8220;vajit n\u00eb tepsi&#8221;: \u00cbsht\u00eb hakmarrje nga Prokuroria, realizimi i kontrat\u00ebs s\u00eb MINT \u00ebsht\u00eb rast civil"}]},{"@type":"WebSite","@id":"https:\/\/permbledhja.com\/#website","url":"https:\/\/permbledhja.com\/","name":"Ve\u00e7 artikuj p\u00ebrmbledh\u00ebs","description":"","publisher":{"@id":"https:\/\/permbledhja.com\/#organization"},"potentialAction":[{"@type":"SearchAction","target":{"@type":"EntryPoint","urlTemplate":"https:\/\/permbledhja.com\/?s={search_term_string}"},"query-input":"required name=search_term_string"}],"inLanguage":"sq"},{"@type":"Organization","@id":"https:\/\/permbledhja.com\/#organization","name":"MK Media & Pr","url":"https:\/\/permbledhja.com\/","logo":{"@type":"ImageObject","inLanguage":"sq","@id":"https:\/\/permbledhja.com\/#\/schema\/logo\/image\/","url":"https:\/\/permbledhja.com\/wp-content\/uploads\/2021\/12\/07-Press-Logo.jpg","contentUrl":"https:\/\/permbledhja.com\/wp-content\/uploads\/2021\/12\/07-Press-Logo.jpg","width":512,"height":512,"caption":"MK Media & Pr"},"image":{"@id":"https:\/\/permbledhja.com\/#\/schema\/logo\/image\/"},"sameAs":["https:\/\/www.facebook.com\/press07\/"]},{"@type":"Person","@id":"https:\/\/permbledhja.com\/#\/schema\/person\/d23f13f59b5722643933d6780783acf3","name":"M M","image":{"@type":"ImageObject","inLanguage":"sq","@id":"https:\/\/permbledhja.com\/#\/schema\/person\/image\/","url":"https:\/\/secure.gravatar.com\/avatar\/e2835a76ca7c31a2416b2d51c4ec9a8f?s=96&d=mm&r=g","contentUrl":"https:\/\/secure.gravatar.com\/avatar\/e2835a76ca7c31a2416b2d51c4ec9a8f?s=96&d=mm&r=g","caption":"M M"},"sameAs":["http:\/\/MM"],"url":"https:\/\/permbledhja.com\/sq\/author\/muhamet\/"}]}},"_links":{"self":[{"href":"https:\/\/permbledhja.com\/sq\/wp-json\/wp\/v2\/posts\/24021"}],"collection":[{"href":"https:\/\/permbledhja.com\/sq\/wp-json\/wp\/v2\/posts"}],"about":[{"href":"https:\/\/permbledhja.com\/sq\/wp-json\/wp\/v2\/types\/post"}],"author":[{"embeddable":true,"href":"https:\/\/permbledhja.com\/sq\/wp-json\/wp\/v2\/users\/2"}],"replies":[{"embeddable":true,"href":"https:\/\/permbledhja.com\/sq\/wp-json\/wp\/v2\/comments?post=24021"}],"version-history":[{"count":1,"href":"https:\/\/permbledhja.com\/sq\/wp-json\/wp\/v2\/posts\/24021\/revisions"}],"predecessor-version":[{"id":24023,"href":"https:\/\/permbledhja.com\/sq\/wp-json\/wp\/v2\/posts\/24021\/revisions\/24023"}],"wp:featuredmedia":[{"embeddable":true,"href":"https:\/\/permbledhja.com\/sq\/wp-json\/wp\/v2\/media\/24022"}],"wp:attachment":[{"href":"https:\/\/permbledhja.com\/sq\/wp-json\/wp\/v2\/media?parent=24021"}],"wp:term":[{"taxonomy":"category","embeddable":true,"href":"https:\/\/permbledhja.com\/sq\/wp-json\/wp\/v2\/categories?post=24021"},{"taxonomy":"post_tag","embeddable":true,"href":"https:\/\/permbledhja.com\/sq\/wp-json\/wp\/v2\/tags?post=24021"}],"curies":[{"name":"wp","href":"https:\/\/api.w.org\/{rel}","templated":true}]}}