{"id":23966,"date":"2023-08-19T20:36:17","date_gmt":"2023-08-19T20:36:17","guid":{"rendered":"https:\/\/permbledhja.com\/?p=23966"},"modified":"2023-08-19T20:36:17","modified_gmt":"2023-08-19T20:36:17","slug":"mehmetaj-kurti-e-nenshkroi-kunderligjshem-kerkesen-per-rezerva-shteterore","status":"publish","type":"post","link":"https:\/\/permbledhja.com\/sq\/mehmetaj-kurti-e-nenshkroi-kunderligjshem-kerkesen-per-rezerva-shteterore\/","title":{"rendered":"Mehmetaj: Kurti e n\u00ebnshkroi kund\u00ebrligjsh\u00ebm k\u00ebrkes\u00ebn p\u00ebr rezerva shtet\u00ebrore"},"content":{"rendered":"<h3>Gazetari Lirimi Mehmetaj ka reaguar pas publikimit t\u00eb dosjes s\u00eb Prokuroris\u00eb n\u00eb lidhje me rastin e rezverave shtet\u00ebrore, ku jan\u00eb arrestuar dy zyrtar\u00eb t\u00eb MINT dhe afaristi Ridvan Muharremi, ku ka k\u00ebrkuar nj\u00eb sqarim.<\/h3>\n<p>Mehmetaj ka publikuar nj\u00eb dokuemt ku shihet se kryeministri, Albin Kurti ka n\u00ebnshkruar k\u00ebrkes\u00ebn e Departamentit t\u00eb Rezervave Shtet\u00ebrore p\u00ebr mund\u00ebsin e p\u00ebrjashtimit t\u00eb procedurave t\u00eb prokurimit, gj\u00eb p\u00ebr t\u00eb cil\u00ebn akuzohen dy zyrtar\u00ebt e MINT, Hafiz Gara dhe Ifran Lipovica.<\/p>\n<p>Gazetari Mehmetaj ka shkruar se Kurti e ka ditur se kjo k\u00ebrkes\u00eb \u00ebsht\u00eb e kund\u00ebrligjshme, por e ka b\u00ebr\u00eb se sipas tij mbi 40% e shqiptar\u00ebve jan\u00eb analfabet\u00eb.<\/p>\n<p>Postimi i plot\u00eb:<\/p>\n<p>Pas publikimit t\u00eb dosjes nga Prokuroria p\u00ebr rastin e grurit &amp; vajit (tash edhe sheqerit) duhet patjet\u00ebr t\u00eb b\u00ebhet nj\u00eb sqarim.<\/p>\n<p>Dosja tregon q\u00eb krejt keqp\u00ebrdorimi fillon kur Hafiz Gara adreson te Irfan Lipovica k\u00ebrkes\u00ebn p\u00ebr p\u00ebrjashtim t\u00eb procedurave t\u00eb prokurimit \u201cedhe pse e ka ditur se k\u00ebrkesa e till\u00eb nuk ka baz\u00eb ligjore, e cila m\u00eb pas i \u00ebsht\u00eb adresuar Qeveris\u00eb s\u00eb Kosov\u00ebs, me q\u00ebllim p\u00ebr ta kufizuar konkurrenc\u00ebn dhe fshehur shkeljen e ligjit\u201d.<\/p>\n<p>Tash, e v\u00ebrtet\u00eb, k\u00ebta t\u00eb dy e kan\u00eb b\u00eb k\u00ebrkes\u00ebn pa baz\u00eb ligjore, por n\u00ebnshkrimin e kund\u00ebrligjsh\u00ebm (si\u00e7 po e shihni n\u00eb dokument) e ka dh\u00ebn\u00eb Albin Kurti.<\/p>\n<p>Dikush mund t\u00eb thot\u00eb: si \u00ebsht\u00eb e mundur q\u00eb ka 38 k\u00ebshilltar\u00eb dhe askush s\u2019i tregoi q\u00eb po n\u00ebnshkruan di\u00e7ka t\u00eb kund\u00ebrligjshme?<\/p>\n<p>Gabim.<\/p>\n<p>Ky e ka ditur se \u00ebsht\u00eb k\u00ebrkes\u00eb e kund\u00ebrligjshme.<\/p>\n<p>Pse e ka b\u00ebr\u00eb?<\/p>\n<p>Sepse, sipas tij, mbi 40 p\u00ebr qind t\u00eb shqiptar\u00ebve jan\u00eb analfabet\u00eb dhe ua hedh\u00eb.<\/p>\n<p>Qyre bre ti djali nga Norvegjia e larg\u00ebt, n\u00eb rastin m\u00eb t\u00eb keq ndoshta edhe jan\u00eb 40 p\u00ebr qind analfabet\u00eb, ve\u00e7 jemi nja 60 p\u00ebr qind q\u00eb s\u2019e hajm\u00eb kurr\u00eb sapunin p\u00ebr djath\u00eb.<\/p>\n<p>Me hajna nuk ka shtet more kryemashtrues.<\/p>\n","protected":false},"excerpt":{"rendered":"<p>Gazetari Lirimi Mehmetaj ka reaguar pas publikimit t\u00eb dosjes s\u00eb Prokuroris\u00eb n\u00eb lidhje me rastin e rezverave shtet\u00ebrore, ku jan\u00eb arrestuar dy zyrtar\u00eb t\u00eb MINT dhe afaristi Ridvan Muharremi, ku ka k\u00ebrkuar nj\u00eb sqarim. Mehmetaj ka publikuar nj\u00eb dokuemt ku shihet se kryeministri, Albin Kurti ka n\u00ebnshkruar k\u00ebrkes\u00ebn e Departamentit t\u00eb Rezervave Shtet\u00ebrore p\u00ebr mund\u00ebsin [&hellip;]<\/p>\n","protected":false},"author":1,"featured_media":23967,"comment_status":"closed","ping_status":"closed","sticky":false,"template":"","format":"standard","meta":{"_monsterinsights_skip_tracking":false,"_monsterinsights_sitenote_active":false,"_monsterinsights_sitenote_note":"","_monsterinsights_sitenote_category":0,"_uf_show_specific_survey":0,"_uf_disable_surveys":false,"footnotes":""},"categories":[23,15],"tags":[1985],"yoast_head":"<!-- This site is optimized with the Yoast SEO plugin v21.5 - https:\/\/yoast.com\/wordpress\/plugins\/seo\/ -->\n<title>Mehmetaj: Kurti e n\u00ebnshkroi kund\u00ebrligjsh\u00ebm k\u00ebrkes\u00ebn p\u00ebr rezerva shtet\u00ebrore<\/title>\n<meta name=\"robots\" content=\"index, follow, max-snippet:-1, max-image-preview:large, max-video-preview:-1\" \/>\n<link rel=\"canonical\" href=\"https:\/\/permbledhja.com\/sq\/mehmetaj-kurti-e-nenshkroi-kunderligjshem-kerkesen-per-rezerva-shteterore\/\" \/>\n<meta property=\"og:locale\" content=\"sq_AL\" \/>\n<meta property=\"og:type\" content=\"article\" \/>\n<meta property=\"og:title\" content=\"Mehmetaj: Kurti e n\u00ebnshkroi kund\u00ebrligjsh\u00ebm k\u00ebrkes\u00ebn p\u00ebr rezerva shtet\u00ebrore\" \/>\n<meta property=\"og:description\" content=\"Gazetari Lirimi Mehmetaj ka reaguar pas publikimit t\u00eb dosjes s\u00eb Prokuroris\u00eb n\u00eb lidhje me rastin e rezverave shtet\u00ebrore, ku jan\u00eb arrestuar dy zyrtar\u00eb t\u00eb MINT dhe afaristi Ridvan Muharremi, ku ka k\u00ebrkuar nj\u00eb sqarim. Mehmetaj ka publikuar nj\u00eb dokuemt ku shihet se kryeministri, Albin Kurti ka n\u00ebnshkruar k\u00ebrkes\u00ebn e Departamentit t\u00eb Rezervave Shtet\u00ebrore p\u00ebr mund\u00ebsin [&hellip;]\" \/>\n<meta property=\"og:url\" content=\"https:\/\/permbledhja.com\/sq\/mehmetaj-kurti-e-nenshkroi-kunderligjshem-kerkesen-per-rezerva-shteterore\/\" \/>\n<meta property=\"og:site_name\" content=\"Ve\u00e7 artikuj p\u00ebrmbledh\u00ebs\" \/>\n<meta property=\"article:publisher\" content=\"https:\/\/www.facebook.com\/press07\/\" \/>\n<meta property=\"article:author\" content=\"https:\/\/www.facebook.com\/kafexhiu.muharrem\/\" \/>\n<meta property=\"article:published_time\" content=\"2023-08-19T20:36:17+00:00\" \/>\n<meta property=\"og:image\" content=\"https:\/\/permbledhja.com\/wp-content\/uploads\/2023\/08\/4DC16162-E85B-44D2-99A9-4008F391AA2A.jpeg\" \/>\n\t<meta property=\"og:image:width\" content=\"1029\" \/>\n\t<meta property=\"og:image:height\" content=\"763\" \/>\n\t<meta property=\"og:image:type\" content=\"image\/jpeg\" \/>\n<meta name=\"author\" content=\"P\u00ebrmbledhja\" \/>\n<meta name=\"twitter:card\" content=\"summary_large_image\" \/>\n<meta name=\"twitter:label1\" content=\"Written by\" \/>\n\t<meta name=\"twitter:data1\" content=\"P\u00ebrmbledhja\" \/>\n\t<meta name=\"twitter:label2\" content=\"Est. reading time\" \/>\n\t<meta name=\"twitter:data2\" content=\"2 minuta\" \/>\n<script type=\"application\/ld+json\" class=\"yoast-schema-graph\">{\"@context\":\"https:\/\/schema.org\",\"@graph\":[{\"@type\":\"Article\",\"@id\":\"https:\/\/permbledhja.com\/sq\/mehmetaj-kurti-e-nenshkroi-kunderligjshem-kerkesen-per-rezerva-shteterore\/#article\",\"isPartOf\":{\"@id\":\"https:\/\/permbledhja.com\/sq\/mehmetaj-kurti-e-nenshkroi-kunderligjshem-kerkesen-per-rezerva-shteterore\/\"},\"author\":{\"name\":\"P\u00ebrmbledhja\",\"@id\":\"https:\/\/permbledhja.com\/#\/schema\/person\/0d064377258d3221e50693947b9eb4fe\"},\"headline\":\"Mehmetaj: Kurti e n\u00ebnshkroi kund\u00ebrligjsh\u00ebm k\u00ebrkes\u00ebn p\u00ebr rezerva shtet\u00ebrore\",\"datePublished\":\"2023-08-19T20:36:17+00:00\",\"dateModified\":\"2023-08-19T20:36:17+00:00\",\"mainEntityOfPage\":{\"@id\":\"https:\/\/permbledhja.com\/sq\/mehmetaj-kurti-e-nenshkroi-kunderligjshem-kerkesen-per-rezerva-shteterore\/\"},\"wordCount\":362,\"publisher\":{\"@id\":\"https:\/\/permbledhja.com\/#organization\"},\"keywords\":[\"Mehmetaj\"],\"articleSection\":[\"Komb\u00ebtare\",\"Lajme\"],\"inLanguage\":\"sq\"},{\"@type\":\"WebPage\",\"@id\":\"https:\/\/permbledhja.com\/sq\/mehmetaj-kurti-e-nenshkroi-kunderligjshem-kerkesen-per-rezerva-shteterore\/\",\"url\":\"https:\/\/permbledhja.com\/sq\/mehmetaj-kurti-e-nenshkroi-kunderligjshem-kerkesen-per-rezerva-shteterore\/\",\"name\":\"Mehmetaj: Kurti e n\u00ebnshkroi kund\u00ebrligjsh\u00ebm k\u00ebrkes\u00ebn p\u00ebr rezerva shtet\u00ebrore\",\"isPartOf\":{\"@id\":\"https:\/\/permbledhja.com\/#website\"},\"datePublished\":\"2023-08-19T20:36:17+00:00\",\"dateModified\":\"2023-08-19T20:36:17+00:00\",\"breadcrumb\":{\"@id\":\"https:\/\/permbledhja.com\/sq\/mehmetaj-kurti-e-nenshkroi-kunderligjshem-kerkesen-per-rezerva-shteterore\/#breadcrumb\"},\"inLanguage\":\"sq\",\"potentialAction\":[{\"@type\":\"ReadAction\",\"target\":[\"https:\/\/permbledhja.com\/sq\/mehmetaj-kurti-e-nenshkroi-kunderligjshem-kerkesen-per-rezerva-shteterore\/\"]}]},{\"@type\":\"BreadcrumbList\",\"@id\":\"https:\/\/permbledhja.com\/sq\/mehmetaj-kurti-e-nenshkroi-kunderligjshem-kerkesen-per-rezerva-shteterore\/#breadcrumb\",\"itemListElement\":[{\"@type\":\"ListItem\",\"position\":1,\"name\":\"Ballina\",\"item\":\"https:\/\/permbledhja.com\/sq\/\"},{\"@type\":\"ListItem\",\"position\":2,\"name\":\"Mehmetaj: Kurti e n\u00ebnshkroi kund\u00ebrligjsh\u00ebm k\u00ebrkes\u00ebn p\u00ebr rezerva shtet\u00ebrore\"}]},{\"@type\":\"WebSite\",\"@id\":\"https:\/\/permbledhja.com\/#website\",\"url\":\"https:\/\/permbledhja.com\/\",\"name\":\"Ve\u00e7 artikuj p\u00ebrmbledh\u00ebs\",\"description\":\"\",\"publisher\":{\"@id\":\"https:\/\/permbledhja.com\/#organization\"},\"potentialAction\":[{\"@type\":\"SearchAction\",\"target\":{\"@type\":\"EntryPoint\",\"urlTemplate\":\"https:\/\/permbledhja.com\/?s={search_term_string}\"},\"query-input\":\"required name=search_term_string\"}],\"inLanguage\":\"sq\"},{\"@type\":\"Organization\",\"@id\":\"https:\/\/permbledhja.com\/#organization\",\"name\":\"MK Media & Pr\",\"url\":\"https:\/\/permbledhja.com\/\",\"logo\":{\"@type\":\"ImageObject\",\"inLanguage\":\"sq\",\"@id\":\"https:\/\/permbledhja.com\/#\/schema\/logo\/image\/\",\"url\":\"https:\/\/permbledhja.com\/wp-content\/uploads\/2021\/12\/07-Press-Logo.jpg\",\"contentUrl\":\"https:\/\/permbledhja.com\/wp-content\/uploads\/2021\/12\/07-Press-Logo.jpg\",\"width\":512,\"height\":512,\"caption\":\"MK Media & Pr\"},\"image\":{\"@id\":\"https:\/\/permbledhja.com\/#\/schema\/logo\/image\/\"},\"sameAs\":[\"https:\/\/www.facebook.com\/press07\/\"]},{\"@type\":\"Person\",\"@id\":\"https:\/\/permbledhja.com\/#\/schema\/person\/0d064377258d3221e50693947b9eb4fe\",\"name\":\"P\u00ebrmbledhja\",\"image\":{\"@type\":\"ImageObject\",\"inLanguage\":\"sq\",\"@id\":\"https:\/\/permbledhja.com\/#\/schema\/person\/image\/\",\"url\":\"https:\/\/permbledhja.com\/wp-content\/uploads\/2026\/01\/452004717_1040944174702970_8932037511805513407_n-96x96.jpg\",\"contentUrl\":\"https:\/\/permbledhja.com\/wp-content\/uploads\/2026\/01\/452004717_1040944174702970_8932037511805513407_n-96x96.jpg\",\"caption\":\"P\u00ebrmbledhja\"},\"sameAs\":[\"https:\/\/www.facebook.com\/kafexhiu.muharrem\/\",\"https:\/\/www.instagram.com\/muharrem_kafexhiu\/\"],\"url\":\"https:\/\/permbledhja.com\/sq\/author\/admin\/\"}]}<\/script>\n<!-- \/ Yoast SEO plugin. -->","yoast_head_json":{"title":"Mehmetaj: Kurti e n\u00ebnshkroi kund\u00ebrligjsh\u00ebm k\u00ebrkes\u00ebn p\u00ebr rezerva shtet\u00ebrore","robots":{"index":"index","follow":"follow","max-snippet":"max-snippet:-1","max-image-preview":"max-image-preview:large","max-video-preview":"max-video-preview:-1"},"canonical":"https:\/\/permbledhja.com\/sq\/mehmetaj-kurti-e-nenshkroi-kunderligjshem-kerkesen-per-rezerva-shteterore\/","og_locale":"sq_AL","og_type":"article","og_title":"Mehmetaj: Kurti e n\u00ebnshkroi kund\u00ebrligjsh\u00ebm k\u00ebrkes\u00ebn p\u00ebr rezerva shtet\u00ebrore","og_description":"Gazetari Lirimi Mehmetaj ka reaguar pas publikimit t\u00eb dosjes s\u00eb Prokuroris\u00eb n\u00eb lidhje me rastin e rezverave shtet\u00ebrore, ku jan\u00eb arrestuar dy zyrtar\u00eb t\u00eb MINT dhe afaristi Ridvan Muharremi, ku ka k\u00ebrkuar nj\u00eb sqarim. Mehmetaj ka publikuar nj\u00eb dokuemt ku shihet se kryeministri, Albin Kurti ka n\u00ebnshkruar k\u00ebrkes\u00ebn e Departamentit t\u00eb Rezervave Shtet\u00ebrore p\u00ebr mund\u00ebsin [&hellip;]","og_url":"https:\/\/permbledhja.com\/sq\/mehmetaj-kurti-e-nenshkroi-kunderligjshem-kerkesen-per-rezerva-shteterore\/","og_site_name":"Ve\u00e7 artikuj p\u00ebrmbledh\u00ebs","article_publisher":"https:\/\/www.facebook.com\/press07\/","article_author":"https:\/\/www.facebook.com\/kafexhiu.muharrem\/","article_published_time":"2023-08-19T20:36:17+00:00","og_image":[{"width":1029,"height":763,"url":"https:\/\/permbledhja.com\/wp-content\/uploads\/2023\/08\/4DC16162-E85B-44D2-99A9-4008F391AA2A.jpeg","type":"image\/jpeg"}],"author":"P\u00ebrmbledhja","twitter_card":"summary_large_image","twitter_misc":{"Written by":"P\u00ebrmbledhja","Est. reading time":"2 minuta"},"schema":{"@context":"https:\/\/schema.org","@graph":[{"@type":"Article","@id":"https:\/\/permbledhja.com\/sq\/mehmetaj-kurti-e-nenshkroi-kunderligjshem-kerkesen-per-rezerva-shteterore\/#article","isPartOf":{"@id":"https:\/\/permbledhja.com\/sq\/mehmetaj-kurti-e-nenshkroi-kunderligjshem-kerkesen-per-rezerva-shteterore\/"},"author":{"name":"P\u00ebrmbledhja","@id":"https:\/\/permbledhja.com\/#\/schema\/person\/0d064377258d3221e50693947b9eb4fe"},"headline":"Mehmetaj: Kurti e n\u00ebnshkroi kund\u00ebrligjsh\u00ebm k\u00ebrkes\u00ebn p\u00ebr rezerva shtet\u00ebrore","datePublished":"2023-08-19T20:36:17+00:00","dateModified":"2023-08-19T20:36:17+00:00","mainEntityOfPage":{"@id":"https:\/\/permbledhja.com\/sq\/mehmetaj-kurti-e-nenshkroi-kunderligjshem-kerkesen-per-rezerva-shteterore\/"},"wordCount":362,"publisher":{"@id":"https:\/\/permbledhja.com\/#organization"},"keywords":["Mehmetaj"],"articleSection":["Komb\u00ebtare","Lajme"],"inLanguage":"sq"},{"@type":"WebPage","@id":"https:\/\/permbledhja.com\/sq\/mehmetaj-kurti-e-nenshkroi-kunderligjshem-kerkesen-per-rezerva-shteterore\/","url":"https:\/\/permbledhja.com\/sq\/mehmetaj-kurti-e-nenshkroi-kunderligjshem-kerkesen-per-rezerva-shteterore\/","name":"Mehmetaj: Kurti e n\u00ebnshkroi kund\u00ebrligjsh\u00ebm k\u00ebrkes\u00ebn p\u00ebr rezerva shtet\u00ebrore","isPartOf":{"@id":"https:\/\/permbledhja.com\/#website"},"datePublished":"2023-08-19T20:36:17+00:00","dateModified":"2023-08-19T20:36:17+00:00","breadcrumb":{"@id":"https:\/\/permbledhja.com\/sq\/mehmetaj-kurti-e-nenshkroi-kunderligjshem-kerkesen-per-rezerva-shteterore\/#breadcrumb"},"inLanguage":"sq","potentialAction":[{"@type":"ReadAction","target":["https:\/\/permbledhja.com\/sq\/mehmetaj-kurti-e-nenshkroi-kunderligjshem-kerkesen-per-rezerva-shteterore\/"]}]},{"@type":"BreadcrumbList","@id":"https:\/\/permbledhja.com\/sq\/mehmetaj-kurti-e-nenshkroi-kunderligjshem-kerkesen-per-rezerva-shteterore\/#breadcrumb","itemListElement":[{"@type":"ListItem","position":1,"name":"Ballina","item":"https:\/\/permbledhja.com\/sq\/"},{"@type":"ListItem","position":2,"name":"Mehmetaj: Kurti e n\u00ebnshkroi kund\u00ebrligjsh\u00ebm k\u00ebrkes\u00ebn p\u00ebr rezerva shtet\u00ebrore"}]},{"@type":"WebSite","@id":"https:\/\/permbledhja.com\/#website","url":"https:\/\/permbledhja.com\/","name":"Ve\u00e7 artikuj p\u00ebrmbledh\u00ebs","description":"","publisher":{"@id":"https:\/\/permbledhja.com\/#organization"},"potentialAction":[{"@type":"SearchAction","target":{"@type":"EntryPoint","urlTemplate":"https:\/\/permbledhja.com\/?s={search_term_string}"},"query-input":"required name=search_term_string"}],"inLanguage":"sq"},{"@type":"Organization","@id":"https:\/\/permbledhja.com\/#organization","name":"MK Media & Pr","url":"https:\/\/permbledhja.com\/","logo":{"@type":"ImageObject","inLanguage":"sq","@id":"https:\/\/permbledhja.com\/#\/schema\/logo\/image\/","url":"https:\/\/permbledhja.com\/wp-content\/uploads\/2021\/12\/07-Press-Logo.jpg","contentUrl":"https:\/\/permbledhja.com\/wp-content\/uploads\/2021\/12\/07-Press-Logo.jpg","width":512,"height":512,"caption":"MK Media & Pr"},"image":{"@id":"https:\/\/permbledhja.com\/#\/schema\/logo\/image\/"},"sameAs":["https:\/\/www.facebook.com\/press07\/"]},{"@type":"Person","@id":"https:\/\/permbledhja.com\/#\/schema\/person\/0d064377258d3221e50693947b9eb4fe","name":"P\u00ebrmbledhja","image":{"@type":"ImageObject","inLanguage":"sq","@id":"https:\/\/permbledhja.com\/#\/schema\/person\/image\/","url":"https:\/\/permbledhja.com\/wp-content\/uploads\/2026\/01\/452004717_1040944174702970_8932037511805513407_n-96x96.jpg","contentUrl":"https:\/\/permbledhja.com\/wp-content\/uploads\/2026\/01\/452004717_1040944174702970_8932037511805513407_n-96x96.jpg","caption":"P\u00ebrmbledhja"},"sameAs":["https:\/\/www.facebook.com\/kafexhiu.muharrem\/","https:\/\/www.instagram.com\/muharrem_kafexhiu\/"],"url":"https:\/\/permbledhja.com\/sq\/author\/admin\/"}]}},"_links":{"self":[{"href":"https:\/\/permbledhja.com\/sq\/wp-json\/wp\/v2\/posts\/23966"}],"collection":[{"href":"https:\/\/permbledhja.com\/sq\/wp-json\/wp\/v2\/posts"}],"about":[{"href":"https:\/\/permbledhja.com\/sq\/wp-json\/wp\/v2\/types\/post"}],"author":[{"embeddable":true,"href":"https:\/\/permbledhja.com\/sq\/wp-json\/wp\/v2\/users\/1"}],"replies":[{"embeddable":true,"href":"https:\/\/permbledhja.com\/sq\/wp-json\/wp\/v2\/comments?post=23966"}],"version-history":[{"count":1,"href":"https:\/\/permbledhja.com\/sq\/wp-json\/wp\/v2\/posts\/23966\/revisions"}],"predecessor-version":[{"id":23968,"href":"https:\/\/permbledhja.com\/sq\/wp-json\/wp\/v2\/posts\/23966\/revisions\/23968"}],"wp:featuredmedia":[{"embeddable":true,"href":"https:\/\/permbledhja.com\/sq\/wp-json\/wp\/v2\/media\/23967"}],"wp:attachment":[{"href":"https:\/\/permbledhja.com\/sq\/wp-json\/wp\/v2\/media?parent=23966"}],"wp:term":[{"taxonomy":"category","embeddable":true,"href":"https:\/\/permbledhja.com\/sq\/wp-json\/wp\/v2\/categories?post=23966"},{"taxonomy":"post_tag","embeddable":true,"href":"https:\/\/permbledhja.com\/sq\/wp-json\/wp\/v2\/tags?post=23966"}],"curies":[{"name":"wp","href":"https:\/\/api.w.org\/{rel}","templated":true}]}}