{"id":23856,"date":"2023-08-18T12:34:44","date_gmt":"2023-08-18T12:34:44","guid":{"rendered":"https:\/\/permbledhja.com\/?p=23856"},"modified":"2023-08-18T12:34:44","modified_gmt":"2023-08-18T12:34:44","slug":"kurti-i-mbledh-ministrat-ne-kryeministri-pjesemarrese-edhe-rozeta-hajdari","status":"publish","type":"post","link":"https:\/\/permbledhja.com\/sq\/kurti-i-mbledh-ministrat-ne-kryeministri-pjesemarrese-edhe-rozeta-hajdari\/","title":{"rendered":"Kurti i mbledh ministrat n\u00eb kryeministri, pjes\u00ebmarr\u00ebse edhe Rozeta Hajdari"},"content":{"rendered":"<h3>Kryeministri Albin Kurti ka mbledhur kabinetin e tij qeveritar n\u00eb Kryeministri.<\/h3>\n<p>T7 raporton se pjes\u00ebmarr\u00ebse \u00ebsht\u00eb edhe ministrja e Industris\u00eb, Nd\u00ebrmarr\u00ebsis\u00eb dhe Tregtis\u00eb, Rozeta Hajdari.<\/p>\n<p>Kjo mbledhje ndodh pas bastisjeve me urdh\u00ebr t\u00eb Prokuroris\u00eb Speciale n\u00eb Ministrin\u00eb e Industris\u00eb, Nd\u00ebrmarr\u00ebsis\u00eb dhe Tregtis\u00eb (MINT) n\u00ebn dyshimet p\u00ebr keqp\u00ebrdorime me rezervat shtet\u00ebrore.<\/p>\n<p>Gjat\u00eb operacionit t\u00eb sot\u00ebm jan\u00eb arrestuar dy zyrtar\u00eb t\u00eb ministris\u00eb dhe nj\u00eb afarist, q\u00eb \u00ebsht\u00eb raportuar t\u00eb jet\u00eb i af\u00ebrt me Kryeministrin Kurti.<\/p>\n<p>Kurti \u00ebsht\u00eb pyetur nga gazetar\u00ebt p\u00ebr zhvillimet e sotme, por ka refuzuar t\u00eb p\u00ebrgjigjet, duke th\u00ebn\u00eb se p\u00ebr k\u00ebt\u00eb deklarohet gjat\u00eb dit\u00ebs.<\/p>\n<p>MINT ka dal\u00eb me nj\u00eb komunikat\u00eb, ku thot\u00eb se mir\u00ebpret hetimet e Prokuroris\u00eb Speciale dhe se jan\u00eb t\u00eb bindur se furnizimi me rezerva shtet\u00ebrore \u00ebsht\u00eb b\u00ebr\u00eb sipas ligjit. Edhe m\u00eb tutje, MINT akuzon mediat q\u00eb raportuar p\u00ebr dyshimet p\u00ebr keqp\u00ebrdorime me rezervat shtet\u00ebrore se kan\u00eb b\u00ebr\u00eb \u201cp\u00ebrpjekje p\u00ebr keqinformim\u201d.\/Express<\/p>\n","protected":false},"excerpt":{"rendered":"<p>Kryeministri Albin Kurti ka mbledhur kabinetin e tij qeveritar n\u00eb Kryeministri. T7 raporton se pjes\u00ebmarr\u00ebse \u00ebsht\u00eb edhe ministrja e Industris\u00eb, Nd\u00ebrmarr\u00ebsis\u00eb dhe Tregtis\u00eb, Rozeta Hajdari. Kjo mbledhje ndodh pas bastisjeve me urdh\u00ebr t\u00eb Prokuroris\u00eb Speciale n\u00eb Ministrin\u00eb e Industris\u00eb, Nd\u00ebrmarr\u00ebsis\u00eb dhe Tregtis\u00eb (MINT) n\u00ebn dyshimet p\u00ebr keqp\u00ebrdorime me rezervat shtet\u00ebrore. Gjat\u00eb operacionit t\u00eb sot\u00ebm jan\u00eb [&hellip;]<\/p>\n","protected":false},"author":1,"featured_media":23857,"comment_status":"closed","ping_status":"closed","sticky":false,"template":"","format":"standard","meta":{"_monsterinsights_skip_tracking":false,"_monsterinsights_sitenote_active":false,"_monsterinsights_sitenote_note":"","_monsterinsights_sitenote_category":0,"_uf_show_specific_survey":0,"_uf_disable_surveys":false,"footnotes":""},"categories":[23,15],"tags":[86],"yoast_head":"<!-- This site is optimized with the Yoast SEO plugin v21.5 - https:\/\/yoast.com\/wordpress\/plugins\/seo\/ -->\n<title>Kurti i mbledh ministrat n\u00eb kryeministri, pjes\u00ebmarr\u00ebse edhe Rozeta Hajdari<\/title>\n<meta name=\"robots\" content=\"index, follow, max-snippet:-1, max-image-preview:large, max-video-preview:-1\" \/>\n<link rel=\"canonical\" href=\"https:\/\/permbledhja.com\/sq\/kurti-i-mbledh-ministrat-ne-kryeministri-pjesemarrese-edhe-rozeta-hajdari\/\" \/>\n<meta property=\"og:locale\" content=\"sq_AL\" \/>\n<meta property=\"og:type\" content=\"article\" \/>\n<meta property=\"og:title\" content=\"Kurti i mbledh ministrat n\u00eb kryeministri, pjes\u00ebmarr\u00ebse edhe Rozeta Hajdari\" \/>\n<meta property=\"og:description\" content=\"Kryeministri Albin Kurti ka mbledhur kabinetin e tij qeveritar n\u00eb Kryeministri. T7 raporton se pjes\u00ebmarr\u00ebse \u00ebsht\u00eb edhe ministrja e Industris\u00eb, Nd\u00ebrmarr\u00ebsis\u00eb dhe Tregtis\u00eb, Rozeta Hajdari. Kjo mbledhje ndodh pas bastisjeve me urdh\u00ebr t\u00eb Prokuroris\u00eb Speciale n\u00eb Ministrin\u00eb e Industris\u00eb, Nd\u00ebrmarr\u00ebsis\u00eb dhe Tregtis\u00eb (MINT) n\u00ebn dyshimet p\u00ebr keqp\u00ebrdorime me rezervat shtet\u00ebrore. Gjat\u00eb operacionit t\u00eb sot\u00ebm jan\u00eb [&hellip;]\" \/>\n<meta property=\"og:url\" content=\"https:\/\/permbledhja.com\/sq\/kurti-i-mbledh-ministrat-ne-kryeministri-pjesemarrese-edhe-rozeta-hajdari\/\" \/>\n<meta property=\"og:site_name\" content=\"Ve\u00e7 artikuj p\u00ebrmbledh\u00ebs\" \/>\n<meta property=\"article:publisher\" content=\"https:\/\/www.facebook.com\/press07\/\" \/>\n<meta property=\"article:author\" content=\"https:\/\/www.facebook.com\/kafexhiu.muharrem\/\" \/>\n<meta property=\"article:published_time\" content=\"2023-08-18T12:34:44+00:00\" \/>\n<meta property=\"og:image\" content=\"https:\/\/permbledhja.com\/wp-content\/uploads\/2023\/08\/EA6D0F22-C280-4A46-B30A-9BA17DEEC863.jpeg\" \/>\n\t<meta property=\"og:image:width\" content=\"1155\" \/>\n\t<meta property=\"og:image:height\" content=\"684\" \/>\n\t<meta property=\"og:image:type\" content=\"image\/jpeg\" \/>\n<meta name=\"author\" content=\"P\u00ebrmbledhja\" \/>\n<meta name=\"twitter:card\" content=\"summary_large_image\" \/>\n<meta name=\"twitter:label1\" content=\"Written by\" \/>\n\t<meta name=\"twitter:data1\" content=\"P\u00ebrmbledhja\" \/>\n\t<meta name=\"twitter:label2\" content=\"Est. reading time\" \/>\n\t<meta name=\"twitter:data2\" content=\"1 minut\u00eb\" \/>\n<script type=\"application\/ld+json\" class=\"yoast-schema-graph\">{\"@context\":\"https:\/\/schema.org\",\"@graph\":[{\"@type\":\"Article\",\"@id\":\"https:\/\/permbledhja.com\/kurti-i-mbledh-ministrat-ne-kryeministri-pjesemarrese-edhe-rozeta-hajdari\/#article\",\"isPartOf\":{\"@id\":\"https:\/\/permbledhja.com\/kurti-i-mbledh-ministrat-ne-kryeministri-pjesemarrese-edhe-rozeta-hajdari\/\"},\"author\":{\"name\":\"P\u00ebrmbledhja\",\"@id\":\"https:\/\/permbledhja.com\/#\/schema\/person\/0d064377258d3221e50693947b9eb4fe\"},\"headline\":\"Kurti i mbledh ministrat n\u00eb kryeministri, pjes\u00ebmarr\u00ebse edhe Rozeta Hajdari\",\"datePublished\":\"2023-08-18T12:34:44+00:00\",\"dateModified\":\"2023-08-18T12:34:44+00:00\",\"mainEntityOfPage\":{\"@id\":\"https:\/\/permbledhja.com\/kurti-i-mbledh-ministrat-ne-kryeministri-pjesemarrese-edhe-rozeta-hajdari\/\"},\"wordCount\":187,\"publisher\":{\"@id\":\"https:\/\/permbledhja.com\/#organization\"},\"keywords\":[\"Albin Kurti\"],\"articleSection\":[\"Komb\u00ebtare\",\"Lajme\"],\"inLanguage\":\"sq\"},{\"@type\":\"WebPage\",\"@id\":\"https:\/\/permbledhja.com\/kurti-i-mbledh-ministrat-ne-kryeministri-pjesemarrese-edhe-rozeta-hajdari\/\",\"url\":\"https:\/\/permbledhja.com\/kurti-i-mbledh-ministrat-ne-kryeministri-pjesemarrese-edhe-rozeta-hajdari\/\",\"name\":\"Kurti i mbledh ministrat n\u00eb kryeministri, pjes\u00ebmarr\u00ebse edhe Rozeta Hajdari\",\"isPartOf\":{\"@id\":\"https:\/\/permbledhja.com\/#website\"},\"datePublished\":\"2023-08-18T12:34:44+00:00\",\"dateModified\":\"2023-08-18T12:34:44+00:00\",\"breadcrumb\":{\"@id\":\"https:\/\/permbledhja.com\/kurti-i-mbledh-ministrat-ne-kryeministri-pjesemarrese-edhe-rozeta-hajdari\/#breadcrumb\"},\"inLanguage\":\"sq\",\"potentialAction\":[{\"@type\":\"ReadAction\",\"target\":[\"https:\/\/permbledhja.com\/kurti-i-mbledh-ministrat-ne-kryeministri-pjesemarrese-edhe-rozeta-hajdari\/\"]}]},{\"@type\":\"BreadcrumbList\",\"@id\":\"https:\/\/permbledhja.com\/kurti-i-mbledh-ministrat-ne-kryeministri-pjesemarrese-edhe-rozeta-hajdari\/#breadcrumb\",\"itemListElement\":[{\"@type\":\"ListItem\",\"position\":1,\"name\":\"Ballina\",\"item\":\"https:\/\/permbledhja.com\/sq\/\"},{\"@type\":\"ListItem\",\"position\":2,\"name\":\"Kurti i mbledh ministrat n\u00eb kryeministri, pjes\u00ebmarr\u00ebse edhe Rozeta Hajdari\"}]},{\"@type\":\"WebSite\",\"@id\":\"https:\/\/permbledhja.com\/#website\",\"url\":\"https:\/\/permbledhja.com\/\",\"name\":\"Ve\u00e7 artikuj p\u00ebrmbledh\u00ebs\",\"description\":\"\",\"publisher\":{\"@id\":\"https:\/\/permbledhja.com\/#organization\"},\"potentialAction\":[{\"@type\":\"SearchAction\",\"target\":{\"@type\":\"EntryPoint\",\"urlTemplate\":\"https:\/\/permbledhja.com\/?s={search_term_string}\"},\"query-input\":\"required name=search_term_string\"}],\"inLanguage\":\"sq\"},{\"@type\":\"Organization\",\"@id\":\"https:\/\/permbledhja.com\/#organization\",\"name\":\"MK Media & Pr\",\"url\":\"https:\/\/permbledhja.com\/\",\"logo\":{\"@type\":\"ImageObject\",\"inLanguage\":\"sq\",\"@id\":\"https:\/\/permbledhja.com\/#\/schema\/logo\/image\/\",\"url\":\"https:\/\/permbledhja.com\/wp-content\/uploads\/2021\/12\/07-Press-Logo.jpg\",\"contentUrl\":\"https:\/\/permbledhja.com\/wp-content\/uploads\/2021\/12\/07-Press-Logo.jpg\",\"width\":512,\"height\":512,\"caption\":\"MK Media & Pr\"},\"image\":{\"@id\":\"https:\/\/permbledhja.com\/#\/schema\/logo\/image\/\"},\"sameAs\":[\"https:\/\/www.facebook.com\/press07\/\"]},{\"@type\":\"Person\",\"@id\":\"https:\/\/permbledhja.com\/#\/schema\/person\/0d064377258d3221e50693947b9eb4fe\",\"name\":\"P\u00ebrmbledhja\",\"image\":{\"@type\":\"ImageObject\",\"inLanguage\":\"sq\",\"@id\":\"https:\/\/permbledhja.com\/#\/schema\/person\/image\/\",\"url\":\"https:\/\/permbledhja.com\/wp-content\/uploads\/2026\/01\/452004717_1040944174702970_8932037511805513407_n-96x96.jpg\",\"contentUrl\":\"https:\/\/permbledhja.com\/wp-content\/uploads\/2026\/01\/452004717_1040944174702970_8932037511805513407_n-96x96.jpg\",\"caption\":\"P\u00ebrmbledhja\"},\"sameAs\":[\"https:\/\/www.facebook.com\/kafexhiu.muharrem\/\",\"https:\/\/www.instagram.com\/muharrem_kafexhiu\/\"],\"url\":\"https:\/\/permbledhja.com\/sq\/author\/admin\/\"}]}<\/script>\n<!-- \/ Yoast SEO plugin. -->","yoast_head_json":{"title":"Kurti i mbledh ministrat n\u00eb kryeministri, pjes\u00ebmarr\u00ebse edhe Rozeta Hajdari","robots":{"index":"index","follow":"follow","max-snippet":"max-snippet:-1","max-image-preview":"max-image-preview:large","max-video-preview":"max-video-preview:-1"},"canonical":"https:\/\/permbledhja.com\/sq\/kurti-i-mbledh-ministrat-ne-kryeministri-pjesemarrese-edhe-rozeta-hajdari\/","og_locale":"sq_AL","og_type":"article","og_title":"Kurti i mbledh ministrat n\u00eb kryeministri, pjes\u00ebmarr\u00ebse edhe Rozeta Hajdari","og_description":"Kryeministri Albin Kurti ka mbledhur kabinetin e tij qeveritar n\u00eb Kryeministri. T7 raporton se pjes\u00ebmarr\u00ebse \u00ebsht\u00eb edhe ministrja e Industris\u00eb, Nd\u00ebrmarr\u00ebsis\u00eb dhe Tregtis\u00eb, Rozeta Hajdari. Kjo mbledhje ndodh pas bastisjeve me urdh\u00ebr t\u00eb Prokuroris\u00eb Speciale n\u00eb Ministrin\u00eb e Industris\u00eb, Nd\u00ebrmarr\u00ebsis\u00eb dhe Tregtis\u00eb (MINT) n\u00ebn dyshimet p\u00ebr keqp\u00ebrdorime me rezervat shtet\u00ebrore. Gjat\u00eb operacionit t\u00eb sot\u00ebm jan\u00eb [&hellip;]","og_url":"https:\/\/permbledhja.com\/sq\/kurti-i-mbledh-ministrat-ne-kryeministri-pjesemarrese-edhe-rozeta-hajdari\/","og_site_name":"Ve\u00e7 artikuj p\u00ebrmbledh\u00ebs","article_publisher":"https:\/\/www.facebook.com\/press07\/","article_author":"https:\/\/www.facebook.com\/kafexhiu.muharrem\/","article_published_time":"2023-08-18T12:34:44+00:00","og_image":[{"width":1155,"height":684,"url":"https:\/\/permbledhja.com\/wp-content\/uploads\/2023\/08\/EA6D0F22-C280-4A46-B30A-9BA17DEEC863.jpeg","type":"image\/jpeg"}],"author":"P\u00ebrmbledhja","twitter_card":"summary_large_image","twitter_misc":{"Written by":"P\u00ebrmbledhja","Est. reading time":"1 minut\u00eb"},"schema":{"@context":"https:\/\/schema.org","@graph":[{"@type":"Article","@id":"https:\/\/permbledhja.com\/kurti-i-mbledh-ministrat-ne-kryeministri-pjesemarrese-edhe-rozeta-hajdari\/#article","isPartOf":{"@id":"https:\/\/permbledhja.com\/kurti-i-mbledh-ministrat-ne-kryeministri-pjesemarrese-edhe-rozeta-hajdari\/"},"author":{"name":"P\u00ebrmbledhja","@id":"https:\/\/permbledhja.com\/#\/schema\/person\/0d064377258d3221e50693947b9eb4fe"},"headline":"Kurti i mbledh ministrat n\u00eb kryeministri, pjes\u00ebmarr\u00ebse edhe Rozeta Hajdari","datePublished":"2023-08-18T12:34:44+00:00","dateModified":"2023-08-18T12:34:44+00:00","mainEntityOfPage":{"@id":"https:\/\/permbledhja.com\/kurti-i-mbledh-ministrat-ne-kryeministri-pjesemarrese-edhe-rozeta-hajdari\/"},"wordCount":187,"publisher":{"@id":"https:\/\/permbledhja.com\/#organization"},"keywords":["Albin Kurti"],"articleSection":["Komb\u00ebtare","Lajme"],"inLanguage":"sq"},{"@type":"WebPage","@id":"https:\/\/permbledhja.com\/kurti-i-mbledh-ministrat-ne-kryeministri-pjesemarrese-edhe-rozeta-hajdari\/","url":"https:\/\/permbledhja.com\/kurti-i-mbledh-ministrat-ne-kryeministri-pjesemarrese-edhe-rozeta-hajdari\/","name":"Kurti i mbledh ministrat n\u00eb kryeministri, pjes\u00ebmarr\u00ebse edhe Rozeta Hajdari","isPartOf":{"@id":"https:\/\/permbledhja.com\/#website"},"datePublished":"2023-08-18T12:34:44+00:00","dateModified":"2023-08-18T12:34:44+00:00","breadcrumb":{"@id":"https:\/\/permbledhja.com\/kurti-i-mbledh-ministrat-ne-kryeministri-pjesemarrese-edhe-rozeta-hajdari\/#breadcrumb"},"inLanguage":"sq","potentialAction":[{"@type":"ReadAction","target":["https:\/\/permbledhja.com\/kurti-i-mbledh-ministrat-ne-kryeministri-pjesemarrese-edhe-rozeta-hajdari\/"]}]},{"@type":"BreadcrumbList","@id":"https:\/\/permbledhja.com\/kurti-i-mbledh-ministrat-ne-kryeministri-pjesemarrese-edhe-rozeta-hajdari\/#breadcrumb","itemListElement":[{"@type":"ListItem","position":1,"name":"Ballina","item":"https:\/\/permbledhja.com\/sq\/"},{"@type":"ListItem","position":2,"name":"Kurti i mbledh ministrat n\u00eb kryeministri, pjes\u00ebmarr\u00ebse edhe Rozeta Hajdari"}]},{"@type":"WebSite","@id":"https:\/\/permbledhja.com\/#website","url":"https:\/\/permbledhja.com\/","name":"Ve\u00e7 artikuj p\u00ebrmbledh\u00ebs","description":"","publisher":{"@id":"https:\/\/permbledhja.com\/#organization"},"potentialAction":[{"@type":"SearchAction","target":{"@type":"EntryPoint","urlTemplate":"https:\/\/permbledhja.com\/?s={search_term_string}"},"query-input":"required name=search_term_string"}],"inLanguage":"sq"},{"@type":"Organization","@id":"https:\/\/permbledhja.com\/#organization","name":"MK Media & Pr","url":"https:\/\/permbledhja.com\/","logo":{"@type":"ImageObject","inLanguage":"sq","@id":"https:\/\/permbledhja.com\/#\/schema\/logo\/image\/","url":"https:\/\/permbledhja.com\/wp-content\/uploads\/2021\/12\/07-Press-Logo.jpg","contentUrl":"https:\/\/permbledhja.com\/wp-content\/uploads\/2021\/12\/07-Press-Logo.jpg","width":512,"height":512,"caption":"MK Media & Pr"},"image":{"@id":"https:\/\/permbledhja.com\/#\/schema\/logo\/image\/"},"sameAs":["https:\/\/www.facebook.com\/press07\/"]},{"@type":"Person","@id":"https:\/\/permbledhja.com\/#\/schema\/person\/0d064377258d3221e50693947b9eb4fe","name":"P\u00ebrmbledhja","image":{"@type":"ImageObject","inLanguage":"sq","@id":"https:\/\/permbledhja.com\/#\/schema\/person\/image\/","url":"https:\/\/permbledhja.com\/wp-content\/uploads\/2026\/01\/452004717_1040944174702970_8932037511805513407_n-96x96.jpg","contentUrl":"https:\/\/permbledhja.com\/wp-content\/uploads\/2026\/01\/452004717_1040944174702970_8932037511805513407_n-96x96.jpg","caption":"P\u00ebrmbledhja"},"sameAs":["https:\/\/www.facebook.com\/kafexhiu.muharrem\/","https:\/\/www.instagram.com\/muharrem_kafexhiu\/"],"url":"https:\/\/permbledhja.com\/sq\/author\/admin\/"}]}},"_links":{"self":[{"href":"https:\/\/permbledhja.com\/sq\/wp-json\/wp\/v2\/posts\/23856"}],"collection":[{"href":"https:\/\/permbledhja.com\/sq\/wp-json\/wp\/v2\/posts"}],"about":[{"href":"https:\/\/permbledhja.com\/sq\/wp-json\/wp\/v2\/types\/post"}],"author":[{"embeddable":true,"href":"https:\/\/permbledhja.com\/sq\/wp-json\/wp\/v2\/users\/1"}],"replies":[{"embeddable":true,"href":"https:\/\/permbledhja.com\/sq\/wp-json\/wp\/v2\/comments?post=23856"}],"version-history":[{"count":1,"href":"https:\/\/permbledhja.com\/sq\/wp-json\/wp\/v2\/posts\/23856\/revisions"}],"predecessor-version":[{"id":23858,"href":"https:\/\/permbledhja.com\/sq\/wp-json\/wp\/v2\/posts\/23856\/revisions\/23858"}],"wp:featuredmedia":[{"embeddable":true,"href":"https:\/\/permbledhja.com\/sq\/wp-json\/wp\/v2\/media\/23857"}],"wp:attachment":[{"href":"https:\/\/permbledhja.com\/sq\/wp-json\/wp\/v2\/media?parent=23856"}],"wp:term":[{"taxonomy":"category","embeddable":true,"href":"https:\/\/permbledhja.com\/sq\/wp-json\/wp\/v2\/categories?post=23856"},{"taxonomy":"post_tag","embeddable":true,"href":"https:\/\/permbledhja.com\/sq\/wp-json\/wp\/v2\/tags?post=23856"}],"curies":[{"name":"wp","href":"https:\/\/api.w.org\/{rel}","templated":true}]}}