{"id":23817,"date":"2023-08-17T13:27:43","date_gmt":"2023-08-17T13:27:43","guid":{"rendered":"https:\/\/permbledhja.com\/?p=23817"},"modified":"2023-08-17T13:32:35","modified_gmt":"2023-08-17T13:32:35","slug":"lirohet-logopedi-qe-dyshohet-per-sulm-ndaj-katervjecares-rasti-po-hetohet-ne-procedure-te-rregullt","status":"publish","type":"post","link":"https:\/\/permbledhja.com\/sq\/lirohet-logopedi-qe-dyshohet-per-sulm-ndaj-katervjecares-rasti-po-hetohet-ne-procedure-te-rregullt\/","title":{"rendered":"Lirohet logopedi q\u00eb dyshohet p\u00ebr sulm ndaj kat\u00ebrvje\u00e7ares, rasti po hetohet n\u00eb procedur\u00eb t\u00eb rregullt"},"content":{"rendered":"<h3>Logopedi, Besart Sokoli, i cili dyshohet se e sulmoi nj\u00eb kat\u00ebrvje\u00e7are e cila kishte shkuar p\u00ebr t\u2019u trajtuar n\u00eb klinik\u00ebn e tij, \u00ebsht\u00eb liruar.<\/h3>\n<p>Rastin p\u00ebr klankosova.tv, e konfirmoi z\u00ebdh\u00ebn\u00ebsja e Prokuroris\u00eb Themelore t\u00eb Prishtin\u00ebs, Laureta Ulaj, e cila mes tjerash tha se i dyshuari p\u00ebr rastin \u00ebsht\u00eb duke u hetuar n\u00eb procedur\u00eb t\u00eb rregullt.<\/p>\n<p>Besart Sokoli, n\u00eb cil\u00ebsin\u00eb e logopedit, dyshohet se n\u00eb klinik\u00ebn e tij n\u00eb Podujev\u00eb, i ka shkulur flok\u00ebt dhe i ka l\u00ebnduar hund\u00ebn nj\u00eb vajze kat\u00ebrvje\u00e7are me aft\u00ebsi t\u00eb kufizuara.<\/p>\n<p>Prind\u00ebrit e vajz\u00ebs, e denoncuan rastin n\u00eb polici p\u00ebr dhun\u00eb.<\/p>\n<p>Sipas tyre, logopedi Sokoli ua kishte konfirmuar se mbi vog\u00eblushen ka ushtruar presion\u00a0<em>\u2018m\u00eb shum\u00eb se\u00e7 duhet\u2019<\/em>.<\/p>\n","protected":false},"excerpt":{"rendered":"<p>Logopedi, Besart Sokoli, i cili dyshohet se e sulmoi nj\u00eb kat\u00ebrvje\u00e7are e cila kishte shkuar p\u00ebr t\u2019u trajtuar n\u00eb klinik\u00ebn e tij, \u00ebsht\u00eb liruar. Rastin p\u00ebr klankosova.tv, e konfirmoi z\u00ebdh\u00ebn\u00ebsja e Prokuroris\u00eb Themelore t\u00eb Prishtin\u00ebs, Laureta Ulaj, e cila mes tjerash tha se i dyshuari p\u00ebr rastin \u00ebsht\u00eb duke u hetuar n\u00eb procedur\u00eb t\u00eb rregullt. [&hellip;]<\/p>\n","protected":false},"author":2,"featured_media":23820,"comment_status":"closed","ping_status":"closed","sticky":false,"template":"","format":"standard","meta":{"_monsterinsights_skip_tracking":false,"_monsterinsights_sitenote_active":false,"_monsterinsights_sitenote_note":"","_monsterinsights_sitenote_category":0,"_uf_show_specific_survey":0,"_uf_disable_surveys":false,"footnotes":""},"categories":[15],"tags":[],"yoast_head":"<!-- This site is optimized with the Yoast SEO plugin v21.5 - https:\/\/yoast.com\/wordpress\/plugins\/seo\/ -->\n<title>Lirohet logopedi q\u00eb dyshohet p\u00ebr sulm ndaj kat\u00ebrvje\u00e7ares, rasti po hetohet n\u00eb procedur\u00eb t\u00eb rregullt<\/title>\n<meta name=\"robots\" content=\"index, follow, max-snippet:-1, max-image-preview:large, max-video-preview:-1\" \/>\n<link rel=\"canonical\" href=\"https:\/\/permbledhja.com\/sq\/lirohet-logopedi-qe-dyshohet-per-sulm-ndaj-katervjecares-rasti-po-hetohet-ne-procedure-te-rregullt\/\" \/>\n<meta property=\"og:locale\" content=\"sq_AL\" \/>\n<meta property=\"og:type\" content=\"article\" \/>\n<meta property=\"og:title\" content=\"Lirohet logopedi q\u00eb dyshohet p\u00ebr sulm ndaj kat\u00ebrvje\u00e7ares, rasti po hetohet n\u00eb procedur\u00eb t\u00eb rregullt\" \/>\n<meta property=\"og:description\" content=\"Logopedi, Besart Sokoli, i cili dyshohet se e sulmoi nj\u00eb kat\u00ebrvje\u00e7are e cila kishte shkuar p\u00ebr t\u2019u trajtuar n\u00eb klinik\u00ebn e tij, \u00ebsht\u00eb liruar. Rastin p\u00ebr klankosova.tv, e konfirmoi z\u00ebdh\u00ebn\u00ebsja e Prokuroris\u00eb Themelore t\u00eb Prishtin\u00ebs, Laureta Ulaj, e cila mes tjerash tha se i dyshuari p\u00ebr rastin \u00ebsht\u00eb duke u hetuar n\u00eb procedur\u00eb t\u00eb rregullt. [&hellip;]\" \/>\n<meta property=\"og:url\" content=\"https:\/\/permbledhja.com\/sq\/lirohet-logopedi-qe-dyshohet-per-sulm-ndaj-katervjecares-rasti-po-hetohet-ne-procedure-te-rregullt\/\" \/>\n<meta property=\"og:site_name\" content=\"Ve\u00e7 artikuj p\u00ebrmbledh\u00ebs\" \/>\n<meta property=\"article:publisher\" content=\"https:\/\/www.facebook.com\/press07\/\" \/>\n<meta property=\"article:published_time\" content=\"2023-08-17T13:27:43+00:00\" \/>\n<meta property=\"article:modified_time\" content=\"2023-08-17T13:32:35+00:00\" \/>\n<meta property=\"og:image\" content=\"https:\/\/permbledhja.com\/wp-content\/uploads\/2023\/08\/policia_logo22-850x560-1.jpg\" \/>\n\t<meta property=\"og:image:width\" content=\"850\" \/>\n\t<meta property=\"og:image:height\" content=\"560\" \/>\n\t<meta property=\"og:image:type\" content=\"image\/jpeg\" \/>\n<meta name=\"author\" content=\"M M\" \/>\n<meta name=\"twitter:card\" content=\"summary_large_image\" \/>\n<meta name=\"twitter:label1\" content=\"Written by\" \/>\n\t<meta name=\"twitter:data1\" content=\"M M\" \/>\n\t<meta name=\"twitter:label2\" content=\"Est. reading time\" \/>\n\t<meta name=\"twitter:data2\" content=\"1 minut\u00eb\" \/>\n<script type=\"application\/ld+json\" class=\"yoast-schema-graph\">{\"@context\":\"https:\/\/schema.org\",\"@graph\":[{\"@type\":\"Article\",\"@id\":\"https:\/\/permbledhja.com\/sq\/lirohet-logopedi-qe-dyshohet-per-sulm-ndaj-katervjecares-rasti-po-hetohet-ne-procedure-te-rregullt\/#article\",\"isPartOf\":{\"@id\":\"https:\/\/permbledhja.com\/sq\/lirohet-logopedi-qe-dyshohet-per-sulm-ndaj-katervjecares-rasti-po-hetohet-ne-procedure-te-rregullt\/\"},\"author\":{\"name\":\"M M\",\"@id\":\"https:\/\/permbledhja.com\/#\/schema\/person\/d23f13f59b5722643933d6780783acf3\"},\"headline\":\"Lirohet logopedi q\u00eb dyshohet p\u00ebr sulm ndaj kat\u00ebrvje\u00e7ares, rasti po hetohet n\u00eb procedur\u00eb t\u00eb rregullt\",\"datePublished\":\"2023-08-17T13:27:43+00:00\",\"dateModified\":\"2023-08-17T13:32:35+00:00\",\"mainEntityOfPage\":{\"@id\":\"https:\/\/permbledhja.com\/sq\/lirohet-logopedi-qe-dyshohet-per-sulm-ndaj-katervjecares-rasti-po-hetohet-ne-procedure-te-rregullt\/\"},\"wordCount\":154,\"publisher\":{\"@id\":\"https:\/\/permbledhja.com\/#organization\"},\"articleSection\":[\"Lajme\"],\"inLanguage\":\"sq\"},{\"@type\":\"WebPage\",\"@id\":\"https:\/\/permbledhja.com\/sq\/lirohet-logopedi-qe-dyshohet-per-sulm-ndaj-katervjecares-rasti-po-hetohet-ne-procedure-te-rregullt\/\",\"url\":\"https:\/\/permbledhja.com\/sq\/lirohet-logopedi-qe-dyshohet-per-sulm-ndaj-katervjecares-rasti-po-hetohet-ne-procedure-te-rregullt\/\",\"name\":\"Lirohet logopedi q\u00eb dyshohet p\u00ebr sulm ndaj kat\u00ebrvje\u00e7ares, rasti po hetohet n\u00eb procedur\u00eb t\u00eb rregullt\",\"isPartOf\":{\"@id\":\"https:\/\/permbledhja.com\/#website\"},\"datePublished\":\"2023-08-17T13:27:43+00:00\",\"dateModified\":\"2023-08-17T13:32:35+00:00\",\"breadcrumb\":{\"@id\":\"https:\/\/permbledhja.com\/sq\/lirohet-logopedi-qe-dyshohet-per-sulm-ndaj-katervjecares-rasti-po-hetohet-ne-procedure-te-rregullt\/#breadcrumb\"},\"inLanguage\":\"sq\",\"potentialAction\":[{\"@type\":\"ReadAction\",\"target\":[\"https:\/\/permbledhja.com\/sq\/lirohet-logopedi-qe-dyshohet-per-sulm-ndaj-katervjecares-rasti-po-hetohet-ne-procedure-te-rregullt\/\"]}]},{\"@type\":\"BreadcrumbList\",\"@id\":\"https:\/\/permbledhja.com\/sq\/lirohet-logopedi-qe-dyshohet-per-sulm-ndaj-katervjecares-rasti-po-hetohet-ne-procedure-te-rregullt\/#breadcrumb\",\"itemListElement\":[{\"@type\":\"ListItem\",\"position\":1,\"name\":\"Ballina\",\"item\":\"https:\/\/permbledhja.com\/sq\/\"},{\"@type\":\"ListItem\",\"position\":2,\"name\":\"Lirohet logopedi q\u00eb dyshohet p\u00ebr sulm ndaj kat\u00ebrvje\u00e7ares, rasti po hetohet n\u00eb procedur\u00eb t\u00eb rregullt\"}]},{\"@type\":\"WebSite\",\"@id\":\"https:\/\/permbledhja.com\/#website\",\"url\":\"https:\/\/permbledhja.com\/\",\"name\":\"Ve\u00e7 artikuj p\u00ebrmbledh\u00ebs\",\"description\":\"\",\"publisher\":{\"@id\":\"https:\/\/permbledhja.com\/#organization\"},\"potentialAction\":[{\"@type\":\"SearchAction\",\"target\":{\"@type\":\"EntryPoint\",\"urlTemplate\":\"https:\/\/permbledhja.com\/?s={search_term_string}\"},\"query-input\":\"required name=search_term_string\"}],\"inLanguage\":\"sq\"},{\"@type\":\"Organization\",\"@id\":\"https:\/\/permbledhja.com\/#organization\",\"name\":\"MK Media & Pr\",\"url\":\"https:\/\/permbledhja.com\/\",\"logo\":{\"@type\":\"ImageObject\",\"inLanguage\":\"sq\",\"@id\":\"https:\/\/permbledhja.com\/#\/schema\/logo\/image\/\",\"url\":\"https:\/\/permbledhja.com\/wp-content\/uploads\/2021\/12\/07-Press-Logo.jpg\",\"contentUrl\":\"https:\/\/permbledhja.com\/wp-content\/uploads\/2021\/12\/07-Press-Logo.jpg\",\"width\":512,\"height\":512,\"caption\":\"MK Media & Pr\"},\"image\":{\"@id\":\"https:\/\/permbledhja.com\/#\/schema\/logo\/image\/\"},\"sameAs\":[\"https:\/\/www.facebook.com\/press07\/\"]},{\"@type\":\"Person\",\"@id\":\"https:\/\/permbledhja.com\/#\/schema\/person\/d23f13f59b5722643933d6780783acf3\",\"name\":\"M M\",\"image\":{\"@type\":\"ImageObject\",\"inLanguage\":\"sq\",\"@id\":\"https:\/\/permbledhja.com\/#\/schema\/person\/image\/\",\"url\":\"https:\/\/secure.gravatar.com\/avatar\/e2835a76ca7c31a2416b2d51c4ec9a8f?s=96&d=mm&r=g\",\"contentUrl\":\"https:\/\/secure.gravatar.com\/avatar\/e2835a76ca7c31a2416b2d51c4ec9a8f?s=96&d=mm&r=g\",\"caption\":\"M M\"},\"sameAs\":[\"http:\/\/MM\"],\"url\":\"https:\/\/permbledhja.com\/sq\/author\/muhamet\/\"}]}<\/script>\n<!-- \/ Yoast SEO plugin. -->","yoast_head_json":{"title":"Lirohet logopedi q\u00eb dyshohet p\u00ebr sulm ndaj kat\u00ebrvje\u00e7ares, rasti po hetohet n\u00eb procedur\u00eb t\u00eb rregullt","robots":{"index":"index","follow":"follow","max-snippet":"max-snippet:-1","max-image-preview":"max-image-preview:large","max-video-preview":"max-video-preview:-1"},"canonical":"https:\/\/permbledhja.com\/sq\/lirohet-logopedi-qe-dyshohet-per-sulm-ndaj-katervjecares-rasti-po-hetohet-ne-procedure-te-rregullt\/","og_locale":"sq_AL","og_type":"article","og_title":"Lirohet logopedi q\u00eb dyshohet p\u00ebr sulm ndaj kat\u00ebrvje\u00e7ares, rasti po hetohet n\u00eb procedur\u00eb t\u00eb rregullt","og_description":"Logopedi, Besart Sokoli, i cili dyshohet se e sulmoi nj\u00eb kat\u00ebrvje\u00e7are e cila kishte shkuar p\u00ebr t\u2019u trajtuar n\u00eb klinik\u00ebn e tij, \u00ebsht\u00eb liruar. Rastin p\u00ebr klankosova.tv, e konfirmoi z\u00ebdh\u00ebn\u00ebsja e Prokuroris\u00eb Themelore t\u00eb Prishtin\u00ebs, Laureta Ulaj, e cila mes tjerash tha se i dyshuari p\u00ebr rastin \u00ebsht\u00eb duke u hetuar n\u00eb procedur\u00eb t\u00eb rregullt. [&hellip;]","og_url":"https:\/\/permbledhja.com\/sq\/lirohet-logopedi-qe-dyshohet-per-sulm-ndaj-katervjecares-rasti-po-hetohet-ne-procedure-te-rregullt\/","og_site_name":"Ve\u00e7 artikuj p\u00ebrmbledh\u00ebs","article_publisher":"https:\/\/www.facebook.com\/press07\/","article_published_time":"2023-08-17T13:27:43+00:00","article_modified_time":"2023-08-17T13:32:35+00:00","og_image":[{"width":850,"height":560,"url":"https:\/\/permbledhja.com\/wp-content\/uploads\/2023\/08\/policia_logo22-850x560-1.jpg","type":"image\/jpeg"}],"author":"M M","twitter_card":"summary_large_image","twitter_misc":{"Written by":"M M","Est. reading time":"1 minut\u00eb"},"schema":{"@context":"https:\/\/schema.org","@graph":[{"@type":"Article","@id":"https:\/\/permbledhja.com\/sq\/lirohet-logopedi-qe-dyshohet-per-sulm-ndaj-katervjecares-rasti-po-hetohet-ne-procedure-te-rregullt\/#article","isPartOf":{"@id":"https:\/\/permbledhja.com\/sq\/lirohet-logopedi-qe-dyshohet-per-sulm-ndaj-katervjecares-rasti-po-hetohet-ne-procedure-te-rregullt\/"},"author":{"name":"M M","@id":"https:\/\/permbledhja.com\/#\/schema\/person\/d23f13f59b5722643933d6780783acf3"},"headline":"Lirohet logopedi q\u00eb dyshohet p\u00ebr sulm ndaj kat\u00ebrvje\u00e7ares, rasti po hetohet n\u00eb procedur\u00eb t\u00eb rregullt","datePublished":"2023-08-17T13:27:43+00:00","dateModified":"2023-08-17T13:32:35+00:00","mainEntityOfPage":{"@id":"https:\/\/permbledhja.com\/sq\/lirohet-logopedi-qe-dyshohet-per-sulm-ndaj-katervjecares-rasti-po-hetohet-ne-procedure-te-rregullt\/"},"wordCount":154,"publisher":{"@id":"https:\/\/permbledhja.com\/#organization"},"articleSection":["Lajme"],"inLanguage":"sq"},{"@type":"WebPage","@id":"https:\/\/permbledhja.com\/sq\/lirohet-logopedi-qe-dyshohet-per-sulm-ndaj-katervjecares-rasti-po-hetohet-ne-procedure-te-rregullt\/","url":"https:\/\/permbledhja.com\/sq\/lirohet-logopedi-qe-dyshohet-per-sulm-ndaj-katervjecares-rasti-po-hetohet-ne-procedure-te-rregullt\/","name":"Lirohet logopedi q\u00eb dyshohet p\u00ebr sulm ndaj kat\u00ebrvje\u00e7ares, rasti po hetohet n\u00eb procedur\u00eb t\u00eb rregullt","isPartOf":{"@id":"https:\/\/permbledhja.com\/#website"},"datePublished":"2023-08-17T13:27:43+00:00","dateModified":"2023-08-17T13:32:35+00:00","breadcrumb":{"@id":"https:\/\/permbledhja.com\/sq\/lirohet-logopedi-qe-dyshohet-per-sulm-ndaj-katervjecares-rasti-po-hetohet-ne-procedure-te-rregullt\/#breadcrumb"},"inLanguage":"sq","potentialAction":[{"@type":"ReadAction","target":["https:\/\/permbledhja.com\/sq\/lirohet-logopedi-qe-dyshohet-per-sulm-ndaj-katervjecares-rasti-po-hetohet-ne-procedure-te-rregullt\/"]}]},{"@type":"BreadcrumbList","@id":"https:\/\/permbledhja.com\/sq\/lirohet-logopedi-qe-dyshohet-per-sulm-ndaj-katervjecares-rasti-po-hetohet-ne-procedure-te-rregullt\/#breadcrumb","itemListElement":[{"@type":"ListItem","position":1,"name":"Ballina","item":"https:\/\/permbledhja.com\/sq\/"},{"@type":"ListItem","position":2,"name":"Lirohet logopedi q\u00eb dyshohet p\u00ebr sulm ndaj kat\u00ebrvje\u00e7ares, rasti po hetohet n\u00eb procedur\u00eb t\u00eb rregullt"}]},{"@type":"WebSite","@id":"https:\/\/permbledhja.com\/#website","url":"https:\/\/permbledhja.com\/","name":"Ve\u00e7 artikuj p\u00ebrmbledh\u00ebs","description":"","publisher":{"@id":"https:\/\/permbledhja.com\/#organization"},"potentialAction":[{"@type":"SearchAction","target":{"@type":"EntryPoint","urlTemplate":"https:\/\/permbledhja.com\/?s={search_term_string}"},"query-input":"required name=search_term_string"}],"inLanguage":"sq"},{"@type":"Organization","@id":"https:\/\/permbledhja.com\/#organization","name":"MK Media & Pr","url":"https:\/\/permbledhja.com\/","logo":{"@type":"ImageObject","inLanguage":"sq","@id":"https:\/\/permbledhja.com\/#\/schema\/logo\/image\/","url":"https:\/\/permbledhja.com\/wp-content\/uploads\/2021\/12\/07-Press-Logo.jpg","contentUrl":"https:\/\/permbledhja.com\/wp-content\/uploads\/2021\/12\/07-Press-Logo.jpg","width":512,"height":512,"caption":"MK Media & Pr"},"image":{"@id":"https:\/\/permbledhja.com\/#\/schema\/logo\/image\/"},"sameAs":["https:\/\/www.facebook.com\/press07\/"]},{"@type":"Person","@id":"https:\/\/permbledhja.com\/#\/schema\/person\/d23f13f59b5722643933d6780783acf3","name":"M M","image":{"@type":"ImageObject","inLanguage":"sq","@id":"https:\/\/permbledhja.com\/#\/schema\/person\/image\/","url":"https:\/\/secure.gravatar.com\/avatar\/e2835a76ca7c31a2416b2d51c4ec9a8f?s=96&d=mm&r=g","contentUrl":"https:\/\/secure.gravatar.com\/avatar\/e2835a76ca7c31a2416b2d51c4ec9a8f?s=96&d=mm&r=g","caption":"M M"},"sameAs":["http:\/\/MM"],"url":"https:\/\/permbledhja.com\/sq\/author\/muhamet\/"}]}},"_links":{"self":[{"href":"https:\/\/permbledhja.com\/sq\/wp-json\/wp\/v2\/posts\/23817"}],"collection":[{"href":"https:\/\/permbledhja.com\/sq\/wp-json\/wp\/v2\/posts"}],"about":[{"href":"https:\/\/permbledhja.com\/sq\/wp-json\/wp\/v2\/types\/post"}],"author":[{"embeddable":true,"href":"https:\/\/permbledhja.com\/sq\/wp-json\/wp\/v2\/users\/2"}],"replies":[{"embeddable":true,"href":"https:\/\/permbledhja.com\/sq\/wp-json\/wp\/v2\/comments?post=23817"}],"version-history":[{"count":1,"href":"https:\/\/permbledhja.com\/sq\/wp-json\/wp\/v2\/posts\/23817\/revisions"}],"predecessor-version":[{"id":23819,"href":"https:\/\/permbledhja.com\/sq\/wp-json\/wp\/v2\/posts\/23817\/revisions\/23819"}],"wp:featuredmedia":[{"embeddable":true,"href":"https:\/\/permbledhja.com\/sq\/wp-json\/wp\/v2\/media\/23820"}],"wp:attachment":[{"href":"https:\/\/permbledhja.com\/sq\/wp-json\/wp\/v2\/media?parent=23817"}],"wp:term":[{"taxonomy":"category","embeddable":true,"href":"https:\/\/permbledhja.com\/sq\/wp-json\/wp\/v2\/categories?post=23817"},{"taxonomy":"post_tag","embeddable":true,"href":"https:\/\/permbledhja.com\/sq\/wp-json\/wp\/v2\/tags?post=23817"}],"curies":[{"name":"wp","href":"https:\/\/api.w.org\/{rel}","templated":true}]}}