{"id":23681,"date":"2023-08-16T15:15:58","date_gmt":"2023-08-16T15:15:58","guid":{"rendered":"https:\/\/permbledhja.com\/?p=23681"},"modified":"2023-08-16T15:15:58","modified_gmt":"2023-08-16T15:15:58","slug":"shefqet-krasniqi-e-quan-vella-dhe-me-te-mire-se-na-serbin-radovan-qe-u-konvertua-ne-mysliman","status":"publish","type":"post","link":"https:\/\/permbledhja.com\/sq\/shefqet-krasniqi-e-quan-vella-dhe-me-te-mire-se-na-serbin-radovan-qe-u-konvertua-ne-mysliman\/","title":{"rendered":"Shefqet Krasniqi e quan \u201cv\u00eblla\u201d dhe \u201cm\u00eb t\u00eb mir\u00eb se na\u201d serbin Radovan q\u00eb u konvertua n\u00eb mysliman"},"content":{"rendered":"<h3>\u201cV\u00eblla Ridvan\u201d, k\u00ebshtu iu drejtua imami Shefqet Krasniqi serbit q\u00eb deri para pak minutash mbante emrin Radovan dhe i takonte besimit ortodoks.<\/h3>\n<p>\u201cShum\u00eb m\u00eb i mir\u00eb se ne\u201d, u cil\u00ebsua i sapob\u00ebri Ridvan nga Radovan dhe i sapob\u00ebri an\u00ebtar i besimit islam q\u00eb u konvertua nga besimi ortodoks, nd\u00ebrsa konvertimi i tij u cil\u00ebsua si \u201ci \u00ebmb\u00ebl, i shtrenjt\u00eb, i k\u00ebndsh\u00ebm\u201d nga hoxha Shefqet Krasniqi.<\/p>\n<p>Radovani, nj\u00eb qytetar serb n\u00eb prani t\u00eb hoxh\u00ebs Shefqet Krasniqi u konvertua nga besimi ortodoks n\u00eb besimin islam, por edhe emrin nga Radovani e ktheu n\u00eb Ridvan. Kjo i mjaftoi hoxh\u00ebs Shefqet Krasniqi q\u00eb tashm\u00eb Ridvanin ta cil\u00ebsonte si m\u00eb t\u00eb mir\u00eb \u201cse t\u00eb gjith\u00eb ne\u201d, ndon\u00ebse \u201cne\u201d \u00ebsht\u00eb e paqart\u00eb se kujt i referohet.<\/p>\n<p>\u201cPo\u201d, iu p\u00ebrgjigj ky i fundit.<\/p>\n<p>\u201c\u00c7far\u00eb emri po e zgjedh?\u201d, i tha Krasniqi.<\/p>\n<p>\u201cRidvan\u201d, u p\u00ebrgjigj Radovani.<\/p>\n<p>E pas p\u00ebrqafimeve t\u00eb ngrohta t\u00eb Ridvanit me hoxh\u00ebn Shefqet Krasniqi ky i fundit i pati edhe disa fjal\u00eb p\u00ebr t\u00eb, duke ia ndihmuar gjuh\u00ebs shqipe edhe me pak serbisht.<\/p>\n<p>\u201cEdhe dy fjal\u00eb, kur thash v\u00eblla Ridvan se ti je sikurse na, por edhe m\u00eb i mir\u00eb sesa ne, pata p\u00ebr q\u00ebllim, kur nj\u00eb njeri jo-musliman, e thot\u00eb shehadetin e b\u00ebhet musliman, krejt gjynahet t\u00eb cilat i ka b\u00ebr\u00eb, krejt ama krejt, i fshihen i falen. K\u00ebshtu q\u00eb nga ky moment, ty fillojn\u00eb veprat tua si nj\u00eb let\u00ebr e bardh\u00eb ku nuk ka n\u00eb t\u00eb kurrgj\u00eb, prej tashit ia nis t\u00eb sh\u00ebnohen veprat, a ne i kemi plot me gjynahe, ti i ke t\u00eb past\u00ebrta, k\u00ebshtu q\u00eb ti je m\u00eb i mir\u00eb se na, e ne ta kemi lakmi ty.\u201d, i tha Krasniqi duke e p\u00ebrcjell\u00eb k\u00ebt\u00eb fjalim me lutje p\u00ebr mir\u00ebqenien e Ridvanit.\/Insajderi<\/p>\n","protected":false},"excerpt":{"rendered":"<p>\u201cV\u00eblla Ridvan\u201d, k\u00ebshtu iu drejtua imami Shefqet Krasniqi serbit q\u00eb deri para pak minutash mbante emrin Radovan dhe i takonte besimit ortodoks. \u201cShum\u00eb m\u00eb i mir\u00eb se ne\u201d, u cil\u00ebsua i sapob\u00ebri Ridvan nga Radovan dhe i sapob\u00ebri an\u00ebtar i besimit islam q\u00eb u konvertua nga besimi ortodoks, nd\u00ebrsa konvertimi i tij u cil\u00ebsua si [&hellip;]<\/p>\n","protected":false},"author":1,"featured_media":23682,"comment_status":"closed","ping_status":"closed","sticky":false,"template":"","format":"standard","meta":{"_monsterinsights_skip_tracking":false,"_monsterinsights_sitenote_active":false,"_monsterinsights_sitenote_note":"","_monsterinsights_sitenote_category":0,"_uf_show_specific_survey":0,"_uf_disable_surveys":false,"footnotes":""},"categories":[23,15],"tags":[2290],"yoast_head":"<!-- This site is optimized with the Yoast SEO plugin v21.5 - https:\/\/yoast.com\/wordpress\/plugins\/seo\/ -->\n<title>Shefqet Krasniqi e quan \u201cv\u00eblla\u201d dhe \u201cm\u00eb t\u00eb mir\u00eb se na\u201d serbin Radovan q\u00eb u konvertua n\u00eb mysliman<\/title>\n<meta name=\"robots\" content=\"index, follow, max-snippet:-1, max-image-preview:large, max-video-preview:-1\" \/>\n<link rel=\"canonical\" href=\"https:\/\/permbledhja.com\/sq\/shefqet-krasniqi-e-quan-vella-dhe-me-te-mire-se-na-serbin-radovan-qe-u-konvertua-ne-mysliman\/\" \/>\n<meta property=\"og:locale\" content=\"sq_AL\" \/>\n<meta property=\"og:type\" content=\"article\" \/>\n<meta property=\"og:title\" content=\"Shefqet Krasniqi e quan \u201cv\u00eblla\u201d dhe \u201cm\u00eb t\u00eb mir\u00eb se na\u201d serbin Radovan q\u00eb u konvertua n\u00eb mysliman\" \/>\n<meta property=\"og:description\" content=\"\u201cV\u00eblla Ridvan\u201d, k\u00ebshtu iu drejtua imami Shefqet Krasniqi serbit q\u00eb deri para pak minutash mbante emrin Radovan dhe i takonte besimit ortodoks. \u201cShum\u00eb m\u00eb i mir\u00eb se ne\u201d, u cil\u00ebsua i sapob\u00ebri Ridvan nga Radovan dhe i sapob\u00ebri an\u00ebtar i besimit islam q\u00eb u konvertua nga besimi ortodoks, nd\u00ebrsa konvertimi i tij u cil\u00ebsua si [&hellip;]\" \/>\n<meta property=\"og:url\" content=\"https:\/\/permbledhja.com\/sq\/shefqet-krasniqi-e-quan-vella-dhe-me-te-mire-se-na-serbin-radovan-qe-u-konvertua-ne-mysliman\/\" \/>\n<meta property=\"og:site_name\" content=\"Ve\u00e7 artikuj p\u00ebrmbledh\u00ebs\" \/>\n<meta property=\"article:publisher\" content=\"https:\/\/www.facebook.com\/press07\/\" \/>\n<meta property=\"article:author\" content=\"https:\/\/www.facebook.com\/kafexhiu.muharrem\/\" \/>\n<meta property=\"article:published_time\" content=\"2023-08-16T15:15:58+00:00\" \/>\n<meta property=\"og:image\" content=\"https:\/\/permbledhja.com\/wp-content\/uploads\/2023\/08\/A6D0F213-40B2-4727-BF65-3483AB34BCD7.jpeg\" \/>\n\t<meta property=\"og:image:width\" content=\"1161\" \/>\n\t<meta property=\"og:image:height\" content=\"646\" \/>\n\t<meta property=\"og:image:type\" content=\"image\/jpeg\" \/>\n<meta name=\"author\" content=\"P\u00ebrmbledhja\" \/>\n<meta name=\"twitter:card\" content=\"summary_large_image\" \/>\n<meta name=\"twitter:label1\" content=\"Written by\" \/>\n\t<meta name=\"twitter:data1\" content=\"P\u00ebrmbledhja\" \/>\n\t<meta name=\"twitter:label2\" content=\"Est. reading time\" \/>\n\t<meta name=\"twitter:data2\" content=\"2 minuta\" \/>\n<script type=\"application\/ld+json\" class=\"yoast-schema-graph\">{\"@context\":\"https:\/\/schema.org\",\"@graph\":[{\"@type\":\"Article\",\"@id\":\"https:\/\/permbledhja.com\/sq\/shefqet-krasniqi-e-quan-vella-dhe-me-te-mire-se-na-serbin-radovan-qe-u-konvertua-ne-mysliman\/#article\",\"isPartOf\":{\"@id\":\"https:\/\/permbledhja.com\/sq\/shefqet-krasniqi-e-quan-vella-dhe-me-te-mire-se-na-serbin-radovan-qe-u-konvertua-ne-mysliman\/\"},\"author\":{\"name\":\"P\u00ebrmbledhja\",\"@id\":\"https:\/\/permbledhja.com\/#\/schema\/person\/0d064377258d3221e50693947b9eb4fe\"},\"headline\":\"Shefqet Krasniqi e quan \u201cv\u00eblla\u201d dhe \u201cm\u00eb t\u00eb mir\u00eb se na\u201d serbin Radovan q\u00eb u konvertua n\u00eb mysliman\",\"datePublished\":\"2023-08-16T15:15:58+00:00\",\"dateModified\":\"2023-08-16T15:15:58+00:00\",\"mainEntityOfPage\":{\"@id\":\"https:\/\/permbledhja.com\/sq\/shefqet-krasniqi-e-quan-vella-dhe-me-te-mire-se-na-serbin-radovan-qe-u-konvertua-ne-mysliman\/\"},\"wordCount\":337,\"publisher\":{\"@id\":\"https:\/\/permbledhja.com\/#organization\"},\"keywords\":[\"Shefqet Krasniqi\"],\"articleSection\":[\"Komb\u00ebtare\",\"Lajme\"],\"inLanguage\":\"sq\"},{\"@type\":\"WebPage\",\"@id\":\"https:\/\/permbledhja.com\/sq\/shefqet-krasniqi-e-quan-vella-dhe-me-te-mire-se-na-serbin-radovan-qe-u-konvertua-ne-mysliman\/\",\"url\":\"https:\/\/permbledhja.com\/sq\/shefqet-krasniqi-e-quan-vella-dhe-me-te-mire-se-na-serbin-radovan-qe-u-konvertua-ne-mysliman\/\",\"name\":\"Shefqet Krasniqi e quan \u201cv\u00eblla\u201d dhe \u201cm\u00eb t\u00eb mir\u00eb se na\u201d serbin Radovan q\u00eb u konvertua n\u00eb mysliman\",\"isPartOf\":{\"@id\":\"https:\/\/permbledhja.com\/#website\"},\"datePublished\":\"2023-08-16T15:15:58+00:00\",\"dateModified\":\"2023-08-16T15:15:58+00:00\",\"breadcrumb\":{\"@id\":\"https:\/\/permbledhja.com\/sq\/shefqet-krasniqi-e-quan-vella-dhe-me-te-mire-se-na-serbin-radovan-qe-u-konvertua-ne-mysliman\/#breadcrumb\"},\"inLanguage\":\"sq\",\"potentialAction\":[{\"@type\":\"ReadAction\",\"target\":[\"https:\/\/permbledhja.com\/sq\/shefqet-krasniqi-e-quan-vella-dhe-me-te-mire-se-na-serbin-radovan-qe-u-konvertua-ne-mysliman\/\"]}]},{\"@type\":\"BreadcrumbList\",\"@id\":\"https:\/\/permbledhja.com\/sq\/shefqet-krasniqi-e-quan-vella-dhe-me-te-mire-se-na-serbin-radovan-qe-u-konvertua-ne-mysliman\/#breadcrumb\",\"itemListElement\":[{\"@type\":\"ListItem\",\"position\":1,\"name\":\"Ballina\",\"item\":\"https:\/\/permbledhja.com\/sq\/\"},{\"@type\":\"ListItem\",\"position\":2,\"name\":\"Shefqet Krasniqi e quan \u201cv\u00eblla\u201d dhe \u201cm\u00eb t\u00eb mir\u00eb se na\u201d serbin Radovan q\u00eb u konvertua n\u00eb mysliman\"}]},{\"@type\":\"WebSite\",\"@id\":\"https:\/\/permbledhja.com\/#website\",\"url\":\"https:\/\/permbledhja.com\/\",\"name\":\"Ve\u00e7 artikuj p\u00ebrmbledh\u00ebs\",\"description\":\"\",\"publisher\":{\"@id\":\"https:\/\/permbledhja.com\/#organization\"},\"potentialAction\":[{\"@type\":\"SearchAction\",\"target\":{\"@type\":\"EntryPoint\",\"urlTemplate\":\"https:\/\/permbledhja.com\/?s={search_term_string}\"},\"query-input\":\"required name=search_term_string\"}],\"inLanguage\":\"sq\"},{\"@type\":\"Organization\",\"@id\":\"https:\/\/permbledhja.com\/#organization\",\"name\":\"MK Media & Pr\",\"url\":\"https:\/\/permbledhja.com\/\",\"logo\":{\"@type\":\"ImageObject\",\"inLanguage\":\"sq\",\"@id\":\"https:\/\/permbledhja.com\/#\/schema\/logo\/image\/\",\"url\":\"https:\/\/permbledhja.com\/wp-content\/uploads\/2021\/12\/07-Press-Logo.jpg\",\"contentUrl\":\"https:\/\/permbledhja.com\/wp-content\/uploads\/2021\/12\/07-Press-Logo.jpg\",\"width\":512,\"height\":512,\"caption\":\"MK Media & Pr\"},\"image\":{\"@id\":\"https:\/\/permbledhja.com\/#\/schema\/logo\/image\/\"},\"sameAs\":[\"https:\/\/www.facebook.com\/press07\/\"]},{\"@type\":\"Person\",\"@id\":\"https:\/\/permbledhja.com\/#\/schema\/person\/0d064377258d3221e50693947b9eb4fe\",\"name\":\"P\u00ebrmbledhja\",\"image\":{\"@type\":\"ImageObject\",\"inLanguage\":\"sq\",\"@id\":\"https:\/\/permbledhja.com\/#\/schema\/person\/image\/\",\"url\":\"https:\/\/permbledhja.com\/wp-content\/uploads\/2026\/01\/452004717_1040944174702970_8932037511805513407_n-96x96.jpg\",\"contentUrl\":\"https:\/\/permbledhja.com\/wp-content\/uploads\/2026\/01\/452004717_1040944174702970_8932037511805513407_n-96x96.jpg\",\"caption\":\"P\u00ebrmbledhja\"},\"sameAs\":[\"https:\/\/www.facebook.com\/kafexhiu.muharrem\/\",\"https:\/\/www.instagram.com\/muharrem_kafexhiu\/\"],\"url\":\"https:\/\/permbledhja.com\/sq\/author\/admin\/\"}]}<\/script>\n<!-- \/ Yoast SEO plugin. -->","yoast_head_json":{"title":"Shefqet Krasniqi e quan \u201cv\u00eblla\u201d dhe \u201cm\u00eb t\u00eb mir\u00eb se na\u201d serbin Radovan q\u00eb u konvertua n\u00eb mysliman","robots":{"index":"index","follow":"follow","max-snippet":"max-snippet:-1","max-image-preview":"max-image-preview:large","max-video-preview":"max-video-preview:-1"},"canonical":"https:\/\/permbledhja.com\/sq\/shefqet-krasniqi-e-quan-vella-dhe-me-te-mire-se-na-serbin-radovan-qe-u-konvertua-ne-mysliman\/","og_locale":"sq_AL","og_type":"article","og_title":"Shefqet Krasniqi e quan \u201cv\u00eblla\u201d dhe \u201cm\u00eb t\u00eb mir\u00eb se na\u201d serbin Radovan q\u00eb u konvertua n\u00eb mysliman","og_description":"\u201cV\u00eblla Ridvan\u201d, k\u00ebshtu iu drejtua imami Shefqet Krasniqi serbit q\u00eb deri para pak minutash mbante emrin Radovan dhe i takonte besimit ortodoks. \u201cShum\u00eb m\u00eb i mir\u00eb se ne\u201d, u cil\u00ebsua i sapob\u00ebri Ridvan nga Radovan dhe i sapob\u00ebri an\u00ebtar i besimit islam q\u00eb u konvertua nga besimi ortodoks, nd\u00ebrsa konvertimi i tij u cil\u00ebsua si [&hellip;]","og_url":"https:\/\/permbledhja.com\/sq\/shefqet-krasniqi-e-quan-vella-dhe-me-te-mire-se-na-serbin-radovan-qe-u-konvertua-ne-mysliman\/","og_site_name":"Ve\u00e7 artikuj p\u00ebrmbledh\u00ebs","article_publisher":"https:\/\/www.facebook.com\/press07\/","article_author":"https:\/\/www.facebook.com\/kafexhiu.muharrem\/","article_published_time":"2023-08-16T15:15:58+00:00","og_image":[{"width":1161,"height":646,"url":"https:\/\/permbledhja.com\/wp-content\/uploads\/2023\/08\/A6D0F213-40B2-4727-BF65-3483AB34BCD7.jpeg","type":"image\/jpeg"}],"author":"P\u00ebrmbledhja","twitter_card":"summary_large_image","twitter_misc":{"Written by":"P\u00ebrmbledhja","Est. reading time":"2 minuta"},"schema":{"@context":"https:\/\/schema.org","@graph":[{"@type":"Article","@id":"https:\/\/permbledhja.com\/sq\/shefqet-krasniqi-e-quan-vella-dhe-me-te-mire-se-na-serbin-radovan-qe-u-konvertua-ne-mysliman\/#article","isPartOf":{"@id":"https:\/\/permbledhja.com\/sq\/shefqet-krasniqi-e-quan-vella-dhe-me-te-mire-se-na-serbin-radovan-qe-u-konvertua-ne-mysliman\/"},"author":{"name":"P\u00ebrmbledhja","@id":"https:\/\/permbledhja.com\/#\/schema\/person\/0d064377258d3221e50693947b9eb4fe"},"headline":"Shefqet Krasniqi e quan \u201cv\u00eblla\u201d dhe \u201cm\u00eb t\u00eb mir\u00eb se na\u201d serbin Radovan q\u00eb u konvertua n\u00eb mysliman","datePublished":"2023-08-16T15:15:58+00:00","dateModified":"2023-08-16T15:15:58+00:00","mainEntityOfPage":{"@id":"https:\/\/permbledhja.com\/sq\/shefqet-krasniqi-e-quan-vella-dhe-me-te-mire-se-na-serbin-radovan-qe-u-konvertua-ne-mysliman\/"},"wordCount":337,"publisher":{"@id":"https:\/\/permbledhja.com\/#organization"},"keywords":["Shefqet Krasniqi"],"articleSection":["Komb\u00ebtare","Lajme"],"inLanguage":"sq"},{"@type":"WebPage","@id":"https:\/\/permbledhja.com\/sq\/shefqet-krasniqi-e-quan-vella-dhe-me-te-mire-se-na-serbin-radovan-qe-u-konvertua-ne-mysliman\/","url":"https:\/\/permbledhja.com\/sq\/shefqet-krasniqi-e-quan-vella-dhe-me-te-mire-se-na-serbin-radovan-qe-u-konvertua-ne-mysliman\/","name":"Shefqet Krasniqi e quan \u201cv\u00eblla\u201d dhe \u201cm\u00eb t\u00eb mir\u00eb se na\u201d serbin Radovan q\u00eb u konvertua n\u00eb mysliman","isPartOf":{"@id":"https:\/\/permbledhja.com\/#website"},"datePublished":"2023-08-16T15:15:58+00:00","dateModified":"2023-08-16T15:15:58+00:00","breadcrumb":{"@id":"https:\/\/permbledhja.com\/sq\/shefqet-krasniqi-e-quan-vella-dhe-me-te-mire-se-na-serbin-radovan-qe-u-konvertua-ne-mysliman\/#breadcrumb"},"inLanguage":"sq","potentialAction":[{"@type":"ReadAction","target":["https:\/\/permbledhja.com\/sq\/shefqet-krasniqi-e-quan-vella-dhe-me-te-mire-se-na-serbin-radovan-qe-u-konvertua-ne-mysliman\/"]}]},{"@type":"BreadcrumbList","@id":"https:\/\/permbledhja.com\/sq\/shefqet-krasniqi-e-quan-vella-dhe-me-te-mire-se-na-serbin-radovan-qe-u-konvertua-ne-mysliman\/#breadcrumb","itemListElement":[{"@type":"ListItem","position":1,"name":"Ballina","item":"https:\/\/permbledhja.com\/sq\/"},{"@type":"ListItem","position":2,"name":"Shefqet Krasniqi e quan \u201cv\u00eblla\u201d dhe \u201cm\u00eb t\u00eb mir\u00eb se na\u201d serbin Radovan q\u00eb u konvertua n\u00eb mysliman"}]},{"@type":"WebSite","@id":"https:\/\/permbledhja.com\/#website","url":"https:\/\/permbledhja.com\/","name":"Ve\u00e7 artikuj p\u00ebrmbledh\u00ebs","description":"","publisher":{"@id":"https:\/\/permbledhja.com\/#organization"},"potentialAction":[{"@type":"SearchAction","target":{"@type":"EntryPoint","urlTemplate":"https:\/\/permbledhja.com\/?s={search_term_string}"},"query-input":"required name=search_term_string"}],"inLanguage":"sq"},{"@type":"Organization","@id":"https:\/\/permbledhja.com\/#organization","name":"MK Media & Pr","url":"https:\/\/permbledhja.com\/","logo":{"@type":"ImageObject","inLanguage":"sq","@id":"https:\/\/permbledhja.com\/#\/schema\/logo\/image\/","url":"https:\/\/permbledhja.com\/wp-content\/uploads\/2021\/12\/07-Press-Logo.jpg","contentUrl":"https:\/\/permbledhja.com\/wp-content\/uploads\/2021\/12\/07-Press-Logo.jpg","width":512,"height":512,"caption":"MK Media & Pr"},"image":{"@id":"https:\/\/permbledhja.com\/#\/schema\/logo\/image\/"},"sameAs":["https:\/\/www.facebook.com\/press07\/"]},{"@type":"Person","@id":"https:\/\/permbledhja.com\/#\/schema\/person\/0d064377258d3221e50693947b9eb4fe","name":"P\u00ebrmbledhja","image":{"@type":"ImageObject","inLanguage":"sq","@id":"https:\/\/permbledhja.com\/#\/schema\/person\/image\/","url":"https:\/\/permbledhja.com\/wp-content\/uploads\/2026\/01\/452004717_1040944174702970_8932037511805513407_n-96x96.jpg","contentUrl":"https:\/\/permbledhja.com\/wp-content\/uploads\/2026\/01\/452004717_1040944174702970_8932037511805513407_n-96x96.jpg","caption":"P\u00ebrmbledhja"},"sameAs":["https:\/\/www.facebook.com\/kafexhiu.muharrem\/","https:\/\/www.instagram.com\/muharrem_kafexhiu\/"],"url":"https:\/\/permbledhja.com\/sq\/author\/admin\/"}]}},"_links":{"self":[{"href":"https:\/\/permbledhja.com\/sq\/wp-json\/wp\/v2\/posts\/23681"}],"collection":[{"href":"https:\/\/permbledhja.com\/sq\/wp-json\/wp\/v2\/posts"}],"about":[{"href":"https:\/\/permbledhja.com\/sq\/wp-json\/wp\/v2\/types\/post"}],"author":[{"embeddable":true,"href":"https:\/\/permbledhja.com\/sq\/wp-json\/wp\/v2\/users\/1"}],"replies":[{"embeddable":true,"href":"https:\/\/permbledhja.com\/sq\/wp-json\/wp\/v2\/comments?post=23681"}],"version-history":[{"count":1,"href":"https:\/\/permbledhja.com\/sq\/wp-json\/wp\/v2\/posts\/23681\/revisions"}],"predecessor-version":[{"id":23683,"href":"https:\/\/permbledhja.com\/sq\/wp-json\/wp\/v2\/posts\/23681\/revisions\/23683"}],"wp:featuredmedia":[{"embeddable":true,"href":"https:\/\/permbledhja.com\/sq\/wp-json\/wp\/v2\/media\/23682"}],"wp:attachment":[{"href":"https:\/\/permbledhja.com\/sq\/wp-json\/wp\/v2\/media?parent=23681"}],"wp:term":[{"taxonomy":"category","embeddable":true,"href":"https:\/\/permbledhja.com\/sq\/wp-json\/wp\/v2\/categories?post=23681"},{"taxonomy":"post_tag","embeddable":true,"href":"https:\/\/permbledhja.com\/sq\/wp-json\/wp\/v2\/tags?post=23681"}],"curies":[{"name":"wp","href":"https:\/\/api.w.org\/{rel}","templated":true}]}}