{"id":23678,"date":"2023-08-16T13:55:18","date_gmt":"2023-08-16T13:55:18","guid":{"rendered":"https:\/\/permbledhja.com\/?p=23678"},"modified":"2023-08-16T13:55:18","modified_gmt":"2023-08-16T13:55:18","slug":"hovenier-e-respektoj-te-drejten-e-kurtit-per-ti-marre-vendimet-per-shtetin-e-tij-por-ndonjehere-ka-pasoja","status":"publish","type":"post","link":"https:\/\/permbledhja.com\/sq\/hovenier-e-respektoj-te-drejten-e-kurtit-per-ti-marre-vendimet-per-shtetin-e-tij-por-ndonjehere-ka-pasoja\/","title":{"rendered":"Hovenier: E respektoj t\u00eb drejt\u00ebn e Kurtit p\u00ebr t\u2019i marr\u00eb vendimet p\u00ebr shtetin e tij, por ndonj\u00ebher\u00eb ka pasoja"},"content":{"rendered":"<h3>Ambasadori amerikan n\u00eb Prishtin\u00eb, Jeffre Hovenier ka folur p\u00ebr raportet SHBA-Kosov\u00eb, duke i quajtur ato si t\u00eb \u201cp\u00ebrizera\u201d.<\/h3>\n<p>Hovenier ka th\u00ebn\u00eb se me Qeverin\u00eb Kurti kan\u00eb g\u00ebzuar nj\u00eb bashk\u00ebpunim t\u00eb ngusht\u00eb, por ndonj\u00ebher\u00eb ka pasur edhe dallime.<\/p>\n<p>\u201cNuk mendoj q\u00eb dikush befasohet kur them se kemi pasur ndasi me Qeverin\u00eb Kurti n\u00eb disa \u00e7\u00ebshtje specifike\u201d, tha Hovenier.<\/p>\n<p>Ai p\u00ebrmendi kritikat e SHBA-s\u00eb ndaj vendimit t\u00eb Qeveris\u00eb p\u00ebr t\u00eb p\u00ebrdorur policin\u00eb p\u00ebr p\u00ebrcjelljen e kryetar\u00ebve t\u00eb rinj n\u00eb nd\u00ebrtesat komunale n\u00eb veri.<\/p>\n<p>\u201cK\u00ebshtu q\u00eb do t\u00eb thosha s\u00eb \u00ebsht\u00eb nj\u00eb situat\u00eb e p\u00ebrzier\u2026N\u00eb disa \u00e7\u00ebshtje g\u00ebzojm\u00eb bashk\u00ebpunim shum\u00eb t\u00eb ngusht\u00eb me Qeverin\u00eb Kurti, dhe po b\u00ebjm\u00eb gj\u00ebra s\u00eb bashku q\u00eb shkojn\u00eb shum\u00eb mir\u00eb\u201d, tha Hovenier.<\/p>\n<p>N\u00eb disa pika tjera, tha ai, ka pasur dallime t\u00eb m\u00ebdha.<\/p>\n<p>\u201cUn\u00eb e respektoj t\u00eb drejt\u00ebn e kryeministrit [t\u00eb Kosov\u00ebs, Albin Kurti] p\u00ebr t\u2019i marr\u00eb vendimet e tij dhe t\u00eb p\u00ebrcaktoj\u00eb \u00e7far\u00eb ai beson se \u00ebsht\u00eb m\u00eb e mira p\u00ebr shtetin e tij. Ai \u00ebsht\u00eb kryeministri i zgjedhur n\u00eb m\u00ebnyr\u00eb demokratike, i nj\u00eb shteti demokratik\u201d.<\/p>\n<p>Por, sipas tij, SHBA-ja jep k\u00ebshilla dhe sugjerime q\u00eb t\u00eb shmangen tensionet dhe problemet q\u00eb pengojn\u00eb pun\u00ebn q\u00eb \u201cduam ta shohim s\u00eb bashku p\u00ebr q\u00ebllimin strategjik, q\u00eb \u00ebsht\u00eb implementimi i plot\u00eb nga t\u00eb dyja pal\u00ebt i Marr\u00ebveshjes s\u00eb Ohrit\u201d.<\/p>\n<p>\u201cNdonj\u00ebher\u00eb\u00a0ka pasoja p\u00ebr t\u00eb\u00a0[Kurtin], kur nuk \u00ebsht\u00eb niveli i koordinimit apo bashk\u00ebpunimit, apo kur k\u00ebshilla jon\u00eb nga perspektiva jon\u00eb nuk merret parasysh apo nuk veprohet mbi t\u00eb\u201d, tha ambasadori.<\/p>\n","protected":false},"excerpt":{"rendered":"<p>Ambasadori amerikan n\u00eb Prishtin\u00eb, Jeffre Hovenier ka folur p\u00ebr raportet SHBA-Kosov\u00eb, duke i quajtur ato si t\u00eb \u201cp\u00ebrizera\u201d. Hovenier ka th\u00ebn\u00eb se me Qeverin\u00eb Kurti kan\u00eb g\u00ebzuar nj\u00eb bashk\u00ebpunim t\u00eb ngusht\u00eb, por ndonj\u00ebher\u00eb ka pasur edhe dallime. \u201cNuk mendoj q\u00eb dikush befasohet kur them se kemi pasur ndasi me Qeverin\u00eb Kurti n\u00eb disa \u00e7\u00ebshtje specifike\u201d, [&hellip;]<\/p>\n","protected":false},"author":2,"featured_media":23679,"comment_status":"closed","ping_status":"closed","sticky":false,"template":"","format":"standard","meta":{"_monsterinsights_skip_tracking":false,"_monsterinsights_sitenote_active":false,"_monsterinsights_sitenote_note":"","_monsterinsights_sitenote_category":0,"_uf_show_specific_survey":0,"_uf_disable_surveys":false,"footnotes":""},"categories":[23,15],"tags":[86,1516],"yoast_head":"<!-- This site is optimized with the Yoast SEO plugin v21.5 - https:\/\/yoast.com\/wordpress\/plugins\/seo\/ -->\n<title>Hovenier: E respektoj t\u00eb drejt\u00ebn e Kurtit p\u00ebr t\u2019i marr\u00eb vendimet p\u00ebr shtetin e tij, por ndonj\u00ebher\u00eb ka pasoja<\/title>\n<meta name=\"robots\" content=\"index, follow, max-snippet:-1, max-image-preview:large, max-video-preview:-1\" \/>\n<link rel=\"canonical\" href=\"https:\/\/permbledhja.com\/sq\/hovenier-e-respektoj-te-drejten-e-kurtit-per-ti-marre-vendimet-per-shtetin-e-tij-por-ndonjehere-ka-pasoja\/\" \/>\n<meta property=\"og:locale\" content=\"sq_AL\" \/>\n<meta property=\"og:type\" content=\"article\" \/>\n<meta property=\"og:title\" content=\"Hovenier: E respektoj t\u00eb drejt\u00ebn e Kurtit p\u00ebr t\u2019i marr\u00eb vendimet p\u00ebr shtetin e tij, por ndonj\u00ebher\u00eb ka pasoja\" \/>\n<meta property=\"og:description\" content=\"Ambasadori amerikan n\u00eb Prishtin\u00eb, Jeffre Hovenier ka folur p\u00ebr raportet SHBA-Kosov\u00eb, duke i quajtur ato si t\u00eb \u201cp\u00ebrizera\u201d. Hovenier ka th\u00ebn\u00eb se me Qeverin\u00eb Kurti kan\u00eb g\u00ebzuar nj\u00eb bashk\u00ebpunim t\u00eb ngusht\u00eb, por ndonj\u00ebher\u00eb ka pasur edhe dallime. \u201cNuk mendoj q\u00eb dikush befasohet kur them se kemi pasur ndasi me Qeverin\u00eb Kurti n\u00eb disa \u00e7\u00ebshtje specifike\u201d, [&hellip;]\" \/>\n<meta property=\"og:url\" content=\"https:\/\/permbledhja.com\/sq\/hovenier-e-respektoj-te-drejten-e-kurtit-per-ti-marre-vendimet-per-shtetin-e-tij-por-ndonjehere-ka-pasoja\/\" \/>\n<meta property=\"og:site_name\" content=\"Ve\u00e7 artikuj p\u00ebrmbledh\u00ebs\" \/>\n<meta property=\"article:publisher\" content=\"https:\/\/www.facebook.com\/press07\/\" \/>\n<meta property=\"article:published_time\" content=\"2023-08-16T13:55:18+00:00\" \/>\n<meta property=\"og:image\" content=\"https:\/\/permbledhja.com\/wp-content\/uploads\/2023\/08\/tttt-2.jpg\" \/>\n\t<meta property=\"og:image:width\" content=\"1189\" \/>\n\t<meta property=\"og:image:height\" content=\"712\" \/>\n\t<meta property=\"og:image:type\" content=\"image\/jpeg\" \/>\n<meta name=\"author\" content=\"M M\" \/>\n<meta name=\"twitter:card\" content=\"summary_large_image\" \/>\n<meta name=\"twitter:label1\" content=\"Written by\" \/>\n\t<meta name=\"twitter:data1\" content=\"M M\" \/>\n\t<meta name=\"twitter:label2\" content=\"Est. reading time\" \/>\n\t<meta name=\"twitter:data2\" content=\"1 minut\u00eb\" \/>\n<script type=\"application\/ld+json\" class=\"yoast-schema-graph\">{\"@context\":\"https:\/\/schema.org\",\"@graph\":[{\"@type\":\"Article\",\"@id\":\"https:\/\/permbledhja.com\/hovenier-e-respektoj-te-drejten-e-kurtit-per-ti-marre-vendimet-per-shtetin-e-tij-por-ndonjehere-ka-pasoja\/#article\",\"isPartOf\":{\"@id\":\"https:\/\/permbledhja.com\/hovenier-e-respektoj-te-drejten-e-kurtit-per-ti-marre-vendimet-per-shtetin-e-tij-por-ndonjehere-ka-pasoja\/\"},\"author\":{\"name\":\"M M\",\"@id\":\"https:\/\/permbledhja.com\/#\/schema\/person\/d23f13f59b5722643933d6780783acf3\"},\"headline\":\"Hovenier: E respektoj t\u00eb drejt\u00ebn e Kurtit p\u00ebr t\u2019i marr\u00eb vendimet p\u00ebr shtetin e tij, por ndonj\u00ebher\u00eb ka pasoja\",\"datePublished\":\"2023-08-16T13:55:18+00:00\",\"dateModified\":\"2023-08-16T13:55:18+00:00\",\"mainEntityOfPage\":{\"@id\":\"https:\/\/permbledhja.com\/hovenier-e-respektoj-te-drejten-e-kurtit-per-ti-marre-vendimet-per-shtetin-e-tij-por-ndonjehere-ka-pasoja\/\"},\"wordCount\":301,\"publisher\":{\"@id\":\"https:\/\/permbledhja.com\/#organization\"},\"keywords\":[\"Albin Kurti\",\"Jeff Hovenier\"],\"articleSection\":[\"Komb\u00ebtare\",\"Lajme\"],\"inLanguage\":\"sq\"},{\"@type\":\"WebPage\",\"@id\":\"https:\/\/permbledhja.com\/hovenier-e-respektoj-te-drejten-e-kurtit-per-ti-marre-vendimet-per-shtetin-e-tij-por-ndonjehere-ka-pasoja\/\",\"url\":\"https:\/\/permbledhja.com\/hovenier-e-respektoj-te-drejten-e-kurtit-per-ti-marre-vendimet-per-shtetin-e-tij-por-ndonjehere-ka-pasoja\/\",\"name\":\"Hovenier: E respektoj t\u00eb drejt\u00ebn e Kurtit p\u00ebr t\u2019i marr\u00eb vendimet p\u00ebr shtetin e tij, por ndonj\u00ebher\u00eb ka pasoja\",\"isPartOf\":{\"@id\":\"https:\/\/permbledhja.com\/#website\"},\"datePublished\":\"2023-08-16T13:55:18+00:00\",\"dateModified\":\"2023-08-16T13:55:18+00:00\",\"breadcrumb\":{\"@id\":\"https:\/\/permbledhja.com\/hovenier-e-respektoj-te-drejten-e-kurtit-per-ti-marre-vendimet-per-shtetin-e-tij-por-ndonjehere-ka-pasoja\/#breadcrumb\"},\"inLanguage\":\"sq\",\"potentialAction\":[{\"@type\":\"ReadAction\",\"target\":[\"https:\/\/permbledhja.com\/hovenier-e-respektoj-te-drejten-e-kurtit-per-ti-marre-vendimet-per-shtetin-e-tij-por-ndonjehere-ka-pasoja\/\"]}]},{\"@type\":\"BreadcrumbList\",\"@id\":\"https:\/\/permbledhja.com\/hovenier-e-respektoj-te-drejten-e-kurtit-per-ti-marre-vendimet-per-shtetin-e-tij-por-ndonjehere-ka-pasoja\/#breadcrumb\",\"itemListElement\":[{\"@type\":\"ListItem\",\"position\":1,\"name\":\"Ballina\",\"item\":\"https:\/\/permbledhja.com\/sq\/\"},{\"@type\":\"ListItem\",\"position\":2,\"name\":\"Hovenier: E respektoj t\u00eb drejt\u00ebn e Kurtit p\u00ebr t\u2019i marr\u00eb vendimet p\u00ebr shtetin e tij, por ndonj\u00ebher\u00eb ka pasoja\"}]},{\"@type\":\"WebSite\",\"@id\":\"https:\/\/permbledhja.com\/#website\",\"url\":\"https:\/\/permbledhja.com\/\",\"name\":\"Ve\u00e7 artikuj p\u00ebrmbledh\u00ebs\",\"description\":\"\",\"publisher\":{\"@id\":\"https:\/\/permbledhja.com\/#organization\"},\"potentialAction\":[{\"@type\":\"SearchAction\",\"target\":{\"@type\":\"EntryPoint\",\"urlTemplate\":\"https:\/\/permbledhja.com\/?s={search_term_string}\"},\"query-input\":\"required name=search_term_string\"}],\"inLanguage\":\"sq\"},{\"@type\":\"Organization\",\"@id\":\"https:\/\/permbledhja.com\/#organization\",\"name\":\"MK Media & Pr\",\"url\":\"https:\/\/permbledhja.com\/\",\"logo\":{\"@type\":\"ImageObject\",\"inLanguage\":\"sq\",\"@id\":\"https:\/\/permbledhja.com\/#\/schema\/logo\/image\/\",\"url\":\"https:\/\/permbledhja.com\/wp-content\/uploads\/2021\/12\/07-Press-Logo.jpg\",\"contentUrl\":\"https:\/\/permbledhja.com\/wp-content\/uploads\/2021\/12\/07-Press-Logo.jpg\",\"width\":512,\"height\":512,\"caption\":\"MK Media & Pr\"},\"image\":{\"@id\":\"https:\/\/permbledhja.com\/#\/schema\/logo\/image\/\"},\"sameAs\":[\"https:\/\/www.facebook.com\/press07\/\"]},{\"@type\":\"Person\",\"@id\":\"https:\/\/permbledhja.com\/#\/schema\/person\/d23f13f59b5722643933d6780783acf3\",\"name\":\"M M\",\"image\":{\"@type\":\"ImageObject\",\"inLanguage\":\"sq\",\"@id\":\"https:\/\/permbledhja.com\/#\/schema\/person\/image\/\",\"url\":\"https:\/\/secure.gravatar.com\/avatar\/e2835a76ca7c31a2416b2d51c4ec9a8f?s=96&d=mm&r=g\",\"contentUrl\":\"https:\/\/secure.gravatar.com\/avatar\/e2835a76ca7c31a2416b2d51c4ec9a8f?s=96&d=mm&r=g\",\"caption\":\"M M\"},\"sameAs\":[\"http:\/\/MM\"],\"url\":\"https:\/\/permbledhja.com\/sq\/author\/muhamet\/\"}]}<\/script>\n<!-- \/ Yoast SEO plugin. -->","yoast_head_json":{"title":"Hovenier: E respektoj t\u00eb drejt\u00ebn e Kurtit p\u00ebr t\u2019i marr\u00eb vendimet p\u00ebr shtetin e tij, por ndonj\u00ebher\u00eb ka pasoja","robots":{"index":"index","follow":"follow","max-snippet":"max-snippet:-1","max-image-preview":"max-image-preview:large","max-video-preview":"max-video-preview:-1"},"canonical":"https:\/\/permbledhja.com\/sq\/hovenier-e-respektoj-te-drejten-e-kurtit-per-ti-marre-vendimet-per-shtetin-e-tij-por-ndonjehere-ka-pasoja\/","og_locale":"sq_AL","og_type":"article","og_title":"Hovenier: E respektoj t\u00eb drejt\u00ebn e Kurtit p\u00ebr t\u2019i marr\u00eb vendimet p\u00ebr shtetin e tij, por ndonj\u00ebher\u00eb ka pasoja","og_description":"Ambasadori amerikan n\u00eb Prishtin\u00eb, Jeffre Hovenier ka folur p\u00ebr raportet SHBA-Kosov\u00eb, duke i quajtur ato si t\u00eb \u201cp\u00ebrizera\u201d. Hovenier ka th\u00ebn\u00eb se me Qeverin\u00eb Kurti kan\u00eb g\u00ebzuar nj\u00eb bashk\u00ebpunim t\u00eb ngusht\u00eb, por ndonj\u00ebher\u00eb ka pasur edhe dallime. \u201cNuk mendoj q\u00eb dikush befasohet kur them se kemi pasur ndasi me Qeverin\u00eb Kurti n\u00eb disa \u00e7\u00ebshtje specifike\u201d, [&hellip;]","og_url":"https:\/\/permbledhja.com\/sq\/hovenier-e-respektoj-te-drejten-e-kurtit-per-ti-marre-vendimet-per-shtetin-e-tij-por-ndonjehere-ka-pasoja\/","og_site_name":"Ve\u00e7 artikuj p\u00ebrmbledh\u00ebs","article_publisher":"https:\/\/www.facebook.com\/press07\/","article_published_time":"2023-08-16T13:55:18+00:00","og_image":[{"width":1189,"height":712,"url":"https:\/\/permbledhja.com\/wp-content\/uploads\/2023\/08\/tttt-2.jpg","type":"image\/jpeg"}],"author":"M M","twitter_card":"summary_large_image","twitter_misc":{"Written by":"M M","Est. reading time":"1 minut\u00eb"},"schema":{"@context":"https:\/\/schema.org","@graph":[{"@type":"Article","@id":"https:\/\/permbledhja.com\/hovenier-e-respektoj-te-drejten-e-kurtit-per-ti-marre-vendimet-per-shtetin-e-tij-por-ndonjehere-ka-pasoja\/#article","isPartOf":{"@id":"https:\/\/permbledhja.com\/hovenier-e-respektoj-te-drejten-e-kurtit-per-ti-marre-vendimet-per-shtetin-e-tij-por-ndonjehere-ka-pasoja\/"},"author":{"name":"M M","@id":"https:\/\/permbledhja.com\/#\/schema\/person\/d23f13f59b5722643933d6780783acf3"},"headline":"Hovenier: E respektoj t\u00eb drejt\u00ebn e Kurtit p\u00ebr t\u2019i marr\u00eb vendimet p\u00ebr shtetin e tij, por ndonj\u00ebher\u00eb ka pasoja","datePublished":"2023-08-16T13:55:18+00:00","dateModified":"2023-08-16T13:55:18+00:00","mainEntityOfPage":{"@id":"https:\/\/permbledhja.com\/hovenier-e-respektoj-te-drejten-e-kurtit-per-ti-marre-vendimet-per-shtetin-e-tij-por-ndonjehere-ka-pasoja\/"},"wordCount":301,"publisher":{"@id":"https:\/\/permbledhja.com\/#organization"},"keywords":["Albin Kurti","Jeff Hovenier"],"articleSection":["Komb\u00ebtare","Lajme"],"inLanguage":"sq"},{"@type":"WebPage","@id":"https:\/\/permbledhja.com\/hovenier-e-respektoj-te-drejten-e-kurtit-per-ti-marre-vendimet-per-shtetin-e-tij-por-ndonjehere-ka-pasoja\/","url":"https:\/\/permbledhja.com\/hovenier-e-respektoj-te-drejten-e-kurtit-per-ti-marre-vendimet-per-shtetin-e-tij-por-ndonjehere-ka-pasoja\/","name":"Hovenier: E respektoj t\u00eb drejt\u00ebn e Kurtit p\u00ebr t\u2019i marr\u00eb vendimet p\u00ebr shtetin e tij, por ndonj\u00ebher\u00eb ka pasoja","isPartOf":{"@id":"https:\/\/permbledhja.com\/#website"},"datePublished":"2023-08-16T13:55:18+00:00","dateModified":"2023-08-16T13:55:18+00:00","breadcrumb":{"@id":"https:\/\/permbledhja.com\/hovenier-e-respektoj-te-drejten-e-kurtit-per-ti-marre-vendimet-per-shtetin-e-tij-por-ndonjehere-ka-pasoja\/#breadcrumb"},"inLanguage":"sq","potentialAction":[{"@type":"ReadAction","target":["https:\/\/permbledhja.com\/hovenier-e-respektoj-te-drejten-e-kurtit-per-ti-marre-vendimet-per-shtetin-e-tij-por-ndonjehere-ka-pasoja\/"]}]},{"@type":"BreadcrumbList","@id":"https:\/\/permbledhja.com\/hovenier-e-respektoj-te-drejten-e-kurtit-per-ti-marre-vendimet-per-shtetin-e-tij-por-ndonjehere-ka-pasoja\/#breadcrumb","itemListElement":[{"@type":"ListItem","position":1,"name":"Ballina","item":"https:\/\/permbledhja.com\/sq\/"},{"@type":"ListItem","position":2,"name":"Hovenier: E respektoj t\u00eb drejt\u00ebn e Kurtit p\u00ebr t\u2019i marr\u00eb vendimet p\u00ebr shtetin e tij, por ndonj\u00ebher\u00eb ka pasoja"}]},{"@type":"WebSite","@id":"https:\/\/permbledhja.com\/#website","url":"https:\/\/permbledhja.com\/","name":"Ve\u00e7 artikuj p\u00ebrmbledh\u00ebs","description":"","publisher":{"@id":"https:\/\/permbledhja.com\/#organization"},"potentialAction":[{"@type":"SearchAction","target":{"@type":"EntryPoint","urlTemplate":"https:\/\/permbledhja.com\/?s={search_term_string}"},"query-input":"required name=search_term_string"}],"inLanguage":"sq"},{"@type":"Organization","@id":"https:\/\/permbledhja.com\/#organization","name":"MK Media & Pr","url":"https:\/\/permbledhja.com\/","logo":{"@type":"ImageObject","inLanguage":"sq","@id":"https:\/\/permbledhja.com\/#\/schema\/logo\/image\/","url":"https:\/\/permbledhja.com\/wp-content\/uploads\/2021\/12\/07-Press-Logo.jpg","contentUrl":"https:\/\/permbledhja.com\/wp-content\/uploads\/2021\/12\/07-Press-Logo.jpg","width":512,"height":512,"caption":"MK Media & Pr"},"image":{"@id":"https:\/\/permbledhja.com\/#\/schema\/logo\/image\/"},"sameAs":["https:\/\/www.facebook.com\/press07\/"]},{"@type":"Person","@id":"https:\/\/permbledhja.com\/#\/schema\/person\/d23f13f59b5722643933d6780783acf3","name":"M M","image":{"@type":"ImageObject","inLanguage":"sq","@id":"https:\/\/permbledhja.com\/#\/schema\/person\/image\/","url":"https:\/\/secure.gravatar.com\/avatar\/e2835a76ca7c31a2416b2d51c4ec9a8f?s=96&d=mm&r=g","contentUrl":"https:\/\/secure.gravatar.com\/avatar\/e2835a76ca7c31a2416b2d51c4ec9a8f?s=96&d=mm&r=g","caption":"M M"},"sameAs":["http:\/\/MM"],"url":"https:\/\/permbledhja.com\/sq\/author\/muhamet\/"}]}},"_links":{"self":[{"href":"https:\/\/permbledhja.com\/sq\/wp-json\/wp\/v2\/posts\/23678"}],"collection":[{"href":"https:\/\/permbledhja.com\/sq\/wp-json\/wp\/v2\/posts"}],"about":[{"href":"https:\/\/permbledhja.com\/sq\/wp-json\/wp\/v2\/types\/post"}],"author":[{"embeddable":true,"href":"https:\/\/permbledhja.com\/sq\/wp-json\/wp\/v2\/users\/2"}],"replies":[{"embeddable":true,"href":"https:\/\/permbledhja.com\/sq\/wp-json\/wp\/v2\/comments?post=23678"}],"version-history":[{"count":1,"href":"https:\/\/permbledhja.com\/sq\/wp-json\/wp\/v2\/posts\/23678\/revisions"}],"predecessor-version":[{"id":23680,"href":"https:\/\/permbledhja.com\/sq\/wp-json\/wp\/v2\/posts\/23678\/revisions\/23680"}],"wp:featuredmedia":[{"embeddable":true,"href":"https:\/\/permbledhja.com\/sq\/wp-json\/wp\/v2\/media\/23679"}],"wp:attachment":[{"href":"https:\/\/permbledhja.com\/sq\/wp-json\/wp\/v2\/media?parent=23678"}],"wp:term":[{"taxonomy":"category","embeddable":true,"href":"https:\/\/permbledhja.com\/sq\/wp-json\/wp\/v2\/categories?post=23678"},{"taxonomy":"post_tag","embeddable":true,"href":"https:\/\/permbledhja.com\/sq\/wp-json\/wp\/v2\/tags?post=23678"}],"curies":[{"name":"wp","href":"https:\/\/api.w.org\/{rel}","templated":true}]}}