{"id":23552,"date":"2023-08-15T20:58:27","date_gmt":"2023-08-15T20:58:27","guid":{"rendered":"https:\/\/permbledhja.com\/?p=23552"},"modified":"2023-08-15T20:58:27","modified_gmt":"2023-08-15T20:58:27","slug":"osmani-masat-e-be-se-ndaj-kosoves-plotesisht-joproporcionale","status":"publish","type":"post","link":"https:\/\/permbledhja.com\/sq\/osmani-masat-e-be-se-ndaj-kosoves-plotesisht-joproporcionale\/","title":{"rendered":"Osmani: Masat e BE-s\u00eb ndaj Kosov\u00ebs, plot\u00ebsisht joproporcionale"},"content":{"rendered":"<h3>Presidentja e Kosov\u00ebs, Vjosa Osmani, ka th\u00ebn\u00eb t\u00eb mart\u00ebn se masat nd\u00ebshkuese t\u00eb Bashkimit Evropian, t\u00eb marra muaj m\u00eb par\u00eb ndaj Kosov\u00ebs, kan\u00eb qen\u00eb plot\u00ebsisht joproporcionale me veprimet e institucioneve t\u00eb Kosov\u00ebs.<\/h3>\n<p>P\u00ebrgjat\u00eb nj\u00eb vizite n\u00eb Komun\u00ebn e Dragashit, Osmani ka vler\u00ebsuar se masat e kan\u00eb d\u00ebmtuar procesin e dialogut mes Kosov\u00ebs dhe Serbis\u00eb, t\u00eb nd\u00ebrmjet\u00ebsuar nga blloku evropian.<br \/>\n\u201cNuk \u00ebsht\u00eb p\u00ebrgjigje e cila e nxit bashk\u00ebpunimin dhe koordinimin, p\u00ebrkundrazi \u00ebsht\u00eb p\u00ebrgjigje e cila m\u00eb s\u00eb shumti i b\u00ebn d\u00ebm procesit t\u00eb dialogut dhe e vendos at\u00eb komplet jasht\u00eb binar\u00ebve n\u00eb t\u00eb cil\u00ebt do t\u00eb duhej t\u00eb ishte, ku t\u00eb dyja pal\u00ebt do t\u00eb duhej t\u00eb trajtoheshin n\u00eb m\u00ebnyr\u00eb t\u00eb barabart\u00eb\u201d.<\/p>\n<p>Bashkimi Evropian ka vendosur masa nd\u00ebshkuese ndaj Kosov\u00ebs, p\u00ebr shkak t\u00eb mosp\u00ebrmbushjes s\u00eb k\u00ebrkesave t\u00eb faktorit nd\u00ebrkomb\u00ebtar p\u00ebr ulje t\u00eb tensioneve n\u00eb veri t\u00eb Kosov\u00ebs n\u00eb muajt maj e qershor.<\/p>\n<p>Atje protestat e serb\u00ebve lokal\u00eb dhe qytetar\u00ebve tjer\u00eb \u2013 q\u00eb kan\u00eb kund\u00ebrshtuar hyrjen e kryetar\u00ebve t\u00eb rinj shqiptar\u00eb n\u00eb nd\u00ebrtesat komunale \u2013 jan\u00eb p\u00ebrshkall\u00ebzuar n\u00eb dhun\u00eb ndaj pjes\u00ebtar\u00ebve t\u00eb Policis\u00eb s\u00eb Kosov\u00ebs dhe pjes\u00ebtar\u00ebve t\u00eb misionit t\u00eb NATO-s n\u00eb Kosov\u00eb, KFOR.<\/p>\n<p>Osmani e faj\u00ebsuar Serbin\u00eb p\u00ebr k\u00ebto sulme.<\/p>\n<p>\u201cSerbia ka pasur njer\u00ebz t\u00eb saj q\u00eb kan\u00eb sulmuar ushtar\u00eb t\u00eb NATO-s. P\u00ebr k\u00ebta njer\u00ebz ka d\u00ebshmi t\u00eb sakta. Ata njer\u00ebz jan\u00eb n\u00eb video, dihet kush jan\u00eb, disa prej tyre jan\u00eb polic\u00eb t\u00eb Serbis\u00eb, dhe nuk ka asnj\u00eb mas\u00eb t\u00eb vetme n\u00eb raport me Serbin\u00eb p\u00ebr k\u00ebt\u00eb agresion q\u00eb e ka kryer n\u00eb raport me Kosov\u00ebn\u201d, ka th\u00ebn\u00eb ajo, duke p\u00ebrs\u00ebritur se masat i jan\u00eb v\u00ebn\u00eb padrejt\u00ebsisht Kosov\u00ebs.<\/p>\n<p>Z\u00ebdh\u00ebn\u00ebsi i KFOR-it n\u00eb Kosov\u00eb, koloneli Andrea Gallieni, pati th\u00ebn\u00eb m\u00eb 9 qershor se disa grupe kriminale kan\u00eb qen\u00eb mbrapa protestave t\u00eb dhunshme, q\u00eb jan\u00eb zhvilluar n\u00eb Zve\u00e7an, m\u00eb 29 maj.<\/p>\n<p>Me q\u00ebllim t\u00eb shtensionimit t\u00eb situat\u00ebs, Kosova dhe Bashkimi Evropian kan\u00eb arritur marr\u00ebveshje m\u00eb 10 korrik n\u00eb Bratislav\u00eb p\u00ebr marrjen e disa hapave.<\/p>\n<p>Osmani ka th\u00ebn\u00eb se Kosova po e respekton marr\u00ebveshjen me besnik\u00ebri.<\/p>\n<p>\u201cTashm\u00eb ka reduktim t\u00eb forcave policore n\u00eb p\u00ebrputhje me marr\u00ebveshjen. N\u00eb an\u00ebn tjet\u00ebr \u00ebsht\u00eb duke u krijuar baza ligjore p\u00ebr mbajtje t\u00eb zgjedhjeve t\u00eb jasht\u00ebzakonshme n\u00eb k\u00ebto komuna veriore\u201d.<\/p>\n<p>Deri m\u00eb tani, Policia e Kosov\u00ebs e ka p\u00ebrgjysmuar prezenc\u00ebn e saj n\u00eb dhe rreth nd\u00ebrtesave komunale.<\/p>\n<p>Osmani ka th\u00ebn\u00eb se pret tani nga BE-ja q\u00eb t\u00eb marr\u00eb vendime p\u00ebr heqje t\u00eb masave ndaj Kosov\u00ebs.<\/p>\n<p>\u201cP\u00ebrshtypja ime nganj\u00ebher\u00eb \u00ebsht\u00eb q\u00eb shum\u00eb shtete e kan\u00eb trajtuar Kosov\u00ebn ato dit\u00eb sikurse Kosova ta ket\u00eb pushtuar dik\u00eb. Kosova nuk e ka pushtuar asnj\u00eb territor t\u00eb shtetit fqinj. Kosova ka vepruar n\u00eb territorin e republik\u00ebs s\u00eb saj\u201d.<\/p>\n<p>Masat nd\u00ebshkuese t\u00eb BE-s\u00eb ndaj Kosov\u00ebs p\u00ebrfshijn\u00eb: suspendimin e p\u00ebrkohsh\u00ebm t\u00eb pun\u00ebs s\u00eb trupave t\u00eb krijuara n\u00eb baz\u00eb t\u00eb Marr\u00ebveshjes s\u00eb Stabilizim Asociimit, mosftes\u00ebn e Kosov\u00ebs n\u00eb takime t\u00eb nivelit t\u00eb lart\u00eb dhe suspendimin e vizitave bilaterale, p\u00ebrve\u00e7 atyre q\u00eb fokusohen n\u00eb adresimin e kriz\u00ebs n\u00eb veri t\u00eb Kosov\u00ebs n\u00eb kuad\u00ebr t\u00eb korniz\u00ebs s\u00eb dialogut t\u00eb leht\u00ebsuar nga BE-ja.<\/p>\n<p>Deri m\u00eb tani dat\u00eb p\u00ebr mbajtje t\u00eb zgjedhjeve n\u00eb komunat veriore \u2013 Mitrovic\u00eb e Veriut, Zve\u00e7an, Leposaviq dhe Zubin Potok \u2013 nuk ka, por Osmani ka th\u00ebn\u00eb se beson q\u00eb banor\u00ebt e komunave n\u00eb veri d\u00ebshirojn\u00eb ta shfryt\u00ebzojn\u00eb t\u00eb drejt\u00ebn e tyre p\u00ebr t\u00eb votuar.<\/p>\n<p>\u201cNuk shoh ndonj\u00eb vullnet nga presidenti [serb, Aleksandar] Vu\u00e7iq q\u00eb ai t\u00eb nd\u00ebrpres\u00eb agresionin institucional q\u00eb vazhdimisht e kryen n\u00eb raport me fqinj\u00ebt. Nuk shoh vullnet nga ai q\u00eb ta nd\u00ebrpres\u00eb dhun\u00ebn q\u00eb n\u00ebp\u00ebrmjet strukturave kriminale vazhdimisht e ushtrojn\u00eb ndaj qytetar\u00ebve tan\u00eb n\u00eb veri. Prandaj presioni duhet t\u00eb jet\u00eb n\u00eb Beograd\u201d.<\/p>\n<p>M\u00eb 7 gusht, dhjet\u00ebra deputet\u00eb t\u00eb Shteteve t\u00eb Bashkuara t\u00eb Amerik\u00ebs, Britanis\u00eb s\u00eb Madhe dhe vendeve an\u00ebtare t\u00eb Bashkimit Evropian ua kan\u00eb nisur nj\u00eb let\u00ebr kryediplomat\u00ebve t\u00eb vendeve t\u00eb tyre, me k\u00ebrkes\u00eb q\u00eb t\u00eb ndryshohet qasja ndaj Kosov\u00ebs dhe Serbis\u00eb, pasi, sipas tyre, politikat aktuale nuk po funksionojn\u00eb.<\/p>\n<p>N\u00eb let\u00ebr, deputet\u00ebt e kan\u00eb p\u00ebrmendur edhe zbatimin e nj\u00eb diplomacie parandaluese.<\/p>\n<p>Zyrtar\u00eb per\u00ebndimor\u00eb kan\u00eb th\u00ebn\u00eb se tensionet e fundit i kan\u00eb v\u00ebn\u00eb n\u00eb pah mang\u00ebsit\u00eb n\u00eb qasjen e tyre n\u00eb raportet Kosov\u00eb-Serbi, dhe mund\u00ebsin\u00eb p\u00ebr rishqyrtim t\u00eb situat\u00ebs.<\/p>\n<p>Mes tjerash, n\u00eb let\u00ebr, ata kan\u00eb th\u00ebn\u00eb se \u201cKosova \u00ebsht\u00eb shtet sovran dhe demokraci q\u00eb funksionon\u201d, prandaj kan\u00eb k\u00ebrkuar balanc\u00eb dhe sjellje proporcionale, kur b\u00ebhet fjal\u00eb p\u00ebr k\u00ebto dy vende.<\/p>\n<p>Kosova dhe Serbia jan\u00eb pjes\u00eb e dialogut t\u00eb nd\u00ebrmjet\u00ebsuar nga BE-ja, p\u00ebr normalizim t\u00eb raporteve, prej vitit 2011.<\/p>\n<p>Pal\u00ebt kan\u00eb n\u00ebnshkruar nj\u00eb mori marr\u00ebveshjesh, por jo t\u00eb gjitha jan\u00eb zbatuar.<\/p>\n","protected":false},"excerpt":{"rendered":"<p>Presidentja e Kosov\u00ebs, Vjosa Osmani, ka th\u00ebn\u00eb t\u00eb mart\u00ebn se masat nd\u00ebshkuese t\u00eb Bashkimit Evropian, t\u00eb marra muaj m\u00eb par\u00eb ndaj Kosov\u00ebs, kan\u00eb qen\u00eb plot\u00ebsisht joproporcionale me veprimet e institucioneve t\u00eb Kosov\u00ebs. P\u00ebrgjat\u00eb nj\u00eb vizite n\u00eb Komun\u00ebn e Dragashit, Osmani ka vler\u00ebsuar se masat e kan\u00eb d\u00ebmtuar procesin e dialogut mes Kosov\u00ebs dhe Serbis\u00eb, t\u00eb [&hellip;]<\/p>\n","protected":false},"author":1,"featured_media":23553,"comment_status":"closed","ping_status":"closed","sticky":false,"template":"","format":"standard","meta":{"_monsterinsights_skip_tracking":false,"_monsterinsights_sitenote_active":false,"_monsterinsights_sitenote_note":"","_monsterinsights_sitenote_category":0,"_uf_show_specific_survey":0,"_uf_disable_surveys":false,"footnotes":""},"categories":[1146],"tags":[163],"yoast_head":"<!-- This site is optimized with the Yoast SEO plugin v21.5 - https:\/\/yoast.com\/wordpress\/plugins\/seo\/ -->\n<title>Osmani: Masat e BE-s\u00eb ndaj Kosov\u00ebs, plot\u00ebsisht joproporcionale<\/title>\n<meta name=\"robots\" content=\"index, follow, max-snippet:-1, max-image-preview:large, max-video-preview:-1\" \/>\n<link rel=\"canonical\" href=\"https:\/\/permbledhja.com\/sq\/osmani-masat-e-be-se-ndaj-kosoves-plotesisht-joproporcionale\/\" \/>\n<meta property=\"og:locale\" content=\"sq_AL\" \/>\n<meta property=\"og:type\" content=\"article\" \/>\n<meta property=\"og:title\" content=\"Osmani: Masat e BE-s\u00eb ndaj Kosov\u00ebs, plot\u00ebsisht joproporcionale\" \/>\n<meta property=\"og:description\" content=\"Presidentja e Kosov\u00ebs, Vjosa Osmani, ka th\u00ebn\u00eb t\u00eb mart\u00ebn se masat nd\u00ebshkuese t\u00eb Bashkimit Evropian, t\u00eb marra muaj m\u00eb par\u00eb ndaj Kosov\u00ebs, kan\u00eb qen\u00eb plot\u00ebsisht joproporcionale me veprimet e institucioneve t\u00eb Kosov\u00ebs. P\u00ebrgjat\u00eb nj\u00eb vizite n\u00eb Komun\u00ebn e Dragashit, Osmani ka vler\u00ebsuar se masat e kan\u00eb d\u00ebmtuar procesin e dialogut mes Kosov\u00ebs dhe Serbis\u00eb, t\u00eb [&hellip;]\" \/>\n<meta property=\"og:url\" content=\"https:\/\/permbledhja.com\/sq\/osmani-masat-e-be-se-ndaj-kosoves-plotesisht-joproporcionale\/\" \/>\n<meta property=\"og:site_name\" content=\"Ve\u00e7 artikuj p\u00ebrmbledh\u00ebs\" \/>\n<meta property=\"article:publisher\" content=\"https:\/\/www.facebook.com\/press07\/\" \/>\n<meta property=\"article:author\" content=\"https:\/\/www.facebook.com\/kafexhiu.muharrem\/\" \/>\n<meta property=\"article:published_time\" content=\"2023-08-15T20:58:27+00:00\" \/>\n<meta property=\"og:image\" content=\"https:\/\/permbledhja.com\/wp-content\/uploads\/2023\/08\/CFB1D073-1C5C-4742-9BBF-214DC328EC52.jpeg\" \/>\n\t<meta property=\"og:image:width\" content=\"600\" \/>\n\t<meta property=\"og:image:height\" content=\"360\" \/>\n\t<meta property=\"og:image:type\" content=\"image\/jpeg\" \/>\n<meta name=\"author\" content=\"P\u00ebrmbledhja\" \/>\n<meta name=\"twitter:card\" content=\"summary_large_image\" \/>\n<meta name=\"twitter:label1\" content=\"Written by\" \/>\n\t<meta name=\"twitter:data1\" content=\"P\u00ebrmbledhja\" \/>\n\t<meta name=\"twitter:label2\" content=\"Est. reading time\" \/>\n\t<meta name=\"twitter:data2\" content=\"4 minuta\" \/>\n<script type=\"application\/ld+json\" class=\"yoast-schema-graph\">{\"@context\":\"https:\/\/schema.org\",\"@graph\":[{\"@type\":\"Article\",\"@id\":\"https:\/\/permbledhja.com\/sq\/osmani-masat-e-be-se-ndaj-kosoves-plotesisht-joproporcionale\/#article\",\"isPartOf\":{\"@id\":\"https:\/\/permbledhja.com\/sq\/osmani-masat-e-be-se-ndaj-kosoves-plotesisht-joproporcionale\/\"},\"author\":{\"name\":\"P\u00ebrmbledhja\",\"@id\":\"https:\/\/permbledhja.com\/#\/schema\/person\/0d064377258d3221e50693947b9eb4fe\"},\"headline\":\"Osmani: Masat e BE-s\u00eb ndaj Kosov\u00ebs, plot\u00ebsisht joproporcionale\",\"datePublished\":\"2023-08-15T20:58:27+00:00\",\"dateModified\":\"2023-08-15T20:58:27+00:00\",\"mainEntityOfPage\":{\"@id\":\"https:\/\/permbledhja.com\/sq\/osmani-masat-e-be-se-ndaj-kosoves-plotesisht-joproporcionale\/\"},\"wordCount\":881,\"publisher\":{\"@id\":\"https:\/\/permbledhja.com\/#organization\"},\"keywords\":[\"Vjosa Osmani\"],\"articleSection\":[\"Kryesoret\"],\"inLanguage\":\"sq\"},{\"@type\":\"WebPage\",\"@id\":\"https:\/\/permbledhja.com\/sq\/osmani-masat-e-be-se-ndaj-kosoves-plotesisht-joproporcionale\/\",\"url\":\"https:\/\/permbledhja.com\/sq\/osmani-masat-e-be-se-ndaj-kosoves-plotesisht-joproporcionale\/\",\"name\":\"Osmani: Masat e BE-s\u00eb ndaj Kosov\u00ebs, plot\u00ebsisht joproporcionale\",\"isPartOf\":{\"@id\":\"https:\/\/permbledhja.com\/#website\"},\"datePublished\":\"2023-08-15T20:58:27+00:00\",\"dateModified\":\"2023-08-15T20:58:27+00:00\",\"breadcrumb\":{\"@id\":\"https:\/\/permbledhja.com\/sq\/osmani-masat-e-be-se-ndaj-kosoves-plotesisht-joproporcionale\/#breadcrumb\"},\"inLanguage\":\"sq\",\"potentialAction\":[{\"@type\":\"ReadAction\",\"target\":[\"https:\/\/permbledhja.com\/sq\/osmani-masat-e-be-se-ndaj-kosoves-plotesisht-joproporcionale\/\"]}]},{\"@type\":\"BreadcrumbList\",\"@id\":\"https:\/\/permbledhja.com\/sq\/osmani-masat-e-be-se-ndaj-kosoves-plotesisht-joproporcionale\/#breadcrumb\",\"itemListElement\":[{\"@type\":\"ListItem\",\"position\":1,\"name\":\"Ballina\",\"item\":\"https:\/\/permbledhja.com\/sq\/\"},{\"@type\":\"ListItem\",\"position\":2,\"name\":\"Osmani: Masat e BE-s\u00eb ndaj Kosov\u00ebs, plot\u00ebsisht joproporcionale\"}]},{\"@type\":\"WebSite\",\"@id\":\"https:\/\/permbledhja.com\/#website\",\"url\":\"https:\/\/permbledhja.com\/\",\"name\":\"Ve\u00e7 artikuj p\u00ebrmbledh\u00ebs\",\"description\":\"\",\"publisher\":{\"@id\":\"https:\/\/permbledhja.com\/#organization\"},\"potentialAction\":[{\"@type\":\"SearchAction\",\"target\":{\"@type\":\"EntryPoint\",\"urlTemplate\":\"https:\/\/permbledhja.com\/?s={search_term_string}\"},\"query-input\":\"required name=search_term_string\"}],\"inLanguage\":\"sq\"},{\"@type\":\"Organization\",\"@id\":\"https:\/\/permbledhja.com\/#organization\",\"name\":\"MK Media & Pr\",\"url\":\"https:\/\/permbledhja.com\/\",\"logo\":{\"@type\":\"ImageObject\",\"inLanguage\":\"sq\",\"@id\":\"https:\/\/permbledhja.com\/#\/schema\/logo\/image\/\",\"url\":\"https:\/\/permbledhja.com\/wp-content\/uploads\/2021\/12\/07-Press-Logo.jpg\",\"contentUrl\":\"https:\/\/permbledhja.com\/wp-content\/uploads\/2021\/12\/07-Press-Logo.jpg\",\"width\":512,\"height\":512,\"caption\":\"MK Media & Pr\"},\"image\":{\"@id\":\"https:\/\/permbledhja.com\/#\/schema\/logo\/image\/\"},\"sameAs\":[\"https:\/\/www.facebook.com\/press07\/\"]},{\"@type\":\"Person\",\"@id\":\"https:\/\/permbledhja.com\/#\/schema\/person\/0d064377258d3221e50693947b9eb4fe\",\"name\":\"P\u00ebrmbledhja\",\"image\":{\"@type\":\"ImageObject\",\"inLanguage\":\"sq\",\"@id\":\"https:\/\/permbledhja.com\/#\/schema\/person\/image\/\",\"url\":\"https:\/\/permbledhja.com\/wp-content\/uploads\/2026\/01\/452004717_1040944174702970_8932037511805513407_n-96x96.jpg\",\"contentUrl\":\"https:\/\/permbledhja.com\/wp-content\/uploads\/2026\/01\/452004717_1040944174702970_8932037511805513407_n-96x96.jpg\",\"caption\":\"P\u00ebrmbledhja\"},\"sameAs\":[\"https:\/\/www.facebook.com\/kafexhiu.muharrem\/\",\"https:\/\/www.instagram.com\/muharrem_kafexhiu\/\"],\"url\":\"https:\/\/permbledhja.com\/sq\/author\/admin\/\"}]}<\/script>\n<!-- \/ Yoast SEO plugin. -->","yoast_head_json":{"title":"Osmani: Masat e BE-s\u00eb ndaj Kosov\u00ebs, plot\u00ebsisht joproporcionale","robots":{"index":"index","follow":"follow","max-snippet":"max-snippet:-1","max-image-preview":"max-image-preview:large","max-video-preview":"max-video-preview:-1"},"canonical":"https:\/\/permbledhja.com\/sq\/osmani-masat-e-be-se-ndaj-kosoves-plotesisht-joproporcionale\/","og_locale":"sq_AL","og_type":"article","og_title":"Osmani: Masat e BE-s\u00eb ndaj Kosov\u00ebs, plot\u00ebsisht joproporcionale","og_description":"Presidentja e Kosov\u00ebs, Vjosa Osmani, ka th\u00ebn\u00eb t\u00eb mart\u00ebn se masat nd\u00ebshkuese t\u00eb Bashkimit Evropian, t\u00eb marra muaj m\u00eb par\u00eb ndaj Kosov\u00ebs, kan\u00eb qen\u00eb plot\u00ebsisht joproporcionale me veprimet e institucioneve t\u00eb Kosov\u00ebs. P\u00ebrgjat\u00eb nj\u00eb vizite n\u00eb Komun\u00ebn e Dragashit, Osmani ka vler\u00ebsuar se masat e kan\u00eb d\u00ebmtuar procesin e dialogut mes Kosov\u00ebs dhe Serbis\u00eb, t\u00eb [&hellip;]","og_url":"https:\/\/permbledhja.com\/sq\/osmani-masat-e-be-se-ndaj-kosoves-plotesisht-joproporcionale\/","og_site_name":"Ve\u00e7 artikuj p\u00ebrmbledh\u00ebs","article_publisher":"https:\/\/www.facebook.com\/press07\/","article_author":"https:\/\/www.facebook.com\/kafexhiu.muharrem\/","article_published_time":"2023-08-15T20:58:27+00:00","og_image":[{"width":600,"height":360,"url":"https:\/\/permbledhja.com\/wp-content\/uploads\/2023\/08\/CFB1D073-1C5C-4742-9BBF-214DC328EC52.jpeg","type":"image\/jpeg"}],"author":"P\u00ebrmbledhja","twitter_card":"summary_large_image","twitter_misc":{"Written by":"P\u00ebrmbledhja","Est. reading time":"4 minuta"},"schema":{"@context":"https:\/\/schema.org","@graph":[{"@type":"Article","@id":"https:\/\/permbledhja.com\/sq\/osmani-masat-e-be-se-ndaj-kosoves-plotesisht-joproporcionale\/#article","isPartOf":{"@id":"https:\/\/permbledhja.com\/sq\/osmani-masat-e-be-se-ndaj-kosoves-plotesisht-joproporcionale\/"},"author":{"name":"P\u00ebrmbledhja","@id":"https:\/\/permbledhja.com\/#\/schema\/person\/0d064377258d3221e50693947b9eb4fe"},"headline":"Osmani: Masat e BE-s\u00eb ndaj Kosov\u00ebs, plot\u00ebsisht joproporcionale","datePublished":"2023-08-15T20:58:27+00:00","dateModified":"2023-08-15T20:58:27+00:00","mainEntityOfPage":{"@id":"https:\/\/permbledhja.com\/sq\/osmani-masat-e-be-se-ndaj-kosoves-plotesisht-joproporcionale\/"},"wordCount":881,"publisher":{"@id":"https:\/\/permbledhja.com\/#organization"},"keywords":["Vjosa Osmani"],"articleSection":["Kryesoret"],"inLanguage":"sq"},{"@type":"WebPage","@id":"https:\/\/permbledhja.com\/sq\/osmani-masat-e-be-se-ndaj-kosoves-plotesisht-joproporcionale\/","url":"https:\/\/permbledhja.com\/sq\/osmani-masat-e-be-se-ndaj-kosoves-plotesisht-joproporcionale\/","name":"Osmani: Masat e BE-s\u00eb ndaj Kosov\u00ebs, plot\u00ebsisht joproporcionale","isPartOf":{"@id":"https:\/\/permbledhja.com\/#website"},"datePublished":"2023-08-15T20:58:27+00:00","dateModified":"2023-08-15T20:58:27+00:00","breadcrumb":{"@id":"https:\/\/permbledhja.com\/sq\/osmani-masat-e-be-se-ndaj-kosoves-plotesisht-joproporcionale\/#breadcrumb"},"inLanguage":"sq","potentialAction":[{"@type":"ReadAction","target":["https:\/\/permbledhja.com\/sq\/osmani-masat-e-be-se-ndaj-kosoves-plotesisht-joproporcionale\/"]}]},{"@type":"BreadcrumbList","@id":"https:\/\/permbledhja.com\/sq\/osmani-masat-e-be-se-ndaj-kosoves-plotesisht-joproporcionale\/#breadcrumb","itemListElement":[{"@type":"ListItem","position":1,"name":"Ballina","item":"https:\/\/permbledhja.com\/sq\/"},{"@type":"ListItem","position":2,"name":"Osmani: Masat e BE-s\u00eb ndaj Kosov\u00ebs, plot\u00ebsisht joproporcionale"}]},{"@type":"WebSite","@id":"https:\/\/permbledhja.com\/#website","url":"https:\/\/permbledhja.com\/","name":"Ve\u00e7 artikuj p\u00ebrmbledh\u00ebs","description":"","publisher":{"@id":"https:\/\/permbledhja.com\/#organization"},"potentialAction":[{"@type":"SearchAction","target":{"@type":"EntryPoint","urlTemplate":"https:\/\/permbledhja.com\/?s={search_term_string}"},"query-input":"required name=search_term_string"}],"inLanguage":"sq"},{"@type":"Organization","@id":"https:\/\/permbledhja.com\/#organization","name":"MK Media & Pr","url":"https:\/\/permbledhja.com\/","logo":{"@type":"ImageObject","inLanguage":"sq","@id":"https:\/\/permbledhja.com\/#\/schema\/logo\/image\/","url":"https:\/\/permbledhja.com\/wp-content\/uploads\/2021\/12\/07-Press-Logo.jpg","contentUrl":"https:\/\/permbledhja.com\/wp-content\/uploads\/2021\/12\/07-Press-Logo.jpg","width":512,"height":512,"caption":"MK Media & Pr"},"image":{"@id":"https:\/\/permbledhja.com\/#\/schema\/logo\/image\/"},"sameAs":["https:\/\/www.facebook.com\/press07\/"]},{"@type":"Person","@id":"https:\/\/permbledhja.com\/#\/schema\/person\/0d064377258d3221e50693947b9eb4fe","name":"P\u00ebrmbledhja","image":{"@type":"ImageObject","inLanguage":"sq","@id":"https:\/\/permbledhja.com\/#\/schema\/person\/image\/","url":"https:\/\/permbledhja.com\/wp-content\/uploads\/2026\/01\/452004717_1040944174702970_8932037511805513407_n-96x96.jpg","contentUrl":"https:\/\/permbledhja.com\/wp-content\/uploads\/2026\/01\/452004717_1040944174702970_8932037511805513407_n-96x96.jpg","caption":"P\u00ebrmbledhja"},"sameAs":["https:\/\/www.facebook.com\/kafexhiu.muharrem\/","https:\/\/www.instagram.com\/muharrem_kafexhiu\/"],"url":"https:\/\/permbledhja.com\/sq\/author\/admin\/"}]}},"_links":{"self":[{"href":"https:\/\/permbledhja.com\/sq\/wp-json\/wp\/v2\/posts\/23552"}],"collection":[{"href":"https:\/\/permbledhja.com\/sq\/wp-json\/wp\/v2\/posts"}],"about":[{"href":"https:\/\/permbledhja.com\/sq\/wp-json\/wp\/v2\/types\/post"}],"author":[{"embeddable":true,"href":"https:\/\/permbledhja.com\/sq\/wp-json\/wp\/v2\/users\/1"}],"replies":[{"embeddable":true,"href":"https:\/\/permbledhja.com\/sq\/wp-json\/wp\/v2\/comments?post=23552"}],"version-history":[{"count":1,"href":"https:\/\/permbledhja.com\/sq\/wp-json\/wp\/v2\/posts\/23552\/revisions"}],"predecessor-version":[{"id":23554,"href":"https:\/\/permbledhja.com\/sq\/wp-json\/wp\/v2\/posts\/23552\/revisions\/23554"}],"wp:featuredmedia":[{"embeddable":true,"href":"https:\/\/permbledhja.com\/sq\/wp-json\/wp\/v2\/media\/23553"}],"wp:attachment":[{"href":"https:\/\/permbledhja.com\/sq\/wp-json\/wp\/v2\/media?parent=23552"}],"wp:term":[{"taxonomy":"category","embeddable":true,"href":"https:\/\/permbledhja.com\/sq\/wp-json\/wp\/v2\/categories?post=23552"},{"taxonomy":"post_tag","embeddable":true,"href":"https:\/\/permbledhja.com\/sq\/wp-json\/wp\/v2\/tags?post=23552"}],"curies":[{"name":"wp","href":"https:\/\/api.w.org\/{rel}","templated":true}]}}