{"id":23542,"date":"2023-08-15T19:32:55","date_gmt":"2023-08-15T19:32:55","guid":{"rendered":"https:\/\/permbledhja.com\/?p=23542"},"modified":"2023-08-15T19:32:55","modified_gmt":"2023-08-15T19:32:55","slug":"feja-a-ndikon-per-mire-apo-per-te-keq-psikologu-flet-per-rastet-e-fundit-ne-lokale","status":"publish","type":"post","link":"https:\/\/permbledhja.com\/sq\/feja-a-ndikon-per-mire-apo-per-te-keq-psikologu-flet-per-rastet-e-fundit-ne-lokale\/","title":{"rendered":"Feja a ndikon p\u00ebr mir\u00eb apo p\u00ebr t\u00eb keq? Psikologu flet p\u00ebr rastet e fundit n\u00eb lokale"},"content":{"rendered":"<h3>Tri raste t\u00eb vrasjes n\u00ebp\u00ebr lokale n\u00eb vend kan\u00eb ndodhur p\u00ebr m\u00eb pak se nj\u00eb jav\u00eb n\u00eb gushtin e k\u00ebtij viti.<\/h3>\n<p>Nj\u00ebra ndodhi n\u00eb qend\u00ebr t\u00eb Prishtin\u00ebs, tjetra n\u00eb Klin\u00eb e pasuar nga ajo n\u00eb Sk\u00ebnderaj.<\/p>\n<p>Lidhur me k\u00ebto vrasje gazetari i lajmi.net ka ka pyetur psikologun, Naim Telakun, p\u00ebr lidhshm\u00ebrin\u00eb e mundshme t\u00eb tyre me fen\u00eb.<\/p>\n<p>Se cfar\u00eb thot\u00eb ai ndiqeni videon e plot\u00eb:<\/p>\n<p><iframe loading=\"lazy\" style=\"border: none; overflow: hidden;\" src=\"https:\/\/www.facebook.com\/plugins\/video.php?height=476&amp;href=https%3A%2F%2Fwww.facebook.com%2Flajminetvideosss%2Fvideos%2F131160550048156%2F&amp;show_text=false&amp;width=476&amp;t=0\" width=\"476\" height=\"476\" frameborder=\"0\" scrolling=\"no\" allowfullscreen=\"allowfullscreen\"><\/iframe><\/p>\n","protected":false},"excerpt":{"rendered":"<p>Tri raste t\u00eb vrasjes n\u00ebp\u00ebr lokale n\u00eb vend kan\u00eb ndodhur p\u00ebr m\u00eb pak se nj\u00eb jav\u00eb n\u00eb gushtin e k\u00ebtij viti. Nj\u00ebra ndodhi n\u00eb qend\u00ebr t\u00eb Prishtin\u00ebs, tjetra n\u00eb Klin\u00eb e pasuar nga ajo n\u00eb Sk\u00ebnderaj. Lidhur me k\u00ebto vrasje gazetari i lajmi.net ka ka pyetur psikologun, Naim Telakun, p\u00ebr lidhshm\u00ebrin\u00eb e mundshme t\u00eb tyre [&hellip;]<\/p>\n","protected":false},"author":1,"featured_media":23544,"comment_status":"closed","ping_status":"closed","sticky":false,"template":"","format":"standard","meta":{"_monsterinsights_skip_tracking":false,"_monsterinsights_sitenote_active":false,"_monsterinsights_sitenote_note":"","_monsterinsights_sitenote_category":0,"_uf_show_specific_survey":0,"_uf_disable_surveys":false,"footnotes":""},"categories":[1],"tags":[2287],"yoast_head":"<!-- This site is optimized with the Yoast SEO plugin v21.5 - https:\/\/yoast.com\/wordpress\/plugins\/seo\/ -->\n<title>Feja a ndikon p\u00ebr mir\u00eb apo p\u00ebr t\u00eb keq? Psikologu flet p\u00ebr rastet e fundit n\u00eb lokale<\/title>\n<meta name=\"robots\" content=\"index, follow, max-snippet:-1, max-image-preview:large, max-video-preview:-1\" \/>\n<link rel=\"canonical\" href=\"https:\/\/permbledhja.com\/sq\/feja-a-ndikon-per-mire-apo-per-te-keq-psikologu-flet-per-rastet-e-fundit-ne-lokale\/\" \/>\n<meta property=\"og:locale\" content=\"sq_AL\" \/>\n<meta property=\"og:type\" content=\"article\" \/>\n<meta property=\"og:title\" content=\"Feja a ndikon p\u00ebr mir\u00eb apo p\u00ebr t\u00eb keq? Psikologu flet p\u00ebr rastet e fundit n\u00eb lokale\" \/>\n<meta property=\"og:description\" content=\"Tri raste t\u00eb vrasjes n\u00ebp\u00ebr lokale n\u00eb vend kan\u00eb ndodhur p\u00ebr m\u00eb pak se nj\u00eb jav\u00eb n\u00eb gushtin e k\u00ebtij viti. Nj\u00ebra ndodhi n\u00eb qend\u00ebr t\u00eb Prishtin\u00ebs, tjetra n\u00eb Klin\u00eb e pasuar nga ajo n\u00eb Sk\u00ebnderaj. Lidhur me k\u00ebto vrasje gazetari i lajmi.net ka ka pyetur psikologun, Naim Telakun, p\u00ebr lidhshm\u00ebrin\u00eb e mundshme t\u00eb tyre [&hellip;]\" \/>\n<meta property=\"og:url\" content=\"https:\/\/permbledhja.com\/sq\/feja-a-ndikon-per-mire-apo-per-te-keq-psikologu-flet-per-rastet-e-fundit-ne-lokale\/\" \/>\n<meta property=\"og:site_name\" content=\"Ve\u00e7 artikuj p\u00ebrmbledh\u00ebs\" \/>\n<meta property=\"article:publisher\" content=\"https:\/\/www.facebook.com\/press07\/\" \/>\n<meta property=\"article:author\" content=\"https:\/\/www.facebook.com\/kafexhiu.muharrem\/\" \/>\n<meta property=\"article:published_time\" content=\"2023-08-15T19:32:55+00:00\" \/>\n<meta property=\"og:image\" content=\"https:\/\/permbledhja.com\/wp-content\/uploads\/2023\/08\/31B02672-6646-4AAF-BE8B-A2BF2FEFCA79.jpeg\" \/>\n\t<meta property=\"og:image:width\" content=\"896\" \/>\n\t<meta property=\"og:image:height\" content=\"649\" \/>\n\t<meta property=\"og:image:type\" content=\"image\/jpeg\" \/>\n<meta name=\"author\" content=\"P\u00ebrmbledhja\" \/>\n<meta name=\"twitter:card\" content=\"summary_large_image\" \/>\n<meta name=\"twitter:label1\" content=\"Written by\" \/>\n\t<meta name=\"twitter:data1\" content=\"P\u00ebrmbledhja\" \/>\n\t<meta name=\"twitter:label2\" content=\"Est. reading time\" \/>\n\t<meta name=\"twitter:data2\" content=\"1 minut\u00eb\" \/>\n<script type=\"application\/ld+json\" class=\"yoast-schema-graph\">{\"@context\":\"https:\/\/schema.org\",\"@graph\":[{\"@type\":\"Article\",\"@id\":\"https:\/\/permbledhja.com\/feja-a-ndikon-per-mire-apo-per-te-keq-psikologu-flet-per-rastet-e-fundit-ne-lokale\/#article\",\"isPartOf\":{\"@id\":\"https:\/\/permbledhja.com\/feja-a-ndikon-per-mire-apo-per-te-keq-psikologu-flet-per-rastet-e-fundit-ne-lokale\/\"},\"author\":{\"name\":\"P\u00ebrmbledhja\",\"@id\":\"https:\/\/permbledhja.com\/#\/schema\/person\/0d064377258d3221e50693947b9eb4fe\"},\"headline\":\"Feja a ndikon p\u00ebr mir\u00eb apo p\u00ebr t\u00eb keq? Psikologu flet p\u00ebr rastet e fundit n\u00eb lokale\",\"datePublished\":\"2023-08-15T19:32:55+00:00\",\"dateModified\":\"2023-08-15T19:32:55+00:00\",\"mainEntityOfPage\":{\"@id\":\"https:\/\/permbledhja.com\/feja-a-ndikon-per-mire-apo-per-te-keq-psikologu-flet-per-rastet-e-fundit-ne-lokale\/\"},\"wordCount\":97,\"publisher\":{\"@id\":\"https:\/\/permbledhja.com\/#organization\"},\"keywords\":[\"Psikologu\"],\"articleSection\":[\"Breaking News\"],\"inLanguage\":\"sq\"},{\"@type\":\"WebPage\",\"@id\":\"https:\/\/permbledhja.com\/feja-a-ndikon-per-mire-apo-per-te-keq-psikologu-flet-per-rastet-e-fundit-ne-lokale\/\",\"url\":\"https:\/\/permbledhja.com\/feja-a-ndikon-per-mire-apo-per-te-keq-psikologu-flet-per-rastet-e-fundit-ne-lokale\/\",\"name\":\"Feja a ndikon p\u00ebr mir\u00eb apo p\u00ebr t\u00eb keq? Psikologu flet p\u00ebr rastet e fundit n\u00eb lokale\",\"isPartOf\":{\"@id\":\"https:\/\/permbledhja.com\/#website\"},\"datePublished\":\"2023-08-15T19:32:55+00:00\",\"dateModified\":\"2023-08-15T19:32:55+00:00\",\"breadcrumb\":{\"@id\":\"https:\/\/permbledhja.com\/feja-a-ndikon-per-mire-apo-per-te-keq-psikologu-flet-per-rastet-e-fundit-ne-lokale\/#breadcrumb\"},\"inLanguage\":\"sq\",\"potentialAction\":[{\"@type\":\"ReadAction\",\"target\":[\"https:\/\/permbledhja.com\/feja-a-ndikon-per-mire-apo-per-te-keq-psikologu-flet-per-rastet-e-fundit-ne-lokale\/\"]}]},{\"@type\":\"BreadcrumbList\",\"@id\":\"https:\/\/permbledhja.com\/feja-a-ndikon-per-mire-apo-per-te-keq-psikologu-flet-per-rastet-e-fundit-ne-lokale\/#breadcrumb\",\"itemListElement\":[{\"@type\":\"ListItem\",\"position\":1,\"name\":\"Ballina\",\"item\":\"https:\/\/permbledhja.com\/sq\/\"},{\"@type\":\"ListItem\",\"position\":2,\"name\":\"Feja a ndikon p\u00ebr mir\u00eb apo p\u00ebr t\u00eb keq? Psikologu flet p\u00ebr rastet e fundit n\u00eb lokale\"}]},{\"@type\":\"WebSite\",\"@id\":\"https:\/\/permbledhja.com\/#website\",\"url\":\"https:\/\/permbledhja.com\/\",\"name\":\"Ve\u00e7 artikuj p\u00ebrmbledh\u00ebs\",\"description\":\"\",\"publisher\":{\"@id\":\"https:\/\/permbledhja.com\/#organization\"},\"potentialAction\":[{\"@type\":\"SearchAction\",\"target\":{\"@type\":\"EntryPoint\",\"urlTemplate\":\"https:\/\/permbledhja.com\/?s={search_term_string}\"},\"query-input\":\"required name=search_term_string\"}],\"inLanguage\":\"sq\"},{\"@type\":\"Organization\",\"@id\":\"https:\/\/permbledhja.com\/#organization\",\"name\":\"MK Media & Pr\",\"url\":\"https:\/\/permbledhja.com\/\",\"logo\":{\"@type\":\"ImageObject\",\"inLanguage\":\"sq\",\"@id\":\"https:\/\/permbledhja.com\/#\/schema\/logo\/image\/\",\"url\":\"https:\/\/permbledhja.com\/wp-content\/uploads\/2021\/12\/07-Press-Logo.jpg\",\"contentUrl\":\"https:\/\/permbledhja.com\/wp-content\/uploads\/2021\/12\/07-Press-Logo.jpg\",\"width\":512,\"height\":512,\"caption\":\"MK Media & Pr\"},\"image\":{\"@id\":\"https:\/\/permbledhja.com\/#\/schema\/logo\/image\/\"},\"sameAs\":[\"https:\/\/www.facebook.com\/press07\/\"]},{\"@type\":\"Person\",\"@id\":\"https:\/\/permbledhja.com\/#\/schema\/person\/0d064377258d3221e50693947b9eb4fe\",\"name\":\"P\u00ebrmbledhja\",\"image\":{\"@type\":\"ImageObject\",\"inLanguage\":\"sq\",\"@id\":\"https:\/\/permbledhja.com\/#\/schema\/person\/image\/\",\"url\":\"https:\/\/permbledhja.com\/wp-content\/uploads\/2026\/01\/452004717_1040944174702970_8932037511805513407_n-96x96.jpg\",\"contentUrl\":\"https:\/\/permbledhja.com\/wp-content\/uploads\/2026\/01\/452004717_1040944174702970_8932037511805513407_n-96x96.jpg\",\"caption\":\"P\u00ebrmbledhja\"},\"sameAs\":[\"https:\/\/www.facebook.com\/kafexhiu.muharrem\/\",\"https:\/\/www.instagram.com\/muharrem_kafexhiu\/\"],\"url\":\"https:\/\/permbledhja.com\/sq\/author\/admin\/\"}]}<\/script>\n<!-- \/ Yoast SEO plugin. -->","yoast_head_json":{"title":"Feja a ndikon p\u00ebr mir\u00eb apo p\u00ebr t\u00eb keq? Psikologu flet p\u00ebr rastet e fundit n\u00eb lokale","robots":{"index":"index","follow":"follow","max-snippet":"max-snippet:-1","max-image-preview":"max-image-preview:large","max-video-preview":"max-video-preview:-1"},"canonical":"https:\/\/permbledhja.com\/sq\/feja-a-ndikon-per-mire-apo-per-te-keq-psikologu-flet-per-rastet-e-fundit-ne-lokale\/","og_locale":"sq_AL","og_type":"article","og_title":"Feja a ndikon p\u00ebr mir\u00eb apo p\u00ebr t\u00eb keq? Psikologu flet p\u00ebr rastet e fundit n\u00eb lokale","og_description":"Tri raste t\u00eb vrasjes n\u00ebp\u00ebr lokale n\u00eb vend kan\u00eb ndodhur p\u00ebr m\u00eb pak se nj\u00eb jav\u00eb n\u00eb gushtin e k\u00ebtij viti. Nj\u00ebra ndodhi n\u00eb qend\u00ebr t\u00eb Prishtin\u00ebs, tjetra n\u00eb Klin\u00eb e pasuar nga ajo n\u00eb Sk\u00ebnderaj. Lidhur me k\u00ebto vrasje gazetari i lajmi.net ka ka pyetur psikologun, Naim Telakun, p\u00ebr lidhshm\u00ebrin\u00eb e mundshme t\u00eb tyre [&hellip;]","og_url":"https:\/\/permbledhja.com\/sq\/feja-a-ndikon-per-mire-apo-per-te-keq-psikologu-flet-per-rastet-e-fundit-ne-lokale\/","og_site_name":"Ve\u00e7 artikuj p\u00ebrmbledh\u00ebs","article_publisher":"https:\/\/www.facebook.com\/press07\/","article_author":"https:\/\/www.facebook.com\/kafexhiu.muharrem\/","article_published_time":"2023-08-15T19:32:55+00:00","og_image":[{"width":896,"height":649,"url":"https:\/\/permbledhja.com\/wp-content\/uploads\/2023\/08\/31B02672-6646-4AAF-BE8B-A2BF2FEFCA79.jpeg","type":"image\/jpeg"}],"author":"P\u00ebrmbledhja","twitter_card":"summary_large_image","twitter_misc":{"Written by":"P\u00ebrmbledhja","Est. reading time":"1 minut\u00eb"},"schema":{"@context":"https:\/\/schema.org","@graph":[{"@type":"Article","@id":"https:\/\/permbledhja.com\/feja-a-ndikon-per-mire-apo-per-te-keq-psikologu-flet-per-rastet-e-fundit-ne-lokale\/#article","isPartOf":{"@id":"https:\/\/permbledhja.com\/feja-a-ndikon-per-mire-apo-per-te-keq-psikologu-flet-per-rastet-e-fundit-ne-lokale\/"},"author":{"name":"P\u00ebrmbledhja","@id":"https:\/\/permbledhja.com\/#\/schema\/person\/0d064377258d3221e50693947b9eb4fe"},"headline":"Feja a ndikon p\u00ebr mir\u00eb apo p\u00ebr t\u00eb keq? Psikologu flet p\u00ebr rastet e fundit n\u00eb lokale","datePublished":"2023-08-15T19:32:55+00:00","dateModified":"2023-08-15T19:32:55+00:00","mainEntityOfPage":{"@id":"https:\/\/permbledhja.com\/feja-a-ndikon-per-mire-apo-per-te-keq-psikologu-flet-per-rastet-e-fundit-ne-lokale\/"},"wordCount":97,"publisher":{"@id":"https:\/\/permbledhja.com\/#organization"},"keywords":["Psikologu"],"articleSection":["Breaking News"],"inLanguage":"sq"},{"@type":"WebPage","@id":"https:\/\/permbledhja.com\/feja-a-ndikon-per-mire-apo-per-te-keq-psikologu-flet-per-rastet-e-fundit-ne-lokale\/","url":"https:\/\/permbledhja.com\/feja-a-ndikon-per-mire-apo-per-te-keq-psikologu-flet-per-rastet-e-fundit-ne-lokale\/","name":"Feja a ndikon p\u00ebr mir\u00eb apo p\u00ebr t\u00eb keq? Psikologu flet p\u00ebr rastet e fundit n\u00eb lokale","isPartOf":{"@id":"https:\/\/permbledhja.com\/#website"},"datePublished":"2023-08-15T19:32:55+00:00","dateModified":"2023-08-15T19:32:55+00:00","breadcrumb":{"@id":"https:\/\/permbledhja.com\/feja-a-ndikon-per-mire-apo-per-te-keq-psikologu-flet-per-rastet-e-fundit-ne-lokale\/#breadcrumb"},"inLanguage":"sq","potentialAction":[{"@type":"ReadAction","target":["https:\/\/permbledhja.com\/feja-a-ndikon-per-mire-apo-per-te-keq-psikologu-flet-per-rastet-e-fundit-ne-lokale\/"]}]},{"@type":"BreadcrumbList","@id":"https:\/\/permbledhja.com\/feja-a-ndikon-per-mire-apo-per-te-keq-psikologu-flet-per-rastet-e-fundit-ne-lokale\/#breadcrumb","itemListElement":[{"@type":"ListItem","position":1,"name":"Ballina","item":"https:\/\/permbledhja.com\/sq\/"},{"@type":"ListItem","position":2,"name":"Feja a ndikon p\u00ebr mir\u00eb apo p\u00ebr t\u00eb keq? Psikologu flet p\u00ebr rastet e fundit n\u00eb lokale"}]},{"@type":"WebSite","@id":"https:\/\/permbledhja.com\/#website","url":"https:\/\/permbledhja.com\/","name":"Ve\u00e7 artikuj p\u00ebrmbledh\u00ebs","description":"","publisher":{"@id":"https:\/\/permbledhja.com\/#organization"},"potentialAction":[{"@type":"SearchAction","target":{"@type":"EntryPoint","urlTemplate":"https:\/\/permbledhja.com\/?s={search_term_string}"},"query-input":"required name=search_term_string"}],"inLanguage":"sq"},{"@type":"Organization","@id":"https:\/\/permbledhja.com\/#organization","name":"MK Media & Pr","url":"https:\/\/permbledhja.com\/","logo":{"@type":"ImageObject","inLanguage":"sq","@id":"https:\/\/permbledhja.com\/#\/schema\/logo\/image\/","url":"https:\/\/permbledhja.com\/wp-content\/uploads\/2021\/12\/07-Press-Logo.jpg","contentUrl":"https:\/\/permbledhja.com\/wp-content\/uploads\/2021\/12\/07-Press-Logo.jpg","width":512,"height":512,"caption":"MK Media & Pr"},"image":{"@id":"https:\/\/permbledhja.com\/#\/schema\/logo\/image\/"},"sameAs":["https:\/\/www.facebook.com\/press07\/"]},{"@type":"Person","@id":"https:\/\/permbledhja.com\/#\/schema\/person\/0d064377258d3221e50693947b9eb4fe","name":"P\u00ebrmbledhja","image":{"@type":"ImageObject","inLanguage":"sq","@id":"https:\/\/permbledhja.com\/#\/schema\/person\/image\/","url":"https:\/\/permbledhja.com\/wp-content\/uploads\/2026\/01\/452004717_1040944174702970_8932037511805513407_n-96x96.jpg","contentUrl":"https:\/\/permbledhja.com\/wp-content\/uploads\/2026\/01\/452004717_1040944174702970_8932037511805513407_n-96x96.jpg","caption":"P\u00ebrmbledhja"},"sameAs":["https:\/\/www.facebook.com\/kafexhiu.muharrem\/","https:\/\/www.instagram.com\/muharrem_kafexhiu\/"],"url":"https:\/\/permbledhja.com\/sq\/author\/admin\/"}]}},"_links":{"self":[{"href":"https:\/\/permbledhja.com\/sq\/wp-json\/wp\/v2\/posts\/23542"}],"collection":[{"href":"https:\/\/permbledhja.com\/sq\/wp-json\/wp\/v2\/posts"}],"about":[{"href":"https:\/\/permbledhja.com\/sq\/wp-json\/wp\/v2\/types\/post"}],"author":[{"embeddable":true,"href":"https:\/\/permbledhja.com\/sq\/wp-json\/wp\/v2\/users\/1"}],"replies":[{"embeddable":true,"href":"https:\/\/permbledhja.com\/sq\/wp-json\/wp\/v2\/comments?post=23542"}],"version-history":[{"count":2,"href":"https:\/\/permbledhja.com\/sq\/wp-json\/wp\/v2\/posts\/23542\/revisions"}],"predecessor-version":[{"id":23545,"href":"https:\/\/permbledhja.com\/sq\/wp-json\/wp\/v2\/posts\/23542\/revisions\/23545"}],"wp:featuredmedia":[{"embeddable":true,"href":"https:\/\/permbledhja.com\/sq\/wp-json\/wp\/v2\/media\/23544"}],"wp:attachment":[{"href":"https:\/\/permbledhja.com\/sq\/wp-json\/wp\/v2\/media?parent=23542"}],"wp:term":[{"taxonomy":"category","embeddable":true,"href":"https:\/\/permbledhja.com\/sq\/wp-json\/wp\/v2\/categories?post=23542"},{"taxonomy":"post_tag","embeddable":true,"href":"https:\/\/permbledhja.com\/sq\/wp-json\/wp\/v2\/tags?post=23542"}],"curies":[{"name":"wp","href":"https:\/\/api.w.org\/{rel}","templated":true}]}}