{"id":23539,"date":"2023-08-15T19:23:58","date_gmt":"2023-08-15T19:23:58","guid":{"rendered":"https:\/\/permbledhja.com\/?p=23539"},"modified":"2023-08-15T19:23:58","modified_gmt":"2023-08-15T19:23:58","slug":"kajtazi-rruga-e-re-prizren-tetove-do-ta-lehtesoje-shume-transportin-e-droges","status":"publish","type":"post","link":"https:\/\/permbledhja.com\/sq\/kajtazi-rruga-e-re-prizren-tetove-do-ta-lehtesoje-shume-transportin-e-droges\/","title":{"rendered":"Kajtazi: Rruga e re Prizren-Tetov\u00eb do ta leht\u00ebsoj\u00eb shum\u00eb transportin e drog\u00ebs"},"content":{"rendered":"<h3>Analisti Vehbi Kajtazi ka vazhduar val\u00ebn e reagimeve, ironive e shakave t\u00eb shumta pas arrestimit t\u00eb Besnik Mujeci, asamblist i VV-s\u00eb, n\u00eb Shqip\u00ebri si i dyshuar p\u00ebr trafikim t\u00eb drog\u00ebs.<\/h3>\n<p>Ai ka shkruar n\u00eb Facebook se rruga e re Prizren-Tetov\u00eb &#8211; p\u00ebr t\u00eb cil\u00ebn projekt kryeministri Kurti ka shpalosur detaje dit\u00eb m\u00eb par\u00eb \u2013 do \u201cta leht\u00ebsoj\u00eb shum\u00eb transportin e drog\u00ebs\u201d.<\/p>\n<p>Kujtojm\u00eb se arrestimi p\u00ebr drog\u00eb i Besnik Mujecit, asamblistit t\u00eb VV-s\u00eb n\u00eb Prishtin\u00eb, ka nxitur reagime t\u00eb ashpra n\u00eb vend. Partit\u00eb opozitare kan\u00eb k\u00ebrkuar nga organet e drejt\u00ebsis\u00eb t\u00eb hetohet m\u00eb gjer\u00ebsisht ky rast, duke pretenduar se b\u00ebhet fjal\u00eb p\u00ebr nj\u00eb rrjet kriminal.<\/p>\n<p><img loading=\"lazy\" decoding=\"async\" class=\"alignnone size-full wp-image-23540\" src=\"https:\/\/permbledhja.com\/wp-content\/uploads\/2023\/08\/6FE33B8C-C8C6-4B24-8241-FAAAE557E1D5.jpeg\" alt=\"\" width=\"1284\" height=\"766\" srcset=\"https:\/\/permbledhja.com\/wp-content\/uploads\/2023\/08\/6FE33B8C-C8C6-4B24-8241-FAAAE557E1D5.jpeg 1284w, https:\/\/permbledhja.com\/wp-content\/uploads\/2023\/08\/6FE33B8C-C8C6-4B24-8241-FAAAE557E1D5-300x179.jpeg 300w, https:\/\/permbledhja.com\/wp-content\/uploads\/2023\/08\/6FE33B8C-C8C6-4B24-8241-FAAAE557E1D5-1024x611.jpeg 1024w, https:\/\/permbledhja.com\/wp-content\/uploads\/2023\/08\/6FE33B8C-C8C6-4B24-8241-FAAAE557E1D5-768x458.jpeg 768w, https:\/\/permbledhja.com\/wp-content\/uploads\/2023\/08\/6FE33B8C-C8C6-4B24-8241-FAAAE557E1D5-18x12.jpeg 18w\" sizes=\"(max-width: 1284px) 100vw, 1284px\" \/><\/p>\n","protected":false},"excerpt":{"rendered":"<p>Analisti Vehbi Kajtazi ka vazhduar val\u00ebn e reagimeve, ironive e shakave t\u00eb shumta pas arrestimit t\u00eb Besnik Mujeci, asamblist i VV-s\u00eb, n\u00eb Shqip\u00ebri si i dyshuar p\u00ebr trafikim t\u00eb drog\u00ebs. Ai ka shkruar n\u00eb Facebook se rruga e re Prizren-Tetov\u00eb &#8211; p\u00ebr t\u00eb cil\u00ebn projekt kryeministri Kurti ka shpalosur detaje dit\u00eb m\u00eb par\u00eb \u2013 do [&hellip;]<\/p>\n","protected":false},"author":1,"featured_media":11493,"comment_status":"closed","ping_status":"closed","sticky":false,"template":"","format":"standard","meta":{"_monsterinsights_skip_tracking":false,"_monsterinsights_sitenote_active":false,"_monsterinsights_sitenote_note":"","_monsterinsights_sitenote_category":0,"_uf_show_specific_survey":0,"_uf_disable_surveys":false,"footnotes":""},"categories":[23,15],"tags":[1338],"yoast_head":"<!-- This site is optimized with the Yoast SEO plugin v21.5 - https:\/\/yoast.com\/wordpress\/plugins\/seo\/ -->\n<title>Kajtazi: Rruga e re Prizren-Tetov\u00eb do ta leht\u00ebsoj\u00eb shum\u00eb transportin e drog\u00ebs<\/title>\n<meta name=\"robots\" content=\"index, follow, max-snippet:-1, max-image-preview:large, max-video-preview:-1\" \/>\n<link rel=\"canonical\" href=\"https:\/\/permbledhja.com\/sq\/kajtazi-rruga-e-re-prizren-tetove-do-ta-lehtesoje-shume-transportin-e-droges\/\" \/>\n<meta property=\"og:locale\" content=\"sq_AL\" \/>\n<meta property=\"og:type\" content=\"article\" \/>\n<meta property=\"og:title\" content=\"Kajtazi: Rruga e re Prizren-Tetov\u00eb do ta leht\u00ebsoj\u00eb shum\u00eb transportin e drog\u00ebs\" \/>\n<meta property=\"og:description\" content=\"Analisti Vehbi Kajtazi ka vazhduar val\u00ebn e reagimeve, ironive e shakave t\u00eb shumta pas arrestimit t\u00eb Besnik Mujeci, asamblist i VV-s\u00eb, n\u00eb Shqip\u00ebri si i dyshuar p\u00ebr trafikim t\u00eb drog\u00ebs. Ai ka shkruar n\u00eb Facebook se rruga e re Prizren-Tetov\u00eb &#8211; p\u00ebr t\u00eb cil\u00ebn projekt kryeministri Kurti ka shpalosur detaje dit\u00eb m\u00eb par\u00eb \u2013 do [&hellip;]\" \/>\n<meta property=\"og:url\" content=\"https:\/\/permbledhja.com\/sq\/kajtazi-rruga-e-re-prizren-tetove-do-ta-lehtesoje-shume-transportin-e-droges\/\" \/>\n<meta property=\"og:site_name\" content=\"Ve\u00e7 artikuj p\u00ebrmbledh\u00ebs\" \/>\n<meta property=\"article:publisher\" content=\"https:\/\/www.facebook.com\/press07\/\" \/>\n<meta property=\"article:author\" content=\"https:\/\/www.facebook.com\/kafexhiu.muharrem\/\" \/>\n<meta property=\"article:published_time\" content=\"2023-08-15T19:23:58+00:00\" \/>\n<meta property=\"og:image\" content=\"https:\/\/permbledhja.com\/wp-content\/uploads\/2023\/01\/Vehbi-Kajtazi.png\" \/>\n\t<meta property=\"og:image:width\" content=\"800\" \/>\n\t<meta property=\"og:image:height\" content=\"450\" \/>\n\t<meta property=\"og:image:type\" content=\"image\/png\" \/>\n<meta name=\"author\" content=\"P\u00ebrmbledhja\" \/>\n<meta name=\"twitter:card\" content=\"summary_large_image\" \/>\n<meta name=\"twitter:label1\" content=\"Written by\" \/>\n\t<meta name=\"twitter:data1\" content=\"P\u00ebrmbledhja\" \/>\n\t<meta name=\"twitter:label2\" content=\"Est. reading time\" \/>\n\t<meta name=\"twitter:data2\" content=\"1 minut\u00eb\" \/>\n<script type=\"application\/ld+json\" class=\"yoast-schema-graph\">{\"@context\":\"https:\/\/schema.org\",\"@graph\":[{\"@type\":\"Article\",\"@id\":\"https:\/\/permbledhja.com\/sq\/kajtazi-rruga-e-re-prizren-tetove-do-ta-lehtesoje-shume-transportin-e-droges\/#article\",\"isPartOf\":{\"@id\":\"https:\/\/permbledhja.com\/sq\/kajtazi-rruga-e-re-prizren-tetove-do-ta-lehtesoje-shume-transportin-e-droges\/\"},\"author\":{\"name\":\"P\u00ebrmbledhja\",\"@id\":\"https:\/\/permbledhja.com\/#\/schema\/person\/0d064377258d3221e50693947b9eb4fe\"},\"headline\":\"Kajtazi: Rruga e re Prizren-Tetov\u00eb do ta leht\u00ebsoj\u00eb shum\u00eb transportin e drog\u00ebs\",\"datePublished\":\"2023-08-15T19:23:58+00:00\",\"dateModified\":\"2023-08-15T19:23:58+00:00\",\"mainEntityOfPage\":{\"@id\":\"https:\/\/permbledhja.com\/sq\/kajtazi-rruga-e-re-prizren-tetove-do-ta-lehtesoje-shume-transportin-e-droges\/\"},\"wordCount\":131,\"publisher\":{\"@id\":\"https:\/\/permbledhja.com\/#organization\"},\"keywords\":[\"Vehbi Kajtazi\"],\"articleSection\":[\"Komb\u00ebtare\",\"Lajme\"],\"inLanguage\":\"sq\"},{\"@type\":\"WebPage\",\"@id\":\"https:\/\/permbledhja.com\/sq\/kajtazi-rruga-e-re-prizren-tetove-do-ta-lehtesoje-shume-transportin-e-droges\/\",\"url\":\"https:\/\/permbledhja.com\/sq\/kajtazi-rruga-e-re-prizren-tetove-do-ta-lehtesoje-shume-transportin-e-droges\/\",\"name\":\"Kajtazi: Rruga e re Prizren-Tetov\u00eb do ta leht\u00ebsoj\u00eb shum\u00eb transportin e drog\u00ebs\",\"isPartOf\":{\"@id\":\"https:\/\/permbledhja.com\/#website\"},\"datePublished\":\"2023-08-15T19:23:58+00:00\",\"dateModified\":\"2023-08-15T19:23:58+00:00\",\"breadcrumb\":{\"@id\":\"https:\/\/permbledhja.com\/sq\/kajtazi-rruga-e-re-prizren-tetove-do-ta-lehtesoje-shume-transportin-e-droges\/#breadcrumb\"},\"inLanguage\":\"sq\",\"potentialAction\":[{\"@type\":\"ReadAction\",\"target\":[\"https:\/\/permbledhja.com\/sq\/kajtazi-rruga-e-re-prizren-tetove-do-ta-lehtesoje-shume-transportin-e-droges\/\"]}]},{\"@type\":\"BreadcrumbList\",\"@id\":\"https:\/\/permbledhja.com\/sq\/kajtazi-rruga-e-re-prizren-tetove-do-ta-lehtesoje-shume-transportin-e-droges\/#breadcrumb\",\"itemListElement\":[{\"@type\":\"ListItem\",\"position\":1,\"name\":\"Ballina\",\"item\":\"https:\/\/permbledhja.com\/sq\/\"},{\"@type\":\"ListItem\",\"position\":2,\"name\":\"Kajtazi: Rruga e re Prizren-Tetov\u00eb do ta leht\u00ebsoj\u00eb shum\u00eb transportin e drog\u00ebs\"}]},{\"@type\":\"WebSite\",\"@id\":\"https:\/\/permbledhja.com\/#website\",\"url\":\"https:\/\/permbledhja.com\/\",\"name\":\"Ve\u00e7 artikuj p\u00ebrmbledh\u00ebs\",\"description\":\"\",\"publisher\":{\"@id\":\"https:\/\/permbledhja.com\/#organization\"},\"potentialAction\":[{\"@type\":\"SearchAction\",\"target\":{\"@type\":\"EntryPoint\",\"urlTemplate\":\"https:\/\/permbledhja.com\/?s={search_term_string}\"},\"query-input\":\"required name=search_term_string\"}],\"inLanguage\":\"sq\"},{\"@type\":\"Organization\",\"@id\":\"https:\/\/permbledhja.com\/#organization\",\"name\":\"MK Media & Pr\",\"url\":\"https:\/\/permbledhja.com\/\",\"logo\":{\"@type\":\"ImageObject\",\"inLanguage\":\"sq\",\"@id\":\"https:\/\/permbledhja.com\/#\/schema\/logo\/image\/\",\"url\":\"https:\/\/permbledhja.com\/wp-content\/uploads\/2021\/12\/07-Press-Logo.jpg\",\"contentUrl\":\"https:\/\/permbledhja.com\/wp-content\/uploads\/2021\/12\/07-Press-Logo.jpg\",\"width\":512,\"height\":512,\"caption\":\"MK Media & Pr\"},\"image\":{\"@id\":\"https:\/\/permbledhja.com\/#\/schema\/logo\/image\/\"},\"sameAs\":[\"https:\/\/www.facebook.com\/press07\/\"]},{\"@type\":\"Person\",\"@id\":\"https:\/\/permbledhja.com\/#\/schema\/person\/0d064377258d3221e50693947b9eb4fe\",\"name\":\"P\u00ebrmbledhja\",\"image\":{\"@type\":\"ImageObject\",\"inLanguage\":\"sq\",\"@id\":\"https:\/\/permbledhja.com\/#\/schema\/person\/image\/\",\"url\":\"https:\/\/permbledhja.com\/wp-content\/uploads\/2026\/01\/452004717_1040944174702970_8932037511805513407_n-96x96.jpg\",\"contentUrl\":\"https:\/\/permbledhja.com\/wp-content\/uploads\/2026\/01\/452004717_1040944174702970_8932037511805513407_n-96x96.jpg\",\"caption\":\"P\u00ebrmbledhja\"},\"sameAs\":[\"https:\/\/www.facebook.com\/kafexhiu.muharrem\/\",\"https:\/\/www.instagram.com\/muharrem_kafexhiu\/\"],\"url\":\"https:\/\/permbledhja.com\/sq\/author\/admin\/\"}]}<\/script>\n<!-- \/ Yoast SEO plugin. -->","yoast_head_json":{"title":"Kajtazi: Rruga e re Prizren-Tetov\u00eb do ta leht\u00ebsoj\u00eb shum\u00eb transportin e drog\u00ebs","robots":{"index":"index","follow":"follow","max-snippet":"max-snippet:-1","max-image-preview":"max-image-preview:large","max-video-preview":"max-video-preview:-1"},"canonical":"https:\/\/permbledhja.com\/sq\/kajtazi-rruga-e-re-prizren-tetove-do-ta-lehtesoje-shume-transportin-e-droges\/","og_locale":"sq_AL","og_type":"article","og_title":"Kajtazi: Rruga e re Prizren-Tetov\u00eb do ta leht\u00ebsoj\u00eb shum\u00eb transportin e drog\u00ebs","og_description":"Analisti Vehbi Kajtazi ka vazhduar val\u00ebn e reagimeve, ironive e shakave t\u00eb shumta pas arrestimit t\u00eb Besnik Mujeci, asamblist i VV-s\u00eb, n\u00eb Shqip\u00ebri si i dyshuar p\u00ebr trafikim t\u00eb drog\u00ebs. Ai ka shkruar n\u00eb Facebook se rruga e re Prizren-Tetov\u00eb &#8211; p\u00ebr t\u00eb cil\u00ebn projekt kryeministri Kurti ka shpalosur detaje dit\u00eb m\u00eb par\u00eb \u2013 do [&hellip;]","og_url":"https:\/\/permbledhja.com\/sq\/kajtazi-rruga-e-re-prizren-tetove-do-ta-lehtesoje-shume-transportin-e-droges\/","og_site_name":"Ve\u00e7 artikuj p\u00ebrmbledh\u00ebs","article_publisher":"https:\/\/www.facebook.com\/press07\/","article_author":"https:\/\/www.facebook.com\/kafexhiu.muharrem\/","article_published_time":"2023-08-15T19:23:58+00:00","og_image":[{"width":800,"height":450,"url":"https:\/\/permbledhja.com\/wp-content\/uploads\/2023\/01\/Vehbi-Kajtazi.png","type":"image\/png"}],"author":"P\u00ebrmbledhja","twitter_card":"summary_large_image","twitter_misc":{"Written by":"P\u00ebrmbledhja","Est. reading time":"1 minut\u00eb"},"schema":{"@context":"https:\/\/schema.org","@graph":[{"@type":"Article","@id":"https:\/\/permbledhja.com\/sq\/kajtazi-rruga-e-re-prizren-tetove-do-ta-lehtesoje-shume-transportin-e-droges\/#article","isPartOf":{"@id":"https:\/\/permbledhja.com\/sq\/kajtazi-rruga-e-re-prizren-tetove-do-ta-lehtesoje-shume-transportin-e-droges\/"},"author":{"name":"P\u00ebrmbledhja","@id":"https:\/\/permbledhja.com\/#\/schema\/person\/0d064377258d3221e50693947b9eb4fe"},"headline":"Kajtazi: Rruga e re Prizren-Tetov\u00eb do ta leht\u00ebsoj\u00eb shum\u00eb transportin e drog\u00ebs","datePublished":"2023-08-15T19:23:58+00:00","dateModified":"2023-08-15T19:23:58+00:00","mainEntityOfPage":{"@id":"https:\/\/permbledhja.com\/sq\/kajtazi-rruga-e-re-prizren-tetove-do-ta-lehtesoje-shume-transportin-e-droges\/"},"wordCount":131,"publisher":{"@id":"https:\/\/permbledhja.com\/#organization"},"keywords":["Vehbi Kajtazi"],"articleSection":["Komb\u00ebtare","Lajme"],"inLanguage":"sq"},{"@type":"WebPage","@id":"https:\/\/permbledhja.com\/sq\/kajtazi-rruga-e-re-prizren-tetove-do-ta-lehtesoje-shume-transportin-e-droges\/","url":"https:\/\/permbledhja.com\/sq\/kajtazi-rruga-e-re-prizren-tetove-do-ta-lehtesoje-shume-transportin-e-droges\/","name":"Kajtazi: Rruga e re Prizren-Tetov\u00eb do ta leht\u00ebsoj\u00eb shum\u00eb transportin e drog\u00ebs","isPartOf":{"@id":"https:\/\/permbledhja.com\/#website"},"datePublished":"2023-08-15T19:23:58+00:00","dateModified":"2023-08-15T19:23:58+00:00","breadcrumb":{"@id":"https:\/\/permbledhja.com\/sq\/kajtazi-rruga-e-re-prizren-tetove-do-ta-lehtesoje-shume-transportin-e-droges\/#breadcrumb"},"inLanguage":"sq","potentialAction":[{"@type":"ReadAction","target":["https:\/\/permbledhja.com\/sq\/kajtazi-rruga-e-re-prizren-tetove-do-ta-lehtesoje-shume-transportin-e-droges\/"]}]},{"@type":"BreadcrumbList","@id":"https:\/\/permbledhja.com\/sq\/kajtazi-rruga-e-re-prizren-tetove-do-ta-lehtesoje-shume-transportin-e-droges\/#breadcrumb","itemListElement":[{"@type":"ListItem","position":1,"name":"Ballina","item":"https:\/\/permbledhja.com\/sq\/"},{"@type":"ListItem","position":2,"name":"Kajtazi: Rruga e re Prizren-Tetov\u00eb do ta leht\u00ebsoj\u00eb shum\u00eb transportin e drog\u00ebs"}]},{"@type":"WebSite","@id":"https:\/\/permbledhja.com\/#website","url":"https:\/\/permbledhja.com\/","name":"Ve\u00e7 artikuj p\u00ebrmbledh\u00ebs","description":"","publisher":{"@id":"https:\/\/permbledhja.com\/#organization"},"potentialAction":[{"@type":"SearchAction","target":{"@type":"EntryPoint","urlTemplate":"https:\/\/permbledhja.com\/?s={search_term_string}"},"query-input":"required name=search_term_string"}],"inLanguage":"sq"},{"@type":"Organization","@id":"https:\/\/permbledhja.com\/#organization","name":"MK Media & Pr","url":"https:\/\/permbledhja.com\/","logo":{"@type":"ImageObject","inLanguage":"sq","@id":"https:\/\/permbledhja.com\/#\/schema\/logo\/image\/","url":"https:\/\/permbledhja.com\/wp-content\/uploads\/2021\/12\/07-Press-Logo.jpg","contentUrl":"https:\/\/permbledhja.com\/wp-content\/uploads\/2021\/12\/07-Press-Logo.jpg","width":512,"height":512,"caption":"MK Media & Pr"},"image":{"@id":"https:\/\/permbledhja.com\/#\/schema\/logo\/image\/"},"sameAs":["https:\/\/www.facebook.com\/press07\/"]},{"@type":"Person","@id":"https:\/\/permbledhja.com\/#\/schema\/person\/0d064377258d3221e50693947b9eb4fe","name":"P\u00ebrmbledhja","image":{"@type":"ImageObject","inLanguage":"sq","@id":"https:\/\/permbledhja.com\/#\/schema\/person\/image\/","url":"https:\/\/permbledhja.com\/wp-content\/uploads\/2026\/01\/452004717_1040944174702970_8932037511805513407_n-96x96.jpg","contentUrl":"https:\/\/permbledhja.com\/wp-content\/uploads\/2026\/01\/452004717_1040944174702970_8932037511805513407_n-96x96.jpg","caption":"P\u00ebrmbledhja"},"sameAs":["https:\/\/www.facebook.com\/kafexhiu.muharrem\/","https:\/\/www.instagram.com\/muharrem_kafexhiu\/"],"url":"https:\/\/permbledhja.com\/sq\/author\/admin\/"}]}},"_links":{"self":[{"href":"https:\/\/permbledhja.com\/sq\/wp-json\/wp\/v2\/posts\/23539"}],"collection":[{"href":"https:\/\/permbledhja.com\/sq\/wp-json\/wp\/v2\/posts"}],"about":[{"href":"https:\/\/permbledhja.com\/sq\/wp-json\/wp\/v2\/types\/post"}],"author":[{"embeddable":true,"href":"https:\/\/permbledhja.com\/sq\/wp-json\/wp\/v2\/users\/1"}],"replies":[{"embeddable":true,"href":"https:\/\/permbledhja.com\/sq\/wp-json\/wp\/v2\/comments?post=23539"}],"version-history":[{"count":1,"href":"https:\/\/permbledhja.com\/sq\/wp-json\/wp\/v2\/posts\/23539\/revisions"}],"predecessor-version":[{"id":23541,"href":"https:\/\/permbledhja.com\/sq\/wp-json\/wp\/v2\/posts\/23539\/revisions\/23541"}],"wp:featuredmedia":[{"embeddable":true,"href":"https:\/\/permbledhja.com\/sq\/wp-json\/wp\/v2\/media\/11493"}],"wp:attachment":[{"href":"https:\/\/permbledhja.com\/sq\/wp-json\/wp\/v2\/media?parent=23539"}],"wp:term":[{"taxonomy":"category","embeddable":true,"href":"https:\/\/permbledhja.com\/sq\/wp-json\/wp\/v2\/categories?post=23539"},{"taxonomy":"post_tag","embeddable":true,"href":"https:\/\/permbledhja.com\/sq\/wp-json\/wp\/v2\/tags?post=23539"}],"curies":[{"name":"wp","href":"https:\/\/api.w.org\/{rel}","templated":true}]}}