{"id":23359,"date":"2023-08-14T15:31:40","date_gmt":"2023-08-14T15:31:40","guid":{"rendered":"https:\/\/permbledhja.com\/?p=23359"},"modified":"2023-08-14T15:31:40","modified_gmt":"2023-08-14T15:31:40","slug":"pakenaqesia-me-pagat-neser-protestohet-ne-policine-e-kosoves","status":"publish","type":"post","link":"https:\/\/permbledhja.com\/sq\/pakenaqesia-me-pagat-neser-protestohet-ne-policine-e-kosoves\/","title":{"rendered":"Pak\u00ebnaq\u00ebsia me pagat, nes\u00ebr protestohet n\u00eb Policin\u00eb e Kosov\u00ebs"},"content":{"rendered":"<h3>Nes\u00ebr n\u00eb Policin\u00eb e Kosov\u00ebs do t\u00eb protestojn\u00eb Flota Operative dhe pun\u00ebtor\u00ebt e Departamentit Mb\u00ebshtet\u00ebs Operativ p\u00ebr t\u00eb shprehur pak\u00ebnaq\u00ebsit\u00eb p\u00ebr pagat, p\u00ebrkat\u00ebsisht p\u00ebr mosrregullimin e vler\u00ebs s\u00eb koeficient\u00ebve sipas pozitave t\u00eb tyre.<\/h3>\n<p>K\u00ebshtu b\u00ebri t\u00eb ditur p\u00ebr KosovaPress kryetari i Sindikat\u00ebs s\u00eb Policis\u00eb s\u00eb Kosov\u00ebs, Imer Zeqiri i cili theksoi se kjo protest\u00eb do t\u00eb ndikoj\u00eb edhe n\u00eb pun\u00ebn e Policis\u00eb s\u00eb Kosov\u00ebs, sipas t\u00eb cilit nuk mund t\u00eb funksionojn\u00eb pa k\u00ebto dy grupe.<\/p>\n<p>Kryetari n\u00eb k\u00ebt\u00eb sindikat\u00eb, Zeqiri tha se Ministria e Pun\u00ebve t\u00eb Brendshme ka tre muaj kur ka premtuar se do t\u00eb rregulloj\u00eb vler\u00ebn e koeficientit p\u00ebr t\u00eb nj\u00ebjtit pun\u00ebtor\u00eb, mir\u00ebpo ende nuk ka reagim nga MPB-ja.<\/p>\n<p>Ai thot\u00eb se p\u00ebr k\u00ebt\u00eb \u00e7\u00ebshtje ka d\u00ebrguar shkres\u00eb p\u00ebr takim sot edhe tek Ministri i Pun\u00ebve t\u00eb Brendshme, Xhelal Sve\u00e7la, por ende nuk ka marr\u00eb ndonj\u00eb p\u00ebrgjigje.<\/p>\n<p><em>\u201cSi informacion p\u00ebr juve pak m\u00eb i ri, kam informacione nga dy grupe t\u00eb zyrtareve t\u00eb stafit civil nga flota operative, pjesa e mjesht\u00ebrive q\u00eb na i servisojn\u00eb veturat dhe nga pun\u00ebtor\u00ebt e Departamentit mb\u00ebshtet\u00ebs operativ&#8230; Kam marr si paralajm\u00ebrim se do t\u00eb protestojn\u00eb rreth pak\u00ebnaq\u00ebsive p\u00ebr pagave. Arsyeja \u00ebsht\u00eb se nga Ministria e Pun\u00ebve t\u00eb Brendshme ka premtuar para tre muajve se do t\u00eb rregullojn\u00eb vler\u00ebn e koeficienteve sipas pozitive q\u00eb kan\u00eb, ku n\u00eb k\u00ebt\u00eb grup jan\u00eb, automekanik, autolimar, kemi murator, uj\u00eb instalues, elektricist e shum\u00eb kategori t\u00eb mjeshtreve, ku me ligjin e ri t\u00eb pagave jan\u00eb diskriminuar shum\u00eb. P\u00ebr k\u00ebt\u00eb kam adresuar k\u00ebrkese tek Ministri i Pun\u00ebve t\u00eb Brendshme q\u00eb t\u00eb takohemi edhe me pun\u00ebtor\u00ebt\u201d<\/em>, thot\u00eb Zeqiri.<\/p>\n<p>Zeqiri tha se numri i k\u00ebtyre pun\u00ebtor\u00ebve q\u00eb do t\u00eb protestojn\u00eb \u00ebsht\u00eb rreth 100.<\/p>\n<p><em>\u201cK\u00ebshtu, informacionet i kan\u00eb s\u00eb paku edhe t\u00eb tjer\u00ebt dhe mb\u00ebshtetjen nga sindikata do t\u00eb ken\u00eb, mir\u00ebpo do t\u00eb jemi shum\u00eb t\u00eb kujdessh\u00ebm q\u00eb t\u00eb na shkoj\u00eb mbar\u00eb&#8230;Flota operative jan\u00eb rreth 60, nd\u00ebrsa k\u00ebta jan\u00eb rreth 40. Pra, t\u00eb dy pal\u00ebt jan\u00eb rreth 100 pun\u00ebtor\u00eb&#8230;Prej ministrit nuk kemi marr\u00eb ende p\u00ebrgjigje\u201d<\/em>, vijon Zeiqri.<\/p>\n<p>Zeiqiri derisa tha se k\u00ebtyre pun\u00ebtor\u00ebve ju ka humbur durimi t\u00eb presin m\u00eb gjat\u00eb, shtoi se kategorit\u00eb e lartp\u00ebrmendura kan\u00eb mbetur n\u00eb kategorin\u00eb e koeficientit t\u00eb nj\u00eb mir\u00ebmbajt\u00ebsi.<\/p>\n<p><em>\u201cK\u00ebta q\u00eb kan\u00eb paralajm\u00ebruar protest\u00eb nuk po presin m\u00eb asnj\u00eb minut\u00eb, po fillojn\u00eb me dhe pa realizuar k\u00ebrkesat e tyre nuk do t\u00eb ndalin protest\u00ebn. Se paku k\u00ebto dy grupe punuese brenda PK-s\u00eb \u00ebsht\u00eb ky q\u00ebndrim vullnetar i tyre, sepse premtimi ka qen\u00eb q\u00eb deri me 1 korrik t\u00eb realizohen k\u00ebrkesat e tyre dhe t\u00eb b\u00ebhet p\u00ebrmir\u00ebsimi rreth vler\u00ebs s\u00eb koeficienteve, klasifikimi i tyre n\u00eb vendin e pun\u00ebs ku punon. \u00cbsht\u00eb ekspert, mjesht\u00ebr, ata kan\u00eb mbet n\u00eb kategorin\u00eb e pun\u00ebtor\u00ebve ndihm\u00ebs, me koeficientin 3.86 q\u00eb \u00ebsht\u00eb edhe nj\u00eb koeficient i nj\u00eb mir\u00ebmbajt\u00ebsi&#8230;Pritet t\u00eb filloj\u00eb nga nes\u00ebr, k\u00ebshtu kam informacionet&#8230;Nuk mund t\u00eb funksionoj\u00eb policia pa k\u00ebto dy grupe, nuk mund t\u2019i kryej\u00eb detyrat e rregullta, sepse n\u00eb rast se duhet t\u00eb kryhet servis i nj\u00eb veture\u201d<\/em>, shton mes tjerash Zeqiri.<\/p>\n<p>Ai n\u00eb fund shtoi se me Ligjin e pun\u00ebs, zyrtar\u00ebt policor\u00eb nuk kan\u00eb t\u00eb drejt\u00eb t\u00eb hyjn\u00eb n\u00eb grev\u00eb.<\/p>\n<p>Ligji p\u00ebr paga, i cili \u00ebsht\u00eb n\u00eb fuqi nga muaji shkurt, kishte p\u00ebrcaktuar vler\u00ebn e koeficientit t\u00eb pag\u00ebs n\u00eb sektorit publik 105 euro.<\/p>\n<p>Megjithat\u00eb, ky ligj \u00ebsht\u00eb n\u00eb Gjykat\u00ebn Kushtetuese t\u00eb cilin m\u00eb 7 prill Avokati i Popullit e ka d\u00ebrguar n\u00eb Kushtetuese.<\/p>\n<p>Lidhur me k\u00ebt\u00eb, Avokati i Popullit kishte pranuar ankesa nga K\u00ebshilli Prokurorial i Kosov\u00ebs, K\u00ebshilli Gjyq\u00ebsor i Kosov\u00ebs, zyrtar\u00eb komunal t\u00eb arsimit, infermier\u00eb, mjek\u00eb, Sindikata e Policis\u00eb s\u00eb Kosov\u00ebs, Komisioni Qendror i Zgjedhjeve dhe institucione e organizata t\u00eb tjera.<\/p>\n","protected":false},"excerpt":{"rendered":"<p>Nes\u00ebr n\u00eb Policin\u00eb e Kosov\u00ebs do t\u00eb protestojn\u00eb Flota Operative dhe pun\u00ebtor\u00ebt e Departamentit Mb\u00ebshtet\u00ebs Operativ p\u00ebr t\u00eb shprehur pak\u00ebnaq\u00ebsit\u00eb p\u00ebr pagat, p\u00ebrkat\u00ebsisht p\u00ebr mosrregullimin e vler\u00ebs s\u00eb koeficient\u00ebve sipas pozitave t\u00eb tyre. K\u00ebshtu b\u00ebri t\u00eb ditur p\u00ebr KosovaPress kryetari i Sindikat\u00ebs s\u00eb Policis\u00eb s\u00eb Kosov\u00ebs, Imer Zeqiri i cili theksoi se kjo protest\u00eb do [&hellip;]<\/p>\n","protected":false},"author":1,"featured_media":4606,"comment_status":"closed","ping_status":"closed","sticky":false,"template":"","format":"standard","meta":{"_monsterinsights_skip_tracking":false,"_monsterinsights_sitenote_active":false,"_monsterinsights_sitenote_note":"","_monsterinsights_sitenote_category":0,"_uf_show_specific_survey":0,"_uf_disable_surveys":false,"footnotes":""},"categories":[23,15],"tags":[102],"yoast_head":"<!-- This site is optimized with the Yoast SEO plugin v21.5 - https:\/\/yoast.com\/wordpress\/plugins\/seo\/ -->\n<title>Pak\u00ebnaq\u00ebsia me pagat, nes\u00ebr protestohet n\u00eb Policin\u00eb e Kosov\u00ebs<\/title>\n<meta name=\"robots\" content=\"index, follow, max-snippet:-1, max-image-preview:large, max-video-preview:-1\" \/>\n<link rel=\"canonical\" href=\"https:\/\/permbledhja.com\/sq\/pakenaqesia-me-pagat-neser-protestohet-ne-policine-e-kosoves\/\" \/>\n<meta property=\"og:locale\" content=\"sq_AL\" \/>\n<meta property=\"og:type\" content=\"article\" \/>\n<meta property=\"og:title\" content=\"Pak\u00ebnaq\u00ebsia me pagat, nes\u00ebr protestohet n\u00eb Policin\u00eb e Kosov\u00ebs\" \/>\n<meta property=\"og:description\" content=\"Nes\u00ebr n\u00eb Policin\u00eb e Kosov\u00ebs do t\u00eb protestojn\u00eb Flota Operative dhe pun\u00ebtor\u00ebt e Departamentit Mb\u00ebshtet\u00ebs Operativ p\u00ebr t\u00eb shprehur pak\u00ebnaq\u00ebsit\u00eb p\u00ebr pagat, p\u00ebrkat\u00ebsisht p\u00ebr mosrregullimin e vler\u00ebs s\u00eb koeficient\u00ebve sipas pozitave t\u00eb tyre. K\u00ebshtu b\u00ebri t\u00eb ditur p\u00ebr KosovaPress kryetari i Sindikat\u00ebs s\u00eb Policis\u00eb s\u00eb Kosov\u00ebs, Imer Zeqiri i cili theksoi se kjo protest\u00eb do [&hellip;]\" \/>\n<meta property=\"og:url\" content=\"https:\/\/permbledhja.com\/sq\/pakenaqesia-me-pagat-neser-protestohet-ne-policine-e-kosoves\/\" \/>\n<meta property=\"og:site_name\" content=\"Ve\u00e7 artikuj p\u00ebrmbledh\u00ebs\" \/>\n<meta property=\"article:publisher\" content=\"https:\/\/www.facebook.com\/press07\/\" \/>\n<meta property=\"article:author\" content=\"https:\/\/www.facebook.com\/kafexhiu.muharrem\/\" \/>\n<meta property=\"article:published_time\" content=\"2023-08-14T15:31:40+00:00\" \/>\n<meta property=\"og:image\" content=\"https:\/\/permbledhja.com\/wp-content\/uploads\/2022\/08\/Policia-e-Kosoves-2021-4-2-1.jpg\" \/>\n\t<meta property=\"og:image:width\" content=\"900\" \/>\n\t<meta property=\"og:image:height\" content=\"600\" \/>\n\t<meta property=\"og:image:type\" content=\"image\/jpeg\" \/>\n<meta name=\"author\" content=\"P\u00ebrmbledhja\" \/>\n<meta name=\"twitter:card\" content=\"summary_large_image\" \/>\n<meta name=\"twitter:label1\" content=\"Written by\" \/>\n\t<meta name=\"twitter:data1\" content=\"P\u00ebrmbledhja\" \/>\n\t<meta name=\"twitter:label2\" content=\"Est. reading time\" \/>\n\t<meta name=\"twitter:data2\" content=\"3 minuta\" \/>\n<script type=\"application\/ld+json\" class=\"yoast-schema-graph\">{\"@context\":\"https:\/\/schema.org\",\"@graph\":[{\"@type\":\"Article\",\"@id\":\"https:\/\/permbledhja.com\/sq\/pakenaqesia-me-pagat-neser-protestohet-ne-policine-e-kosoves\/#article\",\"isPartOf\":{\"@id\":\"https:\/\/permbledhja.com\/sq\/pakenaqesia-me-pagat-neser-protestohet-ne-policine-e-kosoves\/\"},\"author\":{\"name\":\"P\u00ebrmbledhja\",\"@id\":\"https:\/\/permbledhja.com\/#\/schema\/person\/0d064377258d3221e50693947b9eb4fe\"},\"headline\":\"Pak\u00ebnaq\u00ebsia me pagat, nes\u00ebr protestohet n\u00eb Policin\u00eb e Kosov\u00ebs\",\"datePublished\":\"2023-08-14T15:31:40+00:00\",\"dateModified\":\"2023-08-14T15:31:40+00:00\",\"mainEntityOfPage\":{\"@id\":\"https:\/\/permbledhja.com\/sq\/pakenaqesia-me-pagat-neser-protestohet-ne-policine-e-kosoves\/\"},\"wordCount\":704,\"publisher\":{\"@id\":\"https:\/\/permbledhja.com\/#organization\"},\"keywords\":[\"Policia e Kosov\u00ebs\"],\"articleSection\":[\"Komb\u00ebtare\",\"Lajme\"],\"inLanguage\":\"sq\"},{\"@type\":\"WebPage\",\"@id\":\"https:\/\/permbledhja.com\/sq\/pakenaqesia-me-pagat-neser-protestohet-ne-policine-e-kosoves\/\",\"url\":\"https:\/\/permbledhja.com\/sq\/pakenaqesia-me-pagat-neser-protestohet-ne-policine-e-kosoves\/\",\"name\":\"Pak\u00ebnaq\u00ebsia me pagat, nes\u00ebr protestohet n\u00eb Policin\u00eb e Kosov\u00ebs\",\"isPartOf\":{\"@id\":\"https:\/\/permbledhja.com\/#website\"},\"datePublished\":\"2023-08-14T15:31:40+00:00\",\"dateModified\":\"2023-08-14T15:31:40+00:00\",\"breadcrumb\":{\"@id\":\"https:\/\/permbledhja.com\/sq\/pakenaqesia-me-pagat-neser-protestohet-ne-policine-e-kosoves\/#breadcrumb\"},\"inLanguage\":\"sq\",\"potentialAction\":[{\"@type\":\"ReadAction\",\"target\":[\"https:\/\/permbledhja.com\/sq\/pakenaqesia-me-pagat-neser-protestohet-ne-policine-e-kosoves\/\"]}]},{\"@type\":\"BreadcrumbList\",\"@id\":\"https:\/\/permbledhja.com\/sq\/pakenaqesia-me-pagat-neser-protestohet-ne-policine-e-kosoves\/#breadcrumb\",\"itemListElement\":[{\"@type\":\"ListItem\",\"position\":1,\"name\":\"Ballina\",\"item\":\"https:\/\/permbledhja.com\/sq\/\"},{\"@type\":\"ListItem\",\"position\":2,\"name\":\"Pak\u00ebnaq\u00ebsia me pagat, nes\u00ebr protestohet n\u00eb Policin\u00eb e Kosov\u00ebs\"}]},{\"@type\":\"WebSite\",\"@id\":\"https:\/\/permbledhja.com\/#website\",\"url\":\"https:\/\/permbledhja.com\/\",\"name\":\"Ve\u00e7 artikuj p\u00ebrmbledh\u00ebs\",\"description\":\"\",\"publisher\":{\"@id\":\"https:\/\/permbledhja.com\/#organization\"},\"potentialAction\":[{\"@type\":\"SearchAction\",\"target\":{\"@type\":\"EntryPoint\",\"urlTemplate\":\"https:\/\/permbledhja.com\/?s={search_term_string}\"},\"query-input\":\"required name=search_term_string\"}],\"inLanguage\":\"sq\"},{\"@type\":\"Organization\",\"@id\":\"https:\/\/permbledhja.com\/#organization\",\"name\":\"MK Media & Pr\",\"url\":\"https:\/\/permbledhja.com\/\",\"logo\":{\"@type\":\"ImageObject\",\"inLanguage\":\"sq\",\"@id\":\"https:\/\/permbledhja.com\/#\/schema\/logo\/image\/\",\"url\":\"https:\/\/permbledhja.com\/wp-content\/uploads\/2021\/12\/07-Press-Logo.jpg\",\"contentUrl\":\"https:\/\/permbledhja.com\/wp-content\/uploads\/2021\/12\/07-Press-Logo.jpg\",\"width\":512,\"height\":512,\"caption\":\"MK Media & Pr\"},\"image\":{\"@id\":\"https:\/\/permbledhja.com\/#\/schema\/logo\/image\/\"},\"sameAs\":[\"https:\/\/www.facebook.com\/press07\/\"]},{\"@type\":\"Person\",\"@id\":\"https:\/\/permbledhja.com\/#\/schema\/person\/0d064377258d3221e50693947b9eb4fe\",\"name\":\"P\u00ebrmbledhja\",\"image\":{\"@type\":\"ImageObject\",\"inLanguage\":\"sq\",\"@id\":\"https:\/\/permbledhja.com\/#\/schema\/person\/image\/\",\"url\":\"https:\/\/permbledhja.com\/wp-content\/uploads\/2026\/01\/452004717_1040944174702970_8932037511805513407_n-96x96.jpg\",\"contentUrl\":\"https:\/\/permbledhja.com\/wp-content\/uploads\/2026\/01\/452004717_1040944174702970_8932037511805513407_n-96x96.jpg\",\"caption\":\"P\u00ebrmbledhja\"},\"sameAs\":[\"https:\/\/www.facebook.com\/kafexhiu.muharrem\/\",\"https:\/\/www.instagram.com\/muharrem_kafexhiu\/\"],\"url\":\"https:\/\/permbledhja.com\/sq\/author\/admin\/\"}]}<\/script>\n<!-- \/ Yoast SEO plugin. -->","yoast_head_json":{"title":"Pak\u00ebnaq\u00ebsia me pagat, nes\u00ebr protestohet n\u00eb Policin\u00eb e Kosov\u00ebs","robots":{"index":"index","follow":"follow","max-snippet":"max-snippet:-1","max-image-preview":"max-image-preview:large","max-video-preview":"max-video-preview:-1"},"canonical":"https:\/\/permbledhja.com\/sq\/pakenaqesia-me-pagat-neser-protestohet-ne-policine-e-kosoves\/","og_locale":"sq_AL","og_type":"article","og_title":"Pak\u00ebnaq\u00ebsia me pagat, nes\u00ebr protestohet n\u00eb Policin\u00eb e Kosov\u00ebs","og_description":"Nes\u00ebr n\u00eb Policin\u00eb e Kosov\u00ebs do t\u00eb protestojn\u00eb Flota Operative dhe pun\u00ebtor\u00ebt e Departamentit Mb\u00ebshtet\u00ebs Operativ p\u00ebr t\u00eb shprehur pak\u00ebnaq\u00ebsit\u00eb p\u00ebr pagat, p\u00ebrkat\u00ebsisht p\u00ebr mosrregullimin e vler\u00ebs s\u00eb koeficient\u00ebve sipas pozitave t\u00eb tyre. K\u00ebshtu b\u00ebri t\u00eb ditur p\u00ebr KosovaPress kryetari i Sindikat\u00ebs s\u00eb Policis\u00eb s\u00eb Kosov\u00ebs, Imer Zeqiri i cili theksoi se kjo protest\u00eb do [&hellip;]","og_url":"https:\/\/permbledhja.com\/sq\/pakenaqesia-me-pagat-neser-protestohet-ne-policine-e-kosoves\/","og_site_name":"Ve\u00e7 artikuj p\u00ebrmbledh\u00ebs","article_publisher":"https:\/\/www.facebook.com\/press07\/","article_author":"https:\/\/www.facebook.com\/kafexhiu.muharrem\/","article_published_time":"2023-08-14T15:31:40+00:00","og_image":[{"width":900,"height":600,"url":"https:\/\/permbledhja.com\/wp-content\/uploads\/2022\/08\/Policia-e-Kosoves-2021-4-2-1.jpg","type":"image\/jpeg"}],"author":"P\u00ebrmbledhja","twitter_card":"summary_large_image","twitter_misc":{"Written by":"P\u00ebrmbledhja","Est. reading time":"3 minuta"},"schema":{"@context":"https:\/\/schema.org","@graph":[{"@type":"Article","@id":"https:\/\/permbledhja.com\/sq\/pakenaqesia-me-pagat-neser-protestohet-ne-policine-e-kosoves\/#article","isPartOf":{"@id":"https:\/\/permbledhja.com\/sq\/pakenaqesia-me-pagat-neser-protestohet-ne-policine-e-kosoves\/"},"author":{"name":"P\u00ebrmbledhja","@id":"https:\/\/permbledhja.com\/#\/schema\/person\/0d064377258d3221e50693947b9eb4fe"},"headline":"Pak\u00ebnaq\u00ebsia me pagat, nes\u00ebr protestohet n\u00eb Policin\u00eb e Kosov\u00ebs","datePublished":"2023-08-14T15:31:40+00:00","dateModified":"2023-08-14T15:31:40+00:00","mainEntityOfPage":{"@id":"https:\/\/permbledhja.com\/sq\/pakenaqesia-me-pagat-neser-protestohet-ne-policine-e-kosoves\/"},"wordCount":704,"publisher":{"@id":"https:\/\/permbledhja.com\/#organization"},"keywords":["Policia e Kosov\u00ebs"],"articleSection":["Komb\u00ebtare","Lajme"],"inLanguage":"sq"},{"@type":"WebPage","@id":"https:\/\/permbledhja.com\/sq\/pakenaqesia-me-pagat-neser-protestohet-ne-policine-e-kosoves\/","url":"https:\/\/permbledhja.com\/sq\/pakenaqesia-me-pagat-neser-protestohet-ne-policine-e-kosoves\/","name":"Pak\u00ebnaq\u00ebsia me pagat, nes\u00ebr protestohet n\u00eb Policin\u00eb e Kosov\u00ebs","isPartOf":{"@id":"https:\/\/permbledhja.com\/#website"},"datePublished":"2023-08-14T15:31:40+00:00","dateModified":"2023-08-14T15:31:40+00:00","breadcrumb":{"@id":"https:\/\/permbledhja.com\/sq\/pakenaqesia-me-pagat-neser-protestohet-ne-policine-e-kosoves\/#breadcrumb"},"inLanguage":"sq","potentialAction":[{"@type":"ReadAction","target":["https:\/\/permbledhja.com\/sq\/pakenaqesia-me-pagat-neser-protestohet-ne-policine-e-kosoves\/"]}]},{"@type":"BreadcrumbList","@id":"https:\/\/permbledhja.com\/sq\/pakenaqesia-me-pagat-neser-protestohet-ne-policine-e-kosoves\/#breadcrumb","itemListElement":[{"@type":"ListItem","position":1,"name":"Ballina","item":"https:\/\/permbledhja.com\/sq\/"},{"@type":"ListItem","position":2,"name":"Pak\u00ebnaq\u00ebsia me pagat, nes\u00ebr protestohet n\u00eb Policin\u00eb e Kosov\u00ebs"}]},{"@type":"WebSite","@id":"https:\/\/permbledhja.com\/#website","url":"https:\/\/permbledhja.com\/","name":"Ve\u00e7 artikuj p\u00ebrmbledh\u00ebs","description":"","publisher":{"@id":"https:\/\/permbledhja.com\/#organization"},"potentialAction":[{"@type":"SearchAction","target":{"@type":"EntryPoint","urlTemplate":"https:\/\/permbledhja.com\/?s={search_term_string}"},"query-input":"required name=search_term_string"}],"inLanguage":"sq"},{"@type":"Organization","@id":"https:\/\/permbledhja.com\/#organization","name":"MK Media & Pr","url":"https:\/\/permbledhja.com\/","logo":{"@type":"ImageObject","inLanguage":"sq","@id":"https:\/\/permbledhja.com\/#\/schema\/logo\/image\/","url":"https:\/\/permbledhja.com\/wp-content\/uploads\/2021\/12\/07-Press-Logo.jpg","contentUrl":"https:\/\/permbledhja.com\/wp-content\/uploads\/2021\/12\/07-Press-Logo.jpg","width":512,"height":512,"caption":"MK Media & Pr"},"image":{"@id":"https:\/\/permbledhja.com\/#\/schema\/logo\/image\/"},"sameAs":["https:\/\/www.facebook.com\/press07\/"]},{"@type":"Person","@id":"https:\/\/permbledhja.com\/#\/schema\/person\/0d064377258d3221e50693947b9eb4fe","name":"P\u00ebrmbledhja","image":{"@type":"ImageObject","inLanguage":"sq","@id":"https:\/\/permbledhja.com\/#\/schema\/person\/image\/","url":"https:\/\/permbledhja.com\/wp-content\/uploads\/2026\/01\/452004717_1040944174702970_8932037511805513407_n-96x96.jpg","contentUrl":"https:\/\/permbledhja.com\/wp-content\/uploads\/2026\/01\/452004717_1040944174702970_8932037511805513407_n-96x96.jpg","caption":"P\u00ebrmbledhja"},"sameAs":["https:\/\/www.facebook.com\/kafexhiu.muharrem\/","https:\/\/www.instagram.com\/muharrem_kafexhiu\/"],"url":"https:\/\/permbledhja.com\/sq\/author\/admin\/"}]}},"_links":{"self":[{"href":"https:\/\/permbledhja.com\/sq\/wp-json\/wp\/v2\/posts\/23359"}],"collection":[{"href":"https:\/\/permbledhja.com\/sq\/wp-json\/wp\/v2\/posts"}],"about":[{"href":"https:\/\/permbledhja.com\/sq\/wp-json\/wp\/v2\/types\/post"}],"author":[{"embeddable":true,"href":"https:\/\/permbledhja.com\/sq\/wp-json\/wp\/v2\/users\/1"}],"replies":[{"embeddable":true,"href":"https:\/\/permbledhja.com\/sq\/wp-json\/wp\/v2\/comments?post=23359"}],"version-history":[{"count":2,"href":"https:\/\/permbledhja.com\/sq\/wp-json\/wp\/v2\/posts\/23359\/revisions"}],"predecessor-version":[{"id":23361,"href":"https:\/\/permbledhja.com\/sq\/wp-json\/wp\/v2\/posts\/23359\/revisions\/23361"}],"wp:featuredmedia":[{"embeddable":true,"href":"https:\/\/permbledhja.com\/sq\/wp-json\/wp\/v2\/media\/4606"}],"wp:attachment":[{"href":"https:\/\/permbledhja.com\/sq\/wp-json\/wp\/v2\/media?parent=23359"}],"wp:term":[{"taxonomy":"category","embeddable":true,"href":"https:\/\/permbledhja.com\/sq\/wp-json\/wp\/v2\/categories?post=23359"},{"taxonomy":"post_tag","embeddable":true,"href":"https:\/\/permbledhja.com\/sq\/wp-json\/wp\/v2\/tags?post=23359"}],"curies":[{"name":"wp","href":"https:\/\/api.w.org\/{rel}","templated":true}]}}