{"id":23252,"date":"2023-08-14T06:32:11","date_gmt":"2023-08-14T06:32:11","guid":{"rendered":"https:\/\/permbledhja.com\/?p=23252"},"modified":"2023-08-14T06:22:28","modified_gmt":"2023-08-14T06:22:28","slug":"emigrimi-e-zbret-papunesine-ne-kosove-ne-10-8","status":"publish","type":"post","link":"https:\/\/permbledhja.com\/sq\/emigrimi-e-zbret-papunesine-ne-kosove-ne-10-8\/","title":{"rendered":"Emigrimi e zbret papun\u00ebsin\u00eb n\u00eb Kosov\u00eb n\u00eb 10.8%"},"content":{"rendered":"<h3>Papun\u00ebsia n\u00eb Kosov\u00eb ka r\u00ebn\u00eb n\u00eb 10.8 p\u00ebr qind, q\u00eb \u00ebsht\u00eb m\u00eb e ul\u00ebta gjat\u00eb gjith\u00eb periudh\u00ebs s\u00eb pasluft\u00ebs. T\u00eb dh\u00ebnat dalin nga Anketa e Fuqis\u00eb Pun\u00ebtore p\u00ebr tremujorin e 3-t\u00eb t\u00eb vitit 2022, t\u00eb Agjencis\u00eb s\u00eb Statistikave t\u00eb Kosov\u00ebs.<\/h3>\n<p>Gjat\u00eb periudh\u00ebs s\u00eb nj\u00ebjt\u00eb t\u00eb vitit 2019, q\u00eb \u00ebsht\u00eb viti i fundit para fillimit t\u00eb pandemis\u00eb COVID-19 dhe ndryshimeve t\u00eb m\u00ebdha politike n\u00eb vend, shkalla e papun\u00ebsis\u00eb ishte 24.5%. Pra, p\u00ebr 3 vite, shkalla e papun\u00ebsis\u00eb n\u00eb Kosov\u00eb ka r\u00ebn\u00eb nga 24.5% n\u00eb 10.8% \u2013 q\u00eb i bie nj\u00eb zvog\u00eblim i shkall\u00ebs s\u00eb papun\u00ebsis\u00eb p\u00ebr rreth 56%.<\/p>\n<p>Sipas ekonomistit Edison Jakurti, papun\u00ebsin\u00eb n\u00eb Kosov\u00eb nuk po e zvog\u00eblon pun\u00ebsimi sa po e zvog\u00eblon emigrimi.<\/p>\n<p>\u201cSi ka ndodhur kjo? Fillimisht, e gjith\u00eb analiza mund t\u00eb b\u00ebhet duke supozuar q\u00eb nuk ka ndodhur ndonj\u00eb \u201cinxhiniering\u201d i t\u00eb dh\u00ebnave, por ato jan\u00eb t\u00eb v\u00ebrteta. P\u00ebrderisa n\u00eb 3 vitet e fundit, gjithnj\u00eb sipas ASK-s\u00eb, numri i t\u00eb papun\u00ebsuarve \u00ebsht\u00eb zvog\u00ebluar p\u00ebr mbi 73 mij\u00eb, numri i t\u00eb pun\u00ebsuarve \u00ebsht\u00eb rritur p\u00ebr rreth 35 mij\u00eb. Pra, me parimin ceteris paribus, m\u00eb pak s\u00eb gjysma e t\u00eb papun\u00ebsuarve mund t\u00eb jen\u00eb pun\u00ebsuar. \u00c7ka ka ndodhur me m\u00eb shum\u00eb se gjysm\u00ebn tjet\u00ebr? Ose jan\u00eb b\u00ebr\u00eb joaktiv \u2013 pra kan\u00eb hequr dor\u00eb s\u00eb k\u00ebrkuari pun\u00eb n\u00eb Kosov\u00eb, ose tashm\u00eb jan\u00eb larguar nga Kosova. Kjo shihet qart\u00eb te numri i popullsis\u00eb joaktive q\u00eb \u00ebsht\u00eb rritur p\u00ebr mbi 32 mij\u00eb, dhe nga numri i p\u00ebrgjithsh\u00ebm i popullsis\u00eb n\u00eb mosh\u00eb pune, i cili p\u00ebr 3 vite \u00ebsht\u00eb zvog\u00ebluar p\u00ebr rreth 6 mij\u00eb\u201d, ka th\u00ebn\u00eb Jakurti, n\u00eb nj\u00eb analiz\u00eb t\u00eb tij t\u00eb raportit t\u00eb ASK-s\u00eb.<\/p>\n<p><img loading=\"lazy\" decoding=\"async\" class=\"alignnone  wp-image-23253\" src=\"https:\/\/permbledhja.com\/wp-content\/uploads\/2023\/08\/FB_IMG_1691783005684-300x64-1.jpg\" alt=\"\" width=\"689\" height=\"147\" srcset=\"https:\/\/permbledhja.com\/wp-content\/uploads\/2023\/08\/FB_IMG_1691783005684-300x64-1.jpg 300w, https:\/\/permbledhja.com\/wp-content\/uploads\/2023\/08\/FB_IMG_1691783005684-300x64-1-18x4.jpg 18w\" sizes=\"(max-width: 689px) 100vw, 689px\" \/><\/p>\n<p>Nj\u00eb pasqyr\u00eb e ngjashme mund t\u00eb shihet edhe nga krahasimi nga viti n\u00eb vit. Vet\u00ebm mes vitit 2022 dhe 2021, gjithnj\u00eb sipas ASK-s\u00eb, numri i t\u00eb papun\u00ebsuarve ka r\u00ebn\u00eb p\u00ebr mbi 38 mij\u00eb, por numri i t\u00eb pun\u00ebsuarve \u00ebsht\u00eb rritur p\u00ebr m\u00eb pak se 3 mij\u00eb, nd\u00ebrkoh\u00eb q\u00eb numri i personave joaktiv ka r\u00ebn\u00eb p\u00ebr mbi 2 mij\u00eb.<\/p>\n<p>\u201cSi shpjegohet kjo r\u00ebnie e madhe e numrit t\u00eb t\u00eb pun\u00ebsuarve por rritje e vog\u00ebl e t\u00eb pun\u00ebsuarve? P\u00ebrgjigjja \u00ebsht\u00eb s\u00ebrish tek ndryshimi q\u00eb ka ndodhur tek popullsia n\u00eb mosh\u00eb pune. Sipas ASK-s\u00eb, vet\u00ebm mes 2022 dhe 2021, popullsia n\u00eb mosh\u00eb pune \u00ebsht\u00eb zvog\u00ebluar p\u00ebr rreth 38 mij\u00eb persona. \u00c7far\u00eb ka ndodhur me ta? Disa mund t\u00eb jen\u00eb pensionuar e disa mund t\u00eb jen\u00eb angazhuar n\u00eb detyra q\u00eb nuk llogariten si pjes\u00eb e tregut t\u00eb pun\u00ebs, por jo t\u00eb gjith\u00eb, sepse nd\u00ebrkoh\u00eb ka pasur 18-vje\u00e7ar\u00eb q\u00eb mund t\u2019i kishin z\u00ebvend\u00ebsuar ata e ato. P\u00ebrgjigjja m\u00eb racionale \u00ebsht\u00eb, s\u00ebrish, emigrimi\u201d, e ka vazhduar analiz\u00ebn e tij Jakurti.<\/p>\n<p>Sipas Jakurtit, p\u00ebrderisa zvog\u00eblimi i numrit t\u00eb t\u00eb papun\u00ebsuarve \u00ebsht\u00eb lajm shum\u00eb i mir\u00eb, rritja e vog\u00ebl e numrit t\u00eb t\u00eb pun\u00ebsuarve dhe sidomos tkurrja drastike e popullsis\u00eb n\u00eb mosh\u00eb pune n\u00eb p\u00ebrgjith\u00ebsi dhe e fuqis\u00eb pun\u00ebtore n\u00eb ve\u00e7anti jan\u00eb zhvillime tejet shqet\u00ebsuese q\u00eb k\u00ebrkojn\u00eb adresim urgjent.<\/p>\n","protected":false},"excerpt":{"rendered":"<p>Papun\u00ebsia n\u00eb Kosov\u00eb ka r\u00ebn\u00eb n\u00eb 10.8 p\u00ebr qind, q\u00eb \u00ebsht\u00eb m\u00eb e ul\u00ebta gjat\u00eb gjith\u00eb periudh\u00ebs s\u00eb pasluft\u00ebs. T\u00eb dh\u00ebnat dalin nga Anketa e Fuqis\u00eb Pun\u00ebtore p\u00ebr tremujorin e 3-t\u00eb t\u00eb vitit 2022, t\u00eb Agjencis\u00eb s\u00eb Statistikave t\u00eb Kosov\u00ebs. Gjat\u00eb periudh\u00ebs s\u00eb nj\u00ebjt\u00eb t\u00eb vitit 2019, q\u00eb \u00ebsht\u00eb viti i fundit para fillimit t\u00eb [&hellip;]<\/p>\n","protected":false},"author":2,"featured_media":23254,"comment_status":"closed","ping_status":"closed","sticky":false,"template":"","format":"standard","meta":{"_monsterinsights_skip_tracking":false,"_monsterinsights_sitenote_active":false,"_monsterinsights_sitenote_note":"","_monsterinsights_sitenote_category":0,"_uf_show_specific_survey":0,"_uf_disable_surveys":false,"footnotes":""},"categories":[23,15],"tags":[],"yoast_head":"<!-- This site is optimized with the Yoast SEO plugin v21.5 - https:\/\/yoast.com\/wordpress\/plugins\/seo\/ -->\n<title>Emigrimi e zbret papun\u00ebsin\u00eb n\u00eb Kosov\u00eb n\u00eb 10.8%<\/title>\n<meta name=\"robots\" content=\"index, follow, max-snippet:-1, max-image-preview:large, max-video-preview:-1\" \/>\n<link rel=\"canonical\" href=\"https:\/\/permbledhja.com\/sq\/emigrimi-e-zbret-papunesine-ne-kosove-ne-10-8\/\" \/>\n<meta property=\"og:locale\" content=\"sq_AL\" \/>\n<meta property=\"og:type\" content=\"article\" \/>\n<meta property=\"og:title\" content=\"Emigrimi e zbret papun\u00ebsin\u00eb n\u00eb Kosov\u00eb n\u00eb 10.8%\" \/>\n<meta property=\"og:description\" content=\"Papun\u00ebsia n\u00eb Kosov\u00eb ka r\u00ebn\u00eb n\u00eb 10.8 p\u00ebr qind, q\u00eb \u00ebsht\u00eb m\u00eb e ul\u00ebta gjat\u00eb gjith\u00eb periudh\u00ebs s\u00eb pasluft\u00ebs. T\u00eb dh\u00ebnat dalin nga Anketa e Fuqis\u00eb Pun\u00ebtore p\u00ebr tremujorin e 3-t\u00eb t\u00eb vitit 2022, t\u00eb Agjencis\u00eb s\u00eb Statistikave t\u00eb Kosov\u00ebs. Gjat\u00eb periudh\u00ebs s\u00eb nj\u00ebjt\u00eb t\u00eb vitit 2019, q\u00eb \u00ebsht\u00eb viti i fundit para fillimit t\u00eb [&hellip;]\" \/>\n<meta property=\"og:url\" content=\"https:\/\/permbledhja.com\/sq\/emigrimi-e-zbret-papunesine-ne-kosove-ne-10-8\/\" \/>\n<meta property=\"og:site_name\" content=\"Ve\u00e7 artikuj p\u00ebrmbledh\u00ebs\" \/>\n<meta property=\"article:publisher\" content=\"https:\/\/www.facebook.com\/press07\/\" \/>\n<meta property=\"article:published_time\" content=\"2023-08-14T06:32:11+00:00\" \/>\n<meta property=\"article:modified_time\" content=\"2023-08-14T06:22:28+00:00\" \/>\n<meta property=\"og:image\" content=\"https:\/\/permbledhja.com\/wp-content\/uploads\/2023\/08\/pa-pune-2.jpg\" \/>\n\t<meta property=\"og:image:width\" content=\"800\" \/>\n\t<meta property=\"og:image:height\" content=\"450\" \/>\n\t<meta property=\"og:image:type\" content=\"image\/jpeg\" \/>\n<meta name=\"author\" content=\"M M\" \/>\n<meta name=\"twitter:card\" content=\"summary_large_image\" \/>\n<meta name=\"twitter:label1\" content=\"Written by\" \/>\n\t<meta name=\"twitter:data1\" content=\"M M\" \/>\n\t<meta name=\"twitter:label2\" content=\"Est. reading time\" \/>\n\t<meta name=\"twitter:data2\" content=\"3 minuta\" \/>\n<script type=\"application\/ld+json\" class=\"yoast-schema-graph\">{\"@context\":\"https:\/\/schema.org\",\"@graph\":[{\"@type\":\"Article\",\"@id\":\"https:\/\/permbledhja.com\/emigrimi-e-zbret-papunesine-ne-kosove-ne-10-8\/#article\",\"isPartOf\":{\"@id\":\"https:\/\/permbledhja.com\/emigrimi-e-zbret-papunesine-ne-kosove-ne-10-8\/\"},\"author\":{\"name\":\"M M\",\"@id\":\"https:\/\/permbledhja.com\/#\/schema\/person\/d23f13f59b5722643933d6780783acf3\"},\"headline\":\"Emigrimi e zbret papun\u00ebsin\u00eb n\u00eb Kosov\u00eb n\u00eb 10.8%\",\"datePublished\":\"2023-08-14T06:32:11+00:00\",\"dateModified\":\"2023-08-14T06:22:28+00:00\",\"mainEntityOfPage\":{\"@id\":\"https:\/\/permbledhja.com\/emigrimi-e-zbret-papunesine-ne-kosove-ne-10-8\/\"},\"wordCount\":543,\"publisher\":{\"@id\":\"https:\/\/permbledhja.com\/#organization\"},\"articleSection\":[\"Komb\u00ebtare\",\"Lajme\"],\"inLanguage\":\"sq\"},{\"@type\":\"WebPage\",\"@id\":\"https:\/\/permbledhja.com\/emigrimi-e-zbret-papunesine-ne-kosove-ne-10-8\/\",\"url\":\"https:\/\/permbledhja.com\/emigrimi-e-zbret-papunesine-ne-kosove-ne-10-8\/\",\"name\":\"Emigrimi e zbret papun\u00ebsin\u00eb n\u00eb Kosov\u00eb n\u00eb 10.8%\",\"isPartOf\":{\"@id\":\"https:\/\/permbledhja.com\/#website\"},\"datePublished\":\"2023-08-14T06:32:11+00:00\",\"dateModified\":\"2023-08-14T06:22:28+00:00\",\"breadcrumb\":{\"@id\":\"https:\/\/permbledhja.com\/emigrimi-e-zbret-papunesine-ne-kosove-ne-10-8\/#breadcrumb\"},\"inLanguage\":\"sq\",\"potentialAction\":[{\"@type\":\"ReadAction\",\"target\":[\"https:\/\/permbledhja.com\/emigrimi-e-zbret-papunesine-ne-kosove-ne-10-8\/\"]}]},{\"@type\":\"BreadcrumbList\",\"@id\":\"https:\/\/permbledhja.com\/emigrimi-e-zbret-papunesine-ne-kosove-ne-10-8\/#breadcrumb\",\"itemListElement\":[{\"@type\":\"ListItem\",\"position\":1,\"name\":\"Ballina\",\"item\":\"https:\/\/permbledhja.com\/sq\/\"},{\"@type\":\"ListItem\",\"position\":2,\"name\":\"Emigrimi e zbret papun\u00ebsin\u00eb n\u00eb Kosov\u00eb n\u00eb 10.8%\"}]},{\"@type\":\"WebSite\",\"@id\":\"https:\/\/permbledhja.com\/#website\",\"url\":\"https:\/\/permbledhja.com\/\",\"name\":\"Ve\u00e7 artikuj p\u00ebrmbledh\u00ebs\",\"description\":\"\",\"publisher\":{\"@id\":\"https:\/\/permbledhja.com\/#organization\"},\"potentialAction\":[{\"@type\":\"SearchAction\",\"target\":{\"@type\":\"EntryPoint\",\"urlTemplate\":\"https:\/\/permbledhja.com\/?s={search_term_string}\"},\"query-input\":\"required name=search_term_string\"}],\"inLanguage\":\"sq\"},{\"@type\":\"Organization\",\"@id\":\"https:\/\/permbledhja.com\/#organization\",\"name\":\"MK Media & Pr\",\"url\":\"https:\/\/permbledhja.com\/\",\"logo\":{\"@type\":\"ImageObject\",\"inLanguage\":\"sq\",\"@id\":\"https:\/\/permbledhja.com\/#\/schema\/logo\/image\/\",\"url\":\"https:\/\/permbledhja.com\/wp-content\/uploads\/2021\/12\/07-Press-Logo.jpg\",\"contentUrl\":\"https:\/\/permbledhja.com\/wp-content\/uploads\/2021\/12\/07-Press-Logo.jpg\",\"width\":512,\"height\":512,\"caption\":\"MK Media & Pr\"},\"image\":{\"@id\":\"https:\/\/permbledhja.com\/#\/schema\/logo\/image\/\"},\"sameAs\":[\"https:\/\/www.facebook.com\/press07\/\"]},{\"@type\":\"Person\",\"@id\":\"https:\/\/permbledhja.com\/#\/schema\/person\/d23f13f59b5722643933d6780783acf3\",\"name\":\"M M\",\"image\":{\"@type\":\"ImageObject\",\"inLanguage\":\"sq\",\"@id\":\"https:\/\/permbledhja.com\/#\/schema\/person\/image\/\",\"url\":\"https:\/\/secure.gravatar.com\/avatar\/e2835a76ca7c31a2416b2d51c4ec9a8f?s=96&d=mm&r=g\",\"contentUrl\":\"https:\/\/secure.gravatar.com\/avatar\/e2835a76ca7c31a2416b2d51c4ec9a8f?s=96&d=mm&r=g\",\"caption\":\"M M\"},\"sameAs\":[\"http:\/\/MM\"],\"url\":\"https:\/\/permbledhja.com\/sq\/author\/muhamet\/\"}]}<\/script>\n<!-- \/ Yoast SEO plugin. -->","yoast_head_json":{"title":"Emigrimi e zbret papun\u00ebsin\u00eb n\u00eb Kosov\u00eb n\u00eb 10.8%","robots":{"index":"index","follow":"follow","max-snippet":"max-snippet:-1","max-image-preview":"max-image-preview:large","max-video-preview":"max-video-preview:-1"},"canonical":"https:\/\/permbledhja.com\/sq\/emigrimi-e-zbret-papunesine-ne-kosove-ne-10-8\/","og_locale":"sq_AL","og_type":"article","og_title":"Emigrimi e zbret papun\u00ebsin\u00eb n\u00eb Kosov\u00eb n\u00eb 10.8%","og_description":"Papun\u00ebsia n\u00eb Kosov\u00eb ka r\u00ebn\u00eb n\u00eb 10.8 p\u00ebr qind, q\u00eb \u00ebsht\u00eb m\u00eb e ul\u00ebta gjat\u00eb gjith\u00eb periudh\u00ebs s\u00eb pasluft\u00ebs. T\u00eb dh\u00ebnat dalin nga Anketa e Fuqis\u00eb Pun\u00ebtore p\u00ebr tremujorin e 3-t\u00eb t\u00eb vitit 2022, t\u00eb Agjencis\u00eb s\u00eb Statistikave t\u00eb Kosov\u00ebs. Gjat\u00eb periudh\u00ebs s\u00eb nj\u00ebjt\u00eb t\u00eb vitit 2019, q\u00eb \u00ebsht\u00eb viti i fundit para fillimit t\u00eb [&hellip;]","og_url":"https:\/\/permbledhja.com\/sq\/emigrimi-e-zbret-papunesine-ne-kosove-ne-10-8\/","og_site_name":"Ve\u00e7 artikuj p\u00ebrmbledh\u00ebs","article_publisher":"https:\/\/www.facebook.com\/press07\/","article_published_time":"2023-08-14T06:32:11+00:00","article_modified_time":"2023-08-14T06:22:28+00:00","og_image":[{"width":800,"height":450,"url":"https:\/\/permbledhja.com\/wp-content\/uploads\/2023\/08\/pa-pune-2.jpg","type":"image\/jpeg"}],"author":"M M","twitter_card":"summary_large_image","twitter_misc":{"Written by":"M M","Est. reading time":"3 minuta"},"schema":{"@context":"https:\/\/schema.org","@graph":[{"@type":"Article","@id":"https:\/\/permbledhja.com\/emigrimi-e-zbret-papunesine-ne-kosove-ne-10-8\/#article","isPartOf":{"@id":"https:\/\/permbledhja.com\/emigrimi-e-zbret-papunesine-ne-kosove-ne-10-8\/"},"author":{"name":"M M","@id":"https:\/\/permbledhja.com\/#\/schema\/person\/d23f13f59b5722643933d6780783acf3"},"headline":"Emigrimi e zbret papun\u00ebsin\u00eb n\u00eb Kosov\u00eb n\u00eb 10.8%","datePublished":"2023-08-14T06:32:11+00:00","dateModified":"2023-08-14T06:22:28+00:00","mainEntityOfPage":{"@id":"https:\/\/permbledhja.com\/emigrimi-e-zbret-papunesine-ne-kosove-ne-10-8\/"},"wordCount":543,"publisher":{"@id":"https:\/\/permbledhja.com\/#organization"},"articleSection":["Komb\u00ebtare","Lajme"],"inLanguage":"sq"},{"@type":"WebPage","@id":"https:\/\/permbledhja.com\/emigrimi-e-zbret-papunesine-ne-kosove-ne-10-8\/","url":"https:\/\/permbledhja.com\/emigrimi-e-zbret-papunesine-ne-kosove-ne-10-8\/","name":"Emigrimi e zbret papun\u00ebsin\u00eb n\u00eb Kosov\u00eb n\u00eb 10.8%","isPartOf":{"@id":"https:\/\/permbledhja.com\/#website"},"datePublished":"2023-08-14T06:32:11+00:00","dateModified":"2023-08-14T06:22:28+00:00","breadcrumb":{"@id":"https:\/\/permbledhja.com\/emigrimi-e-zbret-papunesine-ne-kosove-ne-10-8\/#breadcrumb"},"inLanguage":"sq","potentialAction":[{"@type":"ReadAction","target":["https:\/\/permbledhja.com\/emigrimi-e-zbret-papunesine-ne-kosove-ne-10-8\/"]}]},{"@type":"BreadcrumbList","@id":"https:\/\/permbledhja.com\/emigrimi-e-zbret-papunesine-ne-kosove-ne-10-8\/#breadcrumb","itemListElement":[{"@type":"ListItem","position":1,"name":"Ballina","item":"https:\/\/permbledhja.com\/sq\/"},{"@type":"ListItem","position":2,"name":"Emigrimi e zbret papun\u00ebsin\u00eb n\u00eb Kosov\u00eb n\u00eb 10.8%"}]},{"@type":"WebSite","@id":"https:\/\/permbledhja.com\/#website","url":"https:\/\/permbledhja.com\/","name":"Ve\u00e7 artikuj p\u00ebrmbledh\u00ebs","description":"","publisher":{"@id":"https:\/\/permbledhja.com\/#organization"},"potentialAction":[{"@type":"SearchAction","target":{"@type":"EntryPoint","urlTemplate":"https:\/\/permbledhja.com\/?s={search_term_string}"},"query-input":"required name=search_term_string"}],"inLanguage":"sq"},{"@type":"Organization","@id":"https:\/\/permbledhja.com\/#organization","name":"MK Media & Pr","url":"https:\/\/permbledhja.com\/","logo":{"@type":"ImageObject","inLanguage":"sq","@id":"https:\/\/permbledhja.com\/#\/schema\/logo\/image\/","url":"https:\/\/permbledhja.com\/wp-content\/uploads\/2021\/12\/07-Press-Logo.jpg","contentUrl":"https:\/\/permbledhja.com\/wp-content\/uploads\/2021\/12\/07-Press-Logo.jpg","width":512,"height":512,"caption":"MK Media & Pr"},"image":{"@id":"https:\/\/permbledhja.com\/#\/schema\/logo\/image\/"},"sameAs":["https:\/\/www.facebook.com\/press07\/"]},{"@type":"Person","@id":"https:\/\/permbledhja.com\/#\/schema\/person\/d23f13f59b5722643933d6780783acf3","name":"M M","image":{"@type":"ImageObject","inLanguage":"sq","@id":"https:\/\/permbledhja.com\/#\/schema\/person\/image\/","url":"https:\/\/secure.gravatar.com\/avatar\/e2835a76ca7c31a2416b2d51c4ec9a8f?s=96&d=mm&r=g","contentUrl":"https:\/\/secure.gravatar.com\/avatar\/e2835a76ca7c31a2416b2d51c4ec9a8f?s=96&d=mm&r=g","caption":"M M"},"sameAs":["http:\/\/MM"],"url":"https:\/\/permbledhja.com\/sq\/author\/muhamet\/"}]}},"_links":{"self":[{"href":"https:\/\/permbledhja.com\/sq\/wp-json\/wp\/v2\/posts\/23252"}],"collection":[{"href":"https:\/\/permbledhja.com\/sq\/wp-json\/wp\/v2\/posts"}],"about":[{"href":"https:\/\/permbledhja.com\/sq\/wp-json\/wp\/v2\/types\/post"}],"author":[{"embeddable":true,"href":"https:\/\/permbledhja.com\/sq\/wp-json\/wp\/v2\/users\/2"}],"replies":[{"embeddable":true,"href":"https:\/\/permbledhja.com\/sq\/wp-json\/wp\/v2\/comments?post=23252"}],"version-history":[{"count":1,"href":"https:\/\/permbledhja.com\/sq\/wp-json\/wp\/v2\/posts\/23252\/revisions"}],"predecessor-version":[{"id":23255,"href":"https:\/\/permbledhja.com\/sq\/wp-json\/wp\/v2\/posts\/23252\/revisions\/23255"}],"wp:featuredmedia":[{"embeddable":true,"href":"https:\/\/permbledhja.com\/sq\/wp-json\/wp\/v2\/media\/23254"}],"wp:attachment":[{"href":"https:\/\/permbledhja.com\/sq\/wp-json\/wp\/v2\/media?parent=23252"}],"wp:term":[{"taxonomy":"category","embeddable":true,"href":"https:\/\/permbledhja.com\/sq\/wp-json\/wp\/v2\/categories?post=23252"},{"taxonomy":"post_tag","embeddable":true,"href":"https:\/\/permbledhja.com\/sq\/wp-json\/wp\/v2\/tags?post=23252"}],"curies":[{"name":"wp","href":"https:\/\/api.w.org\/{rel}","templated":true}]}}