{"id":23249,"date":"2023-08-14T06:18:05","date_gmt":"2023-08-14T06:18:05","guid":{"rendered":"https:\/\/permbledhja.com\/?p=23249"},"modified":"2023-08-14T06:18:05","modified_gmt":"2023-08-14T06:18:05","slug":"sot-rifillojne-seancat-gjyqesore-ndaj-thacit-dhe-te-tjereve","status":"publish","type":"post","link":"https:\/\/permbledhja.com\/sq\/sot-rifillojne-seancat-gjyqesore-ndaj-thacit-dhe-te-tjereve\/","title":{"rendered":"Sot rifillojn\u00eb seancat gjyq\u00ebsore ndaj Tha\u00e7it dhe t\u00eb tjer\u00ebve"},"content":{"rendered":"<h3>Ish-krer\u00ebt e U\u00c7K-s\u00eb do t\u00eb dalin sot s\u00ebrish para trupit gjykues n\u00eb Hag\u00eb, ku do t\u00eb vazhdoj\u00eb procesi gjyq\u00ebsor ndaj tyre.<\/h3>\n<p>Seancat rikthehen pas nj\u00eb pushimi tre javor t\u00eb Dhomave t\u00eb Specializuara t\u00eb Kosov\u00ebs.<\/p>\n<p>Hashim Tha\u00e7i, Kadri Veseli, Jakup Krasniqi e Rexhep Selimi do t\u00eb d\u00ebgjojn\u00eb d\u00ebshmitarin e radh\u00ebs kund\u00ebr tyre, t\u00eb cilin e sjell Zyra e Prokurorit t\u00eb Specializuar, q\u00eb i ngarkon ata me krime t\u00eb pretenduara t\u00eb luft\u00ebs.<\/p>\n<p>Ky do t\u00eb jet\u00eb d\u00ebshmitari i gjasht\u00ebmb\u00ebdhjet\u00eb me radh\u00eb, nd\u00ebrsa ende nuk dihet n\u00ebse do t\u00eb d\u00ebshmoj\u00eb n\u00ebn masa mbrojt\u00ebse t\u00eb siguris\u00eb apo me identitet t\u00eb fshehur.<\/p>\n<p>Gjykimi ndaj Tha\u00e7it dhe t\u00eb tjer\u00ebve ka nisur me 3 prill me deklaratat hyr\u00ebse, ku t\u00eb gjith\u00eb jan\u00eb deklaruar t\u00eb pafajsh\u00ebm p\u00ebr akuzat p\u00ebr krime t\u00eb pretenduara t\u00eb luft\u00ebs. Nd\u00ebrsa ndodhen n\u00eb qendr\u00ebn e paraburgimit n\u00eb Hag\u00eb prej n\u00ebntorit t\u00eb vitit 2020.<\/p>\n","protected":false},"excerpt":{"rendered":"<p>Ish-krer\u00ebt e U\u00c7K-s\u00eb do t\u00eb dalin sot s\u00ebrish para trupit gjykues n\u00eb Hag\u00eb, ku do t\u00eb vazhdoj\u00eb procesi gjyq\u00ebsor ndaj tyre. Seancat rikthehen pas nj\u00eb pushimi tre javor t\u00eb Dhomave t\u00eb Specializuara t\u00eb Kosov\u00ebs. Hashim Tha\u00e7i, Kadri Veseli, Jakup Krasniqi e Rexhep Selimi do t\u00eb d\u00ebgjojn\u00eb d\u00ebshmitarin e radh\u00ebs kund\u00ebr tyre, t\u00eb cilin e sjell [&hellip;]<\/p>\n","protected":false},"author":2,"featured_media":23250,"comment_status":"closed","ping_status":"closed","sticky":false,"template":"","format":"standard","meta":{"_monsterinsights_skip_tracking":false,"_monsterinsights_sitenote_active":false,"_monsterinsights_sitenote_note":"","_monsterinsights_sitenote_category":0,"_uf_show_specific_survey":0,"_uf_disable_surveys":false,"footnotes":""},"categories":[23,15],"tags":[],"yoast_head":"<!-- This site is optimized with the Yoast SEO plugin v21.5 - https:\/\/yoast.com\/wordpress\/plugins\/seo\/ -->\n<title>Sot rifillojn\u00eb seancat gjyq\u00ebsore ndaj Tha\u00e7it dhe t\u00eb tjer\u00ebve<\/title>\n<meta name=\"robots\" content=\"index, follow, max-snippet:-1, max-image-preview:large, max-video-preview:-1\" \/>\n<link rel=\"canonical\" href=\"https:\/\/permbledhja.com\/sq\/sot-rifillojne-seancat-gjyqesore-ndaj-thacit-dhe-te-tjereve\/\" \/>\n<meta property=\"og:locale\" content=\"sq_AL\" \/>\n<meta property=\"og:type\" content=\"article\" \/>\n<meta property=\"og:title\" content=\"Sot rifillojn\u00eb seancat gjyq\u00ebsore ndaj Tha\u00e7it dhe t\u00eb tjer\u00ebve\" \/>\n<meta property=\"og:description\" content=\"Ish-krer\u00ebt e U\u00c7K-s\u00eb do t\u00eb dalin sot s\u00ebrish para trupit gjykues n\u00eb Hag\u00eb, ku do t\u00eb vazhdoj\u00eb procesi gjyq\u00ebsor ndaj tyre. Seancat rikthehen pas nj\u00eb pushimi tre javor t\u00eb Dhomave t\u00eb Specializuara t\u00eb Kosov\u00ebs. Hashim Tha\u00e7i, Kadri Veseli, Jakup Krasniqi e Rexhep Selimi do t\u00eb d\u00ebgjojn\u00eb d\u00ebshmitarin e radh\u00ebs kund\u00ebr tyre, t\u00eb cilin e sjell [&hellip;]\" \/>\n<meta property=\"og:url\" content=\"https:\/\/permbledhja.com\/sq\/sot-rifillojne-seancat-gjyqesore-ndaj-thacit-dhe-te-tjereve\/\" \/>\n<meta property=\"og:site_name\" content=\"Ve\u00e7 artikuj p\u00ebrmbledh\u00ebs\" \/>\n<meta property=\"article:publisher\" content=\"https:\/\/www.facebook.com\/press07\/\" \/>\n<meta property=\"article:published_time\" content=\"2023-08-14T06:18:05+00:00\" \/>\n<meta property=\"og:image\" content=\"https:\/\/permbledhja.com\/wp-content\/uploads\/2023\/08\/thaci-dhe-te-tjerret1680509982.webp\" \/>\n\t<meta property=\"og:image:width\" content=\"750\" \/>\n\t<meta property=\"og:image:height\" content=\"424\" \/>\n\t<meta property=\"og:image:type\" content=\"image\/webp\" \/>\n<meta name=\"author\" content=\"M M\" \/>\n<meta name=\"twitter:card\" content=\"summary_large_image\" \/>\n<meta name=\"twitter:label1\" content=\"Written by\" \/>\n\t<meta name=\"twitter:data1\" content=\"M M\" \/>\n\t<meta name=\"twitter:label2\" content=\"Est. reading time\" \/>\n\t<meta name=\"twitter:data2\" content=\"1 minut\u00eb\" \/>\n<script type=\"application\/ld+json\" class=\"yoast-schema-graph\">{\"@context\":\"https:\/\/schema.org\",\"@graph\":[{\"@type\":\"Article\",\"@id\":\"https:\/\/permbledhja.com\/sot-rifillojne-seancat-gjyqesore-ndaj-thacit-dhe-te-tjereve\/#article\",\"isPartOf\":{\"@id\":\"https:\/\/permbledhja.com\/sot-rifillojne-seancat-gjyqesore-ndaj-thacit-dhe-te-tjereve\/\"},\"author\":{\"name\":\"M M\",\"@id\":\"https:\/\/permbledhja.com\/#\/schema\/person\/d23f13f59b5722643933d6780783acf3\"},\"headline\":\"Sot rifillojn\u00eb seancat gjyq\u00ebsore ndaj Tha\u00e7it dhe t\u00eb tjer\u00ebve\",\"datePublished\":\"2023-08-14T06:18:05+00:00\",\"dateModified\":\"2023-08-14T06:18:05+00:00\",\"mainEntityOfPage\":{\"@id\":\"https:\/\/permbledhja.com\/sot-rifillojne-seancat-gjyqesore-ndaj-thacit-dhe-te-tjereve\/\"},\"wordCount\":178,\"publisher\":{\"@id\":\"https:\/\/permbledhja.com\/#organization\"},\"articleSection\":[\"Komb\u00ebtare\",\"Lajme\"],\"inLanguage\":\"sq\"},{\"@type\":\"WebPage\",\"@id\":\"https:\/\/permbledhja.com\/sot-rifillojne-seancat-gjyqesore-ndaj-thacit-dhe-te-tjereve\/\",\"url\":\"https:\/\/permbledhja.com\/sot-rifillojne-seancat-gjyqesore-ndaj-thacit-dhe-te-tjereve\/\",\"name\":\"Sot rifillojn\u00eb seancat gjyq\u00ebsore ndaj Tha\u00e7it dhe t\u00eb tjer\u00ebve\",\"isPartOf\":{\"@id\":\"https:\/\/permbledhja.com\/#website\"},\"datePublished\":\"2023-08-14T06:18:05+00:00\",\"dateModified\":\"2023-08-14T06:18:05+00:00\",\"breadcrumb\":{\"@id\":\"https:\/\/permbledhja.com\/sot-rifillojne-seancat-gjyqesore-ndaj-thacit-dhe-te-tjereve\/#breadcrumb\"},\"inLanguage\":\"sq\",\"potentialAction\":[{\"@type\":\"ReadAction\",\"target\":[\"https:\/\/permbledhja.com\/sot-rifillojne-seancat-gjyqesore-ndaj-thacit-dhe-te-tjereve\/\"]}]},{\"@type\":\"BreadcrumbList\",\"@id\":\"https:\/\/permbledhja.com\/sot-rifillojne-seancat-gjyqesore-ndaj-thacit-dhe-te-tjereve\/#breadcrumb\",\"itemListElement\":[{\"@type\":\"ListItem\",\"position\":1,\"name\":\"Ballina\",\"item\":\"https:\/\/permbledhja.com\/sq\/\"},{\"@type\":\"ListItem\",\"position\":2,\"name\":\"Sot rifillojn\u00eb seancat gjyq\u00ebsore ndaj Tha\u00e7it dhe t\u00eb tjer\u00ebve\"}]},{\"@type\":\"WebSite\",\"@id\":\"https:\/\/permbledhja.com\/#website\",\"url\":\"https:\/\/permbledhja.com\/\",\"name\":\"Ve\u00e7 artikuj p\u00ebrmbledh\u00ebs\",\"description\":\"\",\"publisher\":{\"@id\":\"https:\/\/permbledhja.com\/#organization\"},\"potentialAction\":[{\"@type\":\"SearchAction\",\"target\":{\"@type\":\"EntryPoint\",\"urlTemplate\":\"https:\/\/permbledhja.com\/?s={search_term_string}\"},\"query-input\":\"required name=search_term_string\"}],\"inLanguage\":\"sq\"},{\"@type\":\"Organization\",\"@id\":\"https:\/\/permbledhja.com\/#organization\",\"name\":\"MK Media & Pr\",\"url\":\"https:\/\/permbledhja.com\/\",\"logo\":{\"@type\":\"ImageObject\",\"inLanguage\":\"sq\",\"@id\":\"https:\/\/permbledhja.com\/#\/schema\/logo\/image\/\",\"url\":\"https:\/\/permbledhja.com\/wp-content\/uploads\/2021\/12\/07-Press-Logo.jpg\",\"contentUrl\":\"https:\/\/permbledhja.com\/wp-content\/uploads\/2021\/12\/07-Press-Logo.jpg\",\"width\":512,\"height\":512,\"caption\":\"MK Media & Pr\"},\"image\":{\"@id\":\"https:\/\/permbledhja.com\/#\/schema\/logo\/image\/\"},\"sameAs\":[\"https:\/\/www.facebook.com\/press07\/\"]},{\"@type\":\"Person\",\"@id\":\"https:\/\/permbledhja.com\/#\/schema\/person\/d23f13f59b5722643933d6780783acf3\",\"name\":\"M M\",\"image\":{\"@type\":\"ImageObject\",\"inLanguage\":\"sq\",\"@id\":\"https:\/\/permbledhja.com\/#\/schema\/person\/image\/\",\"url\":\"https:\/\/secure.gravatar.com\/avatar\/e2835a76ca7c31a2416b2d51c4ec9a8f?s=96&d=mm&r=g\",\"contentUrl\":\"https:\/\/secure.gravatar.com\/avatar\/e2835a76ca7c31a2416b2d51c4ec9a8f?s=96&d=mm&r=g\",\"caption\":\"M M\"},\"sameAs\":[\"http:\/\/MM\"],\"url\":\"https:\/\/permbledhja.com\/sq\/author\/muhamet\/\"}]}<\/script>\n<!-- \/ Yoast SEO plugin. -->","yoast_head_json":{"title":"Sot rifillojn\u00eb seancat gjyq\u00ebsore ndaj Tha\u00e7it dhe t\u00eb tjer\u00ebve","robots":{"index":"index","follow":"follow","max-snippet":"max-snippet:-1","max-image-preview":"max-image-preview:large","max-video-preview":"max-video-preview:-1"},"canonical":"https:\/\/permbledhja.com\/sq\/sot-rifillojne-seancat-gjyqesore-ndaj-thacit-dhe-te-tjereve\/","og_locale":"sq_AL","og_type":"article","og_title":"Sot rifillojn\u00eb seancat gjyq\u00ebsore ndaj Tha\u00e7it dhe t\u00eb tjer\u00ebve","og_description":"Ish-krer\u00ebt e U\u00c7K-s\u00eb do t\u00eb dalin sot s\u00ebrish para trupit gjykues n\u00eb Hag\u00eb, ku do t\u00eb vazhdoj\u00eb procesi gjyq\u00ebsor ndaj tyre. Seancat rikthehen pas nj\u00eb pushimi tre javor t\u00eb Dhomave t\u00eb Specializuara t\u00eb Kosov\u00ebs. Hashim Tha\u00e7i, Kadri Veseli, Jakup Krasniqi e Rexhep Selimi do t\u00eb d\u00ebgjojn\u00eb d\u00ebshmitarin e radh\u00ebs kund\u00ebr tyre, t\u00eb cilin e sjell [&hellip;]","og_url":"https:\/\/permbledhja.com\/sq\/sot-rifillojne-seancat-gjyqesore-ndaj-thacit-dhe-te-tjereve\/","og_site_name":"Ve\u00e7 artikuj p\u00ebrmbledh\u00ebs","article_publisher":"https:\/\/www.facebook.com\/press07\/","article_published_time":"2023-08-14T06:18:05+00:00","og_image":[{"width":750,"height":424,"url":"https:\/\/permbledhja.com\/wp-content\/uploads\/2023\/08\/thaci-dhe-te-tjerret1680509982.webp","type":"image\/webp"}],"author":"M M","twitter_card":"summary_large_image","twitter_misc":{"Written by":"M M","Est. reading time":"1 minut\u00eb"},"schema":{"@context":"https:\/\/schema.org","@graph":[{"@type":"Article","@id":"https:\/\/permbledhja.com\/sot-rifillojne-seancat-gjyqesore-ndaj-thacit-dhe-te-tjereve\/#article","isPartOf":{"@id":"https:\/\/permbledhja.com\/sot-rifillojne-seancat-gjyqesore-ndaj-thacit-dhe-te-tjereve\/"},"author":{"name":"M M","@id":"https:\/\/permbledhja.com\/#\/schema\/person\/d23f13f59b5722643933d6780783acf3"},"headline":"Sot rifillojn\u00eb seancat gjyq\u00ebsore ndaj Tha\u00e7it dhe t\u00eb tjer\u00ebve","datePublished":"2023-08-14T06:18:05+00:00","dateModified":"2023-08-14T06:18:05+00:00","mainEntityOfPage":{"@id":"https:\/\/permbledhja.com\/sot-rifillojne-seancat-gjyqesore-ndaj-thacit-dhe-te-tjereve\/"},"wordCount":178,"publisher":{"@id":"https:\/\/permbledhja.com\/#organization"},"articleSection":["Komb\u00ebtare","Lajme"],"inLanguage":"sq"},{"@type":"WebPage","@id":"https:\/\/permbledhja.com\/sot-rifillojne-seancat-gjyqesore-ndaj-thacit-dhe-te-tjereve\/","url":"https:\/\/permbledhja.com\/sot-rifillojne-seancat-gjyqesore-ndaj-thacit-dhe-te-tjereve\/","name":"Sot rifillojn\u00eb seancat gjyq\u00ebsore ndaj Tha\u00e7it dhe t\u00eb tjer\u00ebve","isPartOf":{"@id":"https:\/\/permbledhja.com\/#website"},"datePublished":"2023-08-14T06:18:05+00:00","dateModified":"2023-08-14T06:18:05+00:00","breadcrumb":{"@id":"https:\/\/permbledhja.com\/sot-rifillojne-seancat-gjyqesore-ndaj-thacit-dhe-te-tjereve\/#breadcrumb"},"inLanguage":"sq","potentialAction":[{"@type":"ReadAction","target":["https:\/\/permbledhja.com\/sot-rifillojne-seancat-gjyqesore-ndaj-thacit-dhe-te-tjereve\/"]}]},{"@type":"BreadcrumbList","@id":"https:\/\/permbledhja.com\/sot-rifillojne-seancat-gjyqesore-ndaj-thacit-dhe-te-tjereve\/#breadcrumb","itemListElement":[{"@type":"ListItem","position":1,"name":"Ballina","item":"https:\/\/permbledhja.com\/sq\/"},{"@type":"ListItem","position":2,"name":"Sot rifillojn\u00eb seancat gjyq\u00ebsore ndaj Tha\u00e7it dhe t\u00eb tjer\u00ebve"}]},{"@type":"WebSite","@id":"https:\/\/permbledhja.com\/#website","url":"https:\/\/permbledhja.com\/","name":"Ve\u00e7 artikuj p\u00ebrmbledh\u00ebs","description":"","publisher":{"@id":"https:\/\/permbledhja.com\/#organization"},"potentialAction":[{"@type":"SearchAction","target":{"@type":"EntryPoint","urlTemplate":"https:\/\/permbledhja.com\/?s={search_term_string}"},"query-input":"required name=search_term_string"}],"inLanguage":"sq"},{"@type":"Organization","@id":"https:\/\/permbledhja.com\/#organization","name":"MK Media & Pr","url":"https:\/\/permbledhja.com\/","logo":{"@type":"ImageObject","inLanguage":"sq","@id":"https:\/\/permbledhja.com\/#\/schema\/logo\/image\/","url":"https:\/\/permbledhja.com\/wp-content\/uploads\/2021\/12\/07-Press-Logo.jpg","contentUrl":"https:\/\/permbledhja.com\/wp-content\/uploads\/2021\/12\/07-Press-Logo.jpg","width":512,"height":512,"caption":"MK Media & Pr"},"image":{"@id":"https:\/\/permbledhja.com\/#\/schema\/logo\/image\/"},"sameAs":["https:\/\/www.facebook.com\/press07\/"]},{"@type":"Person","@id":"https:\/\/permbledhja.com\/#\/schema\/person\/d23f13f59b5722643933d6780783acf3","name":"M M","image":{"@type":"ImageObject","inLanguage":"sq","@id":"https:\/\/permbledhja.com\/#\/schema\/person\/image\/","url":"https:\/\/secure.gravatar.com\/avatar\/e2835a76ca7c31a2416b2d51c4ec9a8f?s=96&d=mm&r=g","contentUrl":"https:\/\/secure.gravatar.com\/avatar\/e2835a76ca7c31a2416b2d51c4ec9a8f?s=96&d=mm&r=g","caption":"M M"},"sameAs":["http:\/\/MM"],"url":"https:\/\/permbledhja.com\/sq\/author\/muhamet\/"}]}},"_links":{"self":[{"href":"https:\/\/permbledhja.com\/sq\/wp-json\/wp\/v2\/posts\/23249"}],"collection":[{"href":"https:\/\/permbledhja.com\/sq\/wp-json\/wp\/v2\/posts"}],"about":[{"href":"https:\/\/permbledhja.com\/sq\/wp-json\/wp\/v2\/types\/post"}],"author":[{"embeddable":true,"href":"https:\/\/permbledhja.com\/sq\/wp-json\/wp\/v2\/users\/2"}],"replies":[{"embeddable":true,"href":"https:\/\/permbledhja.com\/sq\/wp-json\/wp\/v2\/comments?post=23249"}],"version-history":[{"count":1,"href":"https:\/\/permbledhja.com\/sq\/wp-json\/wp\/v2\/posts\/23249\/revisions"}],"predecessor-version":[{"id":23251,"href":"https:\/\/permbledhja.com\/sq\/wp-json\/wp\/v2\/posts\/23249\/revisions\/23251"}],"wp:featuredmedia":[{"embeddable":true,"href":"https:\/\/permbledhja.com\/sq\/wp-json\/wp\/v2\/media\/23250"}],"wp:attachment":[{"href":"https:\/\/permbledhja.com\/sq\/wp-json\/wp\/v2\/media?parent=23249"}],"wp:term":[{"taxonomy":"category","embeddable":true,"href":"https:\/\/permbledhja.com\/sq\/wp-json\/wp\/v2\/categories?post=23249"},{"taxonomy":"post_tag","embeddable":true,"href":"https:\/\/permbledhja.com\/sq\/wp-json\/wp\/v2\/tags?post=23249"}],"curies":[{"name":"wp","href":"https:\/\/api.w.org\/{rel}","templated":true}]}}