{"id":23240,"date":"2023-08-13T21:47:32","date_gmt":"2023-08-13T21:47:32","guid":{"rendered":"https:\/\/permbledhja.com\/?p=23240"},"modified":"2023-08-13T21:47:32","modified_gmt":"2023-08-13T21:47:32","slug":"e-bukur-kjo-behen-bashke-ish-ushtaret-e-uck-se-qe-ne-kohe-lufte-ishin-nen-18-vjec","status":"publish","type":"post","link":"https:\/\/permbledhja.com\/sq\/e-bukur-kjo-behen-bashke-ish-ushtaret-e-uck-se-qe-ne-kohe-lufte-ishin-nen-18-vjec\/","title":{"rendered":"E bukur kjo: B\u00ebhen bashk\u00eb ish-ushtar\u00ebt e U\u00c7K-s\u00eb q\u00eb n\u00eb koh\u00eb lufte ishin n\u00ebn 18-vje\u00e7"},"content":{"rendered":"<h3>Ju bashkuan U\u00c7K-s\u00eb t\u00eb rinj n\u00eb mosh\u00eb. Por, pas 23 vitesh, u takuan ish-ushtar\u00ebt e U\u00c7K-s\u00eb t\u00eb cil\u00ebt iu bashkuan luft\u00ebs n\u00ebn mosh\u00ebn 18 vje\u00e7are.<\/h3>\n<p>E q\u00ebllimi i organizimit \u00ebsht\u00eb krijimi i nj\u00eb shoqate p\u00ebr veteran\u00ebt<\/p>\n<p>Drilon Temaj, tregon momentin kur ju bashkua U\u00c7K-s\u00eb.<\/p>\n<p>\u201cSi ushtar i U\u00c7K-s\u00eb jam kyq\u00eb n\u00eb mosh\u00ebn 16 vje\u00e7are. Dat\u00eblindjen e 17-t\u00eb e kam festu n\u00eb U\u00c7K, si pjes\u00ebtar i U\u00c7K-s\u00eb, si ushtar i ri n\u00eb Brigad\u00ebn 112 \u2018\u2019Arben Halili\u2019\u2019. Kam marr\u00eb pjes\u00eb me gjith\u00eb bab\u00eb, e kam bab\u00ebn invalid t\u00eb luft\u00ebs\u201d, thot\u00eb ai.<\/p>\n<p>Secili nga ta, n\u00eb koh\u00ebn e luft\u00ebs kap\u00ebn pushk\u00ebn ani pse ishin t\u00eb mitur.<\/p>\n<p>Momente t\u00eb asaj kohe, ata i kujtuan edhe p\u00ebrmes k\u00ebng\u00ebs.<\/p>\n<p>Nga Prekazi legjendar, shok\u00ebve iu bashkuan edhe tre kush\u00ebrinj t\u00eb komandantit, Adem Jasharit.<\/p>\n<p>Esati i cili luftoi krah p\u00ebr krah me Adem Jasharin, thot\u00eb se n\u00eb t\u00eb ardhmen k\u00ebtij organizimi do t\u2019i bashkohen ish-ushtar\u00eb nga e gjith\u00eb Kosova.<\/p>\n<p>\u201cKy takim \u00ebsht\u00eb nj\u00ebher\u00eb vet\u00ebm p\u00ebr Drenic\u00ebn por ky do t\u00eb vazhdoj\u00eb n\u00eb nivel qendror n\u00eb t\u00eb gjith\u00eb Kosov\u00ebn\u201d, thot\u00eb ai.<\/p>\n<p>Nd\u00ebrsa q\u00ebllimi i k\u00ebtij takimi \u00ebsht\u00eb krejt i ve\u00e7ant\u00eb.<\/p>\n<p>\u201cDo t\u00eb iniciojm\u00eb k\u00ebt\u00eb q\u00ebllim q\u00eb t\u00eb kemi si form\u00eb klubi, si form\u00eb shoqate e cila do t\u2019i mbaj\u00eb n\u00ebn ombrell\u00eb vet\u00ebm ata q\u00eb ishin pjes\u00eb e luft\u00ebs v\u00ebrtet\u00eb dhe n\u00ebn mosh\u00ebn 18 vje\u00e7\u201d, tregon Agron Kajtazi, organizator i takimit.<\/p>\n<p>Takimi i veteran\u00ebve m\u00eb t\u00eb rinj n\u00eb Kosov\u00eb u mbajt p\u00ebr her\u00eb t\u00eb par\u00eb nga p\u00ebrfundimi i luft\u00ebs.\/T\u00ebv\u00eb1<\/p>\n","protected":false},"excerpt":{"rendered":"<p>Ju bashkuan U\u00c7K-s\u00eb t\u00eb rinj n\u00eb mosh\u00eb. Por, pas 23 vitesh, u takuan ish-ushtar\u00ebt e U\u00c7K-s\u00eb t\u00eb cil\u00ebt iu bashkuan luft\u00ebs n\u00ebn mosh\u00ebn 18 vje\u00e7are. E q\u00ebllimi i organizimit \u00ebsht\u00eb krijimi i nj\u00eb shoqate p\u00ebr veteran\u00ebt Drilon Temaj, tregon momentin kur ju bashkua U\u00c7K-s\u00eb. \u201cSi ushtar i U\u00c7K-s\u00eb jam kyq\u00eb n\u00eb mosh\u00ebn 16 vje\u00e7are. Dat\u00eblindjen [&hellip;]<\/p>\n","protected":false},"author":1,"featured_media":23241,"comment_status":"closed","ping_status":"closed","sticky":false,"template":"","format":"standard","meta":{"_monsterinsights_skip_tracking":false,"_monsterinsights_sitenote_active":false,"_monsterinsights_sitenote_note":"","_monsterinsights_sitenote_category":0,"_uf_show_specific_survey":0,"_uf_disable_surveys":false,"footnotes":""},"categories":[1],"tags":[317],"yoast_head":"<!-- This site is optimized with the Yoast SEO plugin v21.5 - https:\/\/yoast.com\/wordpress\/plugins\/seo\/ -->\n<title>E bukur kjo: B\u00ebhen bashk\u00eb ish-ushtar\u00ebt e U\u00c7K-s\u00eb q\u00eb n\u00eb koh\u00eb lufte ishin n\u00ebn 18-vje\u00e7<\/title>\n<meta name=\"robots\" content=\"index, follow, max-snippet:-1, max-image-preview:large, max-video-preview:-1\" \/>\n<link rel=\"canonical\" href=\"https:\/\/permbledhja.com\/sq\/e-bukur-kjo-behen-bashke-ish-ushtaret-e-uck-se-qe-ne-kohe-lufte-ishin-nen-18-vjec\/\" \/>\n<meta property=\"og:locale\" content=\"sq_AL\" \/>\n<meta property=\"og:type\" content=\"article\" \/>\n<meta property=\"og:title\" content=\"E bukur kjo: B\u00ebhen bashk\u00eb ish-ushtar\u00ebt e U\u00c7K-s\u00eb q\u00eb n\u00eb koh\u00eb lufte ishin n\u00ebn 18-vje\u00e7\" \/>\n<meta property=\"og:description\" content=\"Ju bashkuan U\u00c7K-s\u00eb t\u00eb rinj n\u00eb mosh\u00eb. Por, pas 23 vitesh, u takuan ish-ushtar\u00ebt e U\u00c7K-s\u00eb t\u00eb cil\u00ebt iu bashkuan luft\u00ebs n\u00ebn mosh\u00ebn 18 vje\u00e7are. E q\u00ebllimi i organizimit \u00ebsht\u00eb krijimi i nj\u00eb shoqate p\u00ebr veteran\u00ebt Drilon Temaj, tregon momentin kur ju bashkua U\u00c7K-s\u00eb. \u201cSi ushtar i U\u00c7K-s\u00eb jam kyq\u00eb n\u00eb mosh\u00ebn 16 vje\u00e7are. Dat\u00eblindjen [&hellip;]\" \/>\n<meta property=\"og:url\" content=\"https:\/\/permbledhja.com\/sq\/e-bukur-kjo-behen-bashke-ish-ushtaret-e-uck-se-qe-ne-kohe-lufte-ishin-nen-18-vjec\/\" \/>\n<meta property=\"og:site_name\" content=\"Ve\u00e7 artikuj p\u00ebrmbledh\u00ebs\" \/>\n<meta property=\"article:publisher\" content=\"https:\/\/www.facebook.com\/press07\/\" \/>\n<meta property=\"article:author\" content=\"https:\/\/www.facebook.com\/kafexhiu.muharrem\/\" \/>\n<meta property=\"article:published_time\" content=\"2023-08-13T21:47:32+00:00\" \/>\n<meta property=\"og:image\" content=\"https:\/\/permbledhja.com\/wp-content\/uploads\/2023\/08\/Veteranet-e-rinj.png\" \/>\n\t<meta property=\"og:image:width\" content=\"800\" \/>\n\t<meta property=\"og:image:height\" content=\"416\" \/>\n\t<meta property=\"og:image:type\" content=\"image\/png\" \/>\n<meta name=\"author\" content=\"P\u00ebrmbledhja\" \/>\n<meta name=\"twitter:card\" content=\"summary_large_image\" \/>\n<meta name=\"twitter:label1\" content=\"Written by\" \/>\n\t<meta name=\"twitter:data1\" content=\"P\u00ebrmbledhja\" \/>\n\t<meta name=\"twitter:label2\" content=\"Est. reading time\" \/>\n\t<meta name=\"twitter:data2\" content=\"1 minut\u00eb\" \/>\n<script type=\"application\/ld+json\" class=\"yoast-schema-graph\">{\"@context\":\"https:\/\/schema.org\",\"@graph\":[{\"@type\":\"Article\",\"@id\":\"https:\/\/permbledhja.com\/e-bukur-kjo-behen-bashke-ish-ushtaret-e-uck-se-qe-ne-kohe-lufte-ishin-nen-18-vjec\/#article\",\"isPartOf\":{\"@id\":\"https:\/\/permbledhja.com\/e-bukur-kjo-behen-bashke-ish-ushtaret-e-uck-se-qe-ne-kohe-lufte-ishin-nen-18-vjec\/\"},\"author\":{\"name\":\"P\u00ebrmbledhja\",\"@id\":\"https:\/\/permbledhja.com\/#\/schema\/person\/0d064377258d3221e50693947b9eb4fe\"},\"headline\":\"E bukur kjo: B\u00ebhen bashk\u00eb ish-ushtar\u00ebt e U\u00c7K-s\u00eb q\u00eb n\u00eb koh\u00eb lufte ishin n\u00ebn 18-vje\u00e7\",\"datePublished\":\"2023-08-13T21:47:32+00:00\",\"dateModified\":\"2023-08-13T21:47:32+00:00\",\"mainEntityOfPage\":{\"@id\":\"https:\/\/permbledhja.com\/e-bukur-kjo-behen-bashke-ish-ushtaret-e-uck-se-qe-ne-kohe-lufte-ishin-nen-18-vjec\/\"},\"wordCount\":311,\"publisher\":{\"@id\":\"https:\/\/permbledhja.com\/#organization\"},\"keywords\":[\"U\u00c7K\"],\"articleSection\":[\"Breaking News\"],\"inLanguage\":\"sq\"},{\"@type\":\"WebPage\",\"@id\":\"https:\/\/permbledhja.com\/e-bukur-kjo-behen-bashke-ish-ushtaret-e-uck-se-qe-ne-kohe-lufte-ishin-nen-18-vjec\/\",\"url\":\"https:\/\/permbledhja.com\/e-bukur-kjo-behen-bashke-ish-ushtaret-e-uck-se-qe-ne-kohe-lufte-ishin-nen-18-vjec\/\",\"name\":\"E bukur kjo: B\u00ebhen bashk\u00eb ish-ushtar\u00ebt e U\u00c7K-s\u00eb q\u00eb n\u00eb koh\u00eb lufte ishin n\u00ebn 18-vje\u00e7\",\"isPartOf\":{\"@id\":\"https:\/\/permbledhja.com\/#website\"},\"datePublished\":\"2023-08-13T21:47:32+00:00\",\"dateModified\":\"2023-08-13T21:47:32+00:00\",\"breadcrumb\":{\"@id\":\"https:\/\/permbledhja.com\/e-bukur-kjo-behen-bashke-ish-ushtaret-e-uck-se-qe-ne-kohe-lufte-ishin-nen-18-vjec\/#breadcrumb\"},\"inLanguage\":\"sq\",\"potentialAction\":[{\"@type\":\"ReadAction\",\"target\":[\"https:\/\/permbledhja.com\/e-bukur-kjo-behen-bashke-ish-ushtaret-e-uck-se-qe-ne-kohe-lufte-ishin-nen-18-vjec\/\"]}]},{\"@type\":\"BreadcrumbList\",\"@id\":\"https:\/\/permbledhja.com\/e-bukur-kjo-behen-bashke-ish-ushtaret-e-uck-se-qe-ne-kohe-lufte-ishin-nen-18-vjec\/#breadcrumb\",\"itemListElement\":[{\"@type\":\"ListItem\",\"position\":1,\"name\":\"Ballina\",\"item\":\"https:\/\/permbledhja.com\/sq\/\"},{\"@type\":\"ListItem\",\"position\":2,\"name\":\"E bukur kjo: B\u00ebhen bashk\u00eb ish-ushtar\u00ebt e U\u00c7K-s\u00eb q\u00eb n\u00eb koh\u00eb lufte ishin n\u00ebn 18-vje\u00e7\"}]},{\"@type\":\"WebSite\",\"@id\":\"https:\/\/permbledhja.com\/#website\",\"url\":\"https:\/\/permbledhja.com\/\",\"name\":\"Ve\u00e7 artikuj p\u00ebrmbledh\u00ebs\",\"description\":\"\",\"publisher\":{\"@id\":\"https:\/\/permbledhja.com\/#organization\"},\"potentialAction\":[{\"@type\":\"SearchAction\",\"target\":{\"@type\":\"EntryPoint\",\"urlTemplate\":\"https:\/\/permbledhja.com\/?s={search_term_string}\"},\"query-input\":\"required name=search_term_string\"}],\"inLanguage\":\"sq\"},{\"@type\":\"Organization\",\"@id\":\"https:\/\/permbledhja.com\/#organization\",\"name\":\"MK Media & Pr\",\"url\":\"https:\/\/permbledhja.com\/\",\"logo\":{\"@type\":\"ImageObject\",\"inLanguage\":\"sq\",\"@id\":\"https:\/\/permbledhja.com\/#\/schema\/logo\/image\/\",\"url\":\"https:\/\/permbledhja.com\/wp-content\/uploads\/2021\/12\/07-Press-Logo.jpg\",\"contentUrl\":\"https:\/\/permbledhja.com\/wp-content\/uploads\/2021\/12\/07-Press-Logo.jpg\",\"width\":512,\"height\":512,\"caption\":\"MK Media & Pr\"},\"image\":{\"@id\":\"https:\/\/permbledhja.com\/#\/schema\/logo\/image\/\"},\"sameAs\":[\"https:\/\/www.facebook.com\/press07\/\"]},{\"@type\":\"Person\",\"@id\":\"https:\/\/permbledhja.com\/#\/schema\/person\/0d064377258d3221e50693947b9eb4fe\",\"name\":\"P\u00ebrmbledhja\",\"image\":{\"@type\":\"ImageObject\",\"inLanguage\":\"sq\",\"@id\":\"https:\/\/permbledhja.com\/#\/schema\/person\/image\/\",\"url\":\"https:\/\/permbledhja.com\/wp-content\/uploads\/2026\/01\/452004717_1040944174702970_8932037511805513407_n-96x96.jpg\",\"contentUrl\":\"https:\/\/permbledhja.com\/wp-content\/uploads\/2026\/01\/452004717_1040944174702970_8932037511805513407_n-96x96.jpg\",\"caption\":\"P\u00ebrmbledhja\"},\"sameAs\":[\"https:\/\/www.facebook.com\/kafexhiu.muharrem\/\",\"https:\/\/www.instagram.com\/muharrem_kafexhiu\/\"],\"url\":\"https:\/\/permbledhja.com\/sq\/author\/admin\/\"}]}<\/script>\n<!-- \/ Yoast SEO plugin. -->","yoast_head_json":{"title":"E bukur kjo: B\u00ebhen bashk\u00eb ish-ushtar\u00ebt e U\u00c7K-s\u00eb q\u00eb n\u00eb koh\u00eb lufte ishin n\u00ebn 18-vje\u00e7","robots":{"index":"index","follow":"follow","max-snippet":"max-snippet:-1","max-image-preview":"max-image-preview:large","max-video-preview":"max-video-preview:-1"},"canonical":"https:\/\/permbledhja.com\/sq\/e-bukur-kjo-behen-bashke-ish-ushtaret-e-uck-se-qe-ne-kohe-lufte-ishin-nen-18-vjec\/","og_locale":"sq_AL","og_type":"article","og_title":"E bukur kjo: B\u00ebhen bashk\u00eb ish-ushtar\u00ebt e U\u00c7K-s\u00eb q\u00eb n\u00eb koh\u00eb lufte ishin n\u00ebn 18-vje\u00e7","og_description":"Ju bashkuan U\u00c7K-s\u00eb t\u00eb rinj n\u00eb mosh\u00eb. Por, pas 23 vitesh, u takuan ish-ushtar\u00ebt e U\u00c7K-s\u00eb t\u00eb cil\u00ebt iu bashkuan luft\u00ebs n\u00ebn mosh\u00ebn 18 vje\u00e7are. E q\u00ebllimi i organizimit \u00ebsht\u00eb krijimi i nj\u00eb shoqate p\u00ebr veteran\u00ebt Drilon Temaj, tregon momentin kur ju bashkua U\u00c7K-s\u00eb. \u201cSi ushtar i U\u00c7K-s\u00eb jam kyq\u00eb n\u00eb mosh\u00ebn 16 vje\u00e7are. Dat\u00eblindjen [&hellip;]","og_url":"https:\/\/permbledhja.com\/sq\/e-bukur-kjo-behen-bashke-ish-ushtaret-e-uck-se-qe-ne-kohe-lufte-ishin-nen-18-vjec\/","og_site_name":"Ve\u00e7 artikuj p\u00ebrmbledh\u00ebs","article_publisher":"https:\/\/www.facebook.com\/press07\/","article_author":"https:\/\/www.facebook.com\/kafexhiu.muharrem\/","article_published_time":"2023-08-13T21:47:32+00:00","og_image":[{"width":800,"height":416,"url":"https:\/\/permbledhja.com\/wp-content\/uploads\/2023\/08\/Veteranet-e-rinj.png","type":"image\/png"}],"author":"P\u00ebrmbledhja","twitter_card":"summary_large_image","twitter_misc":{"Written by":"P\u00ebrmbledhja","Est. reading time":"1 minut\u00eb"},"schema":{"@context":"https:\/\/schema.org","@graph":[{"@type":"Article","@id":"https:\/\/permbledhja.com\/e-bukur-kjo-behen-bashke-ish-ushtaret-e-uck-se-qe-ne-kohe-lufte-ishin-nen-18-vjec\/#article","isPartOf":{"@id":"https:\/\/permbledhja.com\/e-bukur-kjo-behen-bashke-ish-ushtaret-e-uck-se-qe-ne-kohe-lufte-ishin-nen-18-vjec\/"},"author":{"name":"P\u00ebrmbledhja","@id":"https:\/\/permbledhja.com\/#\/schema\/person\/0d064377258d3221e50693947b9eb4fe"},"headline":"E bukur kjo: B\u00ebhen bashk\u00eb ish-ushtar\u00ebt e U\u00c7K-s\u00eb q\u00eb n\u00eb koh\u00eb lufte ishin n\u00ebn 18-vje\u00e7","datePublished":"2023-08-13T21:47:32+00:00","dateModified":"2023-08-13T21:47:32+00:00","mainEntityOfPage":{"@id":"https:\/\/permbledhja.com\/e-bukur-kjo-behen-bashke-ish-ushtaret-e-uck-se-qe-ne-kohe-lufte-ishin-nen-18-vjec\/"},"wordCount":311,"publisher":{"@id":"https:\/\/permbledhja.com\/#organization"},"keywords":["U\u00c7K"],"articleSection":["Breaking News"],"inLanguage":"sq"},{"@type":"WebPage","@id":"https:\/\/permbledhja.com\/e-bukur-kjo-behen-bashke-ish-ushtaret-e-uck-se-qe-ne-kohe-lufte-ishin-nen-18-vjec\/","url":"https:\/\/permbledhja.com\/e-bukur-kjo-behen-bashke-ish-ushtaret-e-uck-se-qe-ne-kohe-lufte-ishin-nen-18-vjec\/","name":"E bukur kjo: B\u00ebhen bashk\u00eb ish-ushtar\u00ebt e U\u00c7K-s\u00eb q\u00eb n\u00eb koh\u00eb lufte ishin n\u00ebn 18-vje\u00e7","isPartOf":{"@id":"https:\/\/permbledhja.com\/#website"},"datePublished":"2023-08-13T21:47:32+00:00","dateModified":"2023-08-13T21:47:32+00:00","breadcrumb":{"@id":"https:\/\/permbledhja.com\/e-bukur-kjo-behen-bashke-ish-ushtaret-e-uck-se-qe-ne-kohe-lufte-ishin-nen-18-vjec\/#breadcrumb"},"inLanguage":"sq","potentialAction":[{"@type":"ReadAction","target":["https:\/\/permbledhja.com\/e-bukur-kjo-behen-bashke-ish-ushtaret-e-uck-se-qe-ne-kohe-lufte-ishin-nen-18-vjec\/"]}]},{"@type":"BreadcrumbList","@id":"https:\/\/permbledhja.com\/e-bukur-kjo-behen-bashke-ish-ushtaret-e-uck-se-qe-ne-kohe-lufte-ishin-nen-18-vjec\/#breadcrumb","itemListElement":[{"@type":"ListItem","position":1,"name":"Ballina","item":"https:\/\/permbledhja.com\/sq\/"},{"@type":"ListItem","position":2,"name":"E bukur kjo: B\u00ebhen bashk\u00eb ish-ushtar\u00ebt e U\u00c7K-s\u00eb q\u00eb n\u00eb koh\u00eb lufte ishin n\u00ebn 18-vje\u00e7"}]},{"@type":"WebSite","@id":"https:\/\/permbledhja.com\/#website","url":"https:\/\/permbledhja.com\/","name":"Ve\u00e7 artikuj p\u00ebrmbledh\u00ebs","description":"","publisher":{"@id":"https:\/\/permbledhja.com\/#organization"},"potentialAction":[{"@type":"SearchAction","target":{"@type":"EntryPoint","urlTemplate":"https:\/\/permbledhja.com\/?s={search_term_string}"},"query-input":"required name=search_term_string"}],"inLanguage":"sq"},{"@type":"Organization","@id":"https:\/\/permbledhja.com\/#organization","name":"MK Media & Pr","url":"https:\/\/permbledhja.com\/","logo":{"@type":"ImageObject","inLanguage":"sq","@id":"https:\/\/permbledhja.com\/#\/schema\/logo\/image\/","url":"https:\/\/permbledhja.com\/wp-content\/uploads\/2021\/12\/07-Press-Logo.jpg","contentUrl":"https:\/\/permbledhja.com\/wp-content\/uploads\/2021\/12\/07-Press-Logo.jpg","width":512,"height":512,"caption":"MK Media & Pr"},"image":{"@id":"https:\/\/permbledhja.com\/#\/schema\/logo\/image\/"},"sameAs":["https:\/\/www.facebook.com\/press07\/"]},{"@type":"Person","@id":"https:\/\/permbledhja.com\/#\/schema\/person\/0d064377258d3221e50693947b9eb4fe","name":"P\u00ebrmbledhja","image":{"@type":"ImageObject","inLanguage":"sq","@id":"https:\/\/permbledhja.com\/#\/schema\/person\/image\/","url":"https:\/\/permbledhja.com\/wp-content\/uploads\/2026\/01\/452004717_1040944174702970_8932037511805513407_n-96x96.jpg","contentUrl":"https:\/\/permbledhja.com\/wp-content\/uploads\/2026\/01\/452004717_1040944174702970_8932037511805513407_n-96x96.jpg","caption":"P\u00ebrmbledhja"},"sameAs":["https:\/\/www.facebook.com\/kafexhiu.muharrem\/","https:\/\/www.instagram.com\/muharrem_kafexhiu\/"],"url":"https:\/\/permbledhja.com\/sq\/author\/admin\/"}]}},"_links":{"self":[{"href":"https:\/\/permbledhja.com\/sq\/wp-json\/wp\/v2\/posts\/23240"}],"collection":[{"href":"https:\/\/permbledhja.com\/sq\/wp-json\/wp\/v2\/posts"}],"about":[{"href":"https:\/\/permbledhja.com\/sq\/wp-json\/wp\/v2\/types\/post"}],"author":[{"embeddable":true,"href":"https:\/\/permbledhja.com\/sq\/wp-json\/wp\/v2\/users\/1"}],"replies":[{"embeddable":true,"href":"https:\/\/permbledhja.com\/sq\/wp-json\/wp\/v2\/comments?post=23240"}],"version-history":[{"count":1,"href":"https:\/\/permbledhja.com\/sq\/wp-json\/wp\/v2\/posts\/23240\/revisions"}],"predecessor-version":[{"id":23242,"href":"https:\/\/permbledhja.com\/sq\/wp-json\/wp\/v2\/posts\/23240\/revisions\/23242"}],"wp:featuredmedia":[{"embeddable":true,"href":"https:\/\/permbledhja.com\/sq\/wp-json\/wp\/v2\/media\/23241"}],"wp:attachment":[{"href":"https:\/\/permbledhja.com\/sq\/wp-json\/wp\/v2\/media?parent=23240"}],"wp:term":[{"taxonomy":"category","embeddable":true,"href":"https:\/\/permbledhja.com\/sq\/wp-json\/wp\/v2\/categories?post=23240"},{"taxonomy":"post_tag","embeddable":true,"href":"https:\/\/permbledhja.com\/sq\/wp-json\/wp\/v2\/tags?post=23240"}],"curies":[{"name":"wp","href":"https:\/\/api.w.org\/{rel}","templated":true}]}}