{"id":23238,"date":"2023-08-13T21:44:00","date_gmt":"2023-08-13T21:44:00","guid":{"rendered":"https:\/\/permbledhja.com\/?p=23238"},"modified":"2023-08-13T21:44:00","modified_gmt":"2023-08-13T21:44:00","slug":"gjuajtje-me-arme-zjarri-ne-nje-fshat-te-podujeve-ka-te-plagosur","status":"publish","type":"post","link":"https:\/\/permbledhja.com\/sq\/gjuajtje-me-arme-zjarri-ne-nje-fshat-te-podujeve-ka-te-plagosur\/","title":{"rendered":"Gjuajtje me arm\u00eb zjarri n\u00eb nj\u00eb fshat t\u00eb Podujev\u00eb, ka t\u00eb plagosur"},"content":{"rendered":"<h3>Sonte, n\u00eb fshatin T\u00ebrnav\u00eb t\u00eb Podujev\u00ebs jan\u00eb d\u00ebgjuar t\u00eb sht\u00ebna me arm\u00eb, ku dyshohet t\u00eb jet\u00eb plagosur nj\u00eb person.<\/h3>\n<p>Sinjalizues t\u00eb Sinjalit kan\u00eb b\u00ebr\u00eb me dije se nj\u00eb person dyshohet se ka q\u00eblluar nj\u00eb tjet\u00ebr, duke i shkaktuar l\u00ebndime trupore.<\/p>\n<p>Sipas informacioneve t\u00eb para, i dyshuari tashm\u00eb \u00ebsht\u00eb identifikuar nga Policia dhe s\u00eb shpejti pritet t\u00eb nd\u00ebrmerren veprimet e nevojshme hetimore.<\/p>\n<p>Lidhur me rastin, gazeta ka tentuar t\u00eb marr\u00eb nj\u00eb p\u00ebrgjigje nga Policia, por t\u00eb nj\u00ebjtit nuk kane qen\u00eb t\u00eb qassh\u00ebm.<\/p>\n","protected":false},"excerpt":{"rendered":"<p>Sonte, n\u00eb fshatin T\u00ebrnav\u00eb t\u00eb Podujev\u00ebs jan\u00eb d\u00ebgjuar t\u00eb sht\u00ebna me arm\u00eb, ku dyshohet t\u00eb jet\u00eb plagosur nj\u00eb person. Sinjalizues t\u00eb Sinjalit kan\u00eb b\u00ebr\u00eb me dije se nj\u00eb person dyshohet se ka q\u00eblluar nj\u00eb tjet\u00ebr, duke i shkaktuar l\u00ebndime trupore. Sipas informacioneve t\u00eb para, i dyshuari tashm\u00eb \u00ebsht\u00eb identifikuar nga Policia dhe s\u00eb shpejti pritet [&hellip;]<\/p>\n","protected":false},"author":1,"featured_media":13011,"comment_status":"closed","ping_status":"closed","sticky":false,"template":"","format":"standard","meta":{"_monsterinsights_skip_tracking":false,"_monsterinsights_sitenote_active":false,"_monsterinsights_sitenote_note":"","_monsterinsights_sitenote_category":0,"_uf_show_specific_survey":0,"_uf_disable_surveys":false,"footnotes":""},"categories":[23,15],"tags":[111],"yoast_head":"<!-- This site is optimized with the Yoast SEO plugin v21.5 - https:\/\/yoast.com\/wordpress\/plugins\/seo\/ -->\n<title>Gjuajtje me arm\u00eb zjarri n\u00eb nj\u00eb fshat t\u00eb Podujev\u00eb, ka t\u00eb plagosur<\/title>\n<meta name=\"robots\" content=\"index, follow, max-snippet:-1, max-image-preview:large, max-video-preview:-1\" \/>\n<link rel=\"canonical\" href=\"https:\/\/permbledhja.com\/sq\/gjuajtje-me-arme-zjarri-ne-nje-fshat-te-podujeve-ka-te-plagosur\/\" \/>\n<meta property=\"og:locale\" content=\"sq_AL\" \/>\n<meta property=\"og:type\" content=\"article\" \/>\n<meta property=\"og:title\" content=\"Gjuajtje me arm\u00eb zjarri n\u00eb nj\u00eb fshat t\u00eb Podujev\u00eb, ka t\u00eb plagosur\" \/>\n<meta property=\"og:description\" content=\"Sonte, n\u00eb fshatin T\u00ebrnav\u00eb t\u00eb Podujev\u00ebs jan\u00eb d\u00ebgjuar t\u00eb sht\u00ebna me arm\u00eb, ku dyshohet t\u00eb jet\u00eb plagosur nj\u00eb person. Sinjalizues t\u00eb Sinjalit kan\u00eb b\u00ebr\u00eb me dije se nj\u00eb person dyshohet se ka q\u00eblluar nj\u00eb tjet\u00ebr, duke i shkaktuar l\u00ebndime trupore. Sipas informacioneve t\u00eb para, i dyshuari tashm\u00eb \u00ebsht\u00eb identifikuar nga Policia dhe s\u00eb shpejti pritet [&hellip;]\" \/>\n<meta property=\"og:url\" content=\"https:\/\/permbledhja.com\/sq\/gjuajtje-me-arme-zjarri-ne-nje-fshat-te-podujeve-ka-te-plagosur\/\" \/>\n<meta property=\"og:site_name\" content=\"Ve\u00e7 artikuj p\u00ebrmbledh\u00ebs\" \/>\n<meta property=\"article:publisher\" content=\"https:\/\/www.facebook.com\/press07\/\" \/>\n<meta property=\"article:author\" content=\"https:\/\/www.facebook.com\/kafexhiu.muharrem\/\" \/>\n<meta property=\"article:published_time\" content=\"2023-08-13T21:44:00+00:00\" \/>\n<meta property=\"og:image\" content=\"https:\/\/permbledhja.com\/wp-content\/uploads\/2023\/03\/policia-emergjenca-768x492-1.jpg\" \/>\n\t<meta property=\"og:image:width\" content=\"768\" \/>\n\t<meta property=\"og:image:height\" content=\"492\" \/>\n\t<meta property=\"og:image:type\" content=\"image\/jpeg\" \/>\n<meta name=\"author\" content=\"P\u00ebrmbledhja\" \/>\n<meta name=\"twitter:card\" content=\"summary_large_image\" \/>\n<meta name=\"twitter:label1\" content=\"Written by\" \/>\n\t<meta name=\"twitter:data1\" content=\"P\u00ebrmbledhja\" \/>\n<script type=\"application\/ld+json\" class=\"yoast-schema-graph\">{\"@context\":\"https:\/\/schema.org\",\"@graph\":[{\"@type\":\"Article\",\"@id\":\"https:\/\/permbledhja.com\/gjuajtje-me-arme-zjarri-ne-nje-fshat-te-podujeve-ka-te-plagosur\/#article\",\"isPartOf\":{\"@id\":\"https:\/\/permbledhja.com\/gjuajtje-me-arme-zjarri-ne-nje-fshat-te-podujeve-ka-te-plagosur\/\"},\"author\":{\"name\":\"P\u00ebrmbledhja\",\"@id\":\"https:\/\/permbledhja.com\/#\/schema\/person\/0d064377258d3221e50693947b9eb4fe\"},\"headline\":\"Gjuajtje me arm\u00eb zjarri n\u00eb nj\u00eb fshat t\u00eb Podujev\u00eb, ka t\u00eb plagosur\",\"datePublished\":\"2023-08-13T21:44:00+00:00\",\"dateModified\":\"2023-08-13T21:44:00+00:00\",\"mainEntityOfPage\":{\"@id\":\"https:\/\/permbledhja.com\/gjuajtje-me-arme-zjarri-ne-nje-fshat-te-podujeve-ka-te-plagosur\/\"},\"wordCount\":105,\"publisher\":{\"@id\":\"https:\/\/permbledhja.com\/#organization\"},\"keywords\":[\"Podujev\u00eb\"],\"articleSection\":[\"Komb\u00ebtare\",\"Lajme\"],\"inLanguage\":\"sq\"},{\"@type\":\"WebPage\",\"@id\":\"https:\/\/permbledhja.com\/gjuajtje-me-arme-zjarri-ne-nje-fshat-te-podujeve-ka-te-plagosur\/\",\"url\":\"https:\/\/permbledhja.com\/gjuajtje-me-arme-zjarri-ne-nje-fshat-te-podujeve-ka-te-plagosur\/\",\"name\":\"Gjuajtje me arm\u00eb zjarri n\u00eb nj\u00eb fshat t\u00eb Podujev\u00eb, ka t\u00eb plagosur\",\"isPartOf\":{\"@id\":\"https:\/\/permbledhja.com\/#website\"},\"datePublished\":\"2023-08-13T21:44:00+00:00\",\"dateModified\":\"2023-08-13T21:44:00+00:00\",\"breadcrumb\":{\"@id\":\"https:\/\/permbledhja.com\/gjuajtje-me-arme-zjarri-ne-nje-fshat-te-podujeve-ka-te-plagosur\/#breadcrumb\"},\"inLanguage\":\"sq\",\"potentialAction\":[{\"@type\":\"ReadAction\",\"target\":[\"https:\/\/permbledhja.com\/gjuajtje-me-arme-zjarri-ne-nje-fshat-te-podujeve-ka-te-plagosur\/\"]}]},{\"@type\":\"BreadcrumbList\",\"@id\":\"https:\/\/permbledhja.com\/gjuajtje-me-arme-zjarri-ne-nje-fshat-te-podujeve-ka-te-plagosur\/#breadcrumb\",\"itemListElement\":[{\"@type\":\"ListItem\",\"position\":1,\"name\":\"Ballina\",\"item\":\"https:\/\/permbledhja.com\/sq\/\"},{\"@type\":\"ListItem\",\"position\":2,\"name\":\"Gjuajtje me arm\u00eb zjarri n\u00eb nj\u00eb fshat t\u00eb Podujev\u00eb, ka t\u00eb plagosur\"}]},{\"@type\":\"WebSite\",\"@id\":\"https:\/\/permbledhja.com\/#website\",\"url\":\"https:\/\/permbledhja.com\/\",\"name\":\"Ve\u00e7 artikuj p\u00ebrmbledh\u00ebs\",\"description\":\"\",\"publisher\":{\"@id\":\"https:\/\/permbledhja.com\/#organization\"},\"potentialAction\":[{\"@type\":\"SearchAction\",\"target\":{\"@type\":\"EntryPoint\",\"urlTemplate\":\"https:\/\/permbledhja.com\/?s={search_term_string}\"},\"query-input\":\"required name=search_term_string\"}],\"inLanguage\":\"sq\"},{\"@type\":\"Organization\",\"@id\":\"https:\/\/permbledhja.com\/#organization\",\"name\":\"MK Media & Pr\",\"url\":\"https:\/\/permbledhja.com\/\",\"logo\":{\"@type\":\"ImageObject\",\"inLanguage\":\"sq\",\"@id\":\"https:\/\/permbledhja.com\/#\/schema\/logo\/image\/\",\"url\":\"https:\/\/permbledhja.com\/wp-content\/uploads\/2021\/12\/07-Press-Logo.jpg\",\"contentUrl\":\"https:\/\/permbledhja.com\/wp-content\/uploads\/2021\/12\/07-Press-Logo.jpg\",\"width\":512,\"height\":512,\"caption\":\"MK Media & Pr\"},\"image\":{\"@id\":\"https:\/\/permbledhja.com\/#\/schema\/logo\/image\/\"},\"sameAs\":[\"https:\/\/www.facebook.com\/press07\/\"]},{\"@type\":\"Person\",\"@id\":\"https:\/\/permbledhja.com\/#\/schema\/person\/0d064377258d3221e50693947b9eb4fe\",\"name\":\"P\u00ebrmbledhja\",\"image\":{\"@type\":\"ImageObject\",\"inLanguage\":\"sq\",\"@id\":\"https:\/\/permbledhja.com\/#\/schema\/person\/image\/\",\"url\":\"https:\/\/permbledhja.com\/wp-content\/uploads\/2026\/01\/452004717_1040944174702970_8932037511805513407_n-96x96.jpg\",\"contentUrl\":\"https:\/\/permbledhja.com\/wp-content\/uploads\/2026\/01\/452004717_1040944174702970_8932037511805513407_n-96x96.jpg\",\"caption\":\"P\u00ebrmbledhja\"},\"sameAs\":[\"https:\/\/www.facebook.com\/kafexhiu.muharrem\/\",\"https:\/\/www.instagram.com\/muharrem_kafexhiu\/\"],\"url\":\"https:\/\/permbledhja.com\/sq\/author\/admin\/\"}]}<\/script>\n<!-- \/ Yoast SEO plugin. -->","yoast_head_json":{"title":"Gjuajtje me arm\u00eb zjarri n\u00eb nj\u00eb fshat t\u00eb Podujev\u00eb, ka t\u00eb plagosur","robots":{"index":"index","follow":"follow","max-snippet":"max-snippet:-1","max-image-preview":"max-image-preview:large","max-video-preview":"max-video-preview:-1"},"canonical":"https:\/\/permbledhja.com\/sq\/gjuajtje-me-arme-zjarri-ne-nje-fshat-te-podujeve-ka-te-plagosur\/","og_locale":"sq_AL","og_type":"article","og_title":"Gjuajtje me arm\u00eb zjarri n\u00eb nj\u00eb fshat t\u00eb Podujev\u00eb, ka t\u00eb plagosur","og_description":"Sonte, n\u00eb fshatin T\u00ebrnav\u00eb t\u00eb Podujev\u00ebs jan\u00eb d\u00ebgjuar t\u00eb sht\u00ebna me arm\u00eb, ku dyshohet t\u00eb jet\u00eb plagosur nj\u00eb person. Sinjalizues t\u00eb Sinjalit kan\u00eb b\u00ebr\u00eb me dije se nj\u00eb person dyshohet se ka q\u00eblluar nj\u00eb tjet\u00ebr, duke i shkaktuar l\u00ebndime trupore. Sipas informacioneve t\u00eb para, i dyshuari tashm\u00eb \u00ebsht\u00eb identifikuar nga Policia dhe s\u00eb shpejti pritet [&hellip;]","og_url":"https:\/\/permbledhja.com\/sq\/gjuajtje-me-arme-zjarri-ne-nje-fshat-te-podujeve-ka-te-plagosur\/","og_site_name":"Ve\u00e7 artikuj p\u00ebrmbledh\u00ebs","article_publisher":"https:\/\/www.facebook.com\/press07\/","article_author":"https:\/\/www.facebook.com\/kafexhiu.muharrem\/","article_published_time":"2023-08-13T21:44:00+00:00","og_image":[{"width":768,"height":492,"url":"https:\/\/permbledhja.com\/wp-content\/uploads\/2023\/03\/policia-emergjenca-768x492-1.jpg","type":"image\/jpeg"}],"author":"P\u00ebrmbledhja","twitter_card":"summary_large_image","twitter_misc":{"Written by":"P\u00ebrmbledhja"},"schema":{"@context":"https:\/\/schema.org","@graph":[{"@type":"Article","@id":"https:\/\/permbledhja.com\/gjuajtje-me-arme-zjarri-ne-nje-fshat-te-podujeve-ka-te-plagosur\/#article","isPartOf":{"@id":"https:\/\/permbledhja.com\/gjuajtje-me-arme-zjarri-ne-nje-fshat-te-podujeve-ka-te-plagosur\/"},"author":{"name":"P\u00ebrmbledhja","@id":"https:\/\/permbledhja.com\/#\/schema\/person\/0d064377258d3221e50693947b9eb4fe"},"headline":"Gjuajtje me arm\u00eb zjarri n\u00eb nj\u00eb fshat t\u00eb Podujev\u00eb, ka t\u00eb plagosur","datePublished":"2023-08-13T21:44:00+00:00","dateModified":"2023-08-13T21:44:00+00:00","mainEntityOfPage":{"@id":"https:\/\/permbledhja.com\/gjuajtje-me-arme-zjarri-ne-nje-fshat-te-podujeve-ka-te-plagosur\/"},"wordCount":105,"publisher":{"@id":"https:\/\/permbledhja.com\/#organization"},"keywords":["Podujev\u00eb"],"articleSection":["Komb\u00ebtare","Lajme"],"inLanguage":"sq"},{"@type":"WebPage","@id":"https:\/\/permbledhja.com\/gjuajtje-me-arme-zjarri-ne-nje-fshat-te-podujeve-ka-te-plagosur\/","url":"https:\/\/permbledhja.com\/gjuajtje-me-arme-zjarri-ne-nje-fshat-te-podujeve-ka-te-plagosur\/","name":"Gjuajtje me arm\u00eb zjarri n\u00eb nj\u00eb fshat t\u00eb Podujev\u00eb, ka t\u00eb plagosur","isPartOf":{"@id":"https:\/\/permbledhja.com\/#website"},"datePublished":"2023-08-13T21:44:00+00:00","dateModified":"2023-08-13T21:44:00+00:00","breadcrumb":{"@id":"https:\/\/permbledhja.com\/gjuajtje-me-arme-zjarri-ne-nje-fshat-te-podujeve-ka-te-plagosur\/#breadcrumb"},"inLanguage":"sq","potentialAction":[{"@type":"ReadAction","target":["https:\/\/permbledhja.com\/gjuajtje-me-arme-zjarri-ne-nje-fshat-te-podujeve-ka-te-plagosur\/"]}]},{"@type":"BreadcrumbList","@id":"https:\/\/permbledhja.com\/gjuajtje-me-arme-zjarri-ne-nje-fshat-te-podujeve-ka-te-plagosur\/#breadcrumb","itemListElement":[{"@type":"ListItem","position":1,"name":"Ballina","item":"https:\/\/permbledhja.com\/sq\/"},{"@type":"ListItem","position":2,"name":"Gjuajtje me arm\u00eb zjarri n\u00eb nj\u00eb fshat t\u00eb Podujev\u00eb, ka t\u00eb plagosur"}]},{"@type":"WebSite","@id":"https:\/\/permbledhja.com\/#website","url":"https:\/\/permbledhja.com\/","name":"Ve\u00e7 artikuj p\u00ebrmbledh\u00ebs","description":"","publisher":{"@id":"https:\/\/permbledhja.com\/#organization"},"potentialAction":[{"@type":"SearchAction","target":{"@type":"EntryPoint","urlTemplate":"https:\/\/permbledhja.com\/?s={search_term_string}"},"query-input":"required name=search_term_string"}],"inLanguage":"sq"},{"@type":"Organization","@id":"https:\/\/permbledhja.com\/#organization","name":"MK Media & Pr","url":"https:\/\/permbledhja.com\/","logo":{"@type":"ImageObject","inLanguage":"sq","@id":"https:\/\/permbledhja.com\/#\/schema\/logo\/image\/","url":"https:\/\/permbledhja.com\/wp-content\/uploads\/2021\/12\/07-Press-Logo.jpg","contentUrl":"https:\/\/permbledhja.com\/wp-content\/uploads\/2021\/12\/07-Press-Logo.jpg","width":512,"height":512,"caption":"MK Media & Pr"},"image":{"@id":"https:\/\/permbledhja.com\/#\/schema\/logo\/image\/"},"sameAs":["https:\/\/www.facebook.com\/press07\/"]},{"@type":"Person","@id":"https:\/\/permbledhja.com\/#\/schema\/person\/0d064377258d3221e50693947b9eb4fe","name":"P\u00ebrmbledhja","image":{"@type":"ImageObject","inLanguage":"sq","@id":"https:\/\/permbledhja.com\/#\/schema\/person\/image\/","url":"https:\/\/permbledhja.com\/wp-content\/uploads\/2026\/01\/452004717_1040944174702970_8932037511805513407_n-96x96.jpg","contentUrl":"https:\/\/permbledhja.com\/wp-content\/uploads\/2026\/01\/452004717_1040944174702970_8932037511805513407_n-96x96.jpg","caption":"P\u00ebrmbledhja"},"sameAs":["https:\/\/www.facebook.com\/kafexhiu.muharrem\/","https:\/\/www.instagram.com\/muharrem_kafexhiu\/"],"url":"https:\/\/permbledhja.com\/sq\/author\/admin\/"}]}},"_links":{"self":[{"href":"https:\/\/permbledhja.com\/sq\/wp-json\/wp\/v2\/posts\/23238"}],"collection":[{"href":"https:\/\/permbledhja.com\/sq\/wp-json\/wp\/v2\/posts"}],"about":[{"href":"https:\/\/permbledhja.com\/sq\/wp-json\/wp\/v2\/types\/post"}],"author":[{"embeddable":true,"href":"https:\/\/permbledhja.com\/sq\/wp-json\/wp\/v2\/users\/1"}],"replies":[{"embeddable":true,"href":"https:\/\/permbledhja.com\/sq\/wp-json\/wp\/v2\/comments?post=23238"}],"version-history":[{"count":1,"href":"https:\/\/permbledhja.com\/sq\/wp-json\/wp\/v2\/posts\/23238\/revisions"}],"predecessor-version":[{"id":23239,"href":"https:\/\/permbledhja.com\/sq\/wp-json\/wp\/v2\/posts\/23238\/revisions\/23239"}],"wp:featuredmedia":[{"embeddable":true,"href":"https:\/\/permbledhja.com\/sq\/wp-json\/wp\/v2\/media\/13011"}],"wp:attachment":[{"href":"https:\/\/permbledhja.com\/sq\/wp-json\/wp\/v2\/media?parent=23238"}],"wp:term":[{"taxonomy":"category","embeddable":true,"href":"https:\/\/permbledhja.com\/sq\/wp-json\/wp\/v2\/categories?post=23238"},{"taxonomy":"post_tag","embeddable":true,"href":"https:\/\/permbledhja.com\/sq\/wp-json\/wp\/v2\/tags?post=23238"}],"curies":[{"name":"wp","href":"https:\/\/api.w.org\/{rel}","templated":true}]}}