{"id":23232,"date":"2023-08-13T20:58:41","date_gmt":"2023-08-13T20:58:41","guid":{"rendered":"https:\/\/permbledhja.com\/?p=23232"},"modified":"2023-08-13T20:58:41","modified_gmt":"2023-08-13T20:58:41","slug":"vizita-e-kurtit-ne-tetove-dhe-cair-shkakton-perplasje-mes-partive-politike","status":"publish","type":"post","link":"https:\/\/permbledhja.com\/sq\/vizita-e-kurtit-ne-tetove-dhe-cair-shkakton-perplasje-mes-partive-politike\/","title":{"rendered":"Vizita e Kurtit n\u00eb Tetov\u00eb dhe \u00c7air shkakton p\u00ebrplasje mes partive politike"},"content":{"rendered":"<p><b>Kryeministri i Kosov\u00ebs, Albin Kurti, t\u00eb premten, m\u00eb 11 gusht, udh\u00ebtoi p\u00ebr n\u00eb Maqedonin\u00eb e Veriut, p\u00ebr nj\u00eb vizit\u00eb n\u00eb komun\u00ebn e \u00c7airit n\u00eb Shkup dhe komun\u00ebn e Tetov\u00ebs. Kurti u prit aty nga tre lider\u00eb t\u00eb partive opozitare. Gjat\u00eb k\u00ebsaj kohe ai nuk u takua me asnj\u00eb an\u00ebtar t\u00eb qeveris\u00eb. Reagimet dhe kritikat mes partive politike maqedonase dhe figurave m\u00eb t\u00eb larta t\u00eb shtetit pas vizit\u00ebs s\u00eb Kurtit kan\u00eb qen\u00eb t\u00eb m\u00ebdha. Tubimet me flamurin \u201cAutoctonus\u201d, n\u00eb kund\u00ebrshtim me protokollet dhe ligjet, n\u00eb t\u00eb cilat mori pjes\u00eb edhe kreu i qeveris\u00eb s\u00eb Kosov\u00ebs, shkaktoi reagimin e krer\u00ebve t\u00eb shtetit maqedonas, duke rrezikuar ftohjen e marr\u00ebdh\u00ebnieve mes dy qeverive.<\/b><\/p>\n<p>Presidenti i Maqedonis\u00eb s\u00eb Veriut, Stevo Pendarovski, i \u00ebsht\u00eb p\u00ebrgjigjur me nj\u00eb reagim t\u00eb ashp\u00ebrngjarjeve n\u00eb Tetov\u00eb dhe \u00c7air lidhur me shfaqjen e flamurit \u201c<a href=\"https:\/\/albanianpost.com\/vizita-private-e-kurtit-nxit-reagimin-e-shkupit-nisin-hetimet-per-shfaqjen-e-flamurit-autoctonus\/?fbclid=IwAR1sjwHCHxGHW-uh_1Tfv8Ki0fqm6fGs-XIQWJYGfJ3N5HUY2krYTBV7uIM\" target=\"_blank\" rel=\"noopener\">Autoctonus<\/a>\u201d, ku mori pjes\u00eb edhe kryeministri i Kosov\u00ebs, Albin Kurti.<\/p>\n<p>Ai gjithashtu shprehu shqet\u00ebsim p\u00ebr ikonografin\u00eb e p\u00ebrdorur gjat\u00eb manifestimeve n\u00eb prani t\u00eb p\u00ebrfaq\u00ebsuesve t\u00eb lart\u00eb t\u00eb vendeve t\u00eb huaja<\/p>\n<p><i>\u201cTheksimi i ikonografis\u00eb provokuese nacionaliste q\u00eb promovon ide shoviniste shtet\u00ebrore paraqet ndezjen e urrejtjes dhe intoleranc\u00ebs etnike, e cila pa m\u00ebdyshje sulmon parimet dhe vlerat baz\u00eb t\u00eb Marr\u00ebveshjes Korniz\u00eb si dhe konceptin e Maqedonis\u00eb si shtet multietnik. Organizator\u00ebt e tubimeve publike n\u00eb Tetov\u00eb dhe \u00c7air duhet t\u00eb sanksionohen ligj\u00ebrisht p\u00ebr shkeljen e dispozitave ligjore p\u00ebr p\u00ebrdorimin e flamurit dhe himnit shtet\u00ebror dhe flamujve dhe simboleve t\u00eb komuniteteve, duke i injoruar plot\u00ebsisht simbolet e shtetit. N\u00eb k\u00ebt\u00eb drejtim, i b\u00ebj thirrje organeve kompetente q\u00eb sa m\u00eb par\u00eb t\u00eb kryejn\u00eb procedurat e parapara.\u201d-<\/i>\u00a0ka shkruar Pendarovski.<\/p>\n<div id=\"oyzmr4f8pccf\" class=\"related\">\n<div class=\"row\">\n<p>Qeveria maqedonase gjithashtu d\u00ebnoi faktin q\u00eb n\u00eb territorin e tyre u zhvillua nj\u00eb manifestim pa k\u00ebnduar himni komb\u00ebtar dhe pa ekspozuar flamurin komb\u00ebtar t\u00eb Maqedonis\u00eb s\u00eb Veriut. Kjo u vler\u00ebsua si nj\u00eb shkelje e r\u00ebnd\u00eb e rregullave t\u00eb respektimit t\u00eb simboleve komb\u00ebtare.<\/p>\n<p><i>\u201cTheksojm\u00eb se, t\u00eb gjith\u00eb shtetet e rajonit, t\u00eb cil\u00ebt duan q\u00eb i nj\u00ebjti t\u00eb jet\u00eb prosperues, me ekonomi t\u00eb zhvilluar dhe i integruar n\u00eb Bashkimin Evropian dhe t\u00eb cil\u00ebt duan t\u00eb nd\u00ebrtojn\u00eb raporte miq\u00ebsore me fqinj\u00ebt e tyre, duhet q\u00eb me t\u00eb gjitha veprimet e tyre t\u2019i thellojn\u00eb miq\u00ebsit\u00eb edhe mes shteteve edhe mes qytetar\u00ebve dhe t\u00eb insistojn\u00eb n\u00eb respektimin, para s\u00eb gjithash, t\u00eb simboleve shtet\u00ebror si dhe t\u00eb specifikave multikulturore t\u00eb \u00e7do shteti t\u00eb rajonit. Republika e Maqedonis\u00eb s\u00eb Veriut \u00ebsht\u00eb si shoq\u00ebri multikulturore dhe multietnike funksionale nd\u00ebrton raporte t\u00eb mira fqinj\u00ebsore me gjith\u00eb fqinj\u00ebt e saj, t\u00eb bazuara n\u00eb respektimin dhe bashk\u00ebpunim, i cili duhet t\u00eb kontribuoj\u00eb drejt zhvillimit t\u00eb m\u00ebtejm\u00eb edhe t\u00eb vendit edhe t\u00eb rajonit\u201d,<\/i>\u00a0thuhet n\u00eb kumtes\u00ebn e kabinetit t\u00eb Kova\u00e7evskit.<\/p>\n<p>Problematik ka rezultuar edhe em\u00ebrtimi i nj\u00eb rruge sipas veprimarit Adem Dema\u00e7i, e cila m\u00eb her\u00ebt mbante emrin \u201cBrigada e 2-t\u00eb Sulmuese Maqedonase\u201d n\u00eb komun\u00ebn e \u00c7airit. N\u00eb inaugurimin e saj mori pjes\u00eb edhe kryeministri Kurti.<\/p>\n<p>Si\u00e7 shkruan\u00a0<a href=\"https:\/\/www.zeriamerikes.com\/a\/7223335.html?fbclid=IwAR2vRQsZM9Ax1uyX0u90hYTvxEB6YM7dxRYHs_1qpaIUIUGIF8DcOgbrX80\">Z\u00ebri i Amerik\u00ebs<\/a>, em\u00ebrtimi i ri i k\u00ebsaj rruge shkaktoi pak\u00ebnaq\u00ebsi midis maqedonasve n\u00ebn argumentet e<i>\u00a0\u201cndryshimit t\u00eb em\u00ebrtimeve pa nj\u00eb konsensus t\u00eb gjer\u00eb nd\u00ebretnik\u201d.<\/i><\/p>\n<p>LSDM ka pretenduar se VMRO-n\u00eb autorizoi ndryshimin e emrit t\u00eb rrug\u00ebve p\u00ebrmes aleat\u00ebve t\u00eb saj jozyrtar.<\/p>\n<p>&#8220;<em>Mickovski dhe DPMNE jan\u00eb organizator\u00ebt e ngjarjeve n\u00eb Shkup dhe n\u00eb Tetov\u00eb. Bilall Kasami u b\u00eb kryetar komune n\u00eb Tetov\u00eb me mb\u00ebshtetjen e (VMRO) DPMNE-s\u00eb, nd\u00ebrsa bashk\u00ebpunimi i tyre vazhdon n\u00eb K\u00ebshillin Komunal, n\u00eb Parlament dhe n\u00eb fusha t\u00eb tjera\u201d<\/em>, thuhet n\u00eb nj\u00eb deklarat\u00eb t\u00eb LSDM-s\u00eb.<\/p>\n<p>N\u00eb an\u00ebn tjet\u00ebr, Hristijan Mickovski, kryetar i VMRO-DPMNE-s\u00eb, ka kritikuar Kryeministrin Dimitar Kova\u00e7evski p\u00ebr vendimin e tij p\u00ebr t\u00eb miratuar ndryshimet e emrave t\u00eb rrug\u00ebve.<\/p>\n<p>Ai e akuzoi at\u00eb p\u00ebr\u00a0<i>\u201ctradh\u00ebti ndaj interesave dhe popullit maqedonas\u201d.<\/i><\/p>\n<p><em>\u201cAktrimi juaj i partiotizmit dhe i sh\u00ebrb\u00ebtor\u00ebve tuaj n\u00eb opozit\u00eb nuk ju ka hije sepse nuk ka tradhti pas s\u00eb cil\u00ebs nuk q\u00ebndron n\u00ebnshkrimi juaj\u201d<\/em>, ka shkruar Mickovski mes tjerash n\u00eb Facebook<\/p>\n<\/div>\n<\/div>\n","protected":false},"excerpt":{"rendered":"<p>Kryeministri i Kosov\u00ebs, Albin Kurti, t\u00eb premten, m\u00eb 11 gusht, udh\u00ebtoi p\u00ebr n\u00eb Maqedonin\u00eb e Veriut, p\u00ebr nj\u00eb vizit\u00eb n\u00eb komun\u00ebn e \u00c7airit n\u00eb Shkup dhe komun\u00ebn e Tetov\u00ebs. Kurti u prit aty nga tre lider\u00eb t\u00eb partive opozitare. Gjat\u00eb k\u00ebsaj kohe ai nuk u takua me asnj\u00eb an\u00ebtar t\u00eb qeveris\u00eb. Reagimet dhe kritikat mes [&hellip;]<\/p>\n","protected":false},"author":1,"featured_media":23233,"comment_status":"closed","ping_status":"closed","sticky":false,"template":"","format":"standard","meta":{"_monsterinsights_skip_tracking":false,"_monsterinsights_sitenote_active":false,"_monsterinsights_sitenote_note":"","_monsterinsights_sitenote_category":0,"_uf_show_specific_survey":0,"_uf_disable_surveys":false,"footnotes":""},"categories":[23,15],"tags":[86],"yoast_head":"<!-- This site is optimized with the Yoast SEO plugin v21.5 - https:\/\/yoast.com\/wordpress\/plugins\/seo\/ -->\n<title>Vizita e Kurtit n\u00eb Tetov\u00eb dhe \u00c7air shkakton p\u00ebrplasje mes partive politike<\/title>\n<meta name=\"robots\" content=\"index, follow, max-snippet:-1, max-image-preview:large, max-video-preview:-1\" \/>\n<link rel=\"canonical\" href=\"https:\/\/permbledhja.com\/sq\/vizita-e-kurtit-ne-tetove-dhe-cair-shkakton-perplasje-mes-partive-politike\/\" \/>\n<meta property=\"og:locale\" content=\"sq_AL\" \/>\n<meta property=\"og:type\" content=\"article\" \/>\n<meta property=\"og:title\" content=\"Vizita e Kurtit n\u00eb Tetov\u00eb dhe \u00c7air shkakton p\u00ebrplasje mes partive politike\" \/>\n<meta property=\"og:description\" content=\"Kryeministri i Kosov\u00ebs, Albin Kurti, t\u00eb premten, m\u00eb 11 gusht, udh\u00ebtoi p\u00ebr n\u00eb Maqedonin\u00eb e Veriut, p\u00ebr nj\u00eb vizit\u00eb n\u00eb komun\u00ebn e \u00c7airit n\u00eb Shkup dhe komun\u00ebn e Tetov\u00ebs. Kurti u prit aty nga tre lider\u00eb t\u00eb partive opozitare. Gjat\u00eb k\u00ebsaj kohe ai nuk u takua me asnj\u00eb an\u00ebtar t\u00eb qeveris\u00eb. Reagimet dhe kritikat mes [&hellip;]\" \/>\n<meta property=\"og:url\" content=\"https:\/\/permbledhja.com\/sq\/vizita-e-kurtit-ne-tetove-dhe-cair-shkakton-perplasje-mes-partive-politike\/\" \/>\n<meta property=\"og:site_name\" content=\"Ve\u00e7 artikuj p\u00ebrmbledh\u00ebs\" \/>\n<meta property=\"article:publisher\" content=\"https:\/\/www.facebook.com\/press07\/\" \/>\n<meta property=\"article:author\" content=\"https:\/\/www.facebook.com\/kafexhiu.muharrem\/\" \/>\n<meta property=\"article:published_time\" content=\"2023-08-13T20:58:41+00:00\" \/>\n<meta property=\"og:image\" content=\"https:\/\/permbledhja.com\/wp-content\/uploads\/2023\/08\/nn.png\" \/>\n\t<meta property=\"og:image:width\" content=\"717\" \/>\n\t<meta property=\"og:image:height\" content=\"446\" \/>\n\t<meta property=\"og:image:type\" content=\"image\/png\" \/>\n<meta name=\"author\" content=\"P\u00ebrmbledhja\" \/>\n<meta name=\"twitter:card\" content=\"summary_large_image\" \/>\n<meta name=\"twitter:label1\" content=\"Written by\" \/>\n\t<meta name=\"twitter:data1\" content=\"P\u00ebrmbledhja\" \/>\n\t<meta name=\"twitter:label2\" content=\"Est. reading time\" \/>\n\t<meta name=\"twitter:data2\" content=\"4 minuta\" \/>\n<script type=\"application\/ld+json\" class=\"yoast-schema-graph\">{\"@context\":\"https:\/\/schema.org\",\"@graph\":[{\"@type\":\"Article\",\"@id\":\"https:\/\/permbledhja.com\/sq\/vizita-e-kurtit-ne-tetove-dhe-cair-shkakton-perplasje-mes-partive-politike\/#article\",\"isPartOf\":{\"@id\":\"https:\/\/permbledhja.com\/sq\/vizita-e-kurtit-ne-tetove-dhe-cair-shkakton-perplasje-mes-partive-politike\/\"},\"author\":{\"name\":\"P\u00ebrmbledhja\",\"@id\":\"https:\/\/permbledhja.com\/#\/schema\/person\/0d064377258d3221e50693947b9eb4fe\"},\"headline\":\"Vizita e Kurtit n\u00eb Tetov\u00eb dhe \u00c7air shkakton p\u00ebrplasje mes partive politike\",\"datePublished\":\"2023-08-13T20:58:41+00:00\",\"dateModified\":\"2023-08-13T20:58:41+00:00\",\"mainEntityOfPage\":{\"@id\":\"https:\/\/permbledhja.com\/sq\/vizita-e-kurtit-ne-tetove-dhe-cair-shkakton-perplasje-mes-partive-politike\/\"},\"wordCount\":728,\"publisher\":{\"@id\":\"https:\/\/permbledhja.com\/#organization\"},\"keywords\":[\"Albin Kurti\"],\"articleSection\":[\"Komb\u00ebtare\",\"Lajme\"],\"inLanguage\":\"sq\"},{\"@type\":\"WebPage\",\"@id\":\"https:\/\/permbledhja.com\/sq\/vizita-e-kurtit-ne-tetove-dhe-cair-shkakton-perplasje-mes-partive-politike\/\",\"url\":\"https:\/\/permbledhja.com\/sq\/vizita-e-kurtit-ne-tetove-dhe-cair-shkakton-perplasje-mes-partive-politike\/\",\"name\":\"Vizita e Kurtit n\u00eb Tetov\u00eb dhe \u00c7air shkakton p\u00ebrplasje mes partive politike\",\"isPartOf\":{\"@id\":\"https:\/\/permbledhja.com\/#website\"},\"datePublished\":\"2023-08-13T20:58:41+00:00\",\"dateModified\":\"2023-08-13T20:58:41+00:00\",\"breadcrumb\":{\"@id\":\"https:\/\/permbledhja.com\/sq\/vizita-e-kurtit-ne-tetove-dhe-cair-shkakton-perplasje-mes-partive-politike\/#breadcrumb\"},\"inLanguage\":\"sq\",\"potentialAction\":[{\"@type\":\"ReadAction\",\"target\":[\"https:\/\/permbledhja.com\/sq\/vizita-e-kurtit-ne-tetove-dhe-cair-shkakton-perplasje-mes-partive-politike\/\"]}]},{\"@type\":\"BreadcrumbList\",\"@id\":\"https:\/\/permbledhja.com\/sq\/vizita-e-kurtit-ne-tetove-dhe-cair-shkakton-perplasje-mes-partive-politike\/#breadcrumb\",\"itemListElement\":[{\"@type\":\"ListItem\",\"position\":1,\"name\":\"Ballina\",\"item\":\"https:\/\/permbledhja.com\/sq\/\"},{\"@type\":\"ListItem\",\"position\":2,\"name\":\"Vizita e Kurtit n\u00eb Tetov\u00eb dhe \u00c7air shkakton p\u00ebrplasje mes partive politike\"}]},{\"@type\":\"WebSite\",\"@id\":\"https:\/\/permbledhja.com\/#website\",\"url\":\"https:\/\/permbledhja.com\/\",\"name\":\"Ve\u00e7 artikuj p\u00ebrmbledh\u00ebs\",\"description\":\"\",\"publisher\":{\"@id\":\"https:\/\/permbledhja.com\/#organization\"},\"potentialAction\":[{\"@type\":\"SearchAction\",\"target\":{\"@type\":\"EntryPoint\",\"urlTemplate\":\"https:\/\/permbledhja.com\/?s={search_term_string}\"},\"query-input\":\"required name=search_term_string\"}],\"inLanguage\":\"sq\"},{\"@type\":\"Organization\",\"@id\":\"https:\/\/permbledhja.com\/#organization\",\"name\":\"MK Media & Pr\",\"url\":\"https:\/\/permbledhja.com\/\",\"logo\":{\"@type\":\"ImageObject\",\"inLanguage\":\"sq\",\"@id\":\"https:\/\/permbledhja.com\/#\/schema\/logo\/image\/\",\"url\":\"https:\/\/permbledhja.com\/wp-content\/uploads\/2021\/12\/07-Press-Logo.jpg\",\"contentUrl\":\"https:\/\/permbledhja.com\/wp-content\/uploads\/2021\/12\/07-Press-Logo.jpg\",\"width\":512,\"height\":512,\"caption\":\"MK Media & Pr\"},\"image\":{\"@id\":\"https:\/\/permbledhja.com\/#\/schema\/logo\/image\/\"},\"sameAs\":[\"https:\/\/www.facebook.com\/press07\/\"]},{\"@type\":\"Person\",\"@id\":\"https:\/\/permbledhja.com\/#\/schema\/person\/0d064377258d3221e50693947b9eb4fe\",\"name\":\"P\u00ebrmbledhja\",\"image\":{\"@type\":\"ImageObject\",\"inLanguage\":\"sq\",\"@id\":\"https:\/\/permbledhja.com\/#\/schema\/person\/image\/\",\"url\":\"https:\/\/permbledhja.com\/wp-content\/uploads\/2026\/01\/452004717_1040944174702970_8932037511805513407_n-96x96.jpg\",\"contentUrl\":\"https:\/\/permbledhja.com\/wp-content\/uploads\/2026\/01\/452004717_1040944174702970_8932037511805513407_n-96x96.jpg\",\"caption\":\"P\u00ebrmbledhja\"},\"sameAs\":[\"https:\/\/www.facebook.com\/kafexhiu.muharrem\/\",\"https:\/\/www.instagram.com\/muharrem_kafexhiu\/\"],\"url\":\"https:\/\/permbledhja.com\/sq\/author\/admin\/\"}]}<\/script>\n<!-- \/ Yoast SEO plugin. -->","yoast_head_json":{"title":"Vizita e Kurtit n\u00eb Tetov\u00eb dhe \u00c7air shkakton p\u00ebrplasje mes partive politike","robots":{"index":"index","follow":"follow","max-snippet":"max-snippet:-1","max-image-preview":"max-image-preview:large","max-video-preview":"max-video-preview:-1"},"canonical":"https:\/\/permbledhja.com\/sq\/vizita-e-kurtit-ne-tetove-dhe-cair-shkakton-perplasje-mes-partive-politike\/","og_locale":"sq_AL","og_type":"article","og_title":"Vizita e Kurtit n\u00eb Tetov\u00eb dhe \u00c7air shkakton p\u00ebrplasje mes partive politike","og_description":"Kryeministri i Kosov\u00ebs, Albin Kurti, t\u00eb premten, m\u00eb 11 gusht, udh\u00ebtoi p\u00ebr n\u00eb Maqedonin\u00eb e Veriut, p\u00ebr nj\u00eb vizit\u00eb n\u00eb komun\u00ebn e \u00c7airit n\u00eb Shkup dhe komun\u00ebn e Tetov\u00ebs. Kurti u prit aty nga tre lider\u00eb t\u00eb partive opozitare. Gjat\u00eb k\u00ebsaj kohe ai nuk u takua me asnj\u00eb an\u00ebtar t\u00eb qeveris\u00eb. Reagimet dhe kritikat mes [&hellip;]","og_url":"https:\/\/permbledhja.com\/sq\/vizita-e-kurtit-ne-tetove-dhe-cair-shkakton-perplasje-mes-partive-politike\/","og_site_name":"Ve\u00e7 artikuj p\u00ebrmbledh\u00ebs","article_publisher":"https:\/\/www.facebook.com\/press07\/","article_author":"https:\/\/www.facebook.com\/kafexhiu.muharrem\/","article_published_time":"2023-08-13T20:58:41+00:00","og_image":[{"width":717,"height":446,"url":"https:\/\/permbledhja.com\/wp-content\/uploads\/2023\/08\/nn.png","type":"image\/png"}],"author":"P\u00ebrmbledhja","twitter_card":"summary_large_image","twitter_misc":{"Written by":"P\u00ebrmbledhja","Est. reading time":"4 minuta"},"schema":{"@context":"https:\/\/schema.org","@graph":[{"@type":"Article","@id":"https:\/\/permbledhja.com\/sq\/vizita-e-kurtit-ne-tetove-dhe-cair-shkakton-perplasje-mes-partive-politike\/#article","isPartOf":{"@id":"https:\/\/permbledhja.com\/sq\/vizita-e-kurtit-ne-tetove-dhe-cair-shkakton-perplasje-mes-partive-politike\/"},"author":{"name":"P\u00ebrmbledhja","@id":"https:\/\/permbledhja.com\/#\/schema\/person\/0d064377258d3221e50693947b9eb4fe"},"headline":"Vizita e Kurtit n\u00eb Tetov\u00eb dhe \u00c7air shkakton p\u00ebrplasje mes partive politike","datePublished":"2023-08-13T20:58:41+00:00","dateModified":"2023-08-13T20:58:41+00:00","mainEntityOfPage":{"@id":"https:\/\/permbledhja.com\/sq\/vizita-e-kurtit-ne-tetove-dhe-cair-shkakton-perplasje-mes-partive-politike\/"},"wordCount":728,"publisher":{"@id":"https:\/\/permbledhja.com\/#organization"},"keywords":["Albin Kurti"],"articleSection":["Komb\u00ebtare","Lajme"],"inLanguage":"sq"},{"@type":"WebPage","@id":"https:\/\/permbledhja.com\/sq\/vizita-e-kurtit-ne-tetove-dhe-cair-shkakton-perplasje-mes-partive-politike\/","url":"https:\/\/permbledhja.com\/sq\/vizita-e-kurtit-ne-tetove-dhe-cair-shkakton-perplasje-mes-partive-politike\/","name":"Vizita e Kurtit n\u00eb Tetov\u00eb dhe \u00c7air shkakton p\u00ebrplasje mes partive politike","isPartOf":{"@id":"https:\/\/permbledhja.com\/#website"},"datePublished":"2023-08-13T20:58:41+00:00","dateModified":"2023-08-13T20:58:41+00:00","breadcrumb":{"@id":"https:\/\/permbledhja.com\/sq\/vizita-e-kurtit-ne-tetove-dhe-cair-shkakton-perplasje-mes-partive-politike\/#breadcrumb"},"inLanguage":"sq","potentialAction":[{"@type":"ReadAction","target":["https:\/\/permbledhja.com\/sq\/vizita-e-kurtit-ne-tetove-dhe-cair-shkakton-perplasje-mes-partive-politike\/"]}]},{"@type":"BreadcrumbList","@id":"https:\/\/permbledhja.com\/sq\/vizita-e-kurtit-ne-tetove-dhe-cair-shkakton-perplasje-mes-partive-politike\/#breadcrumb","itemListElement":[{"@type":"ListItem","position":1,"name":"Ballina","item":"https:\/\/permbledhja.com\/sq\/"},{"@type":"ListItem","position":2,"name":"Vizita e Kurtit n\u00eb Tetov\u00eb dhe \u00c7air shkakton p\u00ebrplasje mes partive politike"}]},{"@type":"WebSite","@id":"https:\/\/permbledhja.com\/#website","url":"https:\/\/permbledhja.com\/","name":"Ve\u00e7 artikuj p\u00ebrmbledh\u00ebs","description":"","publisher":{"@id":"https:\/\/permbledhja.com\/#organization"},"potentialAction":[{"@type":"SearchAction","target":{"@type":"EntryPoint","urlTemplate":"https:\/\/permbledhja.com\/?s={search_term_string}"},"query-input":"required name=search_term_string"}],"inLanguage":"sq"},{"@type":"Organization","@id":"https:\/\/permbledhja.com\/#organization","name":"MK Media & Pr","url":"https:\/\/permbledhja.com\/","logo":{"@type":"ImageObject","inLanguage":"sq","@id":"https:\/\/permbledhja.com\/#\/schema\/logo\/image\/","url":"https:\/\/permbledhja.com\/wp-content\/uploads\/2021\/12\/07-Press-Logo.jpg","contentUrl":"https:\/\/permbledhja.com\/wp-content\/uploads\/2021\/12\/07-Press-Logo.jpg","width":512,"height":512,"caption":"MK Media & Pr"},"image":{"@id":"https:\/\/permbledhja.com\/#\/schema\/logo\/image\/"},"sameAs":["https:\/\/www.facebook.com\/press07\/"]},{"@type":"Person","@id":"https:\/\/permbledhja.com\/#\/schema\/person\/0d064377258d3221e50693947b9eb4fe","name":"P\u00ebrmbledhja","image":{"@type":"ImageObject","inLanguage":"sq","@id":"https:\/\/permbledhja.com\/#\/schema\/person\/image\/","url":"https:\/\/permbledhja.com\/wp-content\/uploads\/2026\/01\/452004717_1040944174702970_8932037511805513407_n-96x96.jpg","contentUrl":"https:\/\/permbledhja.com\/wp-content\/uploads\/2026\/01\/452004717_1040944174702970_8932037511805513407_n-96x96.jpg","caption":"P\u00ebrmbledhja"},"sameAs":["https:\/\/www.facebook.com\/kafexhiu.muharrem\/","https:\/\/www.instagram.com\/muharrem_kafexhiu\/"],"url":"https:\/\/permbledhja.com\/sq\/author\/admin\/"}]}},"_links":{"self":[{"href":"https:\/\/permbledhja.com\/sq\/wp-json\/wp\/v2\/posts\/23232"}],"collection":[{"href":"https:\/\/permbledhja.com\/sq\/wp-json\/wp\/v2\/posts"}],"about":[{"href":"https:\/\/permbledhja.com\/sq\/wp-json\/wp\/v2\/types\/post"}],"author":[{"embeddable":true,"href":"https:\/\/permbledhja.com\/sq\/wp-json\/wp\/v2\/users\/1"}],"replies":[{"embeddable":true,"href":"https:\/\/permbledhja.com\/sq\/wp-json\/wp\/v2\/comments?post=23232"}],"version-history":[{"count":1,"href":"https:\/\/permbledhja.com\/sq\/wp-json\/wp\/v2\/posts\/23232\/revisions"}],"predecessor-version":[{"id":23234,"href":"https:\/\/permbledhja.com\/sq\/wp-json\/wp\/v2\/posts\/23232\/revisions\/23234"}],"wp:featuredmedia":[{"embeddable":true,"href":"https:\/\/permbledhja.com\/sq\/wp-json\/wp\/v2\/media\/23233"}],"wp:attachment":[{"href":"https:\/\/permbledhja.com\/sq\/wp-json\/wp\/v2\/media?parent=23232"}],"wp:term":[{"taxonomy":"category","embeddable":true,"href":"https:\/\/permbledhja.com\/sq\/wp-json\/wp\/v2\/categories?post=23232"},{"taxonomy":"post_tag","embeddable":true,"href":"https:\/\/permbledhja.com\/sq\/wp-json\/wp\/v2\/tags?post=23232"}],"curies":[{"name":"wp","href":"https:\/\/api.w.org\/{rel}","templated":true}]}}