{"id":23213,"date":"2023-08-13T17:23:06","date_gmt":"2023-08-13T17:23:06","guid":{"rendered":"https:\/\/permbledhja.com\/?p=23213"},"modified":"2023-08-13T17:23:06","modified_gmt":"2023-08-13T17:23:06","slug":"buzhala-paralajmeron-interviste-me-ish-presidentin-thaci-per-here-te-pare-pas-doreheqjes-se-tij","status":"publish","type":"post","link":"https:\/\/permbledhja.com\/sq\/buzhala-paralajmeron-interviste-me-ish-presidentin-thaci-per-here-te-pare-pas-doreheqjes-se-tij\/","title":{"rendered":"Buzhala paralajm\u00ebron intervist\u00eb me ish-presidentin Tha\u00e7i p\u00ebr her\u00eb t\u00eb par\u00eb pas dor\u00ebheqjes s\u00eb tij"},"content":{"rendered":"<h3>Pas nj\u00eb periudhe t\u00eb gjat\u00eb p\u00ebrpjekjesh, gazetari i Gazet\u00ebs Nacionale, Berat Buzhala, ka b\u00ebr\u00eb t\u00eb ditur se m\u00eb n\u00eb fund do t\u00eb b\u00ebhet e mundur intervista e par\u00eb ekskluzive me ish-presidentin Hashim Tha\u00e7i pas dor\u00ebheqjes s\u00eb tij si President i Kosov\u00ebs.<\/h3>\n<p>Kjo \u00ebsht\u00eb hera e par\u00eb q\u00eb ish-presidenti Tha\u00e7i do t\u00eb jap\u00eb nj\u00eb intervist\u00eb q\u00eb nga dor\u00ebheqja e tij m\u00eb 5 n\u00ebntor 2020, pasi u p\u00ebrball me akuzat e Prokuroris\u00eb Speciale.<\/p>\n<p><i>\u201cTashm\u00eb \u00ebsht\u00eb e aprovuar, pas disa muajsh email\u2019a dhe marr\u00ebveshje, k\u00ebt\u00eb jave pritet ta keni intervist\u00ebn me Presidentin Tha\u00e7i. E para e tij prej kur \u00ebsht\u00eb arrestuar. Eksplozive\u00a0<\/i><i>\ud83d\udca3<\/i><i>\u00a0dhe ekskluzive. Nacionale \u00ebsht\u00eb gazet\u00eb dhe brend. Me staf p\u00ebrparimtar\u00eb dhe trima. Fut\u00ebn midis turmave t\u00eb egra e syni vrr nuk ju bon. I am back\u201d,<\/i>\u00a0&#8211; njoftoi Buzhala n\u00eb Facebook.<\/p>\n<p>&nbsp;<\/p>\n","protected":false},"excerpt":{"rendered":"<p>Pas nj\u00eb periudhe t\u00eb gjat\u00eb p\u00ebrpjekjesh, gazetari i Gazet\u00ebs Nacionale, Berat Buzhala, ka b\u00ebr\u00eb t\u00eb ditur se m\u00eb n\u00eb fund do t\u00eb b\u00ebhet e mundur intervista e par\u00eb ekskluzive me ish-presidentin Hashim Tha\u00e7i pas dor\u00ebheqjes s\u00eb tij si President i Kosov\u00ebs. Kjo \u00ebsht\u00eb hera e par\u00eb q\u00eb ish-presidenti Tha\u00e7i do t\u00eb jap\u00eb nj\u00eb intervist\u00eb q\u00eb [&hellip;]<\/p>\n","protected":false},"author":2,"featured_media":23214,"comment_status":"closed","ping_status":"closed","sticky":false,"template":"","format":"standard","meta":{"_monsterinsights_skip_tracking":false,"_monsterinsights_sitenote_active":false,"_monsterinsights_sitenote_note":"","_monsterinsights_sitenote_category":0,"_uf_show_specific_survey":0,"_uf_disable_surveys":false,"footnotes":""},"categories":[23,15],"tags":[299],"yoast_head":"<!-- This site is optimized with the Yoast SEO plugin v21.5 - https:\/\/yoast.com\/wordpress\/plugins\/seo\/ -->\n<title>Buzhala paralajm\u00ebron intervist\u00eb me ish-presidentin Tha\u00e7i p\u00ebr her\u00eb t\u00eb par\u00eb pas dor\u00ebheqjes s\u00eb tij<\/title>\n<meta name=\"robots\" content=\"index, follow, max-snippet:-1, max-image-preview:large, max-video-preview:-1\" \/>\n<link rel=\"canonical\" href=\"https:\/\/permbledhja.com\/sq\/buzhala-paralajmeron-interviste-me-ish-presidentin-thaci-per-here-te-pare-pas-doreheqjes-se-tij\/\" \/>\n<meta property=\"og:locale\" content=\"sq_AL\" \/>\n<meta property=\"og:type\" content=\"article\" \/>\n<meta property=\"og:title\" content=\"Buzhala paralajm\u00ebron intervist\u00eb me ish-presidentin Tha\u00e7i p\u00ebr her\u00eb t\u00eb par\u00eb pas dor\u00ebheqjes s\u00eb tij\" \/>\n<meta property=\"og:description\" content=\"Pas nj\u00eb periudhe t\u00eb gjat\u00eb p\u00ebrpjekjesh, gazetari i Gazet\u00ebs Nacionale, Berat Buzhala, ka b\u00ebr\u00eb t\u00eb ditur se m\u00eb n\u00eb fund do t\u00eb b\u00ebhet e mundur intervista e par\u00eb ekskluzive me ish-presidentin Hashim Tha\u00e7i pas dor\u00ebheqjes s\u00eb tij si President i Kosov\u00ebs. Kjo \u00ebsht\u00eb hera e par\u00eb q\u00eb ish-presidenti Tha\u00e7i do t\u00eb jap\u00eb nj\u00eb intervist\u00eb q\u00eb [&hellip;]\" \/>\n<meta property=\"og:url\" content=\"https:\/\/permbledhja.com\/sq\/buzhala-paralajmeron-interviste-me-ish-presidentin-thaci-per-here-te-pare-pas-doreheqjes-se-tij\/\" \/>\n<meta property=\"og:site_name\" content=\"Ve\u00e7 artikuj p\u00ebrmbledh\u00ebs\" \/>\n<meta property=\"article:publisher\" content=\"https:\/\/www.facebook.com\/press07\/\" \/>\n<meta property=\"article:published_time\" content=\"2023-08-13T17:23:06+00:00\" \/>\n<meta property=\"og:image\" content=\"https:\/\/permbledhja.com\/wp-content\/uploads\/2023\/08\/RTS1XAN5_EC.jpg\" \/>\n\t<meta property=\"og:image:width\" content=\"1600\" \/>\n\t<meta property=\"og:image:height\" content=\"900\" \/>\n\t<meta property=\"og:image:type\" content=\"image\/jpeg\" \/>\n<meta name=\"author\" content=\"M M\" \/>\n<meta name=\"twitter:card\" content=\"summary_large_image\" \/>\n<meta name=\"twitter:label1\" content=\"Written by\" \/>\n\t<meta name=\"twitter:data1\" content=\"M M\" \/>\n\t<meta name=\"twitter:label2\" content=\"Est. reading time\" \/>\n\t<meta name=\"twitter:data2\" content=\"1 minut\u00eb\" \/>\n<script type=\"application\/ld+json\" class=\"yoast-schema-graph\">{\"@context\":\"https:\/\/schema.org\",\"@graph\":[{\"@type\":\"Article\",\"@id\":\"https:\/\/permbledhja.com\/sq\/buzhala-paralajmeron-interviste-me-ish-presidentin-thaci-per-here-te-pare-pas-doreheqjes-se-tij\/#article\",\"isPartOf\":{\"@id\":\"https:\/\/permbledhja.com\/sq\/buzhala-paralajmeron-interviste-me-ish-presidentin-thaci-per-here-te-pare-pas-doreheqjes-se-tij\/\"},\"author\":{\"name\":\"M M\",\"@id\":\"https:\/\/permbledhja.com\/#\/schema\/person\/d23f13f59b5722643933d6780783acf3\"},\"headline\":\"Buzhala paralajm\u00ebron intervist\u00eb me ish-presidentin Tha\u00e7i p\u00ebr her\u00eb t\u00eb par\u00eb pas dor\u00ebheqjes s\u00eb tij\",\"datePublished\":\"2023-08-13T17:23:06+00:00\",\"dateModified\":\"2023-08-13T17:23:06+00:00\",\"mainEntityOfPage\":{\"@id\":\"https:\/\/permbledhja.com\/sq\/buzhala-paralajmeron-interviste-me-ish-presidentin-thaci-per-here-te-pare-pas-doreheqjes-se-tij\/\"},\"wordCount\":165,\"publisher\":{\"@id\":\"https:\/\/permbledhja.com\/#organization\"},\"keywords\":[\"Hashim Tha\u00e7i\"],\"articleSection\":[\"Komb\u00ebtare\",\"Lajme\"],\"inLanguage\":\"sq\"},{\"@type\":\"WebPage\",\"@id\":\"https:\/\/permbledhja.com\/sq\/buzhala-paralajmeron-interviste-me-ish-presidentin-thaci-per-here-te-pare-pas-doreheqjes-se-tij\/\",\"url\":\"https:\/\/permbledhja.com\/sq\/buzhala-paralajmeron-interviste-me-ish-presidentin-thaci-per-here-te-pare-pas-doreheqjes-se-tij\/\",\"name\":\"Buzhala paralajm\u00ebron intervist\u00eb me ish-presidentin Tha\u00e7i p\u00ebr her\u00eb t\u00eb par\u00eb pas dor\u00ebheqjes s\u00eb tij\",\"isPartOf\":{\"@id\":\"https:\/\/permbledhja.com\/#website\"},\"datePublished\":\"2023-08-13T17:23:06+00:00\",\"dateModified\":\"2023-08-13T17:23:06+00:00\",\"breadcrumb\":{\"@id\":\"https:\/\/permbledhja.com\/sq\/buzhala-paralajmeron-interviste-me-ish-presidentin-thaci-per-here-te-pare-pas-doreheqjes-se-tij\/#breadcrumb\"},\"inLanguage\":\"sq\",\"potentialAction\":[{\"@type\":\"ReadAction\",\"target\":[\"https:\/\/permbledhja.com\/sq\/buzhala-paralajmeron-interviste-me-ish-presidentin-thaci-per-here-te-pare-pas-doreheqjes-se-tij\/\"]}]},{\"@type\":\"BreadcrumbList\",\"@id\":\"https:\/\/permbledhja.com\/sq\/buzhala-paralajmeron-interviste-me-ish-presidentin-thaci-per-here-te-pare-pas-doreheqjes-se-tij\/#breadcrumb\",\"itemListElement\":[{\"@type\":\"ListItem\",\"position\":1,\"name\":\"Ballina\",\"item\":\"https:\/\/permbledhja.com\/sq\/\"},{\"@type\":\"ListItem\",\"position\":2,\"name\":\"Buzhala paralajm\u00ebron intervist\u00eb me ish-presidentin Tha\u00e7i p\u00ebr her\u00eb t\u00eb par\u00eb pas dor\u00ebheqjes s\u00eb tij\"}]},{\"@type\":\"WebSite\",\"@id\":\"https:\/\/permbledhja.com\/#website\",\"url\":\"https:\/\/permbledhja.com\/\",\"name\":\"Ve\u00e7 artikuj p\u00ebrmbledh\u00ebs\",\"description\":\"\",\"publisher\":{\"@id\":\"https:\/\/permbledhja.com\/#organization\"},\"potentialAction\":[{\"@type\":\"SearchAction\",\"target\":{\"@type\":\"EntryPoint\",\"urlTemplate\":\"https:\/\/permbledhja.com\/?s={search_term_string}\"},\"query-input\":\"required name=search_term_string\"}],\"inLanguage\":\"sq\"},{\"@type\":\"Organization\",\"@id\":\"https:\/\/permbledhja.com\/#organization\",\"name\":\"MK Media & Pr\",\"url\":\"https:\/\/permbledhja.com\/\",\"logo\":{\"@type\":\"ImageObject\",\"inLanguage\":\"sq\",\"@id\":\"https:\/\/permbledhja.com\/#\/schema\/logo\/image\/\",\"url\":\"https:\/\/permbledhja.com\/wp-content\/uploads\/2021\/12\/07-Press-Logo.jpg\",\"contentUrl\":\"https:\/\/permbledhja.com\/wp-content\/uploads\/2021\/12\/07-Press-Logo.jpg\",\"width\":512,\"height\":512,\"caption\":\"MK Media & Pr\"},\"image\":{\"@id\":\"https:\/\/permbledhja.com\/#\/schema\/logo\/image\/\"},\"sameAs\":[\"https:\/\/www.facebook.com\/press07\/\"]},{\"@type\":\"Person\",\"@id\":\"https:\/\/permbledhja.com\/#\/schema\/person\/d23f13f59b5722643933d6780783acf3\",\"name\":\"M M\",\"image\":{\"@type\":\"ImageObject\",\"inLanguage\":\"sq\",\"@id\":\"https:\/\/permbledhja.com\/#\/schema\/person\/image\/\",\"url\":\"https:\/\/secure.gravatar.com\/avatar\/e2835a76ca7c31a2416b2d51c4ec9a8f?s=96&d=mm&r=g\",\"contentUrl\":\"https:\/\/secure.gravatar.com\/avatar\/e2835a76ca7c31a2416b2d51c4ec9a8f?s=96&d=mm&r=g\",\"caption\":\"M M\"},\"sameAs\":[\"http:\/\/MM\"],\"url\":\"https:\/\/permbledhja.com\/sq\/author\/muhamet\/\"}]}<\/script>\n<!-- \/ Yoast SEO plugin. -->","yoast_head_json":{"title":"Buzhala paralajm\u00ebron intervist\u00eb me ish-presidentin Tha\u00e7i p\u00ebr her\u00eb t\u00eb par\u00eb pas dor\u00ebheqjes s\u00eb tij","robots":{"index":"index","follow":"follow","max-snippet":"max-snippet:-1","max-image-preview":"max-image-preview:large","max-video-preview":"max-video-preview:-1"},"canonical":"https:\/\/permbledhja.com\/sq\/buzhala-paralajmeron-interviste-me-ish-presidentin-thaci-per-here-te-pare-pas-doreheqjes-se-tij\/","og_locale":"sq_AL","og_type":"article","og_title":"Buzhala paralajm\u00ebron intervist\u00eb me ish-presidentin Tha\u00e7i p\u00ebr her\u00eb t\u00eb par\u00eb pas dor\u00ebheqjes s\u00eb tij","og_description":"Pas nj\u00eb periudhe t\u00eb gjat\u00eb p\u00ebrpjekjesh, gazetari i Gazet\u00ebs Nacionale, Berat Buzhala, ka b\u00ebr\u00eb t\u00eb ditur se m\u00eb n\u00eb fund do t\u00eb b\u00ebhet e mundur intervista e par\u00eb ekskluzive me ish-presidentin Hashim Tha\u00e7i pas dor\u00ebheqjes s\u00eb tij si President i Kosov\u00ebs. Kjo \u00ebsht\u00eb hera e par\u00eb q\u00eb ish-presidenti Tha\u00e7i do t\u00eb jap\u00eb nj\u00eb intervist\u00eb q\u00eb [&hellip;]","og_url":"https:\/\/permbledhja.com\/sq\/buzhala-paralajmeron-interviste-me-ish-presidentin-thaci-per-here-te-pare-pas-doreheqjes-se-tij\/","og_site_name":"Ve\u00e7 artikuj p\u00ebrmbledh\u00ebs","article_publisher":"https:\/\/www.facebook.com\/press07\/","article_published_time":"2023-08-13T17:23:06+00:00","og_image":[{"width":1600,"height":900,"url":"https:\/\/permbledhja.com\/wp-content\/uploads\/2023\/08\/RTS1XAN5_EC.jpg","type":"image\/jpeg"}],"author":"M M","twitter_card":"summary_large_image","twitter_misc":{"Written by":"M M","Est. reading time":"1 minut\u00eb"},"schema":{"@context":"https:\/\/schema.org","@graph":[{"@type":"Article","@id":"https:\/\/permbledhja.com\/sq\/buzhala-paralajmeron-interviste-me-ish-presidentin-thaci-per-here-te-pare-pas-doreheqjes-se-tij\/#article","isPartOf":{"@id":"https:\/\/permbledhja.com\/sq\/buzhala-paralajmeron-interviste-me-ish-presidentin-thaci-per-here-te-pare-pas-doreheqjes-se-tij\/"},"author":{"name":"M M","@id":"https:\/\/permbledhja.com\/#\/schema\/person\/d23f13f59b5722643933d6780783acf3"},"headline":"Buzhala paralajm\u00ebron intervist\u00eb me ish-presidentin Tha\u00e7i p\u00ebr her\u00eb t\u00eb par\u00eb pas dor\u00ebheqjes s\u00eb tij","datePublished":"2023-08-13T17:23:06+00:00","dateModified":"2023-08-13T17:23:06+00:00","mainEntityOfPage":{"@id":"https:\/\/permbledhja.com\/sq\/buzhala-paralajmeron-interviste-me-ish-presidentin-thaci-per-here-te-pare-pas-doreheqjes-se-tij\/"},"wordCount":165,"publisher":{"@id":"https:\/\/permbledhja.com\/#organization"},"keywords":["Hashim Tha\u00e7i"],"articleSection":["Komb\u00ebtare","Lajme"],"inLanguage":"sq"},{"@type":"WebPage","@id":"https:\/\/permbledhja.com\/sq\/buzhala-paralajmeron-interviste-me-ish-presidentin-thaci-per-here-te-pare-pas-doreheqjes-se-tij\/","url":"https:\/\/permbledhja.com\/sq\/buzhala-paralajmeron-interviste-me-ish-presidentin-thaci-per-here-te-pare-pas-doreheqjes-se-tij\/","name":"Buzhala paralajm\u00ebron intervist\u00eb me ish-presidentin Tha\u00e7i p\u00ebr her\u00eb t\u00eb par\u00eb pas dor\u00ebheqjes s\u00eb tij","isPartOf":{"@id":"https:\/\/permbledhja.com\/#website"},"datePublished":"2023-08-13T17:23:06+00:00","dateModified":"2023-08-13T17:23:06+00:00","breadcrumb":{"@id":"https:\/\/permbledhja.com\/sq\/buzhala-paralajmeron-interviste-me-ish-presidentin-thaci-per-here-te-pare-pas-doreheqjes-se-tij\/#breadcrumb"},"inLanguage":"sq","potentialAction":[{"@type":"ReadAction","target":["https:\/\/permbledhja.com\/sq\/buzhala-paralajmeron-interviste-me-ish-presidentin-thaci-per-here-te-pare-pas-doreheqjes-se-tij\/"]}]},{"@type":"BreadcrumbList","@id":"https:\/\/permbledhja.com\/sq\/buzhala-paralajmeron-interviste-me-ish-presidentin-thaci-per-here-te-pare-pas-doreheqjes-se-tij\/#breadcrumb","itemListElement":[{"@type":"ListItem","position":1,"name":"Ballina","item":"https:\/\/permbledhja.com\/sq\/"},{"@type":"ListItem","position":2,"name":"Buzhala paralajm\u00ebron intervist\u00eb me ish-presidentin Tha\u00e7i p\u00ebr her\u00eb t\u00eb par\u00eb pas dor\u00ebheqjes s\u00eb tij"}]},{"@type":"WebSite","@id":"https:\/\/permbledhja.com\/#website","url":"https:\/\/permbledhja.com\/","name":"Ve\u00e7 artikuj p\u00ebrmbledh\u00ebs","description":"","publisher":{"@id":"https:\/\/permbledhja.com\/#organization"},"potentialAction":[{"@type":"SearchAction","target":{"@type":"EntryPoint","urlTemplate":"https:\/\/permbledhja.com\/?s={search_term_string}"},"query-input":"required name=search_term_string"}],"inLanguage":"sq"},{"@type":"Organization","@id":"https:\/\/permbledhja.com\/#organization","name":"MK Media & Pr","url":"https:\/\/permbledhja.com\/","logo":{"@type":"ImageObject","inLanguage":"sq","@id":"https:\/\/permbledhja.com\/#\/schema\/logo\/image\/","url":"https:\/\/permbledhja.com\/wp-content\/uploads\/2021\/12\/07-Press-Logo.jpg","contentUrl":"https:\/\/permbledhja.com\/wp-content\/uploads\/2021\/12\/07-Press-Logo.jpg","width":512,"height":512,"caption":"MK Media & Pr"},"image":{"@id":"https:\/\/permbledhja.com\/#\/schema\/logo\/image\/"},"sameAs":["https:\/\/www.facebook.com\/press07\/"]},{"@type":"Person","@id":"https:\/\/permbledhja.com\/#\/schema\/person\/d23f13f59b5722643933d6780783acf3","name":"M M","image":{"@type":"ImageObject","inLanguage":"sq","@id":"https:\/\/permbledhja.com\/#\/schema\/person\/image\/","url":"https:\/\/secure.gravatar.com\/avatar\/e2835a76ca7c31a2416b2d51c4ec9a8f?s=96&d=mm&r=g","contentUrl":"https:\/\/secure.gravatar.com\/avatar\/e2835a76ca7c31a2416b2d51c4ec9a8f?s=96&d=mm&r=g","caption":"M M"},"sameAs":["http:\/\/MM"],"url":"https:\/\/permbledhja.com\/sq\/author\/muhamet\/"}]}},"_links":{"self":[{"href":"https:\/\/permbledhja.com\/sq\/wp-json\/wp\/v2\/posts\/23213"}],"collection":[{"href":"https:\/\/permbledhja.com\/sq\/wp-json\/wp\/v2\/posts"}],"about":[{"href":"https:\/\/permbledhja.com\/sq\/wp-json\/wp\/v2\/types\/post"}],"author":[{"embeddable":true,"href":"https:\/\/permbledhja.com\/sq\/wp-json\/wp\/v2\/users\/2"}],"replies":[{"embeddable":true,"href":"https:\/\/permbledhja.com\/sq\/wp-json\/wp\/v2\/comments?post=23213"}],"version-history":[{"count":1,"href":"https:\/\/permbledhja.com\/sq\/wp-json\/wp\/v2\/posts\/23213\/revisions"}],"predecessor-version":[{"id":23215,"href":"https:\/\/permbledhja.com\/sq\/wp-json\/wp\/v2\/posts\/23213\/revisions\/23215"}],"wp:featuredmedia":[{"embeddable":true,"href":"https:\/\/permbledhja.com\/sq\/wp-json\/wp\/v2\/media\/23214"}],"wp:attachment":[{"href":"https:\/\/permbledhja.com\/sq\/wp-json\/wp\/v2\/media?parent=23213"}],"wp:term":[{"taxonomy":"category","embeddable":true,"href":"https:\/\/permbledhja.com\/sq\/wp-json\/wp\/v2\/categories?post=23213"},{"taxonomy":"post_tag","embeddable":true,"href":"https:\/\/permbledhja.com\/sq\/wp-json\/wp\/v2\/tags?post=23213"}],"curies":[{"name":"wp","href":"https:\/\/api.w.org\/{rel}","templated":true}]}}