{"id":23163,"date":"2023-08-13T13:25:31","date_gmt":"2023-08-13T13:25:31","guid":{"rendered":"https:\/\/permbledhja.com\/?p=23163"},"modified":"2023-08-13T13:25:31","modified_gmt":"2023-08-13T13:25:31","slug":"kurti-luledielli-kulture-me-rendesi-strategjike","status":"publish","type":"post","link":"https:\/\/permbledhja.com\/sq\/kurti-luledielli-kulture-me-rendesi-strategjike\/","title":{"rendered":"Kurti: Luledielli, kultur\u00eb me r\u00ebnd\u00ebsi strategjike"},"content":{"rendered":"<h3>Kryeministri, Albin Kurti tha se luledielli \u00ebsht\u00eb kultur\u00eb me r\u00ebnd\u00ebsi strategjike.<\/h3>\n<p>K\u00ebshtu, ai njoftoi n\u00eb Facebook se fermeri Shukri Sallahu ka mbjellur 30 hektar\u00eb me lulediell.<\/p>\n<p>\u201cAi produktin final e ka tanim\u00eb t\u00eb dedikuar p\u00ebr eksport p\u00ebr shkak t\u00eb k\u00ebrkes\u00ebs s\u00eb lart\u00eb n\u00eb treg p\u00ebr l\u00ebnd\u00ebn e par\u00eb. P\u00ebrmes Programit p\u00ebr Pagesa Direkte 2023, nj\u00eb hektar me lulediell \u00ebsht\u00eb p\u00ebrkrahur me 454 euro, duke p\u00ebrfshir\u00eb k\u00ebtu subvencionimin e naft\u00ebs dhe pleh\u00ebrimit\u201d, shkroi Kurti.<\/p>\n<p>\u201cShukriu, k\u00ebt\u00eb vit ka shir\u00eb 100 hektar\u00eb me grur\u00eb si dhe pret t\u00eb korr\u00eb edhe 15 hektar\u00eb me mis\u00ebr. Sip\u00ebrfaqet e mbjella me lulediell ishin 48 hektar\u00eb n\u00eb vitin 2022, nd\u00ebrsa k\u00ebt\u00eb vit jan\u00eb pothuajse 300 hektar\u00eb, pra rreth 521% m\u00eb shum\u00eb\u201d, shtoi kryeministri.<\/p>\n<p>&nbsp;<\/p>\n","protected":false},"excerpt":{"rendered":"<p>Kryeministri, Albin Kurti tha se luledielli \u00ebsht\u00eb kultur\u00eb me r\u00ebnd\u00ebsi strategjike. K\u00ebshtu, ai njoftoi n\u00eb Facebook se fermeri Shukri Sallahu ka mbjellur 30 hektar\u00eb me lulediell. \u201cAi produktin final e ka tanim\u00eb t\u00eb dedikuar p\u00ebr eksport p\u00ebr shkak t\u00eb k\u00ebrkes\u00ebs s\u00eb lart\u00eb n\u00eb treg p\u00ebr l\u00ebnd\u00ebn e par\u00eb. P\u00ebrmes Programit p\u00ebr Pagesa Direkte 2023, nj\u00eb [&hellip;]<\/p>\n","protected":false},"author":2,"featured_media":23164,"comment_status":"closed","ping_status":"closed","sticky":false,"template":"","format":"standard","meta":{"_monsterinsights_skip_tracking":false,"_monsterinsights_sitenote_active":false,"_monsterinsights_sitenote_note":"","_monsterinsights_sitenote_category":0,"_uf_show_specific_survey":0,"_uf_disable_surveys":false,"footnotes":""},"categories":[23,15],"tags":[86],"yoast_head":"<!-- This site is optimized with the Yoast SEO plugin v21.5 - https:\/\/yoast.com\/wordpress\/plugins\/seo\/ -->\n<title>Kurti: Luledielli, kultur\u00eb me r\u00ebnd\u00ebsi strategjike<\/title>\n<meta name=\"robots\" content=\"index, follow, max-snippet:-1, max-image-preview:large, max-video-preview:-1\" \/>\n<link rel=\"canonical\" href=\"https:\/\/permbledhja.com\/sq\/kurti-luledielli-kulture-me-rendesi-strategjike\/\" \/>\n<meta property=\"og:locale\" content=\"sq_AL\" \/>\n<meta property=\"og:type\" content=\"article\" \/>\n<meta property=\"og:title\" content=\"Kurti: Luledielli, kultur\u00eb me r\u00ebnd\u00ebsi strategjike\" \/>\n<meta property=\"og:description\" content=\"Kryeministri, Albin Kurti tha se luledielli \u00ebsht\u00eb kultur\u00eb me r\u00ebnd\u00ebsi strategjike. K\u00ebshtu, ai njoftoi n\u00eb Facebook se fermeri Shukri Sallahu ka mbjellur 30 hektar\u00eb me lulediell. \u201cAi produktin final e ka tanim\u00eb t\u00eb dedikuar p\u00ebr eksport p\u00ebr shkak t\u00eb k\u00ebrkes\u00ebs s\u00eb lart\u00eb n\u00eb treg p\u00ebr l\u00ebnd\u00ebn e par\u00eb. P\u00ebrmes Programit p\u00ebr Pagesa Direkte 2023, nj\u00eb [&hellip;]\" \/>\n<meta property=\"og:url\" content=\"https:\/\/permbledhja.com\/sq\/kurti-luledielli-kulture-me-rendesi-strategjike\/\" \/>\n<meta property=\"og:site_name\" content=\"Ve\u00e7 artikuj p\u00ebrmbledh\u00ebs\" \/>\n<meta property=\"article:publisher\" content=\"https:\/\/www.facebook.com\/press07\/\" \/>\n<meta property=\"article:published_time\" content=\"2023-08-13T13:25:31+00:00\" \/>\n<meta property=\"og:image\" content=\"https:\/\/permbledhja.com\/wp-content\/uploads\/2023\/08\/367387867_678050894354184_593323156118070805_n-600x360-1.jpg\" \/>\n\t<meta property=\"og:image:width\" content=\"600\" \/>\n\t<meta property=\"og:image:height\" content=\"360\" \/>\n\t<meta property=\"og:image:type\" content=\"image\/jpeg\" \/>\n<meta name=\"author\" content=\"M M\" \/>\n<meta name=\"twitter:card\" content=\"summary_large_image\" \/>\n<meta name=\"twitter:label1\" content=\"Written by\" \/>\n\t<meta name=\"twitter:data1\" content=\"M M\" \/>\n\t<meta name=\"twitter:label2\" content=\"Est. reading time\" \/>\n\t<meta name=\"twitter:data2\" content=\"1 minut\u00eb\" \/>\n<script type=\"application\/ld+json\" class=\"yoast-schema-graph\">{\"@context\":\"https:\/\/schema.org\",\"@graph\":[{\"@type\":\"Article\",\"@id\":\"https:\/\/permbledhja.com\/kurti-luledielli-kulture-me-rendesi-strategjike\/#article\",\"isPartOf\":{\"@id\":\"https:\/\/permbledhja.com\/kurti-luledielli-kulture-me-rendesi-strategjike\/\"},\"author\":{\"name\":\"M M\",\"@id\":\"https:\/\/permbledhja.com\/#\/schema\/person\/d23f13f59b5722643933d6780783acf3\"},\"headline\":\"Kurti: Luledielli, kultur\u00eb me r\u00ebnd\u00ebsi strategjike\",\"datePublished\":\"2023-08-13T13:25:31+00:00\",\"dateModified\":\"2023-08-13T13:25:31+00:00\",\"mainEntityOfPage\":{\"@id\":\"https:\/\/permbledhja.com\/kurti-luledielli-kulture-me-rendesi-strategjike\/\"},\"wordCount\":139,\"publisher\":{\"@id\":\"https:\/\/permbledhja.com\/#organization\"},\"keywords\":[\"Albin Kurti\"],\"articleSection\":[\"Komb\u00ebtare\",\"Lajme\"],\"inLanguage\":\"sq\"},{\"@type\":\"WebPage\",\"@id\":\"https:\/\/permbledhja.com\/kurti-luledielli-kulture-me-rendesi-strategjike\/\",\"url\":\"https:\/\/permbledhja.com\/kurti-luledielli-kulture-me-rendesi-strategjike\/\",\"name\":\"Kurti: Luledielli, kultur\u00eb me r\u00ebnd\u00ebsi strategjike\",\"isPartOf\":{\"@id\":\"https:\/\/permbledhja.com\/#website\"},\"datePublished\":\"2023-08-13T13:25:31+00:00\",\"dateModified\":\"2023-08-13T13:25:31+00:00\",\"breadcrumb\":{\"@id\":\"https:\/\/permbledhja.com\/kurti-luledielli-kulture-me-rendesi-strategjike\/#breadcrumb\"},\"inLanguage\":\"sq\",\"potentialAction\":[{\"@type\":\"ReadAction\",\"target\":[\"https:\/\/permbledhja.com\/kurti-luledielli-kulture-me-rendesi-strategjike\/\"]}]},{\"@type\":\"BreadcrumbList\",\"@id\":\"https:\/\/permbledhja.com\/kurti-luledielli-kulture-me-rendesi-strategjike\/#breadcrumb\",\"itemListElement\":[{\"@type\":\"ListItem\",\"position\":1,\"name\":\"Ballina\",\"item\":\"https:\/\/permbledhja.com\/sq\/\"},{\"@type\":\"ListItem\",\"position\":2,\"name\":\"Kurti: Luledielli, kultur\u00eb me r\u00ebnd\u00ebsi strategjike\"}]},{\"@type\":\"WebSite\",\"@id\":\"https:\/\/permbledhja.com\/#website\",\"url\":\"https:\/\/permbledhja.com\/\",\"name\":\"Ve\u00e7 artikuj p\u00ebrmbledh\u00ebs\",\"description\":\"\",\"publisher\":{\"@id\":\"https:\/\/permbledhja.com\/#organization\"},\"potentialAction\":[{\"@type\":\"SearchAction\",\"target\":{\"@type\":\"EntryPoint\",\"urlTemplate\":\"https:\/\/permbledhja.com\/?s={search_term_string}\"},\"query-input\":\"required name=search_term_string\"}],\"inLanguage\":\"sq\"},{\"@type\":\"Organization\",\"@id\":\"https:\/\/permbledhja.com\/#organization\",\"name\":\"MK Media & Pr\",\"url\":\"https:\/\/permbledhja.com\/\",\"logo\":{\"@type\":\"ImageObject\",\"inLanguage\":\"sq\",\"@id\":\"https:\/\/permbledhja.com\/#\/schema\/logo\/image\/\",\"url\":\"https:\/\/permbledhja.com\/wp-content\/uploads\/2021\/12\/07-Press-Logo.jpg\",\"contentUrl\":\"https:\/\/permbledhja.com\/wp-content\/uploads\/2021\/12\/07-Press-Logo.jpg\",\"width\":512,\"height\":512,\"caption\":\"MK Media & Pr\"},\"image\":{\"@id\":\"https:\/\/permbledhja.com\/#\/schema\/logo\/image\/\"},\"sameAs\":[\"https:\/\/www.facebook.com\/press07\/\"]},{\"@type\":\"Person\",\"@id\":\"https:\/\/permbledhja.com\/#\/schema\/person\/d23f13f59b5722643933d6780783acf3\",\"name\":\"M M\",\"image\":{\"@type\":\"ImageObject\",\"inLanguage\":\"sq\",\"@id\":\"https:\/\/permbledhja.com\/#\/schema\/person\/image\/\",\"url\":\"https:\/\/secure.gravatar.com\/avatar\/e2835a76ca7c31a2416b2d51c4ec9a8f?s=96&d=mm&r=g\",\"contentUrl\":\"https:\/\/secure.gravatar.com\/avatar\/e2835a76ca7c31a2416b2d51c4ec9a8f?s=96&d=mm&r=g\",\"caption\":\"M M\"},\"sameAs\":[\"http:\/\/MM\"],\"url\":\"https:\/\/permbledhja.com\/sq\/author\/muhamet\/\"}]}<\/script>\n<!-- \/ Yoast SEO plugin. -->","yoast_head_json":{"title":"Kurti: Luledielli, kultur\u00eb me r\u00ebnd\u00ebsi strategjike","robots":{"index":"index","follow":"follow","max-snippet":"max-snippet:-1","max-image-preview":"max-image-preview:large","max-video-preview":"max-video-preview:-1"},"canonical":"https:\/\/permbledhja.com\/sq\/kurti-luledielli-kulture-me-rendesi-strategjike\/","og_locale":"sq_AL","og_type":"article","og_title":"Kurti: Luledielli, kultur\u00eb me r\u00ebnd\u00ebsi strategjike","og_description":"Kryeministri, Albin Kurti tha se luledielli \u00ebsht\u00eb kultur\u00eb me r\u00ebnd\u00ebsi strategjike. K\u00ebshtu, ai njoftoi n\u00eb Facebook se fermeri Shukri Sallahu ka mbjellur 30 hektar\u00eb me lulediell. \u201cAi produktin final e ka tanim\u00eb t\u00eb dedikuar p\u00ebr eksport p\u00ebr shkak t\u00eb k\u00ebrkes\u00ebs s\u00eb lart\u00eb n\u00eb treg p\u00ebr l\u00ebnd\u00ebn e par\u00eb. P\u00ebrmes Programit p\u00ebr Pagesa Direkte 2023, nj\u00eb [&hellip;]","og_url":"https:\/\/permbledhja.com\/sq\/kurti-luledielli-kulture-me-rendesi-strategjike\/","og_site_name":"Ve\u00e7 artikuj p\u00ebrmbledh\u00ebs","article_publisher":"https:\/\/www.facebook.com\/press07\/","article_published_time":"2023-08-13T13:25:31+00:00","og_image":[{"width":600,"height":360,"url":"https:\/\/permbledhja.com\/wp-content\/uploads\/2023\/08\/367387867_678050894354184_593323156118070805_n-600x360-1.jpg","type":"image\/jpeg"}],"author":"M M","twitter_card":"summary_large_image","twitter_misc":{"Written by":"M M","Est. reading time":"1 minut\u00eb"},"schema":{"@context":"https:\/\/schema.org","@graph":[{"@type":"Article","@id":"https:\/\/permbledhja.com\/kurti-luledielli-kulture-me-rendesi-strategjike\/#article","isPartOf":{"@id":"https:\/\/permbledhja.com\/kurti-luledielli-kulture-me-rendesi-strategjike\/"},"author":{"name":"M M","@id":"https:\/\/permbledhja.com\/#\/schema\/person\/d23f13f59b5722643933d6780783acf3"},"headline":"Kurti: Luledielli, kultur\u00eb me r\u00ebnd\u00ebsi strategjike","datePublished":"2023-08-13T13:25:31+00:00","dateModified":"2023-08-13T13:25:31+00:00","mainEntityOfPage":{"@id":"https:\/\/permbledhja.com\/kurti-luledielli-kulture-me-rendesi-strategjike\/"},"wordCount":139,"publisher":{"@id":"https:\/\/permbledhja.com\/#organization"},"keywords":["Albin Kurti"],"articleSection":["Komb\u00ebtare","Lajme"],"inLanguage":"sq"},{"@type":"WebPage","@id":"https:\/\/permbledhja.com\/kurti-luledielli-kulture-me-rendesi-strategjike\/","url":"https:\/\/permbledhja.com\/kurti-luledielli-kulture-me-rendesi-strategjike\/","name":"Kurti: Luledielli, kultur\u00eb me r\u00ebnd\u00ebsi strategjike","isPartOf":{"@id":"https:\/\/permbledhja.com\/#website"},"datePublished":"2023-08-13T13:25:31+00:00","dateModified":"2023-08-13T13:25:31+00:00","breadcrumb":{"@id":"https:\/\/permbledhja.com\/kurti-luledielli-kulture-me-rendesi-strategjike\/#breadcrumb"},"inLanguage":"sq","potentialAction":[{"@type":"ReadAction","target":["https:\/\/permbledhja.com\/kurti-luledielli-kulture-me-rendesi-strategjike\/"]}]},{"@type":"BreadcrumbList","@id":"https:\/\/permbledhja.com\/kurti-luledielli-kulture-me-rendesi-strategjike\/#breadcrumb","itemListElement":[{"@type":"ListItem","position":1,"name":"Ballina","item":"https:\/\/permbledhja.com\/sq\/"},{"@type":"ListItem","position":2,"name":"Kurti: Luledielli, kultur\u00eb me r\u00ebnd\u00ebsi strategjike"}]},{"@type":"WebSite","@id":"https:\/\/permbledhja.com\/#website","url":"https:\/\/permbledhja.com\/","name":"Ve\u00e7 artikuj p\u00ebrmbledh\u00ebs","description":"","publisher":{"@id":"https:\/\/permbledhja.com\/#organization"},"potentialAction":[{"@type":"SearchAction","target":{"@type":"EntryPoint","urlTemplate":"https:\/\/permbledhja.com\/?s={search_term_string}"},"query-input":"required name=search_term_string"}],"inLanguage":"sq"},{"@type":"Organization","@id":"https:\/\/permbledhja.com\/#organization","name":"MK Media & Pr","url":"https:\/\/permbledhja.com\/","logo":{"@type":"ImageObject","inLanguage":"sq","@id":"https:\/\/permbledhja.com\/#\/schema\/logo\/image\/","url":"https:\/\/permbledhja.com\/wp-content\/uploads\/2021\/12\/07-Press-Logo.jpg","contentUrl":"https:\/\/permbledhja.com\/wp-content\/uploads\/2021\/12\/07-Press-Logo.jpg","width":512,"height":512,"caption":"MK Media & Pr"},"image":{"@id":"https:\/\/permbledhja.com\/#\/schema\/logo\/image\/"},"sameAs":["https:\/\/www.facebook.com\/press07\/"]},{"@type":"Person","@id":"https:\/\/permbledhja.com\/#\/schema\/person\/d23f13f59b5722643933d6780783acf3","name":"M M","image":{"@type":"ImageObject","inLanguage":"sq","@id":"https:\/\/permbledhja.com\/#\/schema\/person\/image\/","url":"https:\/\/secure.gravatar.com\/avatar\/e2835a76ca7c31a2416b2d51c4ec9a8f?s=96&d=mm&r=g","contentUrl":"https:\/\/secure.gravatar.com\/avatar\/e2835a76ca7c31a2416b2d51c4ec9a8f?s=96&d=mm&r=g","caption":"M M"},"sameAs":["http:\/\/MM"],"url":"https:\/\/permbledhja.com\/sq\/author\/muhamet\/"}]}},"_links":{"self":[{"href":"https:\/\/permbledhja.com\/sq\/wp-json\/wp\/v2\/posts\/23163"}],"collection":[{"href":"https:\/\/permbledhja.com\/sq\/wp-json\/wp\/v2\/posts"}],"about":[{"href":"https:\/\/permbledhja.com\/sq\/wp-json\/wp\/v2\/types\/post"}],"author":[{"embeddable":true,"href":"https:\/\/permbledhja.com\/sq\/wp-json\/wp\/v2\/users\/2"}],"replies":[{"embeddable":true,"href":"https:\/\/permbledhja.com\/sq\/wp-json\/wp\/v2\/comments?post=23163"}],"version-history":[{"count":1,"href":"https:\/\/permbledhja.com\/sq\/wp-json\/wp\/v2\/posts\/23163\/revisions"}],"predecessor-version":[{"id":23165,"href":"https:\/\/permbledhja.com\/sq\/wp-json\/wp\/v2\/posts\/23163\/revisions\/23165"}],"wp:featuredmedia":[{"embeddable":true,"href":"https:\/\/permbledhja.com\/sq\/wp-json\/wp\/v2\/media\/23164"}],"wp:attachment":[{"href":"https:\/\/permbledhja.com\/sq\/wp-json\/wp\/v2\/media?parent=23163"}],"wp:term":[{"taxonomy":"category","embeddable":true,"href":"https:\/\/permbledhja.com\/sq\/wp-json\/wp\/v2\/categories?post=23163"},{"taxonomy":"post_tag","embeddable":true,"href":"https:\/\/permbledhja.com\/sq\/wp-json\/wp\/v2\/tags?post=23163"}],"curies":[{"name":"wp","href":"https:\/\/api.w.org\/{rel}","templated":true}]}}