{"id":23160,"date":"2023-08-13T13:13:36","date_gmt":"2023-08-13T13:13:36","guid":{"rendered":"https:\/\/permbledhja.com\/?p=23160"},"modified":"2023-08-13T13:13:36","modified_gmt":"2023-08-13T13:13:36","slug":"problemet-me-mbeturina-ankohen-banoret-ne-prishtine","status":"publish","type":"post","link":"https:\/\/permbledhja.com\/sq\/problemet-me-mbeturina-ankohen-banoret-ne-prishtine\/","title":{"rendered":"Problemet me mbeturina, ankohen banor\u00ebt n\u00eb Prishtin\u00eb"},"content":{"rendered":"<h3>Kryeqyteti vazhdon t\u00eb ket\u00eb probleme me mbeturinat. Disa kontejner\u00eb jan\u00eb t\u00eb st\u00ebrmbushur derisa qese e gjera t\u00eb tjera kan\u00eb dal\u00eb edhe jasht\u00eb tyre.<\/h3>\n<p>Qytetar\u00ebt po k\u00ebrkojn\u00eb zgjidhje nga Komuna e Prishtin\u00ebs derisa theksojn\u00eb se si pasoj\u00eb e k\u00ebsaj po rrezikohen edhe nga qent\u00eb endacak\u00eb.<\/p>\n<p>Banor\u00ebt n\u00eb lagjen Mati than\u00eb p\u00ebr KosovaPress, se Kompania Pastrimi nuk po i mbledh mbeturinat me rregull.<\/p>\n<p>G\u00ebzim Hajdini i cili banon n\u00eb rrug\u00ebn \u201cMalush Kosova\u201d, tha se mbeturinat, p\u00ebrve\u00e7 papast\u00ebrtis\u00eb, po sjellin edhe rrezikun e qenve n\u00eb lagje.<\/p>\n<p>\u201cPo, n\u00eb rrug\u00ebn Malush Kosova po, se e kan\u00eb \u00e7do t\u00eb h\u00ebn\u00eb p\u00ebr t\u2019i hequr, e vijn\u00eb \u00e7do dy ose tre jav\u00eb, b\u00ebhet shum\u00eb mbeturina, po iu vije aroma shum\u00eb e keqe. Qent\u00eb po mblidhen shum\u00eb, \u00ebsht\u00eb edhe rrezik prej qenve.(A jeni sulmuar ndonj\u00ebher\u00eb prej qenve? Po, goxha problem \u00ebsht\u00eb (Edhe aroma?), po edhe aroma, edhe qent\u00eb endacak, e po b\u00ebhen t\u00eb gjitha t\u00eb zezat qysh thon\u00eb shqiptar\u00ebt.(Pagesat a i b\u00ebni me rregull?). Po gjithmon\u00eb. (A e dini sa banor\u00eb jeni p\u00ebraf\u00ebrsisht?). Goxha shum\u00eb ka, me th\u00ebn\u00eb pes\u00eb mij\u00eb banor\u00eb sigurt jan\u00eb. (A ka kontejner\u00eb pak?). Pak, edhe kontejner\u00eb pak, edhe nuk po i heqin me rregull, se me qen\u00eb q\u00eb i heqin me rregull, prap\u00eb m\u00eb mir\u00eb do t\u00eb b\u00ebhej, por nuk po i heqin me rregull. 00:54 \u201cAnkes\u00eb kemi b\u00ebr\u00eb n\u00eb komun\u00eb, kemi qen\u00eb, e kot\u00eb, i sjellim i sjellim, por nuk po i sjellin, inshallah i heqin\u201d, tha Hajdini.<\/p>\n<p>Po ashtu, edhe qytetari q\u00eb banon n\u00eb rrug\u00ebn \u201cMuharrem Fejza\u201d, Selim Berisha, tha se p\u00ebrkund\u00ebr q\u00eb pages\u00ebn p\u00ebr mbeturina e b\u00ebjn\u00eb me rregull, sh\u00ebrbimi sipas tij \u00ebsht\u00eb i mang\u00ebt.<\/p>\n<p>\u201cNuk po e pastrojn\u00eb kurr\u00eb si\u00e7 duhet, e marrin do, prap\u00eb mbetet e gjith\u00eb toka, nuk po e kryejn\u00eb ashtu si\u00e7 duhet, s\u2019kan\u00eb edhe faj se shum\u00eb po hedhin, a po hedhin k\u00ebso t\u00eb trasha n\u00ebp\u00ebr tok\u00eb, shtret\u00ebr, me jav\u00eb q\u00ebndrojn\u00eb aty, nuk po munden me i heq\u00eb, i heqin deri diku, por si\u00e7 duhet jo. E marrin b\u00ebrllokun, prap\u00eb mbetet plot\u00eb toka. (A keni b\u00ebr\u00eb ankes\u00eb diku?). Jo, nuk kam b\u00ebr\u00eb, nuk jam me familje k\u00ebtu, i kam shp\u00ebrndar\u00eb familjen, ve\u00e7 vet\u00ebm jam, nuk po b\u00ebj b\u00ebrllok shum\u00eb. (A ka arom\u00eb kund\u00ebrmuese?). Ndonj\u00ebher\u00eb po, se si i bie dielli aty vet\u00ebm pak, ndikon. (Pagesat a i b\u00ebni me rregull?). Po me rregull, sidomos n\u00eb vit e paguajm\u00eb t\u00eb gjith\u00eb b\u00ebrllokun. 03:59 \u201cDuhet t\u00eb ket\u00eb pajisje m\u00eb t\u00eb m\u00ebdha q\u00eb t\u00eb hiqen mbeturinat m\u00eb t\u00eb m\u00ebdha, edhe t\u00eb vegj\u00ebl, p\u00ebr ta hequr b\u00ebrllokun, aty mbesin me muaj shtret\u00ebrit q\u00eb i hedhin, plot\u00eb pjes\u00eb \u00e7ka i prish\u00ebn, aty i l\u00ebn\u00eb, pastaj ato po pengojn\u00eb, \u00e7far\u00eb t\u00eb b\u00ebjm\u00eb, ishallah b\u00ebhet mir\u00eb\u201d, u shpreh Berisha.<\/p>\n<p>E banori tjet\u00ebr, Faruk Abdurrahmani, u shpreh se komuna duhet ta shqyrtoj\u00eb k\u00ebt\u00eb problem dhe t\u00eb gjej\u00eb zgjidhje p\u00ebr t\u00eb, ngase sipas tij n\u00eb k\u00ebt\u00eb m\u00ebnyr\u00eb po rrezikohet sh\u00ebndeti i qytetar\u00ebve.<\/p>\n<p>\u201cUn\u00eb banoj p\u00ebrball\u00eb marketit \u201cFrutaria\u201d, para marketit Frutaria jan\u00eb ata q\u00eb i qesim mbeturinat (kontejner\u00ebt), edhe paradite deri diku plot, por pas dite jan\u00eb mbushen plot, edhe p\u00ebrreth plot, e tek n\u00eb dymb\u00ebdhjet\u00eb t\u00eb nat\u00ebs vijn\u00eb me kamion i pastrojn\u00eb. (A po vijn\u00eb rregullisht?). Rregullisht vijn\u00eb n\u00eb dymb\u00ebdhjet\u00eb t\u00eb nat\u00ebs, \u00e7do dit\u00eb. Por, \u00ebsht\u00eb gabim se po mblidhen jasht\u00eb kontejner\u00ebve po mblidhen mbeturina shum\u00eb. (Ndoshta ka pas kontejner\u00eb, ose ka shum\u00eb banor\u00eb?). Bakteret, si t\u00eb kalosh t\u00eb rroken bakteret, a e din \u00e7far\u00eb gj\u00ebrash ka aty n\u00eb mbeturina. (A ka munges\u00eb t\u00eb kontejner\u00ebve?). Nj\u00eb ka qen\u00eb e thyer, e kishin vendosur nj\u00eb t\u00eb re, aty kat\u00ebr copa jan\u00eb, kat\u00ebr kontejner\u00eb. (A e keni ndonj\u00eb ankes\u00eb ndaj komun\u00ebs me sjell\u00eb m\u00eb shum\u00eb kontejner\u00eb). Jo, nuk p\u00ebrzihem, ata vet\u00eb duhet t\u00eb dijn\u00eb, duhet ta shqyrtojn\u00eb, ta studiojn\u00eb dhe ta gjejn\u00eb zgjidhjen\u201d, tha Abdurrahmani.\/Kosovapress\/.<\/p>\n","protected":false},"excerpt":{"rendered":"<p>Kryeqyteti vazhdon t\u00eb ket\u00eb probleme me mbeturinat. Disa kontejner\u00eb jan\u00eb t\u00eb st\u00ebrmbushur derisa qese e gjera t\u00eb tjera kan\u00eb dal\u00eb edhe jasht\u00eb tyre. Qytetar\u00ebt po k\u00ebrkojn\u00eb zgjidhje nga Komuna e Prishtin\u00ebs derisa theksojn\u00eb se si pasoj\u00eb e k\u00ebsaj po rrezikohen edhe nga qent\u00eb endacak\u00eb. Banor\u00ebt n\u00eb lagjen Mati than\u00eb p\u00ebr KosovaPress, se Kompania Pastrimi nuk [&hellip;]<\/p>\n","protected":false},"author":2,"featured_media":23161,"comment_status":"closed","ping_status":"closed","sticky":false,"template":"","format":"standard","meta":{"_monsterinsights_skip_tracking":false,"_monsterinsights_sitenote_active":false,"_monsterinsights_sitenote_note":"","_monsterinsights_sitenote_category":0,"_uf_show_specific_survey":0,"_uf_disable_surveys":false,"footnotes":""},"categories":[23,15],"tags":[],"yoast_head":"<!-- This site is optimized with the Yoast SEO plugin v21.5 - https:\/\/yoast.com\/wordpress\/plugins\/seo\/ -->\n<title>Problemet me mbeturina, ankohen banor\u00ebt n\u00eb Prishtin\u00eb<\/title>\n<meta name=\"robots\" content=\"index, follow, max-snippet:-1, max-image-preview:large, max-video-preview:-1\" \/>\n<link rel=\"canonical\" href=\"https:\/\/permbledhja.com\/sq\/problemet-me-mbeturina-ankohen-banoret-ne-prishtine\/\" \/>\n<meta property=\"og:locale\" content=\"sq_AL\" \/>\n<meta property=\"og:type\" content=\"article\" \/>\n<meta property=\"og:title\" content=\"Problemet me mbeturina, ankohen banor\u00ebt n\u00eb Prishtin\u00eb\" \/>\n<meta property=\"og:description\" content=\"Kryeqyteti vazhdon t\u00eb ket\u00eb probleme me mbeturinat. Disa kontejner\u00eb jan\u00eb t\u00eb st\u00ebrmbushur derisa qese e gjera t\u00eb tjera kan\u00eb dal\u00eb edhe jasht\u00eb tyre. Qytetar\u00ebt po k\u00ebrkojn\u00eb zgjidhje nga Komuna e Prishtin\u00ebs derisa theksojn\u00eb se si pasoj\u00eb e k\u00ebsaj po rrezikohen edhe nga qent\u00eb endacak\u00eb. Banor\u00ebt n\u00eb lagjen Mati than\u00eb p\u00ebr KosovaPress, se Kompania Pastrimi nuk [&hellip;]\" \/>\n<meta property=\"og:url\" content=\"https:\/\/permbledhja.com\/sq\/problemet-me-mbeturina-ankohen-banoret-ne-prishtine\/\" \/>\n<meta property=\"og:site_name\" content=\"Ve\u00e7 artikuj p\u00ebrmbledh\u00ebs\" \/>\n<meta property=\"article:publisher\" content=\"https:\/\/www.facebook.com\/press07\/\" \/>\n<meta property=\"article:published_time\" content=\"2023-08-13T13:13:36+00:00\" \/>\n<meta property=\"og:image\" content=\"https:\/\/permbledhja.com\/wp-content\/uploads\/2023\/08\/ooo.jpg\" \/>\n\t<meta property=\"og:image:width\" content=\"1128\" \/>\n\t<meta property=\"og:image:height\" content=\"687\" \/>\n\t<meta property=\"og:image:type\" content=\"image\/jpeg\" \/>\n<meta name=\"author\" content=\"M M\" \/>\n<meta name=\"twitter:card\" content=\"summary_large_image\" \/>\n<meta name=\"twitter:label1\" content=\"Written by\" \/>\n\t<meta name=\"twitter:data1\" content=\"M M\" \/>\n\t<meta name=\"twitter:label2\" content=\"Est. reading time\" \/>\n\t<meta name=\"twitter:data2\" content=\"3 minuta\" \/>\n<script type=\"application\/ld+json\" class=\"yoast-schema-graph\">{\"@context\":\"https:\/\/schema.org\",\"@graph\":[{\"@type\":\"Article\",\"@id\":\"https:\/\/permbledhja.com\/sq\/problemet-me-mbeturina-ankohen-banoret-ne-prishtine\/#article\",\"isPartOf\":{\"@id\":\"https:\/\/permbledhja.com\/sq\/problemet-me-mbeturina-ankohen-banoret-ne-prishtine\/\"},\"author\":{\"name\":\"M M\",\"@id\":\"https:\/\/permbledhja.com\/#\/schema\/person\/d23f13f59b5722643933d6780783acf3\"},\"headline\":\"Problemet me mbeturina, ankohen banor\u00ebt n\u00eb Prishtin\u00eb\",\"datePublished\":\"2023-08-13T13:13:36+00:00\",\"dateModified\":\"2023-08-13T13:13:36+00:00\",\"mainEntityOfPage\":{\"@id\":\"https:\/\/permbledhja.com\/sq\/problemet-me-mbeturina-ankohen-banoret-ne-prishtine\/\"},\"wordCount\":700,\"publisher\":{\"@id\":\"https:\/\/permbledhja.com\/#organization\"},\"articleSection\":[\"Komb\u00ebtare\",\"Lajme\"],\"inLanguage\":\"sq\"},{\"@type\":\"WebPage\",\"@id\":\"https:\/\/permbledhja.com\/sq\/problemet-me-mbeturina-ankohen-banoret-ne-prishtine\/\",\"url\":\"https:\/\/permbledhja.com\/sq\/problemet-me-mbeturina-ankohen-banoret-ne-prishtine\/\",\"name\":\"Problemet me mbeturina, ankohen banor\u00ebt n\u00eb Prishtin\u00eb\",\"isPartOf\":{\"@id\":\"https:\/\/permbledhja.com\/#website\"},\"datePublished\":\"2023-08-13T13:13:36+00:00\",\"dateModified\":\"2023-08-13T13:13:36+00:00\",\"breadcrumb\":{\"@id\":\"https:\/\/permbledhja.com\/sq\/problemet-me-mbeturina-ankohen-banoret-ne-prishtine\/#breadcrumb\"},\"inLanguage\":\"sq\",\"potentialAction\":[{\"@type\":\"ReadAction\",\"target\":[\"https:\/\/permbledhja.com\/sq\/problemet-me-mbeturina-ankohen-banoret-ne-prishtine\/\"]}]},{\"@type\":\"BreadcrumbList\",\"@id\":\"https:\/\/permbledhja.com\/sq\/problemet-me-mbeturina-ankohen-banoret-ne-prishtine\/#breadcrumb\",\"itemListElement\":[{\"@type\":\"ListItem\",\"position\":1,\"name\":\"Ballina\",\"item\":\"https:\/\/permbledhja.com\/sq\/\"},{\"@type\":\"ListItem\",\"position\":2,\"name\":\"Problemet me mbeturina, ankohen banor\u00ebt n\u00eb Prishtin\u00eb\"}]},{\"@type\":\"WebSite\",\"@id\":\"https:\/\/permbledhja.com\/#website\",\"url\":\"https:\/\/permbledhja.com\/\",\"name\":\"Ve\u00e7 artikuj p\u00ebrmbledh\u00ebs\",\"description\":\"\",\"publisher\":{\"@id\":\"https:\/\/permbledhja.com\/#organization\"},\"potentialAction\":[{\"@type\":\"SearchAction\",\"target\":{\"@type\":\"EntryPoint\",\"urlTemplate\":\"https:\/\/permbledhja.com\/?s={search_term_string}\"},\"query-input\":\"required name=search_term_string\"}],\"inLanguage\":\"sq\"},{\"@type\":\"Organization\",\"@id\":\"https:\/\/permbledhja.com\/#organization\",\"name\":\"MK Media & Pr\",\"url\":\"https:\/\/permbledhja.com\/\",\"logo\":{\"@type\":\"ImageObject\",\"inLanguage\":\"sq\",\"@id\":\"https:\/\/permbledhja.com\/#\/schema\/logo\/image\/\",\"url\":\"https:\/\/permbledhja.com\/wp-content\/uploads\/2021\/12\/07-Press-Logo.jpg\",\"contentUrl\":\"https:\/\/permbledhja.com\/wp-content\/uploads\/2021\/12\/07-Press-Logo.jpg\",\"width\":512,\"height\":512,\"caption\":\"MK Media & Pr\"},\"image\":{\"@id\":\"https:\/\/permbledhja.com\/#\/schema\/logo\/image\/\"},\"sameAs\":[\"https:\/\/www.facebook.com\/press07\/\"]},{\"@type\":\"Person\",\"@id\":\"https:\/\/permbledhja.com\/#\/schema\/person\/d23f13f59b5722643933d6780783acf3\",\"name\":\"M M\",\"image\":{\"@type\":\"ImageObject\",\"inLanguage\":\"sq\",\"@id\":\"https:\/\/permbledhja.com\/#\/schema\/person\/image\/\",\"url\":\"https:\/\/secure.gravatar.com\/avatar\/e2835a76ca7c31a2416b2d51c4ec9a8f?s=96&d=mm&r=g\",\"contentUrl\":\"https:\/\/secure.gravatar.com\/avatar\/e2835a76ca7c31a2416b2d51c4ec9a8f?s=96&d=mm&r=g\",\"caption\":\"M M\"},\"sameAs\":[\"http:\/\/MM\"],\"url\":\"https:\/\/permbledhja.com\/sq\/author\/muhamet\/\"}]}<\/script>\n<!-- \/ Yoast SEO plugin. -->","yoast_head_json":{"title":"Problemet me mbeturina, ankohen banor\u00ebt n\u00eb Prishtin\u00eb","robots":{"index":"index","follow":"follow","max-snippet":"max-snippet:-1","max-image-preview":"max-image-preview:large","max-video-preview":"max-video-preview:-1"},"canonical":"https:\/\/permbledhja.com\/sq\/problemet-me-mbeturina-ankohen-banoret-ne-prishtine\/","og_locale":"sq_AL","og_type":"article","og_title":"Problemet me mbeturina, ankohen banor\u00ebt n\u00eb Prishtin\u00eb","og_description":"Kryeqyteti vazhdon t\u00eb ket\u00eb probleme me mbeturinat. Disa kontejner\u00eb jan\u00eb t\u00eb st\u00ebrmbushur derisa qese e gjera t\u00eb tjera kan\u00eb dal\u00eb edhe jasht\u00eb tyre. Qytetar\u00ebt po k\u00ebrkojn\u00eb zgjidhje nga Komuna e Prishtin\u00ebs derisa theksojn\u00eb se si pasoj\u00eb e k\u00ebsaj po rrezikohen edhe nga qent\u00eb endacak\u00eb. Banor\u00ebt n\u00eb lagjen Mati than\u00eb p\u00ebr KosovaPress, se Kompania Pastrimi nuk [&hellip;]","og_url":"https:\/\/permbledhja.com\/sq\/problemet-me-mbeturina-ankohen-banoret-ne-prishtine\/","og_site_name":"Ve\u00e7 artikuj p\u00ebrmbledh\u00ebs","article_publisher":"https:\/\/www.facebook.com\/press07\/","article_published_time":"2023-08-13T13:13:36+00:00","og_image":[{"width":1128,"height":687,"url":"https:\/\/permbledhja.com\/wp-content\/uploads\/2023\/08\/ooo.jpg","type":"image\/jpeg"}],"author":"M M","twitter_card":"summary_large_image","twitter_misc":{"Written by":"M M","Est. reading time":"3 minuta"},"schema":{"@context":"https:\/\/schema.org","@graph":[{"@type":"Article","@id":"https:\/\/permbledhja.com\/sq\/problemet-me-mbeturina-ankohen-banoret-ne-prishtine\/#article","isPartOf":{"@id":"https:\/\/permbledhja.com\/sq\/problemet-me-mbeturina-ankohen-banoret-ne-prishtine\/"},"author":{"name":"M M","@id":"https:\/\/permbledhja.com\/#\/schema\/person\/d23f13f59b5722643933d6780783acf3"},"headline":"Problemet me mbeturina, ankohen banor\u00ebt n\u00eb Prishtin\u00eb","datePublished":"2023-08-13T13:13:36+00:00","dateModified":"2023-08-13T13:13:36+00:00","mainEntityOfPage":{"@id":"https:\/\/permbledhja.com\/sq\/problemet-me-mbeturina-ankohen-banoret-ne-prishtine\/"},"wordCount":700,"publisher":{"@id":"https:\/\/permbledhja.com\/#organization"},"articleSection":["Komb\u00ebtare","Lajme"],"inLanguage":"sq"},{"@type":"WebPage","@id":"https:\/\/permbledhja.com\/sq\/problemet-me-mbeturina-ankohen-banoret-ne-prishtine\/","url":"https:\/\/permbledhja.com\/sq\/problemet-me-mbeturina-ankohen-banoret-ne-prishtine\/","name":"Problemet me mbeturina, ankohen banor\u00ebt n\u00eb Prishtin\u00eb","isPartOf":{"@id":"https:\/\/permbledhja.com\/#website"},"datePublished":"2023-08-13T13:13:36+00:00","dateModified":"2023-08-13T13:13:36+00:00","breadcrumb":{"@id":"https:\/\/permbledhja.com\/sq\/problemet-me-mbeturina-ankohen-banoret-ne-prishtine\/#breadcrumb"},"inLanguage":"sq","potentialAction":[{"@type":"ReadAction","target":["https:\/\/permbledhja.com\/sq\/problemet-me-mbeturina-ankohen-banoret-ne-prishtine\/"]}]},{"@type":"BreadcrumbList","@id":"https:\/\/permbledhja.com\/sq\/problemet-me-mbeturina-ankohen-banoret-ne-prishtine\/#breadcrumb","itemListElement":[{"@type":"ListItem","position":1,"name":"Ballina","item":"https:\/\/permbledhja.com\/sq\/"},{"@type":"ListItem","position":2,"name":"Problemet me mbeturina, ankohen banor\u00ebt n\u00eb Prishtin\u00eb"}]},{"@type":"WebSite","@id":"https:\/\/permbledhja.com\/#website","url":"https:\/\/permbledhja.com\/","name":"Ve\u00e7 artikuj p\u00ebrmbledh\u00ebs","description":"","publisher":{"@id":"https:\/\/permbledhja.com\/#organization"},"potentialAction":[{"@type":"SearchAction","target":{"@type":"EntryPoint","urlTemplate":"https:\/\/permbledhja.com\/?s={search_term_string}"},"query-input":"required name=search_term_string"}],"inLanguage":"sq"},{"@type":"Organization","@id":"https:\/\/permbledhja.com\/#organization","name":"MK Media & Pr","url":"https:\/\/permbledhja.com\/","logo":{"@type":"ImageObject","inLanguage":"sq","@id":"https:\/\/permbledhja.com\/#\/schema\/logo\/image\/","url":"https:\/\/permbledhja.com\/wp-content\/uploads\/2021\/12\/07-Press-Logo.jpg","contentUrl":"https:\/\/permbledhja.com\/wp-content\/uploads\/2021\/12\/07-Press-Logo.jpg","width":512,"height":512,"caption":"MK Media & Pr"},"image":{"@id":"https:\/\/permbledhja.com\/#\/schema\/logo\/image\/"},"sameAs":["https:\/\/www.facebook.com\/press07\/"]},{"@type":"Person","@id":"https:\/\/permbledhja.com\/#\/schema\/person\/d23f13f59b5722643933d6780783acf3","name":"M M","image":{"@type":"ImageObject","inLanguage":"sq","@id":"https:\/\/permbledhja.com\/#\/schema\/person\/image\/","url":"https:\/\/secure.gravatar.com\/avatar\/e2835a76ca7c31a2416b2d51c4ec9a8f?s=96&d=mm&r=g","contentUrl":"https:\/\/secure.gravatar.com\/avatar\/e2835a76ca7c31a2416b2d51c4ec9a8f?s=96&d=mm&r=g","caption":"M M"},"sameAs":["http:\/\/MM"],"url":"https:\/\/permbledhja.com\/sq\/author\/muhamet\/"}]}},"_links":{"self":[{"href":"https:\/\/permbledhja.com\/sq\/wp-json\/wp\/v2\/posts\/23160"}],"collection":[{"href":"https:\/\/permbledhja.com\/sq\/wp-json\/wp\/v2\/posts"}],"about":[{"href":"https:\/\/permbledhja.com\/sq\/wp-json\/wp\/v2\/types\/post"}],"author":[{"embeddable":true,"href":"https:\/\/permbledhja.com\/sq\/wp-json\/wp\/v2\/users\/2"}],"replies":[{"embeddable":true,"href":"https:\/\/permbledhja.com\/sq\/wp-json\/wp\/v2\/comments?post=23160"}],"version-history":[{"count":1,"href":"https:\/\/permbledhja.com\/sq\/wp-json\/wp\/v2\/posts\/23160\/revisions"}],"predecessor-version":[{"id":23162,"href":"https:\/\/permbledhja.com\/sq\/wp-json\/wp\/v2\/posts\/23160\/revisions\/23162"}],"wp:featuredmedia":[{"embeddable":true,"href":"https:\/\/permbledhja.com\/sq\/wp-json\/wp\/v2\/media\/23161"}],"wp:attachment":[{"href":"https:\/\/permbledhja.com\/sq\/wp-json\/wp\/v2\/media?parent=23160"}],"wp:term":[{"taxonomy":"category","embeddable":true,"href":"https:\/\/permbledhja.com\/sq\/wp-json\/wp\/v2\/categories?post=23160"},{"taxonomy":"post_tag","embeddable":true,"href":"https:\/\/permbledhja.com\/sq\/wp-json\/wp\/v2\/tags?post=23160"}],"curies":[{"name":"wp","href":"https:\/\/api.w.org\/{rel}","templated":true}]}}