{"id":23128,"date":"2023-08-13T11:05:42","date_gmt":"2023-08-13T11:05:42","guid":{"rendered":"https:\/\/permbledhja.com\/?p=23128"},"modified":"2023-08-13T11:05:42","modified_gmt":"2023-08-13T11:05:42","slug":"organizatoret-duhet-te-sanksionohen-presidenti-i-maqedonise-per-tubimin-ku-mori-pjese-kurti","status":"publish","type":"post","link":"https:\/\/permbledhja.com\/sq\/organizatoret-duhet-te-sanksionohen-presidenti-i-maqedonise-per-tubimin-ku-mori-pjese-kurti\/","title":{"rendered":"&#8220;Organizator\u00ebt duhet t\u00eb sanksionohen&#8221;, Presidenti i Maqedonis\u00eb p\u00ebr tubimin ku mori pjes\u00eb Kurti"},"content":{"rendered":"<h3>Presidenti i Maqedonis\u00eb s\u00eb Veriut, Stevo Pendarovski, ka reaguar ashp\u00ebr pas tubimeve n\u00eb \u00c7air e Tetov\u00eb, ku mori pjes\u00eb edhe kryeministri i Kosov\u00ebs, Albin Kurti.<\/h3>\n<p>Pendarovski ka k\u00ebrkuar q\u00eb ligji t\u00eb merret me organizator\u00ebt, pasi ata p\u00ebrhap\u00ebn ide shoviniste. Kjo duke komentuar p\u00ebrdorimin e flamujve \u201cAutochtonus\u201d gjat\u00eb k\u00ebtyre tubimeve.<\/p>\n<p>\u201cTheksimi i ikonografis\u00eb provokuese nacionaliste q\u00eb promovon ide shoviniste shtet\u00ebrore paraqet ndezjen e urrejtjes dhe intoleranc\u00ebs etnike, e cila pa m\u00ebdyshje sulmon parimet dhe vlerat baz\u00eb t\u00eb Marr\u00ebveshjes Korniz\u00eb si dhe konceptin e Maqedonis\u00eb si shtet multietnik. Organizator\u00ebt e tubimeve publike n\u00eb Tetov\u00eb dhe \u00c7air duhet t\u00eb sanksionohen ligj\u00ebrisht p\u00ebr shkeljen e dispozitave ligjore p\u00ebr p\u00ebrdorimin e flamurit dhe himnit shtet\u00ebror dhe flamujve dhe simboleve t\u00eb komuniteteve, duke i injoruar plot\u00ebsisht simbolet e shtetit. N\u00eb k\u00ebt\u00eb drejtim, i b\u00ebj thirrje organeve kompetente q\u00eb sa m\u00eb par\u00eb t\u00eb kryejn\u00eb procedurat e parapara.\u201d-\u00a0shkruan Pendarovski.<\/p>\n<p>P\u00ebr p\u00ebrdorimin e k\u00ebtyre flamujve kan\u00eb reaguar edhe nga kabineti i kryeministrit t\u00eb Maqedonis\u00eb, Dimitar Kova\u00e7evski.<\/p>\n<p>\u201cTheksojm\u00eb se, t\u00eb gjith\u00eb shtetet e rajonit, t\u00eb cil\u00ebt duan q\u00eb i nj\u00ebjti t\u00eb jet\u00eb prosperues, me ekonomi t\u00eb zhvilluar dhe i integruar n\u00eb Bashkimin Evropian dhe t\u00eb cil\u00ebt duan t\u00eb nd\u00ebrtojn\u00eb raporte miq\u00ebsore me fqinj\u00ebt e tyre, duhet q\u00eb me t\u00eb gjitha veprimet e tyre t\u2019i thellojn\u00eb miq\u00ebsit\u00eb edhe mes shteteve edhe mes qytetar\u00ebve dhe t\u00eb insistojn\u00eb n\u00eb respektimin, para s\u00eb gjithash, t\u00eb simboleve shtet\u00ebror si dhe t\u00eb specifikave multikulturore t\u00eb \u00e7do shteti t\u00eb rajonit. Republika e Maqedonis\u00eb s\u00eb Veriut \u00ebsht\u00eb si shoq\u00ebri multikulturore dhe multietnike funksionale nd\u00ebrton raporte t\u00eb mira fqinj\u00ebsore me gjith\u00eb fqinj\u00ebt e saj, t\u00eb bazuara n\u00eb respektimin dhe bashk\u00ebpunim, i cili duhet t\u00eb kontribuoj\u00eb drejt zhvillimit t\u00eb m\u00ebtejm\u00eb edhe t\u00eb vendit edhe t\u00eb rajonit\u201d,\u00a0thuhet n\u00eb kumtes\u00ebn e kabinetit t\u00eb Kova\u00e7evskit.<\/p>\n<p>N\u00eb lidhje me riem\u00ebrimin e rrug\u00ebs ka reaguar edhe kryetari i Komun\u00ebs s\u00eb Kumanov\u00ebs,\u00a0Maksim Dimitrievski, i cili po ashtu d\u00ebnoi vendimin e nd\u00ebrrimit t\u00eb emrit t\u00eb k\u00ebsaj rruge. Kjo pasi rruga e mori emrin \u201cAdem Dema\u00e7i\u201d<\/p>\n<p>\u201cNj\u00eb pyetje publike p\u00ebr udh\u00ebheq\u00ebsin\u00eb dhe ish bashk\u00ebpartiake e mi: A p\u00ebr k\u00ebt\u00eb bashk\u00ebjetes\u00eb dhe respetim t\u00eb p\u00ebrbashk\u00ebt kemi luftuar n\u00ebn parull\u00ebn Nj\u00eb shoq\u00ebri p\u00ebr t\u00eb gjith\u00eb!? Si ndjeheni sot kur kujtimet e gjysh\u00ebrve dhe gjysheve tona t\u00eb r\u00ebn\u00eb, partizant\u00eb, antifashist\u00eb nga t\u00eb gjith\u00eb popujt e Maqedonis\u00eb n\u00eb at\u00eb koh\u00eb, fshihen dhe nd\u00ebrrohen me emra t\u00eb luft\u00ebtar\u00ebve p\u00ebr kauza nacionalishte. \u00cbsht\u00eb dita e dyt\u00eb q\u00eb heshtni nd\u00ebrsa heshtja n\u00eb k\u00ebt\u00eb rast \u00ebsht\u00eb m\u00eb shum\u00eb se turp\u201d,\u00a0ka shkruar\u00a0<strong>Dimitrievski<\/strong>\u00a0n\u00eb Facebook.<\/p>\n<p>Shkuarja e Kurtit n\u00eb Tetov\u00eb e \u00c7air \u00ebsht\u00eb kritikuar mjaft shum\u00eb n\u00eb Kosov\u00eb. Kjo \u00ebsht\u00eb vler\u00ebsuar si nj\u00eb nd\u00ebrhyrje e Kurtit n\u00eb politik\u00ebn shqiptare n\u00eb Maqedoni, pasi vizita ka qen\u00eb private.<\/p>\n<p>Gjat\u00eb p\u00ebrurimit t\u00eb rrug\u00ebs me emrin \u201cAdem Dema\u00e7i\u201d, Kurti tha se Maqedonia duhet t\u00eb jet\u00eb m\u00eb af\u00ebr Kosov\u00ebs e Shqip\u00ebris\u00eb.<\/p>\n<p>\u201cSepse em\u00ebrtimi i nj\u00eb rruge nuk \u00ebsht\u00eb thjesht\u00eb evidentim i nj\u00eb hap\u00ebsire t\u00eb l\u00ebvizjes, por edhe shenjim i nj\u00eb kohe me nj\u00eb em\u00ebr. Cila \u00ebsht\u00eb kjo koh\u00eb dhe cili \u00ebsht\u00eb ky em\u00ebr q\u00eb nga sot e tutje do ta sh\u00ebnjoj\u00eb k\u00ebt\u00eb rrug\u00eb? \u00cbsht\u00eb koha kur gjat\u00eb gjysm\u00ebs s\u00eb dyt\u00eb t\u00eb shekullit t\u00eb kaluar, shqiptar\u00ebt n\u00eb ish Jugosllavi ishin komuniteti etnik m\u00eb i shtypur dhe m\u00eb i diskriminuar n\u00eb Evrop\u00ebn e Pasluft\u00ebs s\u00eb Dyt\u00eb Bot\u00ebrore. At\u00eb periudh\u00eb, shqiptar\u00ebt, si n\u00eb Kosov\u00eb, ashtu edhe k\u00ebtu n\u00eb Maqedoni t\u00eb Veriut, Mal t\u00eb Zi dhe Lugin\u00eb t\u00eb Preshev\u00ebs e jetuan regjimin diktatorial t\u00eb Jugosllavis\u00eb nj\u00ebsoj. Mes p\u00ebrndjekjesh politike dhe burgjesh, shp\u00ebrngulje dhe emigrimeve, mes d\u00ebbimeve nga puna dhe mbylljeve t\u00eb shkollave, me n\u00ebnp\u00ebrfaq\u00ebsim politik dhe pabarazi sociale, me liri t\u00eb cunguara komb\u00ebtare, qytetare dhe t\u00eb drejta t\u00eb shkelura t\u00eb njeriut. Meq\u00eb \u00ebsht\u00eb koha q\u00eb i prodhon njer\u00ebzit, ajo koh\u00eb \u00ebsht\u00eb e shtypjes s\u00eb shqiptar\u00ebve, mes shqiptar\u00ebve e prodhoi nj\u00eb simbol t\u00eb liris\u00eb, bacin Adem Dema\u00e7i\u201d,\u00a0tha kryeministri Kurti.<\/p>\n<p>Kurti mori pjes\u00eb edhe n\u00eb nj\u00eb koncert n\u00eb qend\u00ebr t\u00eb Tetov\u00ebs.<\/p>\n","protected":false},"excerpt":{"rendered":"<p>Presidenti i Maqedonis\u00eb s\u00eb Veriut, Stevo Pendarovski, ka reaguar ashp\u00ebr pas tubimeve n\u00eb \u00c7air e Tetov\u00eb, ku mori pjes\u00eb edhe kryeministri i Kosov\u00ebs, Albin Kurti. Pendarovski ka k\u00ebrkuar q\u00eb ligji t\u00eb merret me organizator\u00ebt, pasi ata p\u00ebrhap\u00ebn ide shoviniste. Kjo duke komentuar p\u00ebrdorimin e flamujve \u201cAutochtonus\u201d gjat\u00eb k\u00ebtyre tubimeve. \u201cTheksimi i ikonografis\u00eb provokuese nacionaliste q\u00eb [&hellip;]<\/p>\n","protected":false},"author":2,"featured_media":23129,"comment_status":"closed","ping_status":"closed","sticky":false,"template":"","format":"standard","meta":{"_monsterinsights_skip_tracking":false,"_monsterinsights_sitenote_active":false,"_monsterinsights_sitenote_note":"","_monsterinsights_sitenote_category":0,"_uf_show_specific_survey":0,"_uf_disable_surveys":false,"footnotes":""},"categories":[23,15],"tags":[86],"yoast_head":"<!-- This site is optimized with the Yoast SEO plugin v21.5 - https:\/\/yoast.com\/wordpress\/plugins\/seo\/ -->\n<title>&quot;Organizator\u00ebt duhet t\u00eb sanksionohen&quot;, Presidenti i Maqedonis\u00eb p\u00ebr tubimin ku mori pjes\u00eb Kurti<\/title>\n<meta name=\"robots\" content=\"index, follow, max-snippet:-1, max-image-preview:large, max-video-preview:-1\" \/>\n<link rel=\"canonical\" href=\"https:\/\/permbledhja.com\/sq\/organizatoret-duhet-te-sanksionohen-presidenti-i-maqedonise-per-tubimin-ku-mori-pjese-kurti\/\" \/>\n<meta property=\"og:locale\" content=\"sq_AL\" \/>\n<meta property=\"og:type\" content=\"article\" \/>\n<meta property=\"og:title\" content=\"&quot;Organizator\u00ebt duhet t\u00eb sanksionohen&quot;, Presidenti i Maqedonis\u00eb p\u00ebr tubimin ku mori pjes\u00eb Kurti\" \/>\n<meta property=\"og:description\" content=\"Presidenti i Maqedonis\u00eb s\u00eb Veriut, Stevo Pendarovski, ka reaguar ashp\u00ebr pas tubimeve n\u00eb \u00c7air e Tetov\u00eb, ku mori pjes\u00eb edhe kryeministri i Kosov\u00ebs, Albin Kurti. Pendarovski ka k\u00ebrkuar q\u00eb ligji t\u00eb merret me organizator\u00ebt, pasi ata p\u00ebrhap\u00ebn ide shoviniste. Kjo duke komentuar p\u00ebrdorimin e flamujve \u201cAutochtonus\u201d gjat\u00eb k\u00ebtyre tubimeve. \u201cTheksimi i ikonografis\u00eb provokuese nacionaliste q\u00eb [&hellip;]\" \/>\n<meta property=\"og:url\" content=\"https:\/\/permbledhja.com\/sq\/organizatoret-duhet-te-sanksionohen-presidenti-i-maqedonise-per-tubimin-ku-mori-pjese-kurti\/\" \/>\n<meta property=\"og:site_name\" content=\"Ve\u00e7 artikuj p\u00ebrmbledh\u00ebs\" \/>\n<meta property=\"article:publisher\" content=\"https:\/\/www.facebook.com\/press07\/\" \/>\n<meta property=\"article:published_time\" content=\"2023-08-13T11:05:42+00:00\" \/>\n<meta property=\"og:image\" content=\"https:\/\/permbledhja.com\/wp-content\/uploads\/2023\/08\/Capture-46.jpg\" \/>\n\t<meta property=\"og:image:width\" content=\"1316\" \/>\n\t<meta property=\"og:image:height\" content=\"746\" \/>\n\t<meta property=\"og:image:type\" content=\"image\/jpeg\" \/>\n<meta name=\"author\" content=\"M M\" \/>\n<meta name=\"twitter:card\" content=\"summary_large_image\" \/>\n<meta name=\"twitter:label1\" content=\"Written by\" \/>\n\t<meta name=\"twitter:data1\" content=\"M M\" \/>\n\t<meta name=\"twitter:label2\" content=\"Est. reading time\" \/>\n\t<meta name=\"twitter:data2\" content=\"4 minuta\" \/>\n<script type=\"application\/ld+json\" class=\"yoast-schema-graph\">{\"@context\":\"https:\/\/schema.org\",\"@graph\":[{\"@type\":\"Article\",\"@id\":\"https:\/\/permbledhja.com\/organizatoret-duhet-te-sanksionohen-presidenti-i-maqedonise-per-tubimin-ku-mori-pjese-kurti\/#article\",\"isPartOf\":{\"@id\":\"https:\/\/permbledhja.com\/organizatoret-duhet-te-sanksionohen-presidenti-i-maqedonise-per-tubimin-ku-mori-pjese-kurti\/\"},\"author\":{\"name\":\"M M\",\"@id\":\"https:\/\/permbledhja.com\/#\/schema\/person\/d23f13f59b5722643933d6780783acf3\"},\"headline\":\"&#8220;Organizator\u00ebt duhet t\u00eb sanksionohen&#8221;, Presidenti i Maqedonis\u00eb p\u00ebr tubimin ku mori pjes\u00eb Kurti\",\"datePublished\":\"2023-08-13T11:05:42+00:00\",\"dateModified\":\"2023-08-13T11:05:42+00:00\",\"mainEntityOfPage\":{\"@id\":\"https:\/\/permbledhja.com\/organizatoret-duhet-te-sanksionohen-presidenti-i-maqedonise-per-tubimin-ku-mori-pjese-kurti\/\"},\"wordCount\":754,\"publisher\":{\"@id\":\"https:\/\/permbledhja.com\/#organization\"},\"keywords\":[\"Albin Kurti\"],\"articleSection\":[\"Komb\u00ebtare\",\"Lajme\"],\"inLanguage\":\"sq\"},{\"@type\":\"WebPage\",\"@id\":\"https:\/\/permbledhja.com\/organizatoret-duhet-te-sanksionohen-presidenti-i-maqedonise-per-tubimin-ku-mori-pjese-kurti\/\",\"url\":\"https:\/\/permbledhja.com\/organizatoret-duhet-te-sanksionohen-presidenti-i-maqedonise-per-tubimin-ku-mori-pjese-kurti\/\",\"name\":\"\\\"Organizator\u00ebt duhet t\u00eb sanksionohen\\\", Presidenti i Maqedonis\u00eb p\u00ebr tubimin ku mori pjes\u00eb Kurti\",\"isPartOf\":{\"@id\":\"https:\/\/permbledhja.com\/#website\"},\"datePublished\":\"2023-08-13T11:05:42+00:00\",\"dateModified\":\"2023-08-13T11:05:42+00:00\",\"breadcrumb\":{\"@id\":\"https:\/\/permbledhja.com\/organizatoret-duhet-te-sanksionohen-presidenti-i-maqedonise-per-tubimin-ku-mori-pjese-kurti\/#breadcrumb\"},\"inLanguage\":\"sq\",\"potentialAction\":[{\"@type\":\"ReadAction\",\"target\":[\"https:\/\/permbledhja.com\/organizatoret-duhet-te-sanksionohen-presidenti-i-maqedonise-per-tubimin-ku-mori-pjese-kurti\/\"]}]},{\"@type\":\"BreadcrumbList\",\"@id\":\"https:\/\/permbledhja.com\/organizatoret-duhet-te-sanksionohen-presidenti-i-maqedonise-per-tubimin-ku-mori-pjese-kurti\/#breadcrumb\",\"itemListElement\":[{\"@type\":\"ListItem\",\"position\":1,\"name\":\"Ballina\",\"item\":\"https:\/\/permbledhja.com\/sq\/\"},{\"@type\":\"ListItem\",\"position\":2,\"name\":\"&#8220;Organizator\u00ebt duhet t\u00eb sanksionohen&#8221;, Presidenti i Maqedonis\u00eb p\u00ebr tubimin ku mori pjes\u00eb Kurti\"}]},{\"@type\":\"WebSite\",\"@id\":\"https:\/\/permbledhja.com\/#website\",\"url\":\"https:\/\/permbledhja.com\/\",\"name\":\"Ve\u00e7 artikuj p\u00ebrmbledh\u00ebs\",\"description\":\"\",\"publisher\":{\"@id\":\"https:\/\/permbledhja.com\/#organization\"},\"potentialAction\":[{\"@type\":\"SearchAction\",\"target\":{\"@type\":\"EntryPoint\",\"urlTemplate\":\"https:\/\/permbledhja.com\/?s={search_term_string}\"},\"query-input\":\"required name=search_term_string\"}],\"inLanguage\":\"sq\"},{\"@type\":\"Organization\",\"@id\":\"https:\/\/permbledhja.com\/#organization\",\"name\":\"MK Media & Pr\",\"url\":\"https:\/\/permbledhja.com\/\",\"logo\":{\"@type\":\"ImageObject\",\"inLanguage\":\"sq\",\"@id\":\"https:\/\/permbledhja.com\/#\/schema\/logo\/image\/\",\"url\":\"https:\/\/permbledhja.com\/wp-content\/uploads\/2021\/12\/07-Press-Logo.jpg\",\"contentUrl\":\"https:\/\/permbledhja.com\/wp-content\/uploads\/2021\/12\/07-Press-Logo.jpg\",\"width\":512,\"height\":512,\"caption\":\"MK Media & Pr\"},\"image\":{\"@id\":\"https:\/\/permbledhja.com\/#\/schema\/logo\/image\/\"},\"sameAs\":[\"https:\/\/www.facebook.com\/press07\/\"]},{\"@type\":\"Person\",\"@id\":\"https:\/\/permbledhja.com\/#\/schema\/person\/d23f13f59b5722643933d6780783acf3\",\"name\":\"M M\",\"image\":{\"@type\":\"ImageObject\",\"inLanguage\":\"sq\",\"@id\":\"https:\/\/permbledhja.com\/#\/schema\/person\/image\/\",\"url\":\"https:\/\/secure.gravatar.com\/avatar\/e2835a76ca7c31a2416b2d51c4ec9a8f?s=96&d=mm&r=g\",\"contentUrl\":\"https:\/\/secure.gravatar.com\/avatar\/e2835a76ca7c31a2416b2d51c4ec9a8f?s=96&d=mm&r=g\",\"caption\":\"M M\"},\"sameAs\":[\"http:\/\/MM\"],\"url\":\"https:\/\/permbledhja.com\/sq\/author\/muhamet\/\"}]}<\/script>\n<!-- \/ Yoast SEO plugin. -->","yoast_head_json":{"title":"\"Organizator\u00ebt duhet t\u00eb sanksionohen\", Presidenti i Maqedonis\u00eb p\u00ebr tubimin ku mori pjes\u00eb Kurti","robots":{"index":"index","follow":"follow","max-snippet":"max-snippet:-1","max-image-preview":"max-image-preview:large","max-video-preview":"max-video-preview:-1"},"canonical":"https:\/\/permbledhja.com\/sq\/organizatoret-duhet-te-sanksionohen-presidenti-i-maqedonise-per-tubimin-ku-mori-pjese-kurti\/","og_locale":"sq_AL","og_type":"article","og_title":"\"Organizator\u00ebt duhet t\u00eb sanksionohen\", Presidenti i Maqedonis\u00eb p\u00ebr tubimin ku mori pjes\u00eb Kurti","og_description":"Presidenti i Maqedonis\u00eb s\u00eb Veriut, Stevo Pendarovski, ka reaguar ashp\u00ebr pas tubimeve n\u00eb \u00c7air e Tetov\u00eb, ku mori pjes\u00eb edhe kryeministri i Kosov\u00ebs, Albin Kurti. Pendarovski ka k\u00ebrkuar q\u00eb ligji t\u00eb merret me organizator\u00ebt, pasi ata p\u00ebrhap\u00ebn ide shoviniste. Kjo duke komentuar p\u00ebrdorimin e flamujve \u201cAutochtonus\u201d gjat\u00eb k\u00ebtyre tubimeve. \u201cTheksimi i ikonografis\u00eb provokuese nacionaliste q\u00eb [&hellip;]","og_url":"https:\/\/permbledhja.com\/sq\/organizatoret-duhet-te-sanksionohen-presidenti-i-maqedonise-per-tubimin-ku-mori-pjese-kurti\/","og_site_name":"Ve\u00e7 artikuj p\u00ebrmbledh\u00ebs","article_publisher":"https:\/\/www.facebook.com\/press07\/","article_published_time":"2023-08-13T11:05:42+00:00","og_image":[{"width":1316,"height":746,"url":"https:\/\/permbledhja.com\/wp-content\/uploads\/2023\/08\/Capture-46.jpg","type":"image\/jpeg"}],"author":"M M","twitter_card":"summary_large_image","twitter_misc":{"Written by":"M M","Est. reading time":"4 minuta"},"schema":{"@context":"https:\/\/schema.org","@graph":[{"@type":"Article","@id":"https:\/\/permbledhja.com\/organizatoret-duhet-te-sanksionohen-presidenti-i-maqedonise-per-tubimin-ku-mori-pjese-kurti\/#article","isPartOf":{"@id":"https:\/\/permbledhja.com\/organizatoret-duhet-te-sanksionohen-presidenti-i-maqedonise-per-tubimin-ku-mori-pjese-kurti\/"},"author":{"name":"M M","@id":"https:\/\/permbledhja.com\/#\/schema\/person\/d23f13f59b5722643933d6780783acf3"},"headline":"&#8220;Organizator\u00ebt duhet t\u00eb sanksionohen&#8221;, Presidenti i Maqedonis\u00eb p\u00ebr tubimin ku mori pjes\u00eb Kurti","datePublished":"2023-08-13T11:05:42+00:00","dateModified":"2023-08-13T11:05:42+00:00","mainEntityOfPage":{"@id":"https:\/\/permbledhja.com\/organizatoret-duhet-te-sanksionohen-presidenti-i-maqedonise-per-tubimin-ku-mori-pjese-kurti\/"},"wordCount":754,"publisher":{"@id":"https:\/\/permbledhja.com\/#organization"},"keywords":["Albin Kurti"],"articleSection":["Komb\u00ebtare","Lajme"],"inLanguage":"sq"},{"@type":"WebPage","@id":"https:\/\/permbledhja.com\/organizatoret-duhet-te-sanksionohen-presidenti-i-maqedonise-per-tubimin-ku-mori-pjese-kurti\/","url":"https:\/\/permbledhja.com\/organizatoret-duhet-te-sanksionohen-presidenti-i-maqedonise-per-tubimin-ku-mori-pjese-kurti\/","name":"\"Organizator\u00ebt duhet t\u00eb sanksionohen\", Presidenti i Maqedonis\u00eb p\u00ebr tubimin ku mori pjes\u00eb Kurti","isPartOf":{"@id":"https:\/\/permbledhja.com\/#website"},"datePublished":"2023-08-13T11:05:42+00:00","dateModified":"2023-08-13T11:05:42+00:00","breadcrumb":{"@id":"https:\/\/permbledhja.com\/organizatoret-duhet-te-sanksionohen-presidenti-i-maqedonise-per-tubimin-ku-mori-pjese-kurti\/#breadcrumb"},"inLanguage":"sq","potentialAction":[{"@type":"ReadAction","target":["https:\/\/permbledhja.com\/organizatoret-duhet-te-sanksionohen-presidenti-i-maqedonise-per-tubimin-ku-mori-pjese-kurti\/"]}]},{"@type":"BreadcrumbList","@id":"https:\/\/permbledhja.com\/organizatoret-duhet-te-sanksionohen-presidenti-i-maqedonise-per-tubimin-ku-mori-pjese-kurti\/#breadcrumb","itemListElement":[{"@type":"ListItem","position":1,"name":"Ballina","item":"https:\/\/permbledhja.com\/sq\/"},{"@type":"ListItem","position":2,"name":"&#8220;Organizator\u00ebt duhet t\u00eb sanksionohen&#8221;, Presidenti i Maqedonis\u00eb p\u00ebr tubimin ku mori pjes\u00eb Kurti"}]},{"@type":"WebSite","@id":"https:\/\/permbledhja.com\/#website","url":"https:\/\/permbledhja.com\/","name":"Ve\u00e7 artikuj p\u00ebrmbledh\u00ebs","description":"","publisher":{"@id":"https:\/\/permbledhja.com\/#organization"},"potentialAction":[{"@type":"SearchAction","target":{"@type":"EntryPoint","urlTemplate":"https:\/\/permbledhja.com\/?s={search_term_string}"},"query-input":"required name=search_term_string"}],"inLanguage":"sq"},{"@type":"Organization","@id":"https:\/\/permbledhja.com\/#organization","name":"MK Media & Pr","url":"https:\/\/permbledhja.com\/","logo":{"@type":"ImageObject","inLanguage":"sq","@id":"https:\/\/permbledhja.com\/#\/schema\/logo\/image\/","url":"https:\/\/permbledhja.com\/wp-content\/uploads\/2021\/12\/07-Press-Logo.jpg","contentUrl":"https:\/\/permbledhja.com\/wp-content\/uploads\/2021\/12\/07-Press-Logo.jpg","width":512,"height":512,"caption":"MK Media & Pr"},"image":{"@id":"https:\/\/permbledhja.com\/#\/schema\/logo\/image\/"},"sameAs":["https:\/\/www.facebook.com\/press07\/"]},{"@type":"Person","@id":"https:\/\/permbledhja.com\/#\/schema\/person\/d23f13f59b5722643933d6780783acf3","name":"M M","image":{"@type":"ImageObject","inLanguage":"sq","@id":"https:\/\/permbledhja.com\/#\/schema\/person\/image\/","url":"https:\/\/secure.gravatar.com\/avatar\/e2835a76ca7c31a2416b2d51c4ec9a8f?s=96&d=mm&r=g","contentUrl":"https:\/\/secure.gravatar.com\/avatar\/e2835a76ca7c31a2416b2d51c4ec9a8f?s=96&d=mm&r=g","caption":"M M"},"sameAs":["http:\/\/MM"],"url":"https:\/\/permbledhja.com\/sq\/author\/muhamet\/"}]}},"_links":{"self":[{"href":"https:\/\/permbledhja.com\/sq\/wp-json\/wp\/v2\/posts\/23128"}],"collection":[{"href":"https:\/\/permbledhja.com\/sq\/wp-json\/wp\/v2\/posts"}],"about":[{"href":"https:\/\/permbledhja.com\/sq\/wp-json\/wp\/v2\/types\/post"}],"author":[{"embeddable":true,"href":"https:\/\/permbledhja.com\/sq\/wp-json\/wp\/v2\/users\/2"}],"replies":[{"embeddable":true,"href":"https:\/\/permbledhja.com\/sq\/wp-json\/wp\/v2\/comments?post=23128"}],"version-history":[{"count":1,"href":"https:\/\/permbledhja.com\/sq\/wp-json\/wp\/v2\/posts\/23128\/revisions"}],"predecessor-version":[{"id":23130,"href":"https:\/\/permbledhja.com\/sq\/wp-json\/wp\/v2\/posts\/23128\/revisions\/23130"}],"wp:featuredmedia":[{"embeddable":true,"href":"https:\/\/permbledhja.com\/sq\/wp-json\/wp\/v2\/media\/23129"}],"wp:attachment":[{"href":"https:\/\/permbledhja.com\/sq\/wp-json\/wp\/v2\/media?parent=23128"}],"wp:term":[{"taxonomy":"category","embeddable":true,"href":"https:\/\/permbledhja.com\/sq\/wp-json\/wp\/v2\/categories?post=23128"},{"taxonomy":"post_tag","embeddable":true,"href":"https:\/\/permbledhja.com\/sq\/wp-json\/wp\/v2\/tags?post=23128"}],"curies":[{"name":"wp","href":"https:\/\/api.w.org\/{rel}","templated":true}]}}