{"id":22906,"date":"2023-08-11T10:59:52","date_gmt":"2023-08-11T10:59:52","guid":{"rendered":"https:\/\/permbledhja.com\/?p=22906"},"modified":"2023-08-11T12:27:42","modified_gmt":"2023-08-11T12:27:42","slug":"raportohet-se-kater-serbe-dhe-nje-shqiptar-kane-gjuajtur-me-arme-ne-drejtim-te-policise-se-kosoves-ne-veri","status":"publish","type":"post","link":"https:\/\/permbledhja.com\/sq\/raportohet-se-kater-serbe-dhe-nje-shqiptar-kane-gjuajtur-me-arme-ne-drejtim-te-policise-se-kosoves-ne-veri\/","title":{"rendered":"Raportohet se kat\u00ebr serb\u00eb dhe nj\u00eb shqiptar kan\u00eb gjuajtur me arm\u00eb n\u00eb drejtim t\u00eb Policis\u00eb s\u00eb Kosov\u00ebs n\u00eb veri"},"content":{"rendered":"<h3>Pes\u00eb persona, kat\u00ebr serb\u00eb dhe nj\u00eb shqiptar jan\u00eb arrestuar mbr\u00ebm\u00eb n\u00eb Zubin Potok, nd\u00ebrsa nj\u00eb tjet\u00ebr \u00ebsht\u00eb n\u00eb k\u00ebrkim \u2013 n\u00eb lidhje me kontraband\u00ebn me mallra, narkotik\u00eb dhe sulm ndaj policis\u00eb, ka th\u00ebn\u00eb z\u00ebvend\u00ebsdrejtori i Policis\u00eb s\u00eb Drejtoris\u00eb Rajonale Mitrovic\u00eb \u2013 Veri, Veton Elshani.<\/h3>\n<p>Sonte, tre or\u00eb pas mesnate, policia ka gjetur nj\u00eb grup kontrabandist\u00ebsh n\u00eb tre vetura dhe nj\u00eb furgon n\u00eb af\u00ebrsi t\u00eb \u00c7e\u00e7ev\u00ebs.<\/p>\n<p>N\u00eb momentin q\u00eb oficer\u00ebt kan\u00eb tentuar t\u2019i ndalojn\u00eb, shpjegon Elshani, grupi ka sulmuar me arm\u00eb zjarri policin\u00eb, e cila \u00ebsht\u00eb kund\u00ebrp\u00ebrgjigjur.<\/p>\n<p>\u201cOficer\u00ebt e policis\u00eb iu p\u00ebrgjigj\u00ebn zjarrit, por p\u00ebr fat nuk pati viktima\u201d, tha ai.<\/p>\n<p>M\u00eb pas n\u00eb furgon kan\u00eb gjetur cigare dhe kan\u00eb konstatuar se ka pasur edhe l\u00ebnd\u00eb narkotike.<\/p>\n<p>Pes\u00eb t\u00eb arrestuarit dyshohen p\u00ebr \u201ckontraband\u00eb mallrash\u201d, \u201cposedim t\u00eb l\u00ebnd\u00ebve narkotike\u201d dhe \u201csulm ndaj zyrtarit\u201d.<\/p>\n<p>T\u00eb kat\u00ebr automjetet jan\u00eb sekuestruar.\/Kossev<\/p>\n","protected":false},"excerpt":{"rendered":"<p>Pes\u00eb persona, kat\u00ebr serb\u00eb dhe nj\u00eb shqiptar jan\u00eb arrestuar mbr\u00ebm\u00eb n\u00eb Zubin Potok, nd\u00ebrsa nj\u00eb tjet\u00ebr \u00ebsht\u00eb n\u00eb k\u00ebrkim \u2013 n\u00eb lidhje me kontraband\u00ebn me mallra, narkotik\u00eb dhe sulm ndaj policis\u00eb, ka th\u00ebn\u00eb z\u00ebvend\u00ebsdrejtori i Policis\u00eb s\u00eb Drejtoris\u00eb Rajonale Mitrovic\u00eb \u2013 Veri, Veton Elshani. Sonte, tre or\u00eb pas mesnate, policia ka gjetur nj\u00eb grup kontrabandist\u00ebsh [&hellip;]<\/p>\n","protected":false},"author":1,"featured_media":11837,"comment_status":"closed","ping_status":"closed","sticky":false,"template":"","format":"standard","meta":{"_monsterinsights_skip_tracking":false,"_monsterinsights_sitenote_active":false,"_monsterinsights_sitenote_note":"","_monsterinsights_sitenote_category":0,"_uf_show_specific_survey":0,"_uf_disable_surveys":false,"footnotes":""},"categories":[1146],"tags":[50],"yoast_head":"<!-- This site is optimized with the Yoast SEO plugin v21.5 - https:\/\/yoast.com\/wordpress\/plugins\/seo\/ -->\n<title>Raportohet se kat\u00ebr serb\u00eb dhe nj\u00eb shqiptar kan\u00eb gjuajtur me arm\u00eb n\u00eb drejtim t\u00eb Policis\u00eb s\u00eb Kosov\u00ebs n\u00eb veri<\/title>\n<meta name=\"robots\" content=\"index, follow, max-snippet:-1, max-image-preview:large, max-video-preview:-1\" \/>\n<link rel=\"canonical\" href=\"https:\/\/permbledhja.com\/sq\/raportohet-se-kater-serbe-dhe-nje-shqiptar-kane-gjuajtur-me-arme-ne-drejtim-te-policise-se-kosoves-ne-veri\/\" \/>\n<meta property=\"og:locale\" content=\"sq_AL\" \/>\n<meta property=\"og:type\" content=\"article\" \/>\n<meta property=\"og:title\" content=\"Raportohet se kat\u00ebr serb\u00eb dhe nj\u00eb shqiptar kan\u00eb gjuajtur me arm\u00eb n\u00eb drejtim t\u00eb Policis\u00eb s\u00eb Kosov\u00ebs n\u00eb veri\" \/>\n<meta property=\"og:description\" content=\"Pes\u00eb persona, kat\u00ebr serb\u00eb dhe nj\u00eb shqiptar jan\u00eb arrestuar mbr\u00ebm\u00eb n\u00eb Zubin Potok, nd\u00ebrsa nj\u00eb tjet\u00ebr \u00ebsht\u00eb n\u00eb k\u00ebrkim \u2013 n\u00eb lidhje me kontraband\u00ebn me mallra, narkotik\u00eb dhe sulm ndaj policis\u00eb, ka th\u00ebn\u00eb z\u00ebvend\u00ebsdrejtori i Policis\u00eb s\u00eb Drejtoris\u00eb Rajonale Mitrovic\u00eb \u2013 Veri, Veton Elshani. Sonte, tre or\u00eb pas mesnate, policia ka gjetur nj\u00eb grup kontrabandist\u00ebsh [&hellip;]\" \/>\n<meta property=\"og:url\" content=\"https:\/\/permbledhja.com\/sq\/raportohet-se-kater-serbe-dhe-nje-shqiptar-kane-gjuajtur-me-arme-ne-drejtim-te-policise-se-kosoves-ne-veri\/\" \/>\n<meta property=\"og:site_name\" content=\"Ve\u00e7 artikuj p\u00ebrmbledh\u00ebs\" \/>\n<meta property=\"article:publisher\" content=\"https:\/\/www.facebook.com\/press07\/\" \/>\n<meta property=\"article:author\" content=\"https:\/\/www.facebook.com\/kafexhiu.muharrem\/\" \/>\n<meta property=\"article:published_time\" content=\"2023-08-11T10:59:52+00:00\" \/>\n<meta property=\"article:modified_time\" content=\"2023-08-11T12:27:42+00:00\" \/>\n<meta property=\"og:image\" content=\"https:\/\/permbledhja.com\/wp-content\/uploads\/2023\/01\/veriu4-600x360-1.png\" \/>\n\t<meta property=\"og:image:width\" content=\"600\" \/>\n\t<meta property=\"og:image:height\" content=\"360\" \/>\n\t<meta property=\"og:image:type\" content=\"image\/png\" \/>\n<meta name=\"author\" content=\"P\u00ebrmbledhja\" \/>\n<meta name=\"twitter:card\" content=\"summary_large_image\" \/>\n<meta name=\"twitter:label1\" content=\"Written by\" \/>\n\t<meta name=\"twitter:data1\" content=\"P\u00ebrmbledhja\" \/>\n\t<meta name=\"twitter:label2\" content=\"Est. reading time\" \/>\n\t<meta name=\"twitter:data2\" content=\"1 minut\u00eb\" \/>\n<script type=\"application\/ld+json\" class=\"yoast-schema-graph\">{\"@context\":\"https:\/\/schema.org\",\"@graph\":[{\"@type\":\"Article\",\"@id\":\"https:\/\/permbledhja.com\/sq\/raportohet-se-kater-serbe-dhe-nje-shqiptar-kane-gjuajtur-me-arme-ne-drejtim-te-policise-se-kosoves-ne-veri\/#article\",\"isPartOf\":{\"@id\":\"https:\/\/permbledhja.com\/sq\/raportohet-se-kater-serbe-dhe-nje-shqiptar-kane-gjuajtur-me-arme-ne-drejtim-te-policise-se-kosoves-ne-veri\/\"},\"author\":{\"name\":\"P\u00ebrmbledhja\",\"@id\":\"https:\/\/permbledhja.com\/#\/schema\/person\/0d064377258d3221e50693947b9eb4fe\"},\"headline\":\"Raportohet se kat\u00ebr serb\u00eb dhe nj\u00eb shqiptar kan\u00eb gjuajtur me arm\u00eb n\u00eb drejtim t\u00eb Policis\u00eb s\u00eb Kosov\u00ebs n\u00eb veri\",\"datePublished\":\"2023-08-11T10:59:52+00:00\",\"dateModified\":\"2023-08-11T12:27:42+00:00\",\"mainEntityOfPage\":{\"@id\":\"https:\/\/permbledhja.com\/sq\/raportohet-se-kater-serbe-dhe-nje-shqiptar-kane-gjuajtur-me-arme-ne-drejtim-te-policise-se-kosoves-ne-veri\/\"},\"wordCount\":182,\"publisher\":{\"@id\":\"https:\/\/permbledhja.com\/#organization\"},\"keywords\":[\"Policia\"],\"articleSection\":[\"Kryesoret\"],\"inLanguage\":\"sq\"},{\"@type\":\"WebPage\",\"@id\":\"https:\/\/permbledhja.com\/sq\/raportohet-se-kater-serbe-dhe-nje-shqiptar-kane-gjuajtur-me-arme-ne-drejtim-te-policise-se-kosoves-ne-veri\/\",\"url\":\"https:\/\/permbledhja.com\/sq\/raportohet-se-kater-serbe-dhe-nje-shqiptar-kane-gjuajtur-me-arme-ne-drejtim-te-policise-se-kosoves-ne-veri\/\",\"name\":\"Raportohet se kat\u00ebr serb\u00eb dhe nj\u00eb shqiptar kan\u00eb gjuajtur me arm\u00eb n\u00eb drejtim t\u00eb Policis\u00eb s\u00eb Kosov\u00ebs n\u00eb veri\",\"isPartOf\":{\"@id\":\"https:\/\/permbledhja.com\/#website\"},\"datePublished\":\"2023-08-11T10:59:52+00:00\",\"dateModified\":\"2023-08-11T12:27:42+00:00\",\"breadcrumb\":{\"@id\":\"https:\/\/permbledhja.com\/sq\/raportohet-se-kater-serbe-dhe-nje-shqiptar-kane-gjuajtur-me-arme-ne-drejtim-te-policise-se-kosoves-ne-veri\/#breadcrumb\"},\"inLanguage\":\"sq\",\"potentialAction\":[{\"@type\":\"ReadAction\",\"target\":[\"https:\/\/permbledhja.com\/sq\/raportohet-se-kater-serbe-dhe-nje-shqiptar-kane-gjuajtur-me-arme-ne-drejtim-te-policise-se-kosoves-ne-veri\/\"]}]},{\"@type\":\"BreadcrumbList\",\"@id\":\"https:\/\/permbledhja.com\/sq\/raportohet-se-kater-serbe-dhe-nje-shqiptar-kane-gjuajtur-me-arme-ne-drejtim-te-policise-se-kosoves-ne-veri\/#breadcrumb\",\"itemListElement\":[{\"@type\":\"ListItem\",\"position\":1,\"name\":\"Ballina\",\"item\":\"https:\/\/permbledhja.com\/sq\/\"},{\"@type\":\"ListItem\",\"position\":2,\"name\":\"Raportohet se kat\u00ebr serb\u00eb dhe nj\u00eb shqiptar kan\u00eb gjuajtur me arm\u00eb n\u00eb drejtim t\u00eb Policis\u00eb s\u00eb Kosov\u00ebs n\u00eb veri\"}]},{\"@type\":\"WebSite\",\"@id\":\"https:\/\/permbledhja.com\/#website\",\"url\":\"https:\/\/permbledhja.com\/\",\"name\":\"Ve\u00e7 artikuj p\u00ebrmbledh\u00ebs\",\"description\":\"\",\"publisher\":{\"@id\":\"https:\/\/permbledhja.com\/#organization\"},\"potentialAction\":[{\"@type\":\"SearchAction\",\"target\":{\"@type\":\"EntryPoint\",\"urlTemplate\":\"https:\/\/permbledhja.com\/?s={search_term_string}\"},\"query-input\":\"required name=search_term_string\"}],\"inLanguage\":\"sq\"},{\"@type\":\"Organization\",\"@id\":\"https:\/\/permbledhja.com\/#organization\",\"name\":\"MK Media & Pr\",\"url\":\"https:\/\/permbledhja.com\/\",\"logo\":{\"@type\":\"ImageObject\",\"inLanguage\":\"sq\",\"@id\":\"https:\/\/permbledhja.com\/#\/schema\/logo\/image\/\",\"url\":\"https:\/\/permbledhja.com\/wp-content\/uploads\/2021\/12\/07-Press-Logo.jpg\",\"contentUrl\":\"https:\/\/permbledhja.com\/wp-content\/uploads\/2021\/12\/07-Press-Logo.jpg\",\"width\":512,\"height\":512,\"caption\":\"MK Media & Pr\"},\"image\":{\"@id\":\"https:\/\/permbledhja.com\/#\/schema\/logo\/image\/\"},\"sameAs\":[\"https:\/\/www.facebook.com\/press07\/\"]},{\"@type\":\"Person\",\"@id\":\"https:\/\/permbledhja.com\/#\/schema\/person\/0d064377258d3221e50693947b9eb4fe\",\"name\":\"P\u00ebrmbledhja\",\"image\":{\"@type\":\"ImageObject\",\"inLanguage\":\"sq\",\"@id\":\"https:\/\/permbledhja.com\/#\/schema\/person\/image\/\",\"url\":\"https:\/\/permbledhja.com\/wp-content\/uploads\/2026\/01\/452004717_1040944174702970_8932037511805513407_n-96x96.jpg\",\"contentUrl\":\"https:\/\/permbledhja.com\/wp-content\/uploads\/2026\/01\/452004717_1040944174702970_8932037511805513407_n-96x96.jpg\",\"caption\":\"P\u00ebrmbledhja\"},\"sameAs\":[\"https:\/\/www.facebook.com\/kafexhiu.muharrem\/\",\"https:\/\/www.instagram.com\/muharrem_kafexhiu\/\"],\"url\":\"https:\/\/permbledhja.com\/sq\/author\/admin\/\"}]}<\/script>\n<!-- \/ Yoast SEO plugin. -->","yoast_head_json":{"title":"Raportohet se kat\u00ebr serb\u00eb dhe nj\u00eb shqiptar kan\u00eb gjuajtur me arm\u00eb n\u00eb drejtim t\u00eb Policis\u00eb s\u00eb Kosov\u00ebs n\u00eb veri","robots":{"index":"index","follow":"follow","max-snippet":"max-snippet:-1","max-image-preview":"max-image-preview:large","max-video-preview":"max-video-preview:-1"},"canonical":"https:\/\/permbledhja.com\/sq\/raportohet-se-kater-serbe-dhe-nje-shqiptar-kane-gjuajtur-me-arme-ne-drejtim-te-policise-se-kosoves-ne-veri\/","og_locale":"sq_AL","og_type":"article","og_title":"Raportohet se kat\u00ebr serb\u00eb dhe nj\u00eb shqiptar kan\u00eb gjuajtur me arm\u00eb n\u00eb drejtim t\u00eb Policis\u00eb s\u00eb Kosov\u00ebs n\u00eb veri","og_description":"Pes\u00eb persona, kat\u00ebr serb\u00eb dhe nj\u00eb shqiptar jan\u00eb arrestuar mbr\u00ebm\u00eb n\u00eb Zubin Potok, nd\u00ebrsa nj\u00eb tjet\u00ebr \u00ebsht\u00eb n\u00eb k\u00ebrkim \u2013 n\u00eb lidhje me kontraband\u00ebn me mallra, narkotik\u00eb dhe sulm ndaj policis\u00eb, ka th\u00ebn\u00eb z\u00ebvend\u00ebsdrejtori i Policis\u00eb s\u00eb Drejtoris\u00eb Rajonale Mitrovic\u00eb \u2013 Veri, Veton Elshani. Sonte, tre or\u00eb pas mesnate, policia ka gjetur nj\u00eb grup kontrabandist\u00ebsh [&hellip;]","og_url":"https:\/\/permbledhja.com\/sq\/raportohet-se-kater-serbe-dhe-nje-shqiptar-kane-gjuajtur-me-arme-ne-drejtim-te-policise-se-kosoves-ne-veri\/","og_site_name":"Ve\u00e7 artikuj p\u00ebrmbledh\u00ebs","article_publisher":"https:\/\/www.facebook.com\/press07\/","article_author":"https:\/\/www.facebook.com\/kafexhiu.muharrem\/","article_published_time":"2023-08-11T10:59:52+00:00","article_modified_time":"2023-08-11T12:27:42+00:00","og_image":[{"width":600,"height":360,"url":"https:\/\/permbledhja.com\/wp-content\/uploads\/2023\/01\/veriu4-600x360-1.png","type":"image\/png"}],"author":"P\u00ebrmbledhja","twitter_card":"summary_large_image","twitter_misc":{"Written by":"P\u00ebrmbledhja","Est. reading time":"1 minut\u00eb"},"schema":{"@context":"https:\/\/schema.org","@graph":[{"@type":"Article","@id":"https:\/\/permbledhja.com\/sq\/raportohet-se-kater-serbe-dhe-nje-shqiptar-kane-gjuajtur-me-arme-ne-drejtim-te-policise-se-kosoves-ne-veri\/#article","isPartOf":{"@id":"https:\/\/permbledhja.com\/sq\/raportohet-se-kater-serbe-dhe-nje-shqiptar-kane-gjuajtur-me-arme-ne-drejtim-te-policise-se-kosoves-ne-veri\/"},"author":{"name":"P\u00ebrmbledhja","@id":"https:\/\/permbledhja.com\/#\/schema\/person\/0d064377258d3221e50693947b9eb4fe"},"headline":"Raportohet se kat\u00ebr serb\u00eb dhe nj\u00eb shqiptar kan\u00eb gjuajtur me arm\u00eb n\u00eb drejtim t\u00eb Policis\u00eb s\u00eb Kosov\u00ebs n\u00eb veri","datePublished":"2023-08-11T10:59:52+00:00","dateModified":"2023-08-11T12:27:42+00:00","mainEntityOfPage":{"@id":"https:\/\/permbledhja.com\/sq\/raportohet-se-kater-serbe-dhe-nje-shqiptar-kane-gjuajtur-me-arme-ne-drejtim-te-policise-se-kosoves-ne-veri\/"},"wordCount":182,"publisher":{"@id":"https:\/\/permbledhja.com\/#organization"},"keywords":["Policia"],"articleSection":["Kryesoret"],"inLanguage":"sq"},{"@type":"WebPage","@id":"https:\/\/permbledhja.com\/sq\/raportohet-se-kater-serbe-dhe-nje-shqiptar-kane-gjuajtur-me-arme-ne-drejtim-te-policise-se-kosoves-ne-veri\/","url":"https:\/\/permbledhja.com\/sq\/raportohet-se-kater-serbe-dhe-nje-shqiptar-kane-gjuajtur-me-arme-ne-drejtim-te-policise-se-kosoves-ne-veri\/","name":"Raportohet se kat\u00ebr serb\u00eb dhe nj\u00eb shqiptar kan\u00eb gjuajtur me arm\u00eb n\u00eb drejtim t\u00eb Policis\u00eb s\u00eb Kosov\u00ebs n\u00eb veri","isPartOf":{"@id":"https:\/\/permbledhja.com\/#website"},"datePublished":"2023-08-11T10:59:52+00:00","dateModified":"2023-08-11T12:27:42+00:00","breadcrumb":{"@id":"https:\/\/permbledhja.com\/sq\/raportohet-se-kater-serbe-dhe-nje-shqiptar-kane-gjuajtur-me-arme-ne-drejtim-te-policise-se-kosoves-ne-veri\/#breadcrumb"},"inLanguage":"sq","potentialAction":[{"@type":"ReadAction","target":["https:\/\/permbledhja.com\/sq\/raportohet-se-kater-serbe-dhe-nje-shqiptar-kane-gjuajtur-me-arme-ne-drejtim-te-policise-se-kosoves-ne-veri\/"]}]},{"@type":"BreadcrumbList","@id":"https:\/\/permbledhja.com\/sq\/raportohet-se-kater-serbe-dhe-nje-shqiptar-kane-gjuajtur-me-arme-ne-drejtim-te-policise-se-kosoves-ne-veri\/#breadcrumb","itemListElement":[{"@type":"ListItem","position":1,"name":"Ballina","item":"https:\/\/permbledhja.com\/sq\/"},{"@type":"ListItem","position":2,"name":"Raportohet se kat\u00ebr serb\u00eb dhe nj\u00eb shqiptar kan\u00eb gjuajtur me arm\u00eb n\u00eb drejtim t\u00eb Policis\u00eb s\u00eb Kosov\u00ebs n\u00eb veri"}]},{"@type":"WebSite","@id":"https:\/\/permbledhja.com\/#website","url":"https:\/\/permbledhja.com\/","name":"Ve\u00e7 artikuj p\u00ebrmbledh\u00ebs","description":"","publisher":{"@id":"https:\/\/permbledhja.com\/#organization"},"potentialAction":[{"@type":"SearchAction","target":{"@type":"EntryPoint","urlTemplate":"https:\/\/permbledhja.com\/?s={search_term_string}"},"query-input":"required name=search_term_string"}],"inLanguage":"sq"},{"@type":"Organization","@id":"https:\/\/permbledhja.com\/#organization","name":"MK Media & Pr","url":"https:\/\/permbledhja.com\/","logo":{"@type":"ImageObject","inLanguage":"sq","@id":"https:\/\/permbledhja.com\/#\/schema\/logo\/image\/","url":"https:\/\/permbledhja.com\/wp-content\/uploads\/2021\/12\/07-Press-Logo.jpg","contentUrl":"https:\/\/permbledhja.com\/wp-content\/uploads\/2021\/12\/07-Press-Logo.jpg","width":512,"height":512,"caption":"MK Media & Pr"},"image":{"@id":"https:\/\/permbledhja.com\/#\/schema\/logo\/image\/"},"sameAs":["https:\/\/www.facebook.com\/press07\/"]},{"@type":"Person","@id":"https:\/\/permbledhja.com\/#\/schema\/person\/0d064377258d3221e50693947b9eb4fe","name":"P\u00ebrmbledhja","image":{"@type":"ImageObject","inLanguage":"sq","@id":"https:\/\/permbledhja.com\/#\/schema\/person\/image\/","url":"https:\/\/permbledhja.com\/wp-content\/uploads\/2026\/01\/452004717_1040944174702970_8932037511805513407_n-96x96.jpg","contentUrl":"https:\/\/permbledhja.com\/wp-content\/uploads\/2026\/01\/452004717_1040944174702970_8932037511805513407_n-96x96.jpg","caption":"P\u00ebrmbledhja"},"sameAs":["https:\/\/www.facebook.com\/kafexhiu.muharrem\/","https:\/\/www.instagram.com\/muharrem_kafexhiu\/"],"url":"https:\/\/permbledhja.com\/sq\/author\/admin\/"}]}},"_links":{"self":[{"href":"https:\/\/permbledhja.com\/sq\/wp-json\/wp\/v2\/posts\/22906"}],"collection":[{"href":"https:\/\/permbledhja.com\/sq\/wp-json\/wp\/v2\/posts"}],"about":[{"href":"https:\/\/permbledhja.com\/sq\/wp-json\/wp\/v2\/types\/post"}],"author":[{"embeddable":true,"href":"https:\/\/permbledhja.com\/sq\/wp-json\/wp\/v2\/users\/1"}],"replies":[{"embeddable":true,"href":"https:\/\/permbledhja.com\/sq\/wp-json\/wp\/v2\/comments?post=22906"}],"version-history":[{"count":1,"href":"https:\/\/permbledhja.com\/sq\/wp-json\/wp\/v2\/posts\/22906\/revisions"}],"predecessor-version":[{"id":22907,"href":"https:\/\/permbledhja.com\/sq\/wp-json\/wp\/v2\/posts\/22906\/revisions\/22907"}],"wp:featuredmedia":[{"embeddable":true,"href":"https:\/\/permbledhja.com\/sq\/wp-json\/wp\/v2\/media\/11837"}],"wp:attachment":[{"href":"https:\/\/permbledhja.com\/sq\/wp-json\/wp\/v2\/media?parent=22906"}],"wp:term":[{"taxonomy":"category","embeddable":true,"href":"https:\/\/permbledhja.com\/sq\/wp-json\/wp\/v2\/categories?post=22906"},{"taxonomy":"post_tag","embeddable":true,"href":"https:\/\/permbledhja.com\/sq\/wp-json\/wp\/v2\/tags?post=22906"}],"curies":[{"name":"wp","href":"https:\/\/api.w.org\/{rel}","templated":true}]}}