{"id":22903,"date":"2023-08-11T10:46:35","date_gmt":"2023-08-11T10:46:35","guid":{"rendered":"https:\/\/permbledhja.com\/?p=22903"},"modified":"2023-08-11T10:46:35","modified_gmt":"2023-08-11T10:46:35","slug":"kurti-spranon-pyetje-nga-gazetaret-para-institutit-te-onkologjise-jo-ketu","status":"publish","type":"post","link":"https:\/\/permbledhja.com\/sq\/kurti-spranon-pyetje-nga-gazetaret-para-institutit-te-onkologjise-jo-ketu\/","title":{"rendered":"Kurti s\u2019pranon pyetje nga gazetar\u00ebt para Institutit t\u00eb Onkologjis\u00eb: Jo k\u00ebtu"},"content":{"rendered":"<p><strong>Kryeministri Albin Kurti \u00ebsht\u00eb deklaruar pas vizit\u00ebs n\u00eb Klinik\u00ebn e Onkologjis\u00eb n\u00eb QKUK me \u00e7\u2019rast ka pasur nj\u00eb debat me gazetar\u00ebt lidhur me pyetjet q\u00eb i jan\u00eb drejtuar atij p\u00ebr em\u00ebrimin e Radoica Radomiroviq, si z\u00ebvend\u00ebsminist\u00ebr p\u00ebr Komunitete dhe Kthim.<\/strong><\/p>\n<p>Kurti n\u00eb dy raste refuzoi q\u00eb t\u00eb p\u00ebrgjigjet n\u00eb pyetjet e gazetar\u00ebve, lidhur me em\u00ebrimin e Radomiroviq i cili ka pranuar se ka qen\u00eb pjes\u00eb e luft\u00ebs s\u00eb fundit n\u00eb Kosov\u00eb.<\/p>\n<p>\u201cUn\u00eb thash\u00eb Arben Vitia, Arben Vitia. M\u00eb falni por nuk mundeni k\u00ebshtu. Jemi para Institutit t\u00eb Onkologjis\u00eb. P\u00ebr \u00e7\u00ebshtje t\u00eb tjera, p\u00ebr tema t\u00eb ndryshme jan\u00eb konferencat n\u00eb Kryeministri \u00a0me ministrat e tjer\u00eb. Tash e ka fjal\u00ebn Arben Vitia. Tash e ka fjal\u00ebn Arben Vitia\u201d, tha Kurti duke folur n\u00eb tension.<\/p>\n<p>Nj\u00ebjt\u00eb veproi edhe kur i erdhi radha t\u00eb flas drejtorit t\u00eb Onklologjis\u00eb, Ilir Kurtishi.<\/p>\n<p>\u201cTash e ka fjal\u00ebn drejtori i Onkologjis\u00eb, Ilir Kurtishi\u201d, tha ai.<\/p>\n<p>Nd\u00ebrsa n\u00eb p\u00ebrfundim t\u00eb konferenc\u00ebs ai refuzoi t\u00eb p\u00ebrgjigjet t\u00ebr\u00ebsisht, duke shtuar se p\u00ebrgjigjet mund t\u00eb merren nga z\u00ebdh\u00ebn\u00ebsi i Qeveris\u00eb, P\u00ebrparim Kryeziu ose nga ministrat n\u00eb nj\u00eb konferenc\u00eb p\u00ebr media n\u00eb kryeministri.<\/p>\n<p>\u201cK\u00ebtu jemi para institutit t\u00eb Onkologjis\u00eb dhe nuk besoj\u00eb q\u00eb pyetjet e juaja jan\u00eb \u00e7\u00ebshtje n\u00eb Onkologji. Me ministrat e tjer\u00eb n\u00eb nj\u00eb konferenc\u00eb tjet\u00ebr n\u00eb Qeverin\u00eb e Republik\u00ebs s\u00eb Kosov\u00ebs, P\u00ebrparim Kryeziu z\u00ebdh\u00ebn\u00ebsi dhe un\u00eb jemi n\u00eb dispozicion p\u00ebr juve por jo tani\u201d, deklaroi Kurti. \/Express\/<\/p>\n","protected":false},"excerpt":{"rendered":"<p>Kryeministri Albin Kurti \u00ebsht\u00eb deklaruar pas vizit\u00ebs n\u00eb Klinik\u00ebn e Onkologjis\u00eb n\u00eb QKUK me \u00e7\u2019rast ka pasur nj\u00eb debat me gazetar\u00ebt lidhur me pyetjet q\u00eb i jan\u00eb drejtuar atij p\u00ebr em\u00ebrimin e Radoica Radomiroviq, si z\u00ebvend\u00ebsminist\u00ebr p\u00ebr Komunitete dhe Kthim. Kurti n\u00eb dy raste refuzoi q\u00eb t\u00eb p\u00ebrgjigjet n\u00eb pyetjet e gazetar\u00ebve, lidhur me em\u00ebrimin [&hellip;]<\/p>\n","protected":false},"author":1,"featured_media":22904,"comment_status":"closed","ping_status":"closed","sticky":false,"template":"","format":"standard","meta":{"_monsterinsights_skip_tracking":false,"_monsterinsights_sitenote_active":false,"_monsterinsights_sitenote_note":"","_monsterinsights_sitenote_category":0,"_uf_show_specific_survey":0,"_uf_disable_surveys":false,"footnotes":""},"categories":[23,15],"tags":[86],"yoast_head":"<!-- This site is optimized with the Yoast SEO plugin v21.5 - https:\/\/yoast.com\/wordpress\/plugins\/seo\/ -->\n<title>Kurti s\u2019pranon pyetje nga gazetar\u00ebt para Institutit t\u00eb Onkologjis\u00eb: Jo k\u00ebtu<\/title>\n<meta name=\"robots\" content=\"index, follow, max-snippet:-1, max-image-preview:large, max-video-preview:-1\" \/>\n<link rel=\"canonical\" href=\"https:\/\/permbledhja.com\/sq\/kurti-spranon-pyetje-nga-gazetaret-para-institutit-te-onkologjise-jo-ketu\/\" \/>\n<meta property=\"og:locale\" content=\"sq_AL\" \/>\n<meta property=\"og:type\" content=\"article\" \/>\n<meta property=\"og:title\" content=\"Kurti s\u2019pranon pyetje nga gazetar\u00ebt para Institutit t\u00eb Onkologjis\u00eb: Jo k\u00ebtu\" \/>\n<meta property=\"og:description\" content=\"Kryeministri Albin Kurti \u00ebsht\u00eb deklaruar pas vizit\u00ebs n\u00eb Klinik\u00ebn e Onkologjis\u00eb n\u00eb QKUK me \u00e7\u2019rast ka pasur nj\u00eb debat me gazetar\u00ebt lidhur me pyetjet q\u00eb i jan\u00eb drejtuar atij p\u00ebr em\u00ebrimin e Radoica Radomiroviq, si z\u00ebvend\u00ebsminist\u00ebr p\u00ebr Komunitete dhe Kthim. Kurti n\u00eb dy raste refuzoi q\u00eb t\u00eb p\u00ebrgjigjet n\u00eb pyetjet e gazetar\u00ebve, lidhur me em\u00ebrimin [&hellip;]\" \/>\n<meta property=\"og:url\" content=\"https:\/\/permbledhja.com\/sq\/kurti-spranon-pyetje-nga-gazetaret-para-institutit-te-onkologjise-jo-ketu\/\" \/>\n<meta property=\"og:site_name\" content=\"Ve\u00e7 artikuj p\u00ebrmbledh\u00ebs\" \/>\n<meta property=\"article:publisher\" content=\"https:\/\/www.facebook.com\/press07\/\" \/>\n<meta property=\"article:author\" content=\"https:\/\/www.facebook.com\/kafexhiu.muharrem\/\" \/>\n<meta property=\"article:published_time\" content=\"2023-08-11T10:46:35+00:00\" \/>\n<meta property=\"og:image\" content=\"https:\/\/permbledhja.com\/wp-content\/uploads\/2023\/08\/kurti.png\" \/>\n\t<meta property=\"og:image:width\" content=\"1170\" \/>\n\t<meta property=\"og:image:height\" content=\"767\" \/>\n\t<meta property=\"og:image:type\" content=\"image\/png\" \/>\n<meta name=\"author\" content=\"P\u00ebrmbledhja\" \/>\n<meta name=\"twitter:card\" content=\"summary_large_image\" \/>\n<meta name=\"twitter:label1\" content=\"Written by\" \/>\n\t<meta name=\"twitter:data1\" content=\"P\u00ebrmbledhja\" \/>\n\t<meta name=\"twitter:label2\" content=\"Est. reading time\" \/>\n\t<meta name=\"twitter:data2\" content=\"1 minut\u00eb\" \/>\n<script type=\"application\/ld+json\" class=\"yoast-schema-graph\">{\"@context\":\"https:\/\/schema.org\",\"@graph\":[{\"@type\":\"Article\",\"@id\":\"https:\/\/permbledhja.com\/kurti-spranon-pyetje-nga-gazetaret-para-institutit-te-onkologjise-jo-ketu\/#article\",\"isPartOf\":{\"@id\":\"https:\/\/permbledhja.com\/kurti-spranon-pyetje-nga-gazetaret-para-institutit-te-onkologjise-jo-ketu\/\"},\"author\":{\"name\":\"P\u00ebrmbledhja\",\"@id\":\"https:\/\/permbledhja.com\/#\/schema\/person\/0d064377258d3221e50693947b9eb4fe\"},\"headline\":\"Kurti s\u2019pranon pyetje nga gazetar\u00ebt para Institutit t\u00eb Onkologjis\u00eb: Jo k\u00ebtu\",\"datePublished\":\"2023-08-11T10:46:35+00:00\",\"dateModified\":\"2023-08-11T10:46:35+00:00\",\"mainEntityOfPage\":{\"@id\":\"https:\/\/permbledhja.com\/kurti-spranon-pyetje-nga-gazetaret-para-institutit-te-onkologjise-jo-ketu\/\"},\"wordCount\":282,\"publisher\":{\"@id\":\"https:\/\/permbledhja.com\/#organization\"},\"keywords\":[\"Albin Kurti\"],\"articleSection\":[\"Komb\u00ebtare\",\"Lajme\"],\"inLanguage\":\"sq\"},{\"@type\":\"WebPage\",\"@id\":\"https:\/\/permbledhja.com\/kurti-spranon-pyetje-nga-gazetaret-para-institutit-te-onkologjise-jo-ketu\/\",\"url\":\"https:\/\/permbledhja.com\/kurti-spranon-pyetje-nga-gazetaret-para-institutit-te-onkologjise-jo-ketu\/\",\"name\":\"Kurti s\u2019pranon pyetje nga gazetar\u00ebt para Institutit t\u00eb Onkologjis\u00eb: Jo k\u00ebtu\",\"isPartOf\":{\"@id\":\"https:\/\/permbledhja.com\/#website\"},\"datePublished\":\"2023-08-11T10:46:35+00:00\",\"dateModified\":\"2023-08-11T10:46:35+00:00\",\"breadcrumb\":{\"@id\":\"https:\/\/permbledhja.com\/kurti-spranon-pyetje-nga-gazetaret-para-institutit-te-onkologjise-jo-ketu\/#breadcrumb\"},\"inLanguage\":\"sq\",\"potentialAction\":[{\"@type\":\"ReadAction\",\"target\":[\"https:\/\/permbledhja.com\/kurti-spranon-pyetje-nga-gazetaret-para-institutit-te-onkologjise-jo-ketu\/\"]}]},{\"@type\":\"BreadcrumbList\",\"@id\":\"https:\/\/permbledhja.com\/kurti-spranon-pyetje-nga-gazetaret-para-institutit-te-onkologjise-jo-ketu\/#breadcrumb\",\"itemListElement\":[{\"@type\":\"ListItem\",\"position\":1,\"name\":\"Ballina\",\"item\":\"https:\/\/permbledhja.com\/sq\/\"},{\"@type\":\"ListItem\",\"position\":2,\"name\":\"Kurti s\u2019pranon pyetje nga gazetar\u00ebt para Institutit t\u00eb Onkologjis\u00eb: Jo k\u00ebtu\"}]},{\"@type\":\"WebSite\",\"@id\":\"https:\/\/permbledhja.com\/#website\",\"url\":\"https:\/\/permbledhja.com\/\",\"name\":\"Ve\u00e7 artikuj p\u00ebrmbledh\u00ebs\",\"description\":\"\",\"publisher\":{\"@id\":\"https:\/\/permbledhja.com\/#organization\"},\"potentialAction\":[{\"@type\":\"SearchAction\",\"target\":{\"@type\":\"EntryPoint\",\"urlTemplate\":\"https:\/\/permbledhja.com\/?s={search_term_string}\"},\"query-input\":\"required name=search_term_string\"}],\"inLanguage\":\"sq\"},{\"@type\":\"Organization\",\"@id\":\"https:\/\/permbledhja.com\/#organization\",\"name\":\"MK Media & Pr\",\"url\":\"https:\/\/permbledhja.com\/\",\"logo\":{\"@type\":\"ImageObject\",\"inLanguage\":\"sq\",\"@id\":\"https:\/\/permbledhja.com\/#\/schema\/logo\/image\/\",\"url\":\"https:\/\/permbledhja.com\/wp-content\/uploads\/2021\/12\/07-Press-Logo.jpg\",\"contentUrl\":\"https:\/\/permbledhja.com\/wp-content\/uploads\/2021\/12\/07-Press-Logo.jpg\",\"width\":512,\"height\":512,\"caption\":\"MK Media & Pr\"},\"image\":{\"@id\":\"https:\/\/permbledhja.com\/#\/schema\/logo\/image\/\"},\"sameAs\":[\"https:\/\/www.facebook.com\/press07\/\"]},{\"@type\":\"Person\",\"@id\":\"https:\/\/permbledhja.com\/#\/schema\/person\/0d064377258d3221e50693947b9eb4fe\",\"name\":\"P\u00ebrmbledhja\",\"image\":{\"@type\":\"ImageObject\",\"inLanguage\":\"sq\",\"@id\":\"https:\/\/permbledhja.com\/#\/schema\/person\/image\/\",\"url\":\"https:\/\/permbledhja.com\/wp-content\/uploads\/2026\/01\/452004717_1040944174702970_8932037511805513407_n-96x96.jpg\",\"contentUrl\":\"https:\/\/permbledhja.com\/wp-content\/uploads\/2026\/01\/452004717_1040944174702970_8932037511805513407_n-96x96.jpg\",\"caption\":\"P\u00ebrmbledhja\"},\"sameAs\":[\"https:\/\/www.facebook.com\/kafexhiu.muharrem\/\",\"https:\/\/www.instagram.com\/muharrem_kafexhiu\/\"],\"url\":\"https:\/\/permbledhja.com\/sq\/author\/admin\/\"}]}<\/script>\n<!-- \/ Yoast SEO plugin. -->","yoast_head_json":{"title":"Kurti s\u2019pranon pyetje nga gazetar\u00ebt para Institutit t\u00eb Onkologjis\u00eb: Jo k\u00ebtu","robots":{"index":"index","follow":"follow","max-snippet":"max-snippet:-1","max-image-preview":"max-image-preview:large","max-video-preview":"max-video-preview:-1"},"canonical":"https:\/\/permbledhja.com\/sq\/kurti-spranon-pyetje-nga-gazetaret-para-institutit-te-onkologjise-jo-ketu\/","og_locale":"sq_AL","og_type":"article","og_title":"Kurti s\u2019pranon pyetje nga gazetar\u00ebt para Institutit t\u00eb Onkologjis\u00eb: Jo k\u00ebtu","og_description":"Kryeministri Albin Kurti \u00ebsht\u00eb deklaruar pas vizit\u00ebs n\u00eb Klinik\u00ebn e Onkologjis\u00eb n\u00eb QKUK me \u00e7\u2019rast ka pasur nj\u00eb debat me gazetar\u00ebt lidhur me pyetjet q\u00eb i jan\u00eb drejtuar atij p\u00ebr em\u00ebrimin e Radoica Radomiroviq, si z\u00ebvend\u00ebsminist\u00ebr p\u00ebr Komunitete dhe Kthim. Kurti n\u00eb dy raste refuzoi q\u00eb t\u00eb p\u00ebrgjigjet n\u00eb pyetjet e gazetar\u00ebve, lidhur me em\u00ebrimin [&hellip;]","og_url":"https:\/\/permbledhja.com\/sq\/kurti-spranon-pyetje-nga-gazetaret-para-institutit-te-onkologjise-jo-ketu\/","og_site_name":"Ve\u00e7 artikuj p\u00ebrmbledh\u00ebs","article_publisher":"https:\/\/www.facebook.com\/press07\/","article_author":"https:\/\/www.facebook.com\/kafexhiu.muharrem\/","article_published_time":"2023-08-11T10:46:35+00:00","og_image":[{"width":1170,"height":767,"url":"https:\/\/permbledhja.com\/wp-content\/uploads\/2023\/08\/kurti.png","type":"image\/png"}],"author":"P\u00ebrmbledhja","twitter_card":"summary_large_image","twitter_misc":{"Written by":"P\u00ebrmbledhja","Est. reading time":"1 minut\u00eb"},"schema":{"@context":"https:\/\/schema.org","@graph":[{"@type":"Article","@id":"https:\/\/permbledhja.com\/kurti-spranon-pyetje-nga-gazetaret-para-institutit-te-onkologjise-jo-ketu\/#article","isPartOf":{"@id":"https:\/\/permbledhja.com\/kurti-spranon-pyetje-nga-gazetaret-para-institutit-te-onkologjise-jo-ketu\/"},"author":{"name":"P\u00ebrmbledhja","@id":"https:\/\/permbledhja.com\/#\/schema\/person\/0d064377258d3221e50693947b9eb4fe"},"headline":"Kurti s\u2019pranon pyetje nga gazetar\u00ebt para Institutit t\u00eb Onkologjis\u00eb: Jo k\u00ebtu","datePublished":"2023-08-11T10:46:35+00:00","dateModified":"2023-08-11T10:46:35+00:00","mainEntityOfPage":{"@id":"https:\/\/permbledhja.com\/kurti-spranon-pyetje-nga-gazetaret-para-institutit-te-onkologjise-jo-ketu\/"},"wordCount":282,"publisher":{"@id":"https:\/\/permbledhja.com\/#organization"},"keywords":["Albin Kurti"],"articleSection":["Komb\u00ebtare","Lajme"],"inLanguage":"sq"},{"@type":"WebPage","@id":"https:\/\/permbledhja.com\/kurti-spranon-pyetje-nga-gazetaret-para-institutit-te-onkologjise-jo-ketu\/","url":"https:\/\/permbledhja.com\/kurti-spranon-pyetje-nga-gazetaret-para-institutit-te-onkologjise-jo-ketu\/","name":"Kurti s\u2019pranon pyetje nga gazetar\u00ebt para Institutit t\u00eb Onkologjis\u00eb: Jo k\u00ebtu","isPartOf":{"@id":"https:\/\/permbledhja.com\/#website"},"datePublished":"2023-08-11T10:46:35+00:00","dateModified":"2023-08-11T10:46:35+00:00","breadcrumb":{"@id":"https:\/\/permbledhja.com\/kurti-spranon-pyetje-nga-gazetaret-para-institutit-te-onkologjise-jo-ketu\/#breadcrumb"},"inLanguage":"sq","potentialAction":[{"@type":"ReadAction","target":["https:\/\/permbledhja.com\/kurti-spranon-pyetje-nga-gazetaret-para-institutit-te-onkologjise-jo-ketu\/"]}]},{"@type":"BreadcrumbList","@id":"https:\/\/permbledhja.com\/kurti-spranon-pyetje-nga-gazetaret-para-institutit-te-onkologjise-jo-ketu\/#breadcrumb","itemListElement":[{"@type":"ListItem","position":1,"name":"Ballina","item":"https:\/\/permbledhja.com\/sq\/"},{"@type":"ListItem","position":2,"name":"Kurti s\u2019pranon pyetje nga gazetar\u00ebt para Institutit t\u00eb Onkologjis\u00eb: Jo k\u00ebtu"}]},{"@type":"WebSite","@id":"https:\/\/permbledhja.com\/#website","url":"https:\/\/permbledhja.com\/","name":"Ve\u00e7 artikuj p\u00ebrmbledh\u00ebs","description":"","publisher":{"@id":"https:\/\/permbledhja.com\/#organization"},"potentialAction":[{"@type":"SearchAction","target":{"@type":"EntryPoint","urlTemplate":"https:\/\/permbledhja.com\/?s={search_term_string}"},"query-input":"required name=search_term_string"}],"inLanguage":"sq"},{"@type":"Organization","@id":"https:\/\/permbledhja.com\/#organization","name":"MK Media & Pr","url":"https:\/\/permbledhja.com\/","logo":{"@type":"ImageObject","inLanguage":"sq","@id":"https:\/\/permbledhja.com\/#\/schema\/logo\/image\/","url":"https:\/\/permbledhja.com\/wp-content\/uploads\/2021\/12\/07-Press-Logo.jpg","contentUrl":"https:\/\/permbledhja.com\/wp-content\/uploads\/2021\/12\/07-Press-Logo.jpg","width":512,"height":512,"caption":"MK Media & Pr"},"image":{"@id":"https:\/\/permbledhja.com\/#\/schema\/logo\/image\/"},"sameAs":["https:\/\/www.facebook.com\/press07\/"]},{"@type":"Person","@id":"https:\/\/permbledhja.com\/#\/schema\/person\/0d064377258d3221e50693947b9eb4fe","name":"P\u00ebrmbledhja","image":{"@type":"ImageObject","inLanguage":"sq","@id":"https:\/\/permbledhja.com\/#\/schema\/person\/image\/","url":"https:\/\/permbledhja.com\/wp-content\/uploads\/2026\/01\/452004717_1040944174702970_8932037511805513407_n-96x96.jpg","contentUrl":"https:\/\/permbledhja.com\/wp-content\/uploads\/2026\/01\/452004717_1040944174702970_8932037511805513407_n-96x96.jpg","caption":"P\u00ebrmbledhja"},"sameAs":["https:\/\/www.facebook.com\/kafexhiu.muharrem\/","https:\/\/www.instagram.com\/muharrem_kafexhiu\/"],"url":"https:\/\/permbledhja.com\/sq\/author\/admin\/"}]}},"_links":{"self":[{"href":"https:\/\/permbledhja.com\/sq\/wp-json\/wp\/v2\/posts\/22903"}],"collection":[{"href":"https:\/\/permbledhja.com\/sq\/wp-json\/wp\/v2\/posts"}],"about":[{"href":"https:\/\/permbledhja.com\/sq\/wp-json\/wp\/v2\/types\/post"}],"author":[{"embeddable":true,"href":"https:\/\/permbledhja.com\/sq\/wp-json\/wp\/v2\/users\/1"}],"replies":[{"embeddable":true,"href":"https:\/\/permbledhja.com\/sq\/wp-json\/wp\/v2\/comments?post=22903"}],"version-history":[{"count":1,"href":"https:\/\/permbledhja.com\/sq\/wp-json\/wp\/v2\/posts\/22903\/revisions"}],"predecessor-version":[{"id":22905,"href":"https:\/\/permbledhja.com\/sq\/wp-json\/wp\/v2\/posts\/22903\/revisions\/22905"}],"wp:featuredmedia":[{"embeddable":true,"href":"https:\/\/permbledhja.com\/sq\/wp-json\/wp\/v2\/media\/22904"}],"wp:attachment":[{"href":"https:\/\/permbledhja.com\/sq\/wp-json\/wp\/v2\/media?parent=22903"}],"wp:term":[{"taxonomy":"category","embeddable":true,"href":"https:\/\/permbledhja.com\/sq\/wp-json\/wp\/v2\/categories?post=22903"},{"taxonomy":"post_tag","embeddable":true,"href":"https:\/\/permbledhja.com\/sq\/wp-json\/wp\/v2\/tags?post=22903"}],"curies":[{"name":"wp","href":"https:\/\/api.w.org\/{rel}","templated":true}]}}