{"id":22886,"date":"2023-08-11T08:02:02","date_gmt":"2023-08-11T08:02:02","guid":{"rendered":"https:\/\/permbledhja.com\/?p=22886"},"modified":"2023-08-11T08:02:02","modified_gmt":"2023-08-11T08:02:02","slug":"fotografi-nga-dekorimi-i-mehajt-ne-rezidencen-e-ambasadorit-gjerman-kurti-e-hovenier-nder-te-ftuarit","status":"publish","type":"post","link":"https:\/\/permbledhja.com\/sq\/fotografi-nga-dekorimi-i-mehajt-ne-rezidencen-e-ambasadorit-gjerman-kurti-e-hovenier-nder-te-ftuarit\/","title":{"rendered":"Fotografi nga dekorimi i Mehajt n\u00eb rezidenc\u00ebn e Ambasadorit gjerman, Kurti e Hovenier nd\u00ebr t\u00eb ftuarit"},"content":{"rendered":"<h3>Ish-Ministri i Mbrojtjes, Armend Mehaj, \u00ebsht\u00eb dekoruar dje me urdhrin ushtarak \u201cKryqi i Nderit n\u00eb Ar\u201d t\u00eb Forcave t\u00eb Armatosura Federale t\u00eb Gjermanis\u00eb, nga Ambasadori i Gjermanis\u00eb n\u00eb Kosov\u00eb, Jorn Rohde.<\/h3>\n<p>Ceremonia \u00ebsht\u00eb mbajtur n\u00eb rezidenc\u00ebn e ambasadorit gjerman, dhe n\u00eb t\u00eb kan\u00eb marr\u00eb pjes\u00eb edhe Kryeministri Albin Kurti dhe Ambasadori i Shteteve t\u00eb Bashkuara t\u00eb Amerik\u00ebs n\u00eb Kosov\u00eb, Jeffrey Hovenier.<\/p>\n<p>\u201cK\u00ebnaq\u00ebsi t\u00eb isha pjes\u00eb e ceremonis\u00eb ku Ministri yn\u00eb n\u00eb largim i Mbrojtjes, Armend Mehaj, u dekorua me urdhrin ushtarak \u201cKryqi i Nderit n\u00eb Ar\u201d t\u00eb Forcave t\u00eb Armatosura Federale t\u00eb Gjermanis\u00eb. Ministrin Mehaj e falenderova p\u00ebr kontributin e madh, nd\u00ebrsa Ambasadorin Rohde p\u00ebr mir\u00ebnjohjen\u201d, ka shkruar Kurti.<\/p>\n<p><img loading=\"lazy\" decoding=\"async\" class=\"alignnone size-full wp-image-22888\" src=\"https:\/\/permbledhja.com\/wp-content\/uploads\/2023\/08\/F924935A-AFCB-4443-B710-17F652A3008A.webp\" alt=\"\" width=\"1204\" height=\"677\" srcset=\"https:\/\/permbledhja.com\/wp-content\/uploads\/2023\/08\/F924935A-AFCB-4443-B710-17F652A3008A.webp 1204w, https:\/\/permbledhja.com\/wp-content\/uploads\/2023\/08\/F924935A-AFCB-4443-B710-17F652A3008A-300x169.webp 300w, https:\/\/permbledhja.com\/wp-content\/uploads\/2023\/08\/F924935A-AFCB-4443-B710-17F652A3008A-1024x576.webp 1024w, https:\/\/permbledhja.com\/wp-content\/uploads\/2023\/08\/F924935A-AFCB-4443-B710-17F652A3008A-768x432.webp 768w, https:\/\/permbledhja.com\/wp-content\/uploads\/2023\/08\/F924935A-AFCB-4443-B710-17F652A3008A-18x10.webp 18w, https:\/\/permbledhja.com\/wp-content\/uploads\/2023\/08\/F924935A-AFCB-4443-B710-17F652A3008A-780x440.webp 780w\" sizes=\"(max-width: 1204px) 100vw, 1204px\" \/><\/p>\n<p><img loading=\"lazy\" decoding=\"async\" class=\"alignnone size-full wp-image-22889\" src=\"https:\/\/permbledhja.com\/wp-content\/uploads\/2023\/08\/536CCB9E-28B5-4D48-BB84-926D4FBD2866.webp\" alt=\"\" width=\"1313\" height=\"816\" srcset=\"https:\/\/permbledhja.com\/wp-content\/uploads\/2023\/08\/536CCB9E-28B5-4D48-BB84-926D4FBD2866.webp 1313w, https:\/\/permbledhja.com\/wp-content\/uploads\/2023\/08\/536CCB9E-28B5-4D48-BB84-926D4FBD2866-300x186.webp 300w, https:\/\/permbledhja.com\/wp-content\/uploads\/2023\/08\/536CCB9E-28B5-4D48-BB84-926D4FBD2866-1024x636.webp 1024w, https:\/\/permbledhja.com\/wp-content\/uploads\/2023\/08\/536CCB9E-28B5-4D48-BB84-926D4FBD2866-768x477.webp 768w, https:\/\/permbledhja.com\/wp-content\/uploads\/2023\/08\/536CCB9E-28B5-4D48-BB84-926D4FBD2866-18x12.webp 18w\" sizes=\"(max-width: 1313px) 100vw, 1313px\" \/><\/p>\n<p><img loading=\"lazy\" decoding=\"async\" class=\"alignnone size-full wp-image-22890\" src=\"https:\/\/permbledhja.com\/wp-content\/uploads\/2023\/08\/3F4C6B0B-ACF0-46D7-BF31-35472C3D48A8.webp\" alt=\"\" width=\"1170\" height=\"726\" srcset=\"https:\/\/permbledhja.com\/wp-content\/uploads\/2023\/08\/3F4C6B0B-ACF0-46D7-BF31-35472C3D48A8.webp 1170w, https:\/\/permbledhja.com\/wp-content\/uploads\/2023\/08\/3F4C6B0B-ACF0-46D7-BF31-35472C3D48A8-300x186.webp 300w, https:\/\/permbledhja.com\/wp-content\/uploads\/2023\/08\/3F4C6B0B-ACF0-46D7-BF31-35472C3D48A8-1024x635.webp 1024w, https:\/\/permbledhja.com\/wp-content\/uploads\/2023\/08\/3F4C6B0B-ACF0-46D7-BF31-35472C3D48A8-768x477.webp 768w, https:\/\/permbledhja.com\/wp-content\/uploads\/2023\/08\/3F4C6B0B-ACF0-46D7-BF31-35472C3D48A8-18x12.webp 18w\" sizes=\"(max-width: 1170px) 100vw, 1170px\" \/><\/p>\n","protected":false},"excerpt":{"rendered":"<p>Ish-Ministri i Mbrojtjes, Armend Mehaj, \u00ebsht\u00eb dekoruar dje me urdhrin ushtarak \u201cKryqi i Nderit n\u00eb Ar\u201d t\u00eb Forcave t\u00eb Armatosura Federale t\u00eb Gjermanis\u00eb, nga Ambasadori i Gjermanis\u00eb n\u00eb Kosov\u00eb, Jorn Rohde. Ceremonia \u00ebsht\u00eb mbajtur n\u00eb rezidenc\u00ebn e ambasadorit gjerman, dhe n\u00eb t\u00eb kan\u00eb marr\u00eb pjes\u00eb edhe Kryeministri Albin Kurti dhe Ambasadori i Shteteve t\u00eb Bashkuara [&hellip;]<\/p>\n","protected":false},"author":1,"featured_media":22887,"comment_status":"closed","ping_status":"closed","sticky":false,"template":"","format":"standard","meta":{"_monsterinsights_skip_tracking":false,"_monsterinsights_sitenote_active":false,"_monsterinsights_sitenote_note":"","_monsterinsights_sitenote_category":0,"_uf_show_specific_survey":0,"_uf_disable_surveys":false,"footnotes":""},"categories":[23,15],"tags":[45],"yoast_head":"<!-- This site is optimized with the Yoast SEO plugin v21.5 - https:\/\/yoast.com\/wordpress\/plugins\/seo\/ -->\n<title>Fotografi nga dekorimi i Mehajt n\u00eb rezidenc\u00ebn e Ambasadorit gjerman, Kurti e Hovenier nd\u00ebr t\u00eb ftuarit<\/title>\n<meta name=\"robots\" content=\"index, follow, max-snippet:-1, max-image-preview:large, max-video-preview:-1\" \/>\n<link rel=\"canonical\" href=\"https:\/\/permbledhja.com\/sq\/fotografi-nga-dekorimi-i-mehajt-ne-rezidencen-e-ambasadorit-gjerman-kurti-e-hovenier-nder-te-ftuarit\/\" \/>\n<meta property=\"og:locale\" content=\"sq_AL\" \/>\n<meta property=\"og:type\" content=\"article\" \/>\n<meta property=\"og:title\" content=\"Fotografi nga dekorimi i Mehajt n\u00eb rezidenc\u00ebn e Ambasadorit gjerman, Kurti e Hovenier nd\u00ebr t\u00eb ftuarit\" \/>\n<meta property=\"og:description\" content=\"Ish-Ministri i Mbrojtjes, Armend Mehaj, \u00ebsht\u00eb dekoruar dje me urdhrin ushtarak \u201cKryqi i Nderit n\u00eb Ar\u201d t\u00eb Forcave t\u00eb Armatosura Federale t\u00eb Gjermanis\u00eb, nga Ambasadori i Gjermanis\u00eb n\u00eb Kosov\u00eb, Jorn Rohde. Ceremonia \u00ebsht\u00eb mbajtur n\u00eb rezidenc\u00ebn e ambasadorit gjerman, dhe n\u00eb t\u00eb kan\u00eb marr\u00eb pjes\u00eb edhe Kryeministri Albin Kurti dhe Ambasadori i Shteteve t\u00eb Bashkuara [&hellip;]\" \/>\n<meta property=\"og:url\" content=\"https:\/\/permbledhja.com\/sq\/fotografi-nga-dekorimi-i-mehajt-ne-rezidencen-e-ambasadorit-gjerman-kurti-e-hovenier-nder-te-ftuarit\/\" \/>\n<meta property=\"og:site_name\" content=\"Ve\u00e7 artikuj p\u00ebrmbledh\u00ebs\" \/>\n<meta property=\"article:publisher\" content=\"https:\/\/www.facebook.com\/press07\/\" \/>\n<meta property=\"article:author\" content=\"https:\/\/www.facebook.com\/kafexhiu.muharrem\/\" \/>\n<meta property=\"article:published_time\" content=\"2023-08-11T08:02:02+00:00\" \/>\n<meta property=\"og:image\" content=\"https:\/\/permbledhja.com\/wp-content\/uploads\/2023\/08\/C1EB8150-CE91-471E-AC77-BA0FF6F66EAE.webp\" \/>\n\t<meta property=\"og:image:width\" content=\"600\" \/>\n\t<meta property=\"og:image:height\" content=\"360\" \/>\n\t<meta property=\"og:image:type\" content=\"image\/webp\" \/>\n<meta name=\"author\" content=\"P\u00ebrmbledhja\" \/>\n<meta name=\"twitter:card\" content=\"summary_large_image\" \/>\n<meta name=\"twitter:label1\" content=\"Written by\" \/>\n\t<meta name=\"twitter:data1\" content=\"P\u00ebrmbledhja\" \/>\n\t<meta name=\"twitter:label2\" content=\"Est. reading time\" \/>\n\t<meta name=\"twitter:data2\" content=\"1 minut\u00eb\" \/>\n<script type=\"application\/ld+json\" class=\"yoast-schema-graph\">{\"@context\":\"https:\/\/schema.org\",\"@graph\":[{\"@type\":\"Article\",\"@id\":\"https:\/\/permbledhja.com\/sq\/fotografi-nga-dekorimi-i-mehajt-ne-rezidencen-e-ambasadorit-gjerman-kurti-e-hovenier-nder-te-ftuarit\/#article\",\"isPartOf\":{\"@id\":\"https:\/\/permbledhja.com\/sq\/fotografi-nga-dekorimi-i-mehajt-ne-rezidencen-e-ambasadorit-gjerman-kurti-e-hovenier-nder-te-ftuarit\/\"},\"author\":{\"name\":\"P\u00ebrmbledhja\",\"@id\":\"https:\/\/permbledhja.com\/#\/schema\/person\/0d064377258d3221e50693947b9eb4fe\"},\"headline\":\"Fotografi nga dekorimi i Mehajt n\u00eb rezidenc\u00ebn e Ambasadorit gjerman, Kurti e Hovenier nd\u00ebr t\u00eb ftuarit\",\"datePublished\":\"2023-08-11T08:02:02+00:00\",\"dateModified\":\"2023-08-11T08:02:02+00:00\",\"mainEntityOfPage\":{\"@id\":\"https:\/\/permbledhja.com\/sq\/fotografi-nga-dekorimi-i-mehajt-ne-rezidencen-e-ambasadorit-gjerman-kurti-e-hovenier-nder-te-ftuarit\/\"},\"wordCount\":135,\"publisher\":{\"@id\":\"https:\/\/permbledhja.com\/#organization\"},\"keywords\":[\"Kurti\"],\"articleSection\":[\"Komb\u00ebtare\",\"Lajme\"],\"inLanguage\":\"sq\"},{\"@type\":\"WebPage\",\"@id\":\"https:\/\/permbledhja.com\/sq\/fotografi-nga-dekorimi-i-mehajt-ne-rezidencen-e-ambasadorit-gjerman-kurti-e-hovenier-nder-te-ftuarit\/\",\"url\":\"https:\/\/permbledhja.com\/sq\/fotografi-nga-dekorimi-i-mehajt-ne-rezidencen-e-ambasadorit-gjerman-kurti-e-hovenier-nder-te-ftuarit\/\",\"name\":\"Fotografi nga dekorimi i Mehajt n\u00eb rezidenc\u00ebn e Ambasadorit gjerman, Kurti e Hovenier nd\u00ebr t\u00eb ftuarit\",\"isPartOf\":{\"@id\":\"https:\/\/permbledhja.com\/#website\"},\"datePublished\":\"2023-08-11T08:02:02+00:00\",\"dateModified\":\"2023-08-11T08:02:02+00:00\",\"breadcrumb\":{\"@id\":\"https:\/\/permbledhja.com\/sq\/fotografi-nga-dekorimi-i-mehajt-ne-rezidencen-e-ambasadorit-gjerman-kurti-e-hovenier-nder-te-ftuarit\/#breadcrumb\"},\"inLanguage\":\"sq\",\"potentialAction\":[{\"@type\":\"ReadAction\",\"target\":[\"https:\/\/permbledhja.com\/sq\/fotografi-nga-dekorimi-i-mehajt-ne-rezidencen-e-ambasadorit-gjerman-kurti-e-hovenier-nder-te-ftuarit\/\"]}]},{\"@type\":\"BreadcrumbList\",\"@id\":\"https:\/\/permbledhja.com\/sq\/fotografi-nga-dekorimi-i-mehajt-ne-rezidencen-e-ambasadorit-gjerman-kurti-e-hovenier-nder-te-ftuarit\/#breadcrumb\",\"itemListElement\":[{\"@type\":\"ListItem\",\"position\":1,\"name\":\"Ballina\",\"item\":\"https:\/\/permbledhja.com\/sq\/\"},{\"@type\":\"ListItem\",\"position\":2,\"name\":\"Fotografi nga dekorimi i Mehajt n\u00eb rezidenc\u00ebn e Ambasadorit gjerman, Kurti e Hovenier nd\u00ebr t\u00eb ftuarit\"}]},{\"@type\":\"WebSite\",\"@id\":\"https:\/\/permbledhja.com\/#website\",\"url\":\"https:\/\/permbledhja.com\/\",\"name\":\"Ve\u00e7 artikuj p\u00ebrmbledh\u00ebs\",\"description\":\"\",\"publisher\":{\"@id\":\"https:\/\/permbledhja.com\/#organization\"},\"potentialAction\":[{\"@type\":\"SearchAction\",\"target\":{\"@type\":\"EntryPoint\",\"urlTemplate\":\"https:\/\/permbledhja.com\/?s={search_term_string}\"},\"query-input\":\"required name=search_term_string\"}],\"inLanguage\":\"sq\"},{\"@type\":\"Organization\",\"@id\":\"https:\/\/permbledhja.com\/#organization\",\"name\":\"MK Media & Pr\",\"url\":\"https:\/\/permbledhja.com\/\",\"logo\":{\"@type\":\"ImageObject\",\"inLanguage\":\"sq\",\"@id\":\"https:\/\/permbledhja.com\/#\/schema\/logo\/image\/\",\"url\":\"https:\/\/permbledhja.com\/wp-content\/uploads\/2021\/12\/07-Press-Logo.jpg\",\"contentUrl\":\"https:\/\/permbledhja.com\/wp-content\/uploads\/2021\/12\/07-Press-Logo.jpg\",\"width\":512,\"height\":512,\"caption\":\"MK Media & Pr\"},\"image\":{\"@id\":\"https:\/\/permbledhja.com\/#\/schema\/logo\/image\/\"},\"sameAs\":[\"https:\/\/www.facebook.com\/press07\/\"]},{\"@type\":\"Person\",\"@id\":\"https:\/\/permbledhja.com\/#\/schema\/person\/0d064377258d3221e50693947b9eb4fe\",\"name\":\"P\u00ebrmbledhja\",\"image\":{\"@type\":\"ImageObject\",\"inLanguage\":\"sq\",\"@id\":\"https:\/\/permbledhja.com\/#\/schema\/person\/image\/\",\"url\":\"https:\/\/permbledhja.com\/wp-content\/uploads\/2026\/01\/452004717_1040944174702970_8932037511805513407_n-96x96.jpg\",\"contentUrl\":\"https:\/\/permbledhja.com\/wp-content\/uploads\/2026\/01\/452004717_1040944174702970_8932037511805513407_n-96x96.jpg\",\"caption\":\"P\u00ebrmbledhja\"},\"sameAs\":[\"https:\/\/www.facebook.com\/kafexhiu.muharrem\/\",\"https:\/\/www.instagram.com\/muharrem_kafexhiu\/\"],\"url\":\"https:\/\/permbledhja.com\/sq\/author\/admin\/\"}]}<\/script>\n<!-- \/ Yoast SEO plugin. -->","yoast_head_json":{"title":"Fotografi nga dekorimi i Mehajt n\u00eb rezidenc\u00ebn e Ambasadorit gjerman, Kurti e Hovenier nd\u00ebr t\u00eb ftuarit","robots":{"index":"index","follow":"follow","max-snippet":"max-snippet:-1","max-image-preview":"max-image-preview:large","max-video-preview":"max-video-preview:-1"},"canonical":"https:\/\/permbledhja.com\/sq\/fotografi-nga-dekorimi-i-mehajt-ne-rezidencen-e-ambasadorit-gjerman-kurti-e-hovenier-nder-te-ftuarit\/","og_locale":"sq_AL","og_type":"article","og_title":"Fotografi nga dekorimi i Mehajt n\u00eb rezidenc\u00ebn e Ambasadorit gjerman, Kurti e Hovenier nd\u00ebr t\u00eb ftuarit","og_description":"Ish-Ministri i Mbrojtjes, Armend Mehaj, \u00ebsht\u00eb dekoruar dje me urdhrin ushtarak \u201cKryqi i Nderit n\u00eb Ar\u201d t\u00eb Forcave t\u00eb Armatosura Federale t\u00eb Gjermanis\u00eb, nga Ambasadori i Gjermanis\u00eb n\u00eb Kosov\u00eb, Jorn Rohde. Ceremonia \u00ebsht\u00eb mbajtur n\u00eb rezidenc\u00ebn e ambasadorit gjerman, dhe n\u00eb t\u00eb kan\u00eb marr\u00eb pjes\u00eb edhe Kryeministri Albin Kurti dhe Ambasadori i Shteteve t\u00eb Bashkuara [&hellip;]","og_url":"https:\/\/permbledhja.com\/sq\/fotografi-nga-dekorimi-i-mehajt-ne-rezidencen-e-ambasadorit-gjerman-kurti-e-hovenier-nder-te-ftuarit\/","og_site_name":"Ve\u00e7 artikuj p\u00ebrmbledh\u00ebs","article_publisher":"https:\/\/www.facebook.com\/press07\/","article_author":"https:\/\/www.facebook.com\/kafexhiu.muharrem\/","article_published_time":"2023-08-11T08:02:02+00:00","og_image":[{"width":600,"height":360,"url":"https:\/\/permbledhja.com\/wp-content\/uploads\/2023\/08\/C1EB8150-CE91-471E-AC77-BA0FF6F66EAE.webp","type":"image\/webp"}],"author":"P\u00ebrmbledhja","twitter_card":"summary_large_image","twitter_misc":{"Written by":"P\u00ebrmbledhja","Est. reading time":"1 minut\u00eb"},"schema":{"@context":"https:\/\/schema.org","@graph":[{"@type":"Article","@id":"https:\/\/permbledhja.com\/sq\/fotografi-nga-dekorimi-i-mehajt-ne-rezidencen-e-ambasadorit-gjerman-kurti-e-hovenier-nder-te-ftuarit\/#article","isPartOf":{"@id":"https:\/\/permbledhja.com\/sq\/fotografi-nga-dekorimi-i-mehajt-ne-rezidencen-e-ambasadorit-gjerman-kurti-e-hovenier-nder-te-ftuarit\/"},"author":{"name":"P\u00ebrmbledhja","@id":"https:\/\/permbledhja.com\/#\/schema\/person\/0d064377258d3221e50693947b9eb4fe"},"headline":"Fotografi nga dekorimi i Mehajt n\u00eb rezidenc\u00ebn e Ambasadorit gjerman, Kurti e Hovenier nd\u00ebr t\u00eb ftuarit","datePublished":"2023-08-11T08:02:02+00:00","dateModified":"2023-08-11T08:02:02+00:00","mainEntityOfPage":{"@id":"https:\/\/permbledhja.com\/sq\/fotografi-nga-dekorimi-i-mehajt-ne-rezidencen-e-ambasadorit-gjerman-kurti-e-hovenier-nder-te-ftuarit\/"},"wordCount":135,"publisher":{"@id":"https:\/\/permbledhja.com\/#organization"},"keywords":["Kurti"],"articleSection":["Komb\u00ebtare","Lajme"],"inLanguage":"sq"},{"@type":"WebPage","@id":"https:\/\/permbledhja.com\/sq\/fotografi-nga-dekorimi-i-mehajt-ne-rezidencen-e-ambasadorit-gjerman-kurti-e-hovenier-nder-te-ftuarit\/","url":"https:\/\/permbledhja.com\/sq\/fotografi-nga-dekorimi-i-mehajt-ne-rezidencen-e-ambasadorit-gjerman-kurti-e-hovenier-nder-te-ftuarit\/","name":"Fotografi nga dekorimi i Mehajt n\u00eb rezidenc\u00ebn e Ambasadorit gjerman, Kurti e Hovenier nd\u00ebr t\u00eb ftuarit","isPartOf":{"@id":"https:\/\/permbledhja.com\/#website"},"datePublished":"2023-08-11T08:02:02+00:00","dateModified":"2023-08-11T08:02:02+00:00","breadcrumb":{"@id":"https:\/\/permbledhja.com\/sq\/fotografi-nga-dekorimi-i-mehajt-ne-rezidencen-e-ambasadorit-gjerman-kurti-e-hovenier-nder-te-ftuarit\/#breadcrumb"},"inLanguage":"sq","potentialAction":[{"@type":"ReadAction","target":["https:\/\/permbledhja.com\/sq\/fotografi-nga-dekorimi-i-mehajt-ne-rezidencen-e-ambasadorit-gjerman-kurti-e-hovenier-nder-te-ftuarit\/"]}]},{"@type":"BreadcrumbList","@id":"https:\/\/permbledhja.com\/sq\/fotografi-nga-dekorimi-i-mehajt-ne-rezidencen-e-ambasadorit-gjerman-kurti-e-hovenier-nder-te-ftuarit\/#breadcrumb","itemListElement":[{"@type":"ListItem","position":1,"name":"Ballina","item":"https:\/\/permbledhja.com\/sq\/"},{"@type":"ListItem","position":2,"name":"Fotografi nga dekorimi i Mehajt n\u00eb rezidenc\u00ebn e Ambasadorit gjerman, Kurti e Hovenier nd\u00ebr t\u00eb ftuarit"}]},{"@type":"WebSite","@id":"https:\/\/permbledhja.com\/#website","url":"https:\/\/permbledhja.com\/","name":"Ve\u00e7 artikuj p\u00ebrmbledh\u00ebs","description":"","publisher":{"@id":"https:\/\/permbledhja.com\/#organization"},"potentialAction":[{"@type":"SearchAction","target":{"@type":"EntryPoint","urlTemplate":"https:\/\/permbledhja.com\/?s={search_term_string}"},"query-input":"required name=search_term_string"}],"inLanguage":"sq"},{"@type":"Organization","@id":"https:\/\/permbledhja.com\/#organization","name":"MK Media & Pr","url":"https:\/\/permbledhja.com\/","logo":{"@type":"ImageObject","inLanguage":"sq","@id":"https:\/\/permbledhja.com\/#\/schema\/logo\/image\/","url":"https:\/\/permbledhja.com\/wp-content\/uploads\/2021\/12\/07-Press-Logo.jpg","contentUrl":"https:\/\/permbledhja.com\/wp-content\/uploads\/2021\/12\/07-Press-Logo.jpg","width":512,"height":512,"caption":"MK Media & Pr"},"image":{"@id":"https:\/\/permbledhja.com\/#\/schema\/logo\/image\/"},"sameAs":["https:\/\/www.facebook.com\/press07\/"]},{"@type":"Person","@id":"https:\/\/permbledhja.com\/#\/schema\/person\/0d064377258d3221e50693947b9eb4fe","name":"P\u00ebrmbledhja","image":{"@type":"ImageObject","inLanguage":"sq","@id":"https:\/\/permbledhja.com\/#\/schema\/person\/image\/","url":"https:\/\/permbledhja.com\/wp-content\/uploads\/2026\/01\/452004717_1040944174702970_8932037511805513407_n-96x96.jpg","contentUrl":"https:\/\/permbledhja.com\/wp-content\/uploads\/2026\/01\/452004717_1040944174702970_8932037511805513407_n-96x96.jpg","caption":"P\u00ebrmbledhja"},"sameAs":["https:\/\/www.facebook.com\/kafexhiu.muharrem\/","https:\/\/www.instagram.com\/muharrem_kafexhiu\/"],"url":"https:\/\/permbledhja.com\/sq\/author\/admin\/"}]}},"_links":{"self":[{"href":"https:\/\/permbledhja.com\/sq\/wp-json\/wp\/v2\/posts\/22886"}],"collection":[{"href":"https:\/\/permbledhja.com\/sq\/wp-json\/wp\/v2\/posts"}],"about":[{"href":"https:\/\/permbledhja.com\/sq\/wp-json\/wp\/v2\/types\/post"}],"author":[{"embeddable":true,"href":"https:\/\/permbledhja.com\/sq\/wp-json\/wp\/v2\/users\/1"}],"replies":[{"embeddable":true,"href":"https:\/\/permbledhja.com\/sq\/wp-json\/wp\/v2\/comments?post=22886"}],"version-history":[{"count":1,"href":"https:\/\/permbledhja.com\/sq\/wp-json\/wp\/v2\/posts\/22886\/revisions"}],"predecessor-version":[{"id":22891,"href":"https:\/\/permbledhja.com\/sq\/wp-json\/wp\/v2\/posts\/22886\/revisions\/22891"}],"wp:featuredmedia":[{"embeddable":true,"href":"https:\/\/permbledhja.com\/sq\/wp-json\/wp\/v2\/media\/22887"}],"wp:attachment":[{"href":"https:\/\/permbledhja.com\/sq\/wp-json\/wp\/v2\/media?parent=22886"}],"wp:term":[{"taxonomy":"category","embeddable":true,"href":"https:\/\/permbledhja.com\/sq\/wp-json\/wp\/v2\/categories?post=22886"},{"taxonomy":"post_tag","embeddable":true,"href":"https:\/\/permbledhja.com\/sq\/wp-json\/wp\/v2\/tags?post=22886"}],"curies":[{"name":"wp","href":"https:\/\/api.w.org\/{rel}","templated":true}]}}