{"id":22825,"date":"2023-08-10T14:59:56","date_gmt":"2023-08-10T14:59:56","guid":{"rendered":"https:\/\/permbledhja.com\/?p=22825"},"modified":"2023-08-10T14:59:56","modified_gmt":"2023-08-10T14:59:56","slug":"femijet-heqin-dore-nga-trashegimia-per-ta-marre-nenen-e-tyre-nga-kosova-ne-zvicer","status":"publish","type":"post","link":"https:\/\/permbledhja.com\/sq\/femijet-heqin-dore-nga-trashegimia-per-ta-marre-nenen-e-tyre-nga-kosova-ne-zvicer\/","title":{"rendered":"F\u00ebmij\u00ebt heqin dor\u00eb nga trash\u00ebgimia p\u00ebr ta marr\u00eb n\u00ebn\u00ebn e tyre nga Kosova n\u00eb Zvic\u00ebr"},"content":{"rendered":"<h3>Gruaja nga Kosova d\u00ebshiron t\u00eb shkoj\u00eb n\u00eb Zvic\u00ebr q\u00eb t\u2019u bashkohet f\u00ebmij\u00ebve. Tani shteti duhet t\u00eb kontrolloj\u00eb n\u00ebse trash\u00ebgimia e saj \u00ebsht\u00eb e mjaftueshme p\u00ebr nj\u00eb jet\u00eb atje.<\/h3>\n<p>\u00cbsht\u00eb nj\u00eb histori tipike e nj\u00eb familjeje emigrante. N\u00eb fillim t\u00eb viteve 1990, menj\u00ebher\u00eb pas r\u00ebnies s\u00eb ish-Jugosllavis\u00eb, prind\u00ebrit kishin shkuar n\u00eb Zvic\u00ebr me kat\u00ebr f\u00ebmij\u00ebt e tyre nga Kosova dhe kishin nd\u00ebrtuar nj\u00eb jet\u00eb t\u00eb re n\u00eb kantonin St. Gallen.<\/p>\n<p>Kur f\u00ebmij\u00ebt u rrit\u00ebn dhe babai mbushi 52 vje\u00e7, prind\u00ebrit vendos\u00ebn t\u00eb kthehen n\u00eb atdheun e vjet\u00ebr.<\/p>\n<p>Pothuajse sakt\u00ebsisht 20 vjet m\u00eb von\u00eb, babai vdiq dhe n\u00ebna u kthye n\u00eb Zvic\u00ebr tek vajza e saj m\u00eb e vog\u00ebl, e cila tani jeton n\u00eb kantonin e Cyrihut. Por kjo pun\u00eb nuk \u00ebsht\u00eb edhe aq e leht\u00eb, sepse leja e q\u00ebndrimit n\u00eb Zvic\u00ebr e gruas tashm\u00eb 69-vje\u00e7are ka koh\u00eb q\u00eb i ka skaduar.<\/p>\n<p>Zyra e Migracionit e Cyrihut ka refuzuar menj\u00ebher\u00eb kthimin e saj n\u00eb Zvic\u00ebr, shkruan tages Anzeiger. T\u00eb ardhurat e saj prej rreth 20,000 frangash nga pensioni i t\u00eb ves\u00eb AHV dhe nga nj\u00eb pasuri modeste nuk mjaftojn\u00eb p\u00ebr t\u00eb jetuar n\u00eb Zvic\u00ebr si nj\u00eb pensioniste e papun\u00eb pa p\u00ebrfitime suplementare (EL).<\/p>\n<p>Por, vajza e gruas nuk e pranoi k\u00ebt\u00eb vendim. Sepse, sipas saj, n\u00eb fund t\u00eb fundit, n\u00ebna e saj ishte trash\u00ebgimtarja e vetme e pasuris\u00eb s\u00eb babait t\u00eb saj. Dhe kjo pasuri p\u00ebrb\u00ebhet nga gjithsej 26 prona me sip\u00ebrfaqe totale 63,000 metra katror\u00eb dhe dy nd\u00ebrtesa banimi me mbi 800 metra katror\u00eb sip\u00ebrfaqe banimi.<\/p>\n<p>Sipas raportit vler\u00ebsues t\u00eb nj\u00eb arkitekti kosovar, kjo trash\u00ebgimi ka nj\u00eb vler\u00eb tregu prej pak m\u00eb shum\u00eb se 830 mij\u00eb eurove, transmeton albinfo.ch. Vajza argumenton se kjo do t\u00eb mjaftonte p\u00ebr t\u00eb siguruar q\u00ebndrimin e pavarur t\u00eb n\u00ebn\u00ebs s\u00eb saj n\u00eb Zvic\u00ebr.<\/p>\n<p>Megjithat\u00eb, drejtoria e siguris\u00eb e refuzoi ankes\u00ebn e tyre kund\u00ebr vendimit negativ t\u00eb zyr\u00ebs s\u00eb migracionit. Sipas saj, nuk \u00ebsht\u00eb v\u00ebrtetuar se n\u00ebna e familjes \u00ebsht\u00eb trash\u00ebgimtare e vetme e pasuris\u00eb.<\/p>\n<p>Tashm\u00eb Gjykata Administrative ka vendosur ndryshe, si\u00e7 shihet edhe nga aktgjykimi i publikuar t\u00eb h\u00ebn\u00ebn. Shkak p\u00ebr ndryshimin e q\u00ebndrimit \u00ebsht\u00eb b\u00ebr\u00eb nj\u00eb dekret zyrtar i trash\u00ebgimis\u00eb nga Kosova, t\u00eb cilin vajza e ka dor\u00ebzuar m\u00eb von\u00eb. Kjo tregon se t\u00eb kat\u00ebr f\u00ebmij\u00ebt q\u00eb jetojn\u00eb n\u00eb Zvic\u00ebr ia kan\u00eb bartur pjes\u00ebn e tyre t\u00eb trash\u00ebgimis\u00eb n\u00ebn\u00ebs s\u00eb tyre.<\/p>\n<p>Prandaj, gjykata ka udh\u00ebzuar Departamentin e Siguris\u00eb q\u00eb t\u00eb merrte nj\u00eb vendim t\u00eb ri. N\u00eb ve\u00e7anti, duhet t\u00eb sqarohet n\u00ebse trash\u00ebgimia realisht e ka vler\u00ebn e deklaruar nga familja dhe a mund t\u00eb shitet edhe toka dhe patundshm\u00ebria n\u00eb Kosov\u00eb.<\/p>\n<p>Gjat\u00eb rivler\u00ebsimit t\u00eb k\u00ebrkes\u00ebs p\u00ebr q\u00ebndrim, duhet t\u00eb merret parasysh edhe fakti se familja ka qen\u00eb subjekt i tatimit n\u00eb Zvic\u00ebr p\u00ebr rreth dhjet\u00eb vjet (kur \u00e7ifti ka jetuar n\u00eb Zvic\u00ebr). P\u00ebrve\u00e7 k\u00ebsaj, pas kthimit, gruaja ka mbajtur kontakte t\u00eb rregullta me f\u00ebmij\u00ebt dhe nip\u00ebrit e saj n\u00eb Zvic\u00ebr dhe \u00ebsht\u00eb vizituar nga ata edhe n\u00eb vendbanimin e saj.<\/p>\n<p>Sipas vajz\u00ebs, n\u00ebna e saj mund t\u00eb komunikoj\u00eb n\u00eb gjermanisht. Gjykata shkruan se edhe kjo duhet t\u00eb shqyrtohet.<\/p>\n","protected":false},"excerpt":{"rendered":"<p>Gruaja nga Kosova d\u00ebshiron t\u00eb shkoj\u00eb n\u00eb Zvic\u00ebr q\u00eb t\u2019u bashkohet f\u00ebmij\u00ebve. Tani shteti duhet t\u00eb kontrolloj\u00eb n\u00ebse trash\u00ebgimia e saj \u00ebsht\u00eb e mjaftueshme p\u00ebr nj\u00eb jet\u00eb atje. \u00cbsht\u00eb nj\u00eb histori tipike e nj\u00eb familjeje emigrante. N\u00eb fillim t\u00eb viteve 1990, menj\u00ebher\u00eb pas r\u00ebnies s\u00eb ish-Jugosllavis\u00eb, prind\u00ebrit kishin shkuar n\u00eb Zvic\u00ebr me kat\u00ebr f\u00ebmij\u00ebt e [&hellip;]<\/p>\n","protected":false},"author":1,"featured_media":22826,"comment_status":"closed","ping_status":"closed","sticky":false,"template":"","format":"standard","meta":{"_monsterinsights_skip_tracking":false,"_monsterinsights_sitenote_active":false,"_monsterinsights_sitenote_note":"","_monsterinsights_sitenote_category":0,"_uf_show_specific_survey":0,"_uf_disable_surveys":false,"footnotes":""},"categories":[23,15],"tags":[247],"yoast_head":"<!-- This site is optimized with the Yoast SEO plugin v21.5 - https:\/\/yoast.com\/wordpress\/plugins\/seo\/ -->\n<title>F\u00ebmij\u00ebt heqin dor\u00eb nga trash\u00ebgimia p\u00ebr ta marr\u00eb n\u00ebn\u00ebn e tyre nga Kosova n\u00eb Zvic\u00ebr<\/title>\n<meta name=\"robots\" content=\"index, follow, max-snippet:-1, max-image-preview:large, max-video-preview:-1\" \/>\n<link rel=\"canonical\" href=\"https:\/\/permbledhja.com\/sq\/femijet-heqin-dore-nga-trashegimia-per-ta-marre-nenen-e-tyre-nga-kosova-ne-zvicer\/\" \/>\n<meta property=\"og:locale\" content=\"sq_AL\" \/>\n<meta property=\"og:type\" content=\"article\" \/>\n<meta property=\"og:title\" content=\"F\u00ebmij\u00ebt heqin dor\u00eb nga trash\u00ebgimia p\u00ebr ta marr\u00eb n\u00ebn\u00ebn e tyre nga Kosova n\u00eb Zvic\u00ebr\" \/>\n<meta property=\"og:description\" content=\"Gruaja nga Kosova d\u00ebshiron t\u00eb shkoj\u00eb n\u00eb Zvic\u00ebr q\u00eb t\u2019u bashkohet f\u00ebmij\u00ebve. Tani shteti duhet t\u00eb kontrolloj\u00eb n\u00ebse trash\u00ebgimia e saj \u00ebsht\u00eb e mjaftueshme p\u00ebr nj\u00eb jet\u00eb atje. \u00cbsht\u00eb nj\u00eb histori tipike e nj\u00eb familjeje emigrante. N\u00eb fillim t\u00eb viteve 1990, menj\u00ebher\u00eb pas r\u00ebnies s\u00eb ish-Jugosllavis\u00eb, prind\u00ebrit kishin shkuar n\u00eb Zvic\u00ebr me kat\u00ebr f\u00ebmij\u00ebt e [&hellip;]\" \/>\n<meta property=\"og:url\" content=\"https:\/\/permbledhja.com\/sq\/femijet-heqin-dore-nga-trashegimia-per-ta-marre-nenen-e-tyre-nga-kosova-ne-zvicer\/\" \/>\n<meta property=\"og:site_name\" content=\"Ve\u00e7 artikuj p\u00ebrmbledh\u00ebs\" \/>\n<meta property=\"article:publisher\" content=\"https:\/\/www.facebook.com\/press07\/\" \/>\n<meta property=\"article:author\" content=\"https:\/\/www.facebook.com\/kafexhiu.muharrem\/\" \/>\n<meta property=\"article:published_time\" content=\"2023-08-10T14:59:56+00:00\" \/>\n<meta property=\"og:image\" content=\"https:\/\/permbledhja.com\/wp-content\/uploads\/2023\/08\/iiiiiiiii.jpg\" \/>\n\t<meta property=\"og:image:width\" content=\"633\" \/>\n\t<meta property=\"og:image:height\" content=\"430\" \/>\n\t<meta property=\"og:image:type\" content=\"image\/jpeg\" \/>\n<meta name=\"author\" content=\"P\u00ebrmbledhja\" \/>\n<meta name=\"twitter:card\" content=\"summary_large_image\" \/>\n<meta name=\"twitter:label1\" content=\"Written by\" \/>\n\t<meta name=\"twitter:data1\" content=\"P\u00ebrmbledhja\" \/>\n\t<meta name=\"twitter:label2\" content=\"Est. reading time\" \/>\n\t<meta name=\"twitter:data2\" content=\"3 minuta\" \/>\n<script type=\"application\/ld+json\" class=\"yoast-schema-graph\">{\"@context\":\"https:\/\/schema.org\",\"@graph\":[{\"@type\":\"Article\",\"@id\":\"https:\/\/permbledhja.com\/sq\/femijet-heqin-dore-nga-trashegimia-per-ta-marre-nenen-e-tyre-nga-kosova-ne-zvicer\/#article\",\"isPartOf\":{\"@id\":\"https:\/\/permbledhja.com\/sq\/femijet-heqin-dore-nga-trashegimia-per-ta-marre-nenen-e-tyre-nga-kosova-ne-zvicer\/\"},\"author\":{\"name\":\"P\u00ebrmbledhja\",\"@id\":\"https:\/\/permbledhja.com\/#\/schema\/person\/0d064377258d3221e50693947b9eb4fe\"},\"headline\":\"F\u00ebmij\u00ebt heqin dor\u00eb nga trash\u00ebgimia p\u00ebr ta marr\u00eb n\u00ebn\u00ebn e tyre nga Kosova n\u00eb Zvic\u00ebr\",\"datePublished\":\"2023-08-10T14:59:56+00:00\",\"dateModified\":\"2023-08-10T14:59:56+00:00\",\"mainEntityOfPage\":{\"@id\":\"https:\/\/permbledhja.com\/sq\/femijet-heqin-dore-nga-trashegimia-per-ta-marre-nenen-e-tyre-nga-kosova-ne-zvicer\/\"},\"wordCount\":600,\"publisher\":{\"@id\":\"https:\/\/permbledhja.com\/#organization\"},\"keywords\":[\"Zvic\u00ebr\"],\"articleSection\":[\"Komb\u00ebtare\",\"Lajme\"],\"inLanguage\":\"sq\"},{\"@type\":\"WebPage\",\"@id\":\"https:\/\/permbledhja.com\/sq\/femijet-heqin-dore-nga-trashegimia-per-ta-marre-nenen-e-tyre-nga-kosova-ne-zvicer\/\",\"url\":\"https:\/\/permbledhja.com\/sq\/femijet-heqin-dore-nga-trashegimia-per-ta-marre-nenen-e-tyre-nga-kosova-ne-zvicer\/\",\"name\":\"F\u00ebmij\u00ebt heqin dor\u00eb nga trash\u00ebgimia p\u00ebr ta marr\u00eb n\u00ebn\u00ebn e tyre nga Kosova n\u00eb Zvic\u00ebr\",\"isPartOf\":{\"@id\":\"https:\/\/permbledhja.com\/#website\"},\"datePublished\":\"2023-08-10T14:59:56+00:00\",\"dateModified\":\"2023-08-10T14:59:56+00:00\",\"breadcrumb\":{\"@id\":\"https:\/\/permbledhja.com\/sq\/femijet-heqin-dore-nga-trashegimia-per-ta-marre-nenen-e-tyre-nga-kosova-ne-zvicer\/#breadcrumb\"},\"inLanguage\":\"sq\",\"potentialAction\":[{\"@type\":\"ReadAction\",\"target\":[\"https:\/\/permbledhja.com\/sq\/femijet-heqin-dore-nga-trashegimia-per-ta-marre-nenen-e-tyre-nga-kosova-ne-zvicer\/\"]}]},{\"@type\":\"BreadcrumbList\",\"@id\":\"https:\/\/permbledhja.com\/sq\/femijet-heqin-dore-nga-trashegimia-per-ta-marre-nenen-e-tyre-nga-kosova-ne-zvicer\/#breadcrumb\",\"itemListElement\":[{\"@type\":\"ListItem\",\"position\":1,\"name\":\"Ballina\",\"item\":\"https:\/\/permbledhja.com\/sq\/\"},{\"@type\":\"ListItem\",\"position\":2,\"name\":\"F\u00ebmij\u00ebt heqin dor\u00eb nga trash\u00ebgimia p\u00ebr ta marr\u00eb n\u00ebn\u00ebn e tyre nga Kosova n\u00eb Zvic\u00ebr\"}]},{\"@type\":\"WebSite\",\"@id\":\"https:\/\/permbledhja.com\/#website\",\"url\":\"https:\/\/permbledhja.com\/\",\"name\":\"Ve\u00e7 artikuj p\u00ebrmbledh\u00ebs\",\"description\":\"\",\"publisher\":{\"@id\":\"https:\/\/permbledhja.com\/#organization\"},\"potentialAction\":[{\"@type\":\"SearchAction\",\"target\":{\"@type\":\"EntryPoint\",\"urlTemplate\":\"https:\/\/permbledhja.com\/?s={search_term_string}\"},\"query-input\":\"required name=search_term_string\"}],\"inLanguage\":\"sq\"},{\"@type\":\"Organization\",\"@id\":\"https:\/\/permbledhja.com\/#organization\",\"name\":\"MK Media & Pr\",\"url\":\"https:\/\/permbledhja.com\/\",\"logo\":{\"@type\":\"ImageObject\",\"inLanguage\":\"sq\",\"@id\":\"https:\/\/permbledhja.com\/#\/schema\/logo\/image\/\",\"url\":\"https:\/\/permbledhja.com\/wp-content\/uploads\/2021\/12\/07-Press-Logo.jpg\",\"contentUrl\":\"https:\/\/permbledhja.com\/wp-content\/uploads\/2021\/12\/07-Press-Logo.jpg\",\"width\":512,\"height\":512,\"caption\":\"MK Media & Pr\"},\"image\":{\"@id\":\"https:\/\/permbledhja.com\/#\/schema\/logo\/image\/\"},\"sameAs\":[\"https:\/\/www.facebook.com\/press07\/\"]},{\"@type\":\"Person\",\"@id\":\"https:\/\/permbledhja.com\/#\/schema\/person\/0d064377258d3221e50693947b9eb4fe\",\"name\":\"P\u00ebrmbledhja\",\"image\":{\"@type\":\"ImageObject\",\"inLanguage\":\"sq\",\"@id\":\"https:\/\/permbledhja.com\/#\/schema\/person\/image\/\",\"url\":\"https:\/\/permbledhja.com\/wp-content\/uploads\/2026\/01\/452004717_1040944174702970_8932037511805513407_n-96x96.jpg\",\"contentUrl\":\"https:\/\/permbledhja.com\/wp-content\/uploads\/2026\/01\/452004717_1040944174702970_8932037511805513407_n-96x96.jpg\",\"caption\":\"P\u00ebrmbledhja\"},\"sameAs\":[\"https:\/\/www.facebook.com\/kafexhiu.muharrem\/\",\"https:\/\/www.instagram.com\/muharrem_kafexhiu\/\"],\"url\":\"https:\/\/permbledhja.com\/sq\/author\/admin\/\"}]}<\/script>\n<!-- \/ Yoast SEO plugin. -->","yoast_head_json":{"title":"F\u00ebmij\u00ebt heqin dor\u00eb nga trash\u00ebgimia p\u00ebr ta marr\u00eb n\u00ebn\u00ebn e tyre nga Kosova n\u00eb Zvic\u00ebr","robots":{"index":"index","follow":"follow","max-snippet":"max-snippet:-1","max-image-preview":"max-image-preview:large","max-video-preview":"max-video-preview:-1"},"canonical":"https:\/\/permbledhja.com\/sq\/femijet-heqin-dore-nga-trashegimia-per-ta-marre-nenen-e-tyre-nga-kosova-ne-zvicer\/","og_locale":"sq_AL","og_type":"article","og_title":"F\u00ebmij\u00ebt heqin dor\u00eb nga trash\u00ebgimia p\u00ebr ta marr\u00eb n\u00ebn\u00ebn e tyre nga Kosova n\u00eb Zvic\u00ebr","og_description":"Gruaja nga Kosova d\u00ebshiron t\u00eb shkoj\u00eb n\u00eb Zvic\u00ebr q\u00eb t\u2019u bashkohet f\u00ebmij\u00ebve. Tani shteti duhet t\u00eb kontrolloj\u00eb n\u00ebse trash\u00ebgimia e saj \u00ebsht\u00eb e mjaftueshme p\u00ebr nj\u00eb jet\u00eb atje. \u00cbsht\u00eb nj\u00eb histori tipike e nj\u00eb familjeje emigrante. N\u00eb fillim t\u00eb viteve 1990, menj\u00ebher\u00eb pas r\u00ebnies s\u00eb ish-Jugosllavis\u00eb, prind\u00ebrit kishin shkuar n\u00eb Zvic\u00ebr me kat\u00ebr f\u00ebmij\u00ebt e [&hellip;]","og_url":"https:\/\/permbledhja.com\/sq\/femijet-heqin-dore-nga-trashegimia-per-ta-marre-nenen-e-tyre-nga-kosova-ne-zvicer\/","og_site_name":"Ve\u00e7 artikuj p\u00ebrmbledh\u00ebs","article_publisher":"https:\/\/www.facebook.com\/press07\/","article_author":"https:\/\/www.facebook.com\/kafexhiu.muharrem\/","article_published_time":"2023-08-10T14:59:56+00:00","og_image":[{"width":633,"height":430,"url":"https:\/\/permbledhja.com\/wp-content\/uploads\/2023\/08\/iiiiiiiii.jpg","type":"image\/jpeg"}],"author":"P\u00ebrmbledhja","twitter_card":"summary_large_image","twitter_misc":{"Written by":"P\u00ebrmbledhja","Est. reading time":"3 minuta"},"schema":{"@context":"https:\/\/schema.org","@graph":[{"@type":"Article","@id":"https:\/\/permbledhja.com\/sq\/femijet-heqin-dore-nga-trashegimia-per-ta-marre-nenen-e-tyre-nga-kosova-ne-zvicer\/#article","isPartOf":{"@id":"https:\/\/permbledhja.com\/sq\/femijet-heqin-dore-nga-trashegimia-per-ta-marre-nenen-e-tyre-nga-kosova-ne-zvicer\/"},"author":{"name":"P\u00ebrmbledhja","@id":"https:\/\/permbledhja.com\/#\/schema\/person\/0d064377258d3221e50693947b9eb4fe"},"headline":"F\u00ebmij\u00ebt heqin dor\u00eb nga trash\u00ebgimia p\u00ebr ta marr\u00eb n\u00ebn\u00ebn e tyre nga Kosova n\u00eb Zvic\u00ebr","datePublished":"2023-08-10T14:59:56+00:00","dateModified":"2023-08-10T14:59:56+00:00","mainEntityOfPage":{"@id":"https:\/\/permbledhja.com\/sq\/femijet-heqin-dore-nga-trashegimia-per-ta-marre-nenen-e-tyre-nga-kosova-ne-zvicer\/"},"wordCount":600,"publisher":{"@id":"https:\/\/permbledhja.com\/#organization"},"keywords":["Zvic\u00ebr"],"articleSection":["Komb\u00ebtare","Lajme"],"inLanguage":"sq"},{"@type":"WebPage","@id":"https:\/\/permbledhja.com\/sq\/femijet-heqin-dore-nga-trashegimia-per-ta-marre-nenen-e-tyre-nga-kosova-ne-zvicer\/","url":"https:\/\/permbledhja.com\/sq\/femijet-heqin-dore-nga-trashegimia-per-ta-marre-nenen-e-tyre-nga-kosova-ne-zvicer\/","name":"F\u00ebmij\u00ebt heqin dor\u00eb nga trash\u00ebgimia p\u00ebr ta marr\u00eb n\u00ebn\u00ebn e tyre nga Kosova n\u00eb Zvic\u00ebr","isPartOf":{"@id":"https:\/\/permbledhja.com\/#website"},"datePublished":"2023-08-10T14:59:56+00:00","dateModified":"2023-08-10T14:59:56+00:00","breadcrumb":{"@id":"https:\/\/permbledhja.com\/sq\/femijet-heqin-dore-nga-trashegimia-per-ta-marre-nenen-e-tyre-nga-kosova-ne-zvicer\/#breadcrumb"},"inLanguage":"sq","potentialAction":[{"@type":"ReadAction","target":["https:\/\/permbledhja.com\/sq\/femijet-heqin-dore-nga-trashegimia-per-ta-marre-nenen-e-tyre-nga-kosova-ne-zvicer\/"]}]},{"@type":"BreadcrumbList","@id":"https:\/\/permbledhja.com\/sq\/femijet-heqin-dore-nga-trashegimia-per-ta-marre-nenen-e-tyre-nga-kosova-ne-zvicer\/#breadcrumb","itemListElement":[{"@type":"ListItem","position":1,"name":"Ballina","item":"https:\/\/permbledhja.com\/sq\/"},{"@type":"ListItem","position":2,"name":"F\u00ebmij\u00ebt heqin dor\u00eb nga trash\u00ebgimia p\u00ebr ta marr\u00eb n\u00ebn\u00ebn e tyre nga Kosova n\u00eb Zvic\u00ebr"}]},{"@type":"WebSite","@id":"https:\/\/permbledhja.com\/#website","url":"https:\/\/permbledhja.com\/","name":"Ve\u00e7 artikuj p\u00ebrmbledh\u00ebs","description":"","publisher":{"@id":"https:\/\/permbledhja.com\/#organization"},"potentialAction":[{"@type":"SearchAction","target":{"@type":"EntryPoint","urlTemplate":"https:\/\/permbledhja.com\/?s={search_term_string}"},"query-input":"required name=search_term_string"}],"inLanguage":"sq"},{"@type":"Organization","@id":"https:\/\/permbledhja.com\/#organization","name":"MK Media & Pr","url":"https:\/\/permbledhja.com\/","logo":{"@type":"ImageObject","inLanguage":"sq","@id":"https:\/\/permbledhja.com\/#\/schema\/logo\/image\/","url":"https:\/\/permbledhja.com\/wp-content\/uploads\/2021\/12\/07-Press-Logo.jpg","contentUrl":"https:\/\/permbledhja.com\/wp-content\/uploads\/2021\/12\/07-Press-Logo.jpg","width":512,"height":512,"caption":"MK Media & Pr"},"image":{"@id":"https:\/\/permbledhja.com\/#\/schema\/logo\/image\/"},"sameAs":["https:\/\/www.facebook.com\/press07\/"]},{"@type":"Person","@id":"https:\/\/permbledhja.com\/#\/schema\/person\/0d064377258d3221e50693947b9eb4fe","name":"P\u00ebrmbledhja","image":{"@type":"ImageObject","inLanguage":"sq","@id":"https:\/\/permbledhja.com\/#\/schema\/person\/image\/","url":"https:\/\/permbledhja.com\/wp-content\/uploads\/2026\/01\/452004717_1040944174702970_8932037511805513407_n-96x96.jpg","contentUrl":"https:\/\/permbledhja.com\/wp-content\/uploads\/2026\/01\/452004717_1040944174702970_8932037511805513407_n-96x96.jpg","caption":"P\u00ebrmbledhja"},"sameAs":["https:\/\/www.facebook.com\/kafexhiu.muharrem\/","https:\/\/www.instagram.com\/muharrem_kafexhiu\/"],"url":"https:\/\/permbledhja.com\/sq\/author\/admin\/"}]}},"_links":{"self":[{"href":"https:\/\/permbledhja.com\/sq\/wp-json\/wp\/v2\/posts\/22825"}],"collection":[{"href":"https:\/\/permbledhja.com\/sq\/wp-json\/wp\/v2\/posts"}],"about":[{"href":"https:\/\/permbledhja.com\/sq\/wp-json\/wp\/v2\/types\/post"}],"author":[{"embeddable":true,"href":"https:\/\/permbledhja.com\/sq\/wp-json\/wp\/v2\/users\/1"}],"replies":[{"embeddable":true,"href":"https:\/\/permbledhja.com\/sq\/wp-json\/wp\/v2\/comments?post=22825"}],"version-history":[{"count":1,"href":"https:\/\/permbledhja.com\/sq\/wp-json\/wp\/v2\/posts\/22825\/revisions"}],"predecessor-version":[{"id":22827,"href":"https:\/\/permbledhja.com\/sq\/wp-json\/wp\/v2\/posts\/22825\/revisions\/22827"}],"wp:featuredmedia":[{"embeddable":true,"href":"https:\/\/permbledhja.com\/sq\/wp-json\/wp\/v2\/media\/22826"}],"wp:attachment":[{"href":"https:\/\/permbledhja.com\/sq\/wp-json\/wp\/v2\/media?parent=22825"}],"wp:term":[{"taxonomy":"category","embeddable":true,"href":"https:\/\/permbledhja.com\/sq\/wp-json\/wp\/v2\/categories?post=22825"},{"taxonomy":"post_tag","embeddable":true,"href":"https:\/\/permbledhja.com\/sq\/wp-json\/wp\/v2\/tags?post=22825"}],"curies":[{"name":"wp","href":"https:\/\/api.w.org\/{rel}","templated":true}]}}